{"id":907,"date":"2013-12-21T14:15:00","date_gmt":"2013-12-21T13:15:00","guid":{"rendered":"https:\/\/psgfans.fr\/?p=907"},"modified":"2013-12-21T14:15:00","modified_gmt":"2013-12-21T13:15:00","slug":"monaco-defait-le-psg-champion-dautomne","status":"publish","type":"post","link":"https:\/\/psgfans.fr\/?p=907","title":{"rendered":"Monaco d\u00e9fait, le PSG champion d&#39;automne"},"content":{"rendered":"<div style=\"clear: both; text-align: center;\"><a href=\"https:\/\/blogger.googleusercontent.com\/img\/b\/R29vZ2xl\/AVvXsEiBouJER0N6iEK-P_c4XTBsBJUWkaFdzZoTFPynhLunDIApfqLu7bLLVyMFzhorWbmXYw1geKSrebDlvqjMViUTcCbOun6CWsLfVrXEyeZ9ubGWnnV8PDJLsWJ22WRwCmZ4rgVsDkxxm-0\/s1600\/Victoitre-PSG-OL.png\" style=\"margin-left: 1em; margin-right: 1em;\"><img loading=\"lazy\" decoding=\"async\" border=\"0\" height=\"190\" src=\"https:\/\/blogger.googleusercontent.com\/img\/b\/R29vZ2xl\/AVvXsEiBouJER0N6iEK-P_c4XTBsBJUWkaFdzZoTFPynhLunDIApfqLu7bLLVyMFzhorWbmXYw1geKSrebDlvqjMViUTcCbOun6CWsLfVrXEyeZ9ubGWnnV8PDJLsWJ22WRwCmZ4rgVsDkxxm-0\/s400\/Victoitre-PSG-OL.png\" width=\"400\" \/><\/a><\/div>\n<h2 style=\"background-color: white; color: #16212c; font-family: arial, sans-serif; font-size: 15px; font-weight: normal; line-height: 21px; margin: 0px;\"><\/h2>\n<h2 style=\"background-color: white; color: #16212c; font-family: arial, sans-serif; font-size: 15px; font-weight: normal; line-height: 21px; margin: 0px;\">Le&nbsp;<a href=\"http:\/\/www.lemonde.fr\/paris\/\" style=\"border-bottom-width: 0px; color: #16212c; cursor: pointer; text-decoration: none;\">Paris<\/a>&nbsp;Saint-Germain (PSG) s&rsquo;est assur\u00e9 vendredi 20 d\u00e9cembre le&nbsp;<a href=\"http:\/\/conjugaison.lemonde.fr\/conjugaison\/troisieme-groupe\/titre\" style=\"border-bottom-width: 0px; color: #16212c; cursor: pointer; text-decoration: none;\" target=\"_blank\">titre<\/a>honorifique de champion d&rsquo;automne de la&nbsp;<a href=\"http:\/\/www.lemonde.fr\/ligue-1\/\" style=\"border-bottom-width: 0px; color: #16212c; cursor: pointer; text-decoration: none;\">Ligue 1<\/a>&nbsp;sans m\u00eame&nbsp;<a href=\"http:\/\/conjugaison.lemonde.fr\/conjugaison\/premier-groupe\/jouer\" style=\"border-bottom-width: 0px; color: #16212c; cursor: pointer; text-decoration: none;\" target=\"_blank\">jouer<\/a>, avec la d\u00e9faite surprise de son dauphin&nbsp;<a href=\"http:\/\/www.lemonde.fr\/monaco\/\" style=\"border-bottom-width: 0px; color: #16212c; cursor: pointer; text-decoration: none;\">Monaco<\/a>&nbsp;contre Valenciennes (1-2), 18<span style=\"font-size: 11px; line-height: 0; position: relative; top: 0.5em; vertical-align: text-top;\">e<\/span>&nbsp;au classement. Avec 43 points avant de&nbsp;<a href=\"http:\/\/conjugaison.lemonde.fr\/conjugaison\/troisieme-groupe\/recevoir\" style=\"border-bottom-width: 0px; color: #16212c; cursor: pointer; text-decoration: none;\" target=\"_blank\">recevoir<\/a>&nbsp;<a href=\"http:\/\/www.lemonde.fr\/lille\/\" style=\"border-bottom-width: 0px; color: #16212c; cursor: pointer; text-decoration: none;\">Lille<\/a>&nbsp;dimanche, en cl\u00f4ture de la 19<span style=\"font-size: 11px; line-height: 0; position: relative; top: 0.5em; vertical-align: text-top;\">e<\/span>journ\u00e9e, le club parisien devance l&rsquo;ASM de 2 points et ne peut plus&nbsp;<a href=\"http:\/\/conjugaison.lemonde.fr\/conjugaison\/auxiliaire\/%C3%AAtre\" style=\"border-bottom-width: 0px; color: #16212c; cursor: pointer; text-decoration: none;\" target=\"_blank\">\u00eatre<\/a>&nbsp;rejoint par les Lillois (39 points).<\/h2>\n<div style=\"-webkit-margin-after: 0px; -webkit-margin-before: 0px; background-color: white; color: #16212c; font-family: arial, sans-serif; font-size: 15px; line-height: 21px; margin-bottom: 15px; margin-top: 15px;\">L&rsquo;entr\u00e9e en jeu en deuxi\u00e8me p\u00e9riode de l&rsquo;attaquant Radamel Falcao, absent pendant pr\u00e8s d&rsquo;un mois \u00e0 cause d&rsquo;une douleur lancinante \u00e0 la cuisse, n&rsquo;a pas suffi \u00e0&nbsp;<a href=\"http:\/\/conjugaison.lemonde.fr\/conjugaison\/deuxieme-groupe\/ragaillardir\" style=\"border-bottom-width: 0px; color: #16212c; cursor: text; text-decoration: none;\" target=\"_blank\">ragaillardir<\/a>&nbsp;les Mon\u00e9gasques, bloqu\u00e9s \u00e0 la deuxi\u00e8me place. Les hommes de Claudio Ranieri ont r\u00e9alis\u00e9 une tr\u00e8s mauvaise op\u00e9ration face \u00e0 la 18<span style=\"font-size: 11px; line-height: 0; position: relative; top: 0.5em; vertical-align: text-top;\">e<\/span>&nbsp;\u00e9quipe du championnat, alors qu&rsquo;ils ont domin\u00e9, ont eu de nombreuses occasions dangereuses et inscrit deux buts refus\u00e9s pour hors-jeu.<\/div>\n<div style=\"-webkit-margin-after: 0px; -webkit-margin-before: 0px; background-color: white; color: #16212c; font-family: arial, sans-serif; font-size: 15px; line-height: 21px; margin-bottom: 15px; margin-top: 15px;\">Mais voil\u00e0 : la chance a tourn\u00e9 contre eux, en particulier sur le premier but, marqu\u00e9 contre son camp par Eric Abidal, surpris de&nbsp;<a href=\"http:\/\/conjugaison.lemonde.fr\/conjugaison\/troisieme-groupe\/recevoir\" style=\"border-bottom-width: 0px; color: #16212c; cursor: pointer; text-decoration: none;\" target=\"_blank\">recevoir<\/a>&nbsp;le ballon sur un&nbsp;<a href=\"http:\/\/www.lemonde.fr\/centre\/\" style=\"border-bottom-width: 0px; color: #16212c; cursor: pointer; text-decoration: none;\">centre<\/a>valenciennois devant le but (30<span style=\"font-size: 11px; line-height: 0; position: relative; top: 0.5em; vertical-align: text-top;\">e<\/span>). Le mauvais sort a ensuite poursuivi les Mon\u00e9gasques jusqu&rsquo;\u00e0 la fin de la deuxi\u00e8me p\u00e9riode et un penalty manqu\u00e9 par Radamel Falcao face au gardien Nicolas Penneteau (82<span style=\"font-size: 11px; line-height: 0; position: relative; top: 0.5em; vertical-align: text-top;\">e<\/span>).<\/div>\n<div style=\"-webkit-margin-after: 0px; -webkit-margin-before: 0px; background-color: white; color: #16212c; font-family: arial, sans-serif; font-size: 15px; line-height: 21px; margin-bottom: 15px; margin-top: 15px;\">Entre-temps, les Nordistes ont marqu\u00e9 leur seul v\u00e9ritable but sur l&rsquo;une de leurs rares actions, une contre-attaque rondement men\u00e9e et conclue par David Ducourtioux au terme d&rsquo;un long sprint solitaire (58<span style=\"font-size: 11px; line-height: 0; position: relative; top: 0.5em; vertical-align: text-top;\">e<\/span>). James Rodriguez, excellent du d\u00e9but \u00e0 la fin, a fini par&nbsp;<a href=\"http:\/\/conjugaison.lemonde.fr\/conjugaison\/troisieme-groupe\/r%C3%A9duire\" style=\"border-bottom-width: 0px; color: #16212c; cursor: pointer; text-decoration: none;\" target=\"_blank\">r\u00e9duire<\/a>&nbsp;le score pour Monaco (84<span style=\"font-size: 11px; line-height: 0; position: relative; top: 0.5em; vertical-align: text-top;\">e<\/span>) mais dans l&rsquo;ensemble, son \u00e9quipe a manqu\u00e9 d&rsquo;un peu de chance mais aussi de sens du rythme et de cr\u00e9ativit\u00e9 face \u00e0 des Valenciennois solides.<\/div>\n<div style=\"-webkit-margin-after: 0px; -webkit-margin-before: 0px; background-color: white; color: #16212c; font-family: arial, sans-serif; font-size: 15px; line-height: 21px; margin-bottom: 15px; margin-top: 15px;\">Les Mon\u00e9gasques avaient pourtant de bonnes raisons d&rsquo;<a href=\"http:\/\/conjugaison.lemonde.fr\/conjugaison\/auxiliaire\/%C3%AAtre\" style=\"border-bottom-width: 0px; color: #16212c; cursor: pointer; text-decoration: none;\" target=\"_blank\">\u00eatre<\/a>&nbsp;sereins : ils venaient de&nbsp;<a href=\"http:\/\/conjugaison.lemonde.fr\/conjugaison\/premier-groupe\/signer\" style=\"border-bottom-width: 0px; color: #16212c; cursor: pointer; text-decoration: none;\" target=\"_blank\">signer<\/a>&nbsp;cinq victoires cons\u00e9cutives sans&nbsp;<a href=\"http:\/\/conjugaison.lemonde.fr\/conjugaison\/premier-groupe\/encaisser\" style=\"border-bottom-width: 0px; color: #16212c; cursor: pointer; text-decoration: none;\" target=\"_blank\">encaisser<\/a>&nbsp;le moindre but et jouaient avec la plupart de leurs titulaires habituels, surtout apr\u00e8s l&rsquo;entr\u00e9e de Falcao. Mais aucune des deux formules offensives tent\u00e9es par Claudio Ranieri, d&rsquo;abord avec la paire Emmanuel Rivi\u00e8re &#8211; Anthony Martial puis Falcao &#8211; Martial, n&rsquo;a produit les r\u00e9sultats escompt\u00e9s.<\/div>\n","protected":false},"excerpt":{"rendered":"<p>Le&nbsp;Paris&nbsp;Saint-Germain (PSG) s&rsquo;est assur\u00e9 vendredi 20 d\u00e9cembre le&nbsp;titrehonorifique de champion d&rsquo;automne de la&nbsp;Ligue 1&nbsp;sans m\u00eame&nbsp;jouer, avec la d\u00e9faite surprise de son dauphin&nbsp;Monaco&nbsp;contre Valenciennes (1-2), 18e&nbsp;au classement. Avec 43 points avant de&nbsp;recevoir&nbsp;Lille&nbsp;dimanche, en cl\u00f4ture de la 19ejourn\u00e9e, le club parisien devance l&rsquo;ASM de 2 points et ne peut plus&nbsp;\u00eatre&nbsp;rejoint par les Lillois (39 points). L&rsquo;entr\u00e9e en [&hellip;]<\/p>\n","protected":false},"author":2,"featured_media":0,"comment_status":"open","ping_status":"open","sticky":false,"template":"","format":"standard","meta":{"footnotes":""},"categories":[3],"tags":[],"class_list":{"0":"post-907","1":"post","2":"type-post","3":"status-publish","4":"format-standard","6":"category-news"},"yoast_head":"<!-- This site is optimized with the Yoast SEO plugin v27.4 - https:\/\/yoast.com\/product\/yoast-seo-wordpress\/ -->\n<title>Monaco d\u00e9fait, le PSG champion d&#039;automne - PSG FANS<\/title>\n<meta name=\"robots\" content=\"index, follow, max-snippet:-1, max-image-preview:large, max-video-preview:-1\" \/>\n<link rel=\"canonical\" href=\"https:\/\/psgfans.fr\/?p=907\" \/>\n<meta property=\"og:locale\" content=\"fr_FR\" \/>\n<meta property=\"og:type\" content=\"article\" \/>\n<meta property=\"og:title\" content=\"Monaco d\u00e9fait, le PSG champion d&#039;automne - PSG FANS\" \/>\n<meta property=\"og:description\" content=\"Le&nbsp;Paris&nbsp;Saint-Germain (PSG) s&rsquo;est assur\u00e9 vendredi 20 d\u00e9cembre le&nbsp;titrehonorifique de champion d&rsquo;automne de la&nbsp;Ligue 1&nbsp;sans m\u00eame&nbsp;jouer, avec la d\u00e9faite surprise de son dauphin&nbsp;Monaco&nbsp;contre Valenciennes (1-2), 18e&nbsp;au classement. Avec 43 points avant de&nbsp;recevoir&nbsp;Lille&nbsp;dimanche, en cl\u00f4ture de la 19ejourn\u00e9e, le club parisien devance l&rsquo;ASM de 2 points et ne peut plus&nbsp;\u00eatre&nbsp;rejoint par les Lillois (39 points). L&rsquo;entr\u00e9e en [&hellip;]\" \/>\n<meta property=\"og:url\" content=\"https:\/\/psgfans.fr\/?p=907\" \/>\n<meta property=\"og:site_name\" content=\"PSG FANS\" \/>\n<meta property=\"article:published_time\" content=\"2013-12-21T13:15:00+00:00\" \/>\n<meta property=\"og:image\" content=\"https:\/\/blogger.googleusercontent.com\/img\/b\/R29vZ2xl\/AVvXsEiBouJER0N6iEK-P_c4XTBsBJUWkaFdzZoTFPynhLunDIApfqLu7bLLVyMFzhorWbmXYw1geKSrebDlvqjMViUTcCbOun6CWsLfVrXEyeZ9ubGWnnV8PDJLsWJ22WRwCmZ4rgVsDkxxm-0\/s400\/Victoitre-PSG-OL.png\" \/>\n<meta name=\"author\" content=\"psgfans\" \/>\n<meta name=\"twitter:card\" content=\"summary_large_image\" \/>\n<meta name=\"twitter:label1\" content=\"\u00c9crit par\" \/>\n\t<meta name=\"twitter:data1\" content=\"psgfans\" \/>\n\t<meta name=\"twitter:label2\" content=\"Dur\u00e9e de lecture estim\u00e9e\" \/>\n\t<meta name=\"twitter:data2\" content=\"2 minutes\" \/>\n<script type=\"application\/ld+json\" class=\"yoast-schema-graph\">{\"@context\":\"https:\\\/\\\/schema.org\",\"@graph\":[{\"@type\":\"Article\",\"@id\":\"https:\\\/\\\/psgfans.fr\\\/?p=907#article\",\"isPartOf\":{\"@id\":\"https:\\\/\\\/psgfans.fr\\\/?p=907\"},\"author\":{\"name\":\"psgfans\",\"@id\":\"https:\\\/\\\/psgfans.fr\\\/#\\\/schema\\\/person\\\/be2237e7a0237af2f29cb344b3c55e6c\"},\"headline\":\"Monaco d\u00e9fait, le PSG champion d&#39;automne\",\"datePublished\":\"2013-12-21T13:15:00+00:00\",\"mainEntityOfPage\":{\"@id\":\"https:\\\/\\\/psgfans.fr\\\/?p=907\"},\"wordCount\":406,\"commentCount\":0,\"image\":{\"@id\":\"https:\\\/\\\/psgfans.fr\\\/?p=907#primaryimage\"},\"thumbnailUrl\":\"https:\\\/\\\/blogger.googleusercontent.com\\\/img\\\/b\\\/R29vZ2xl\\\/AVvXsEiBouJER0N6iEK-P_c4XTBsBJUWkaFdzZoTFPynhLunDIApfqLu7bLLVyMFzhorWbmXYw1geKSrebDlvqjMViUTcCbOun6CWsLfVrXEyeZ9ubGWnnV8PDJLsWJ22WRwCmZ4rgVsDkxxm-0\\\/s400\\\/Victoitre-PSG-OL.png\",\"articleSection\":[\"News\"],\"inLanguage\":\"fr-FR\",\"potentialAction\":[{\"@type\":\"CommentAction\",\"name\":\"Comment\",\"target\":[\"https:\\\/\\\/psgfans.fr\\\/?p=907#respond\"]}]},{\"@type\":\"WebPage\",\"@id\":\"https:\\\/\\\/psgfans.fr\\\/?p=907\",\"url\":\"https:\\\/\\\/psgfans.fr\\\/?p=907\",\"name\":\"Monaco d\u00e9fait, le PSG champion d&#39;automne - PSG FANS\",\"isPartOf\":{\"@id\":\"https:\\\/\\\/psgfans.fr\\\/#website\"},\"primaryImageOfPage\":{\"@id\":\"https:\\\/\\\/psgfans.fr\\\/?p=907#primaryimage\"},\"image\":{\"@id\":\"https:\\\/\\\/psgfans.fr\\\/?p=907#primaryimage\"},\"thumbnailUrl\":\"https:\\\/\\\/blogger.googleusercontent.com\\\/img\\\/b\\\/R29vZ2xl\\\/AVvXsEiBouJER0N6iEK-P_c4XTBsBJUWkaFdzZoTFPynhLunDIApfqLu7bLLVyMFzhorWbmXYw1geKSrebDlvqjMViUTcCbOun6CWsLfVrXEyeZ9ubGWnnV8PDJLsWJ22WRwCmZ4rgVsDkxxm-0\\\/s400\\\/Victoitre-PSG-OL.png\",\"datePublished\":\"2013-12-21T13:15:00+00:00\",\"author\":{\"@id\":\"https:\\\/\\\/psgfans.fr\\\/#\\\/schema\\\/person\\\/be2237e7a0237af2f29cb344b3c55e6c\"},\"breadcrumb\":{\"@id\":\"https:\\\/\\\/psgfans.fr\\\/?p=907#breadcrumb\"},\"inLanguage\":\"fr-FR\",\"potentialAction\":[{\"@type\":\"ReadAction\",\"target\":[\"https:\\\/\\\/psgfans.fr\\\/?p=907\"]}]},{\"@type\":\"ImageObject\",\"inLanguage\":\"fr-FR\",\"@id\":\"https:\\\/\\\/psgfans.fr\\\/?p=907#primaryimage\",\"url\":\"https:\\\/\\\/blogger.googleusercontent.com\\\/img\\\/b\\\/R29vZ2xl\\\/AVvXsEiBouJER0N6iEK-P_c4XTBsBJUWkaFdzZoTFPynhLunDIApfqLu7bLLVyMFzhorWbmXYw1geKSrebDlvqjMViUTcCbOun6CWsLfVrXEyeZ9ubGWnnV8PDJLsWJ22WRwCmZ4rgVsDkxxm-0\\\/s400\\\/Victoitre-PSG-OL.png\",\"contentUrl\":\"https:\\\/\\\/blogger.googleusercontent.com\\\/img\\\/b\\\/R29vZ2xl\\\/AVvXsEiBouJER0N6iEK-P_c4XTBsBJUWkaFdzZoTFPynhLunDIApfqLu7bLLVyMFzhorWbmXYw1geKSrebDlvqjMViUTcCbOun6CWsLfVrXEyeZ9ubGWnnV8PDJLsWJ22WRwCmZ4rgVsDkxxm-0\\\/s400\\\/Victoitre-PSG-OL.png\"},{\"@type\":\"BreadcrumbList\",\"@id\":\"https:\\\/\\\/psgfans.fr\\\/?p=907#breadcrumb\",\"itemListElement\":[{\"@type\":\"ListItem\",\"position\":1,\"name\":\"Accueil\",\"item\":\"https:\\\/\\\/psgfans.fr\\\/\"},{\"@type\":\"ListItem\",\"position\":2,\"name\":\"Monaco d\u00e9fait, le PSG champion d&#39;automne\"}]},{\"@type\":\"WebSite\",\"@id\":\"https:\\\/\\\/psgfans.fr\\\/#website\",\"url\":\"https:\\\/\\\/psgfans.fr\\\/\",\"name\":\"PSG FANS\",\"description\":\"Unit\u00e9, Passion, Victoire : Au C\u0153ur du Paris Saint-Germain!\",\"potentialAction\":[{\"@type\":\"SearchAction\",\"target\":{\"@type\":\"EntryPoint\",\"urlTemplate\":\"https:\\\/\\\/psgfans.fr\\\/?s={search_term_string}\"},\"query-input\":{\"@type\":\"PropertyValueSpecification\",\"valueRequired\":true,\"valueName\":\"search_term_string\"}}],\"inLanguage\":\"fr-FR\"},{\"@type\":\"Person\",\"@id\":\"https:\\\/\\\/psgfans.fr\\\/#\\\/schema\\\/person\\\/be2237e7a0237af2f29cb344b3c55e6c\",\"name\":\"psgfans\",\"image\":{\"@type\":\"ImageObject\",\"inLanguage\":\"fr-FR\",\"@id\":\"https:\\\/\\\/secure.gravatar.com\\\/avatar\\\/?s=96&d=mm&r=g\",\"url\":\"https:\\\/\\\/secure.gravatar.com\\\/avatar\\\/?s=96&d=mm&r=g\",\"contentUrl\":\"https:\\\/\\\/secure.gravatar.com\\\/avatar\\\/?s=96&d=mm&r=g\",\"caption\":\"psgfans\"},\"url\":\"https:\\\/\\\/psgfans.fr\\\/?author=2\"}]}<\/script>\n<!-- \/ Yoast SEO plugin. -->","yoast_head_json":{"title":"Monaco d\u00e9fait, le PSG champion d&#39;automne - PSG FANS","robots":{"index":"index","follow":"follow","max-snippet":"max-snippet:-1","max-image-preview":"max-image-preview:large","max-video-preview":"max-video-preview:-1"},"canonical":"https:\/\/psgfans.fr\/?p=907","og_locale":"fr_FR","og_type":"article","og_title":"Monaco d\u00e9fait, le PSG champion d&#39;automne - PSG FANS","og_description":"Le&nbsp;Paris&nbsp;Saint-Germain (PSG) s&rsquo;est assur\u00e9 vendredi 20 d\u00e9cembre le&nbsp;titrehonorifique de champion d&rsquo;automne de la&nbsp;Ligue 1&nbsp;sans m\u00eame&nbsp;jouer, avec la d\u00e9faite surprise de son dauphin&nbsp;Monaco&nbsp;contre Valenciennes (1-2), 18e&nbsp;au classement. Avec 43 points avant de&nbsp;recevoir&nbsp;Lille&nbsp;dimanche, en cl\u00f4ture de la 19ejourn\u00e9e, le club parisien devance l&rsquo;ASM de 2 points et ne peut plus&nbsp;\u00eatre&nbsp;rejoint par les Lillois (39 points). L&rsquo;entr\u00e9e en [&hellip;]","og_url":"https:\/\/psgfans.fr\/?p=907","og_site_name":"PSG FANS","article_published_time":"2013-12-21T13:15:00+00:00","og_image":[{"url":"https:\/\/blogger.googleusercontent.com\/img\/b\/R29vZ2xl\/AVvXsEiBouJER0N6iEK-P_c4XTBsBJUWkaFdzZoTFPynhLunDIApfqLu7bLLVyMFzhorWbmXYw1geKSrebDlvqjMViUTcCbOun6CWsLfVrXEyeZ9ubGWnnV8PDJLsWJ22WRwCmZ4rgVsDkxxm-0\/s400\/Victoitre-PSG-OL.png","type":"","width":"","height":""}],"author":"psgfans","twitter_card":"summary_large_image","twitter_misc":{"\u00c9crit par":"psgfans","Dur\u00e9e de lecture estim\u00e9e":"2 minutes"},"schema":{"@context":"https:\/\/schema.org","@graph":[{"@type":"Article","@id":"https:\/\/psgfans.fr\/?p=907#article","isPartOf":{"@id":"https:\/\/psgfans.fr\/?p=907"},"author":{"name":"psgfans","@id":"https:\/\/psgfans.fr\/#\/schema\/person\/be2237e7a0237af2f29cb344b3c55e6c"},"headline":"Monaco d\u00e9fait, le PSG champion d&#39;automne","datePublished":"2013-12-21T13:15:00+00:00","mainEntityOfPage":{"@id":"https:\/\/psgfans.fr\/?p=907"},"wordCount":406,"commentCount":0,"image":{"@id":"https:\/\/psgfans.fr\/?p=907#primaryimage"},"thumbnailUrl":"https:\/\/blogger.googleusercontent.com\/img\/b\/R29vZ2xl\/AVvXsEiBouJER0N6iEK-P_c4XTBsBJUWkaFdzZoTFPynhLunDIApfqLu7bLLVyMFzhorWbmXYw1geKSrebDlvqjMViUTcCbOun6CWsLfVrXEyeZ9ubGWnnV8PDJLsWJ22WRwCmZ4rgVsDkxxm-0\/s400\/Victoitre-PSG-OL.png","articleSection":["News"],"inLanguage":"fr-FR","potentialAction":[{"@type":"CommentAction","name":"Comment","target":["https:\/\/psgfans.fr\/?p=907#respond"]}]},{"@type":"WebPage","@id":"https:\/\/psgfans.fr\/?p=907","url":"https:\/\/psgfans.fr\/?p=907","name":"Monaco d\u00e9fait, le PSG champion d&#39;automne - PSG FANS","isPartOf":{"@id":"https:\/\/psgfans.fr\/#website"},"primaryImageOfPage":{"@id":"https:\/\/psgfans.fr\/?p=907#primaryimage"},"image":{"@id":"https:\/\/psgfans.fr\/?p=907#primaryimage"},"thumbnailUrl":"https:\/\/blogger.googleusercontent.com\/img\/b\/R29vZ2xl\/AVvXsEiBouJER0N6iEK-P_c4XTBsBJUWkaFdzZoTFPynhLunDIApfqLu7bLLVyMFzhorWbmXYw1geKSrebDlvqjMViUTcCbOun6CWsLfVrXEyeZ9ubGWnnV8PDJLsWJ22WRwCmZ4rgVsDkxxm-0\/s400\/Victoitre-PSG-OL.png","datePublished":"2013-12-21T13:15:00+00:00","author":{"@id":"https:\/\/psgfans.fr\/#\/schema\/person\/be2237e7a0237af2f29cb344b3c55e6c"},"breadcrumb":{"@id":"https:\/\/psgfans.fr\/?p=907#breadcrumb"},"inLanguage":"fr-FR","potentialAction":[{"@type":"ReadAction","target":["https:\/\/psgfans.fr\/?p=907"]}]},{"@type":"ImageObject","inLanguage":"fr-FR","@id":"https:\/\/psgfans.fr\/?p=907#primaryimage","url":"https:\/\/blogger.googleusercontent.com\/img\/b\/R29vZ2xl\/AVvXsEiBouJER0N6iEK-P_c4XTBsBJUWkaFdzZoTFPynhLunDIApfqLu7bLLVyMFzhorWbmXYw1geKSrebDlvqjMViUTcCbOun6CWsLfVrXEyeZ9ubGWnnV8PDJLsWJ22WRwCmZ4rgVsDkxxm-0\/s400\/Victoitre-PSG-OL.png","contentUrl":"https:\/\/blogger.googleusercontent.com\/img\/b\/R29vZ2xl\/AVvXsEiBouJER0N6iEK-P_c4XTBsBJUWkaFdzZoTFPynhLunDIApfqLu7bLLVyMFzhorWbmXYw1geKSrebDlvqjMViUTcCbOun6CWsLfVrXEyeZ9ubGWnnV8PDJLsWJ22WRwCmZ4rgVsDkxxm-0\/s400\/Victoitre-PSG-OL.png"},{"@type":"BreadcrumbList","@id":"https:\/\/psgfans.fr\/?p=907#breadcrumb","itemListElement":[{"@type":"ListItem","position":1,"name":"Accueil","item":"https:\/\/psgfans.fr\/"},{"@type":"ListItem","position":2,"name":"Monaco d\u00e9fait, le PSG champion d&#39;automne"}]},{"@type":"WebSite","@id":"https:\/\/psgfans.fr\/#website","url":"https:\/\/psgfans.fr\/","name":"PSG FANS","description":"Unit\u00e9, Passion, Victoire : Au C\u0153ur du Paris Saint-Germain!","potentialAction":[{"@type":"SearchAction","target":{"@type":"EntryPoint","urlTemplate":"https:\/\/psgfans.fr\/?s={search_term_string}"},"query-input":{"@type":"PropertyValueSpecification","valueRequired":true,"valueName":"search_term_string"}}],"inLanguage":"fr-FR"},{"@type":"Person","@id":"https:\/\/psgfans.fr\/#\/schema\/person\/be2237e7a0237af2f29cb344b3c55e6c","name":"psgfans","image":{"@type":"ImageObject","inLanguage":"fr-FR","@id":"https:\/\/secure.gravatar.com\/avatar\/?s=96&d=mm&r=g","url":"https:\/\/secure.gravatar.com\/avatar\/?s=96&d=mm&r=g","contentUrl":"https:\/\/secure.gravatar.com\/avatar\/?s=96&d=mm&r=g","caption":"psgfans"},"url":"https:\/\/psgfans.fr\/?author=2"}]}},"_links":{"self":[{"href":"https:\/\/psgfans.fr\/index.php?rest_route=\/wp\/v2\/posts\/907","targetHints":{"allow":["GET"]}}],"collection":[{"href":"https:\/\/psgfans.fr\/index.php?rest_route=\/wp\/v2\/posts"}],"about":[{"href":"https:\/\/psgfans.fr\/index.php?rest_route=\/wp\/v2\/types\/post"}],"author":[{"embeddable":true,"href":"https:\/\/psgfans.fr\/index.php?rest_route=\/wp\/v2\/users\/2"}],"replies":[{"embeddable":true,"href":"https:\/\/psgfans.fr\/index.php?rest_route=%2Fwp%2Fv2%2Fcomments&post=907"}],"version-history":[{"count":0,"href":"https:\/\/psgfans.fr\/index.php?rest_route=\/wp\/v2\/posts\/907\/revisions"}],"wp:attachment":[{"href":"https:\/\/psgfans.fr\/index.php?rest_route=%2Fwp%2Fv2%2Fmedia&parent=907"}],"wp:term":[{"taxonomy":"category","embeddable":true,"href":"https:\/\/psgfans.fr\/index.php?rest_route=%2Fwp%2Fv2%2Fcategories&post=907"},{"taxonomy":"post_tag","embeddable":true,"href":"https:\/\/psgfans.fr\/index.php?rest_route=%2Fwp%2Fv2%2Ftags&post=907"}],"curies":[{"name":"wp","href":"https:\/\/api.w.org\/{rel}","templated":true}]}}