{"id":904,"date":"2014-01-02T17:05:00","date_gmt":"2014-01-02T16:05:00","guid":{"rendered":"https:\/\/psgfans.fr\/?p=904"},"modified":"2014-01-02T17:05:00","modified_gmt":"2014-01-02T16:05:00","slug":"quand-zlatan-ibrahimovic-part-a-la-chasse-au-faucon","status":"publish","type":"post","link":"https:\/\/psgfans.fr\/?p=904","title":{"rendered":"Quand Zlatan Ibrahimovic part \u00e0 la chasse au faucon"},"content":{"rendered":"<div style=\"clear: both; text-align: center;\"><a href=\"https:\/\/blogger.googleusercontent.com\/img\/b\/R29vZ2xl\/AVvXsEi3HvuFZHzroDpAc9x8FPSQZBMs6PbTYG_yypqfFL7HZdK5jO9maVLezdHNK7dwxiH7A8Ju3xan5xDwV4mJva0L5p_GHXm4bqla894c4Kd0I0Zs9UxKuGwvV4NX3FaENHzLqYwF50wvqCI\/s1600\/attaquant-psg-zlatan-ibrahimovic-lors-stage-qatar-chasse-faucon-31-decembre-2013-doha-1467463-616x380.jpg\" style=\"clear: right; float: right; margin-bottom: 1em; margin-left: 1em;\"><img decoding=\"async\" border=\"0\" src=\"https:\/\/blogger.googleusercontent.com\/img\/b\/R29vZ2xl\/AVvXsEi3HvuFZHzroDpAc9x8FPSQZBMs6PbTYG_yypqfFL7HZdK5jO9maVLezdHNK7dwxiH7A8Ju3xan5xDwV4mJva0L5p_GHXm4bqla894c4Kd0I0Zs9UxKuGwvV4NX3FaENHzLqYwF50wvqCI\/s400\/attaquant-psg-zlatan-ibrahimovic-lors-stage-qatar-chasse-faucon-31-decembre-2013-doha-1467463-616x380.jpg\" \/><\/a><\/div>\n<p>Qui dit stage \u00e0 l\u2019\u00e9tranger dit aussi temps \u00e0 tuer. Actuellement au Qatar o\u00f9 il a r\u00e9veillonn\u00e9 avec ses co\u00e9quipiers du PSG, Zlatan Ibrahimovic a d\u00e9couvert la chasse au faucon, entre deux entra\u00eenements et un match amical contre le Real Madrid. Avec Maxwell et Camara, le Su\u00e9dois a donc test\u00e9 l\u2019une des traditions locales, lui qui est d\u00e9j\u00e0 un grand amateur de chasse.  Il en a aussi profit\u00e9 pour adresser ses v\u0153ux aux supporters parisiens, en publiant quelques photos sur son application Zlatan Unplugged. \u00abJe suis avec le PSG au Qatar pour pr\u00e9parer 2014, en c\u00e9l\u00e9brant la nouvelle ann\u00e9e et affrontant le Real Madrid en amical. Aujourd\u2019hui, Maxwell, Papus et moi-m\u00eame partageons notre int\u00e9r\u00eat pour la chasse en apprenant tout sur la fauconnerie. Int\u00e9ressant. Bonne ann\u00e9e ! \u00bb  Par ailleurs, cette escapade a scandalis\u00e9 \u00abRobin des Bois\u00bb, une association de protection des animaux fran\u00e7aise. \u00abIl est d\u00e9plorable qu&rsquo;une prestigieuse \u00e9quipe fran\u00e7aise de football participe \u00e0 la promotion de cette pratique certes historique mais aujourd&rsquo;hui irresponsable\u00bb, juge l&rsquo;association. Selon l&rsquo;ONG, bien que le commerce de cette esp\u00e8ce soit r\u00e9glement\u00e9, le trafic est en expansion :  des faucons p\u00e8lerins et sacre sont captur\u00e9s en milieu naturel en Russie, en Inde et au Pakistan et revendus \u00e0 prix d&rsquo;or \u00e0 des fauconniers arabes en vue de la pratique de la chasse avec faucon, assure-t-elle. <\/p>\n<p>source :&nbsp;20minutes.fr<\/p>\n","protected":false},"excerpt":{"rendered":"<p>Qui dit stage \u00e0 l\u2019\u00e9tranger dit aussi temps \u00e0 tuer. Actuellement au Qatar o\u00f9 il a r\u00e9veillonn\u00e9 avec ses co\u00e9quipiers du PSG, Zlatan Ibrahimovic a d\u00e9couvert la chasse au faucon, entre deux entra\u00eenements et un match amical contre le Real Madrid. Avec Maxwell et Camara, le Su\u00e9dois a donc test\u00e9 l\u2019une des traditions locales, lui [&hellip;]<\/p>\n","protected":false},"author":2,"featured_media":0,"comment_status":"open","ping_status":"open","sticky":false,"template":"","format":"standard","meta":{"footnotes":""},"categories":[3],"tags":[],"class_list":{"0":"post-904","1":"post","2":"type-post","3":"status-publish","4":"format-standard","6":"category-news"},"yoast_head":"<!-- This site is optimized with the Yoast SEO plugin v27.4 - https:\/\/yoast.com\/product\/yoast-seo-wordpress\/ -->\n<title>Quand Zlatan Ibrahimovic part \u00e0 la chasse au faucon - PSG FANS<\/title>\n<meta name=\"robots\" content=\"index, follow, max-snippet:-1, max-image-preview:large, max-video-preview:-1\" \/>\n<link rel=\"canonical\" href=\"https:\/\/psgfans.fr\/?p=904\" \/>\n<meta property=\"og:locale\" content=\"fr_FR\" \/>\n<meta property=\"og:type\" content=\"article\" \/>\n<meta property=\"og:title\" content=\"Quand Zlatan Ibrahimovic part \u00e0 la chasse au faucon - PSG FANS\" \/>\n<meta property=\"og:description\" content=\"Qui dit stage \u00e0 l\u2019\u00e9tranger dit aussi temps \u00e0 tuer. Actuellement au Qatar o\u00f9 il a r\u00e9veillonn\u00e9 avec ses co\u00e9quipiers du PSG, Zlatan Ibrahimovic a d\u00e9couvert la chasse au faucon, entre deux entra\u00eenements et un match amical contre le Real Madrid. Avec Maxwell et Camara, le Su\u00e9dois a donc test\u00e9 l\u2019une des traditions locales, lui [&hellip;]\" \/>\n<meta property=\"og:url\" content=\"https:\/\/psgfans.fr\/?p=904\" \/>\n<meta property=\"og:site_name\" content=\"PSG FANS\" \/>\n<meta property=\"article:published_time\" content=\"2014-01-02T16:05:00+00:00\" \/>\n<meta property=\"og:image\" content=\"https:\/\/blogger.googleusercontent.com\/img\/b\/R29vZ2xl\/AVvXsEi3HvuFZHzroDpAc9x8FPSQZBMs6PbTYG_yypqfFL7HZdK5jO9maVLezdHNK7dwxiH7A8Ju3xan5xDwV4mJva0L5p_GHXm4bqla894c4Kd0I0Zs9UxKuGwvV4NX3FaENHzLqYwF50wvqCI\/s400\/attaquant-psg-zlatan-ibrahimovic-lors-stage-qatar-chasse-faucon-31-decembre-2013-doha-1467463-616x380.jpg\" \/>\n<meta name=\"author\" content=\"psgfans\" \/>\n<meta name=\"twitter:card\" content=\"summary_large_image\" \/>\n<meta name=\"twitter:label1\" content=\"\u00c9crit par\" \/>\n\t<meta name=\"twitter:data1\" content=\"psgfans\" \/>\n\t<meta name=\"twitter:label2\" content=\"Dur\u00e9e de lecture estim\u00e9e\" \/>\n\t<meta name=\"twitter:data2\" content=\"1 minute\" \/>\n<script type=\"application\/ld+json\" class=\"yoast-schema-graph\">{\"@context\":\"https:\\\/\\\/schema.org\",\"@graph\":[{\"@type\":\"Article\",\"@id\":\"https:\\\/\\\/psgfans.fr\\\/?p=904#article\",\"isPartOf\":{\"@id\":\"https:\\\/\\\/psgfans.fr\\\/?p=904\"},\"author\":{\"name\":\"psgfans\",\"@id\":\"https:\\\/\\\/psgfans.fr\\\/#\\\/schema\\\/person\\\/be2237e7a0237af2f29cb344b3c55e6c\"},\"headline\":\"Quand Zlatan Ibrahimovic part \u00e0 la chasse au faucon\",\"datePublished\":\"2014-01-02T16:05:00+00:00\",\"mainEntityOfPage\":{\"@id\":\"https:\\\/\\\/psgfans.fr\\\/?p=904\"},\"wordCount\":255,\"commentCount\":0,\"image\":{\"@id\":\"https:\\\/\\\/psgfans.fr\\\/?p=904#primaryimage\"},\"thumbnailUrl\":\"https:\\\/\\\/blogger.googleusercontent.com\\\/img\\\/b\\\/R29vZ2xl\\\/AVvXsEi3HvuFZHzroDpAc9x8FPSQZBMs6PbTYG_yypqfFL7HZdK5jO9maVLezdHNK7dwxiH7A8Ju3xan5xDwV4mJva0L5p_GHXm4bqla894c4Kd0I0Zs9UxKuGwvV4NX3FaENHzLqYwF50wvqCI\\\/s400\\\/attaquant-psg-zlatan-ibrahimovic-lors-stage-qatar-chasse-faucon-31-decembre-2013-doha-1467463-616x380.jpg\",\"articleSection\":[\"News\"],\"inLanguage\":\"fr-FR\",\"potentialAction\":[{\"@type\":\"CommentAction\",\"name\":\"Comment\",\"target\":[\"https:\\\/\\\/psgfans.fr\\\/?p=904#respond\"]}]},{\"@type\":\"WebPage\",\"@id\":\"https:\\\/\\\/psgfans.fr\\\/?p=904\",\"url\":\"https:\\\/\\\/psgfans.fr\\\/?p=904\",\"name\":\"Quand Zlatan Ibrahimovic part \u00e0 la chasse au faucon - PSG FANS\",\"isPartOf\":{\"@id\":\"https:\\\/\\\/psgfans.fr\\\/#website\"},\"primaryImageOfPage\":{\"@id\":\"https:\\\/\\\/psgfans.fr\\\/?p=904#primaryimage\"},\"image\":{\"@id\":\"https:\\\/\\\/psgfans.fr\\\/?p=904#primaryimage\"},\"thumbnailUrl\":\"https:\\\/\\\/blogger.googleusercontent.com\\\/img\\\/b\\\/R29vZ2xl\\\/AVvXsEi3HvuFZHzroDpAc9x8FPSQZBMs6PbTYG_yypqfFL7HZdK5jO9maVLezdHNK7dwxiH7A8Ju3xan5xDwV4mJva0L5p_GHXm4bqla894c4Kd0I0Zs9UxKuGwvV4NX3FaENHzLqYwF50wvqCI\\\/s400\\\/attaquant-psg-zlatan-ibrahimovic-lors-stage-qatar-chasse-faucon-31-decembre-2013-doha-1467463-616x380.jpg\",\"datePublished\":\"2014-01-02T16:05:00+00:00\",\"author\":{\"@id\":\"https:\\\/\\\/psgfans.fr\\\/#\\\/schema\\\/person\\\/be2237e7a0237af2f29cb344b3c55e6c\"},\"breadcrumb\":{\"@id\":\"https:\\\/\\\/psgfans.fr\\\/?p=904#breadcrumb\"},\"inLanguage\":\"fr-FR\",\"potentialAction\":[{\"@type\":\"ReadAction\",\"target\":[\"https:\\\/\\\/psgfans.fr\\\/?p=904\"]}]},{\"@type\":\"ImageObject\",\"inLanguage\":\"fr-FR\",\"@id\":\"https:\\\/\\\/psgfans.fr\\\/?p=904#primaryimage\",\"url\":\"https:\\\/\\\/blogger.googleusercontent.com\\\/img\\\/b\\\/R29vZ2xl\\\/AVvXsEi3HvuFZHzroDpAc9x8FPSQZBMs6PbTYG_yypqfFL7HZdK5jO9maVLezdHNK7dwxiH7A8Ju3xan5xDwV4mJva0L5p_GHXm4bqla894c4Kd0I0Zs9UxKuGwvV4NX3FaENHzLqYwF50wvqCI\\\/s400\\\/attaquant-psg-zlatan-ibrahimovic-lors-stage-qatar-chasse-faucon-31-decembre-2013-doha-1467463-616x380.jpg\",\"contentUrl\":\"https:\\\/\\\/blogger.googleusercontent.com\\\/img\\\/b\\\/R29vZ2xl\\\/AVvXsEi3HvuFZHzroDpAc9x8FPSQZBMs6PbTYG_yypqfFL7HZdK5jO9maVLezdHNK7dwxiH7A8Ju3xan5xDwV4mJva0L5p_GHXm4bqla894c4Kd0I0Zs9UxKuGwvV4NX3FaENHzLqYwF50wvqCI\\\/s400\\\/attaquant-psg-zlatan-ibrahimovic-lors-stage-qatar-chasse-faucon-31-decembre-2013-doha-1467463-616x380.jpg\"},{\"@type\":\"BreadcrumbList\",\"@id\":\"https:\\\/\\\/psgfans.fr\\\/?p=904#breadcrumb\",\"itemListElement\":[{\"@type\":\"ListItem\",\"position\":1,\"name\":\"Accueil\",\"item\":\"https:\\\/\\\/psgfans.fr\\\/\"},{\"@type\":\"ListItem\",\"position\":2,\"name\":\"Quand Zlatan Ibrahimovic part \u00e0 la chasse au faucon\"}]},{\"@type\":\"WebSite\",\"@id\":\"https:\\\/\\\/psgfans.fr\\\/#website\",\"url\":\"https:\\\/\\\/psgfans.fr\\\/\",\"name\":\"PSG FANS\",\"description\":\"Unit\u00e9, Passion, Victoire : Au C\u0153ur du Paris Saint-Germain!\",\"potentialAction\":[{\"@type\":\"SearchAction\",\"target\":{\"@type\":\"EntryPoint\",\"urlTemplate\":\"https:\\\/\\\/psgfans.fr\\\/?s={search_term_string}\"},\"query-input\":{\"@type\":\"PropertyValueSpecification\",\"valueRequired\":true,\"valueName\":\"search_term_string\"}}],\"inLanguage\":\"fr-FR\"},{\"@type\":\"Person\",\"@id\":\"https:\\\/\\\/psgfans.fr\\\/#\\\/schema\\\/person\\\/be2237e7a0237af2f29cb344b3c55e6c\",\"name\":\"psgfans\",\"image\":{\"@type\":\"ImageObject\",\"inLanguage\":\"fr-FR\",\"@id\":\"https:\\\/\\\/secure.gravatar.com\\\/avatar\\\/?s=96&d=mm&r=g\",\"url\":\"https:\\\/\\\/secure.gravatar.com\\\/avatar\\\/?s=96&d=mm&r=g\",\"contentUrl\":\"https:\\\/\\\/secure.gravatar.com\\\/avatar\\\/?s=96&d=mm&r=g\",\"caption\":\"psgfans\"},\"url\":\"https:\\\/\\\/psgfans.fr\\\/?author=2\"}]}<\/script>\n<!-- \/ Yoast SEO plugin. -->","yoast_head_json":{"title":"Quand Zlatan Ibrahimovic part \u00e0 la chasse au faucon - PSG FANS","robots":{"index":"index","follow":"follow","max-snippet":"max-snippet:-1","max-image-preview":"max-image-preview:large","max-video-preview":"max-video-preview:-1"},"canonical":"https:\/\/psgfans.fr\/?p=904","og_locale":"fr_FR","og_type":"article","og_title":"Quand Zlatan Ibrahimovic part \u00e0 la chasse au faucon - PSG FANS","og_description":"Qui dit stage \u00e0 l\u2019\u00e9tranger dit aussi temps \u00e0 tuer. Actuellement au Qatar o\u00f9 il a r\u00e9veillonn\u00e9 avec ses co\u00e9quipiers du PSG, Zlatan Ibrahimovic a d\u00e9couvert la chasse au faucon, entre deux entra\u00eenements et un match amical contre le Real Madrid. Avec Maxwell et Camara, le Su\u00e9dois a donc test\u00e9 l\u2019une des traditions locales, lui [&hellip;]","og_url":"https:\/\/psgfans.fr\/?p=904","og_site_name":"PSG FANS","article_published_time":"2014-01-02T16:05:00+00:00","og_image":[{"url":"https:\/\/blogger.googleusercontent.com\/img\/b\/R29vZ2xl\/AVvXsEi3HvuFZHzroDpAc9x8FPSQZBMs6PbTYG_yypqfFL7HZdK5jO9maVLezdHNK7dwxiH7A8Ju3xan5xDwV4mJva0L5p_GHXm4bqla894c4Kd0I0Zs9UxKuGwvV4NX3FaENHzLqYwF50wvqCI\/s400\/attaquant-psg-zlatan-ibrahimovic-lors-stage-qatar-chasse-faucon-31-decembre-2013-doha-1467463-616x380.jpg","type":"","width":"","height":""}],"author":"psgfans","twitter_card":"summary_large_image","twitter_misc":{"\u00c9crit par":"psgfans","Dur\u00e9e de lecture estim\u00e9e":"1 minute"},"schema":{"@context":"https:\/\/schema.org","@graph":[{"@type":"Article","@id":"https:\/\/psgfans.fr\/?p=904#article","isPartOf":{"@id":"https:\/\/psgfans.fr\/?p=904"},"author":{"name":"psgfans","@id":"https:\/\/psgfans.fr\/#\/schema\/person\/be2237e7a0237af2f29cb344b3c55e6c"},"headline":"Quand Zlatan Ibrahimovic part \u00e0 la chasse au faucon","datePublished":"2014-01-02T16:05:00+00:00","mainEntityOfPage":{"@id":"https:\/\/psgfans.fr\/?p=904"},"wordCount":255,"commentCount":0,"image":{"@id":"https:\/\/psgfans.fr\/?p=904#primaryimage"},"thumbnailUrl":"https:\/\/blogger.googleusercontent.com\/img\/b\/R29vZ2xl\/AVvXsEi3HvuFZHzroDpAc9x8FPSQZBMs6PbTYG_yypqfFL7HZdK5jO9maVLezdHNK7dwxiH7A8Ju3xan5xDwV4mJva0L5p_GHXm4bqla894c4Kd0I0Zs9UxKuGwvV4NX3FaENHzLqYwF50wvqCI\/s400\/attaquant-psg-zlatan-ibrahimovic-lors-stage-qatar-chasse-faucon-31-decembre-2013-doha-1467463-616x380.jpg","articleSection":["News"],"inLanguage":"fr-FR","potentialAction":[{"@type":"CommentAction","name":"Comment","target":["https:\/\/psgfans.fr\/?p=904#respond"]}]},{"@type":"WebPage","@id":"https:\/\/psgfans.fr\/?p=904","url":"https:\/\/psgfans.fr\/?p=904","name":"Quand Zlatan Ibrahimovic part \u00e0 la chasse au faucon - PSG FANS","isPartOf":{"@id":"https:\/\/psgfans.fr\/#website"},"primaryImageOfPage":{"@id":"https:\/\/psgfans.fr\/?p=904#primaryimage"},"image":{"@id":"https:\/\/psgfans.fr\/?p=904#primaryimage"},"thumbnailUrl":"https:\/\/blogger.googleusercontent.com\/img\/b\/R29vZ2xl\/AVvXsEi3HvuFZHzroDpAc9x8FPSQZBMs6PbTYG_yypqfFL7HZdK5jO9maVLezdHNK7dwxiH7A8Ju3xan5xDwV4mJva0L5p_GHXm4bqla894c4Kd0I0Zs9UxKuGwvV4NX3FaENHzLqYwF50wvqCI\/s400\/attaquant-psg-zlatan-ibrahimovic-lors-stage-qatar-chasse-faucon-31-decembre-2013-doha-1467463-616x380.jpg","datePublished":"2014-01-02T16:05:00+00:00","author":{"@id":"https:\/\/psgfans.fr\/#\/schema\/person\/be2237e7a0237af2f29cb344b3c55e6c"},"breadcrumb":{"@id":"https:\/\/psgfans.fr\/?p=904#breadcrumb"},"inLanguage":"fr-FR","potentialAction":[{"@type":"ReadAction","target":["https:\/\/psgfans.fr\/?p=904"]}]},{"@type":"ImageObject","inLanguage":"fr-FR","@id":"https:\/\/psgfans.fr\/?p=904#primaryimage","url":"https:\/\/blogger.googleusercontent.com\/img\/b\/R29vZ2xl\/AVvXsEi3HvuFZHzroDpAc9x8FPSQZBMs6PbTYG_yypqfFL7HZdK5jO9maVLezdHNK7dwxiH7A8Ju3xan5xDwV4mJva0L5p_GHXm4bqla894c4Kd0I0Zs9UxKuGwvV4NX3FaENHzLqYwF50wvqCI\/s400\/attaquant-psg-zlatan-ibrahimovic-lors-stage-qatar-chasse-faucon-31-decembre-2013-doha-1467463-616x380.jpg","contentUrl":"https:\/\/blogger.googleusercontent.com\/img\/b\/R29vZ2xl\/AVvXsEi3HvuFZHzroDpAc9x8FPSQZBMs6PbTYG_yypqfFL7HZdK5jO9maVLezdHNK7dwxiH7A8Ju3xan5xDwV4mJva0L5p_GHXm4bqla894c4Kd0I0Zs9UxKuGwvV4NX3FaENHzLqYwF50wvqCI\/s400\/attaquant-psg-zlatan-ibrahimovic-lors-stage-qatar-chasse-faucon-31-decembre-2013-doha-1467463-616x380.jpg"},{"@type":"BreadcrumbList","@id":"https:\/\/psgfans.fr\/?p=904#breadcrumb","itemListElement":[{"@type":"ListItem","position":1,"name":"Accueil","item":"https:\/\/psgfans.fr\/"},{"@type":"ListItem","position":2,"name":"Quand Zlatan Ibrahimovic part \u00e0 la chasse au faucon"}]},{"@type":"WebSite","@id":"https:\/\/psgfans.fr\/#website","url":"https:\/\/psgfans.fr\/","name":"PSG FANS","description":"Unit\u00e9, Passion, Victoire : Au C\u0153ur du Paris Saint-Germain!","potentialAction":[{"@type":"SearchAction","target":{"@type":"EntryPoint","urlTemplate":"https:\/\/psgfans.fr\/?s={search_term_string}"},"query-input":{"@type":"PropertyValueSpecification","valueRequired":true,"valueName":"search_term_string"}}],"inLanguage":"fr-FR"},{"@type":"Person","@id":"https:\/\/psgfans.fr\/#\/schema\/person\/be2237e7a0237af2f29cb344b3c55e6c","name":"psgfans","image":{"@type":"ImageObject","inLanguage":"fr-FR","@id":"https:\/\/secure.gravatar.com\/avatar\/?s=96&d=mm&r=g","url":"https:\/\/secure.gravatar.com\/avatar\/?s=96&d=mm&r=g","contentUrl":"https:\/\/secure.gravatar.com\/avatar\/?s=96&d=mm&r=g","caption":"psgfans"},"url":"https:\/\/psgfans.fr\/?author=2"}]}},"_links":{"self":[{"href":"https:\/\/psgfans.fr\/index.php?rest_route=\/wp\/v2\/posts\/904","targetHints":{"allow":["GET"]}}],"collection":[{"href":"https:\/\/psgfans.fr\/index.php?rest_route=\/wp\/v2\/posts"}],"about":[{"href":"https:\/\/psgfans.fr\/index.php?rest_route=\/wp\/v2\/types\/post"}],"author":[{"embeddable":true,"href":"https:\/\/psgfans.fr\/index.php?rest_route=\/wp\/v2\/users\/2"}],"replies":[{"embeddable":true,"href":"https:\/\/psgfans.fr\/index.php?rest_route=%2Fwp%2Fv2%2Fcomments&post=904"}],"version-history":[{"count":0,"href":"https:\/\/psgfans.fr\/index.php?rest_route=\/wp\/v2\/posts\/904\/revisions"}],"wp:attachment":[{"href":"https:\/\/psgfans.fr\/index.php?rest_route=%2Fwp%2Fv2%2Fmedia&parent=904"}],"wp:term":[{"taxonomy":"category","embeddable":true,"href":"https:\/\/psgfans.fr\/index.php?rest_route=%2Fwp%2Fv2%2Fcategories&post=904"},{"taxonomy":"post_tag","embeddable":true,"href":"https:\/\/psgfans.fr\/index.php?rest_route=%2Fwp%2Fv2%2Ftags&post=904"}],"curies":[{"name":"wp","href":"https:\/\/api.w.org\/{rel}","templated":true}]}}