{"id":902,"date":"2014-01-03T19:55:00","date_gmt":"2014-01-03T18:55:00","guid":{"rendered":"https:\/\/psgfans.fr\/?p=902"},"modified":"2014-01-03T19:55:00","modified_gmt":"2014-01-03T18:55:00","slug":"le-psg-sterile-sincline-face-au-real-madrid","status":"publish","type":"post","link":"https:\/\/psgfans.fr\/?p=902","title":{"rendered":"le PSG, st\u00e9rile, s&#39;incline face au Real Madrid"},"content":{"rendered":"<table cellpadding=\"0\" cellspacing=\"0\" style=\"float: right; margin-left: 1em; text-align: right;\">\n<tbody>\n<tr>\n<td style=\"text-align: center;\"><a href=\"https:\/\/blogger.googleusercontent.com\/img\/b\/R29vZ2xl\/AVvXsEjKYFc54Hwlv4FZteW7nBqtaAPSjZIMxsJ8t9ky1xnWuq7ZRIyNjBwv0CRE0n35kFNdAfKL4vvtEIgBc1SGO4CXEgon93Goyhlj4_sOb07BybJcwyJUSRzVqUFzvH0xVphMTHwU-2nY8Gw\/s1600\/tumblr_mysgzboLFW1qfvbbio1_1280.jpg\" style=\"clear: right; margin-bottom: 1em; margin-left: auto; margin-right: auto;\"><img loading=\"lazy\" decoding=\"async\" border=\"0\" src=\"https:\/\/blogger.googleusercontent.com\/img\/b\/R29vZ2xl\/AVvXsEjKYFc54Hwlv4FZteW7nBqtaAPSjZIMxsJ8t9ky1xnWuq7ZRIyNjBwv0CRE0n35kFNdAfKL4vvtEIgBc1SGO4CXEgon93Goyhlj4_sOb07BybJcwyJUSRzVqUFzvH0xVphMTHwU-2nY8Gw\/s1600\/tumblr_mysgzboLFW1qfvbbio1_1280.jpg\" height=\"425\" width=\"640\" \/><\/a><\/td>\n<\/tr>\n<tr>\n<td style=\"text-align: center;\">Zlatan ibrahimovic<\/td>\n<\/tr>\n<\/tbody>\n<\/table>\n<div style=\"background-color: white; margin-bottom: 20px; padding: 0px; vertical-align: top;\"><span style=\"color: #131313; font-family: Arial, Helvetica, sans-serif;\"><span style=\"font-size: 14px; line-height: 21px;\">Malgr\u00e9 une large domination sur l&rsquo;ensemble de la rencontre, le PSG s&rsquo;incline 1-0 face \u00e0 des Madril\u00e8nes plus r\u00e9alistes. Pourtant tout avait bien commenc\u00e9 pour les hommes de Laurent Blanc. Cavani, en verve sur son c\u00f4t\u00e9 droit, mettait le feu \u00e0 la d\u00e9fense espagnole avec de nombreuses incursions dans la surface. Malheureusement pour lui, il manquait syst\u00e9matiquement le dernier geste comme par exemple lors de son duel avec Diego Lopez \u00e0 la 16e minute o\u00f9 il manque de tranchant. Puis comme tout un symbole, le PSG tombe dans le pi\u00e8ge de son ancien entra\u00eeneur Carlo Ancelotti. \u00c0 la 19e minute les Madril\u00e8nes op\u00e8rent une attaque-\u00e9clair \u00e0 une touche de balle. Morata se joue des errances de la d\u00e9fense parisienne et lance Jes\u00e9 dans l&rsquo;intervalle. L&rsquo;attaquant espagnol tout seul dans la surface trompe Sirigu d&rsquo;une frappe crois\u00e9e. Les actions qui suivent se ressemblent, Matuidi, Verratti puis encore Cavani se montrent dangereux mais impr\u00e9cis, ce qui profite au Real tout pr\u00e8s de doubler la marque \u00e0 la 38e sur une frappe de Jos\u00e9 Rodr\u00edguez. Le jeune milieu de terrain se glisse dans la surface entre Alex et Thiago Silva et frappe sur la transversale.&nbsp;<\/span><\/span><br \/><span style=\"color: #131313; font-family: Arial, Helvetica, sans-serif;\"><span style=\"font-size: 14px; line-height: 21px;\">La seconde p\u00e9riode se poursuit sur les m\u00eames bases. Le PSG r\u00e9cup\u00e8re le ballon tr\u00e8s haut, remporte les duels, accule le bloc madril\u00e8ne dans ses 20 derniers m\u00e8tres, mais fr\u00f4le une nouvelle fois la correction. Troubl\u00e9s par un onze remani\u00e9 \u00e0 la mi-temps, les hommes de Laurent Blanc se laissent surprendre par la vitesse de Marcelo qui ne se prive pas pour exploser le c\u00f4t\u00e9 droit parisien. Sur un magnifique d\u00e9bordement \u00e0 la 52e, il se d\u00e9barrasse de Van der Wiel et adresse un centre \u00e0 Benzema. Le Fran\u00e7ais contr\u00f4le de la poitrine et d\u00e9clenche une puissante vol\u00e9e du gauche qui heurte la transversale.&nbsp;<\/span><\/span><br \/><span style=\"color: #131313; font-family: Arial, Helvetica, sans-serif;\"><span style=\"font-size: 14px; line-height: 21px;\">Paris va ensuite tenter le tout pour le tout. Ibrahimovic sort sous les sifflets d&rsquo;un public avide de stars, les jeunes Rabiot, Ogenda et Coman font leur entr\u00e9e pour tenter de renverser le match. \u00c0 l&rsquo;instar de Cavani en premi\u00e8re mi-temps, Coman se cr\u00e9e une belle occasion mais butte sur un excellent Diego L\u00f3pez, puis Rabiot, dont la t\u00eate rase le montant, manque l&rsquo;\u00e9galisation.<\/span><\/span><br \/><span style=\"color: #131313; font-family: Arial, Helvetica, sans-serif;\"><span style=\"font-size: 14px; line-height: 21px;\">Le PSG peut avoir des regrets vis-\u00e0-vis du score, mais doit se satisfaire de la qualit\u00e9 de sa prestation, digne du plus haut niveau europ\u00e9en.&nbsp;<\/span><\/span><br \/><span style=\"color: #131313; font-family: Arial, Helvetica, sans-serif;\"><span style=\"font-size: 14px; line-height: 21px;\"><br \/><\/span><\/span><span style=\"color: #131313; font-family: Arial, Helvetica, sans-serif;\"><span style=\"font-size: 14px; line-height: 21px;\">source: lepoint.fr<\/span><\/span><\/div>\n","protected":false},"excerpt":{"rendered":"<p>Zlatan ibrahimovic Malgr\u00e9 une large domination sur l&rsquo;ensemble de la rencontre, le PSG s&rsquo;incline 1-0 face \u00e0 des Madril\u00e8nes plus r\u00e9alistes. Pourtant tout avait bien commenc\u00e9 pour les hommes de Laurent Blanc. Cavani, en verve sur son c\u00f4t\u00e9 droit, mettait le feu \u00e0 la d\u00e9fense espagnole avec de nombreuses incursions dans la surface. Malheureusement pour [&hellip;]<\/p>\n","protected":false},"author":2,"featured_media":0,"comment_status":"open","ping_status":"open","sticky":false,"template":"","format":"standard","meta":{"footnotes":""},"categories":[3],"tags":[],"class_list":{"0":"post-902","1":"post","2":"type-post","3":"status-publish","4":"format-standard","6":"category-news"},"yoast_head":"<!-- This site is optimized with the Yoast SEO plugin v27.4 - https:\/\/yoast.com\/product\/yoast-seo-wordpress\/ -->\n<title>le PSG, st\u00e9rile, s&#039;incline face au Real Madrid - PSG FANS<\/title>\n<meta name=\"robots\" content=\"index, follow, max-snippet:-1, max-image-preview:large, max-video-preview:-1\" \/>\n<link rel=\"canonical\" href=\"https:\/\/psgfans.fr\/?p=902\" \/>\n<meta property=\"og:locale\" content=\"fr_FR\" \/>\n<meta property=\"og:type\" content=\"article\" \/>\n<meta property=\"og:title\" content=\"le PSG, st\u00e9rile, s&#039;incline face au Real Madrid - PSG FANS\" \/>\n<meta property=\"og:description\" content=\"Zlatan ibrahimovic Malgr\u00e9 une large domination sur l&rsquo;ensemble de la rencontre, le PSG s&rsquo;incline 1-0 face \u00e0 des Madril\u00e8nes plus r\u00e9alistes. Pourtant tout avait bien commenc\u00e9 pour les hommes de Laurent Blanc. Cavani, en verve sur son c\u00f4t\u00e9 droit, mettait le feu \u00e0 la d\u00e9fense espagnole avec de nombreuses incursions dans la surface. Malheureusement pour [&hellip;]\" \/>\n<meta property=\"og:url\" content=\"https:\/\/psgfans.fr\/?p=902\" \/>\n<meta property=\"og:site_name\" content=\"PSG FANS\" \/>\n<meta property=\"article:published_time\" content=\"2014-01-03T18:55:00+00:00\" \/>\n<meta property=\"og:image\" content=\"https:\/\/blogger.googleusercontent.com\/img\/b\/R29vZ2xl\/AVvXsEjKYFc54Hwlv4FZteW7nBqtaAPSjZIMxsJ8t9ky1xnWuq7ZRIyNjBwv0CRE0n35kFNdAfKL4vvtEIgBc1SGO4CXEgon93Goyhlj4_sOb07BybJcwyJUSRzVqUFzvH0xVphMTHwU-2nY8Gw\/s1600\/tumblr_mysgzboLFW1qfvbbio1_1280.jpg\" \/>\n<meta name=\"author\" content=\"psgfans\" \/>\n<meta name=\"twitter:card\" content=\"summary_large_image\" \/>\n<meta name=\"twitter:label1\" content=\"\u00c9crit par\" \/>\n\t<meta name=\"twitter:data1\" content=\"psgfans\" \/>\n\t<meta name=\"twitter:label2\" content=\"Dur\u00e9e de lecture estim\u00e9e\" \/>\n\t<meta name=\"twitter:data2\" content=\"2 minutes\" \/>\n<script type=\"application\/ld+json\" class=\"yoast-schema-graph\">{\"@context\":\"https:\\\/\\\/schema.org\",\"@graph\":[{\"@type\":\"Article\",\"@id\":\"https:\\\/\\\/psgfans.fr\\\/?p=902#article\",\"isPartOf\":{\"@id\":\"https:\\\/\\\/psgfans.fr\\\/?p=902\"},\"author\":{\"name\":\"psgfans\",\"@id\":\"https:\\\/\\\/psgfans.fr\\\/#\\\/schema\\\/person\\\/be2237e7a0237af2f29cb344b3c55e6c\"},\"headline\":\"le PSG, st\u00e9rile, s&#39;incline face au Real Madrid\",\"datePublished\":\"2014-01-03T18:55:00+00:00\",\"mainEntityOfPage\":{\"@id\":\"https:\\\/\\\/psgfans.fr\\\/?p=902\"},\"wordCount\":438,\"commentCount\":0,\"image\":{\"@id\":\"https:\\\/\\\/psgfans.fr\\\/?p=902#primaryimage\"},\"thumbnailUrl\":\"https:\\\/\\\/blogger.googleusercontent.com\\\/img\\\/b\\\/R29vZ2xl\\\/AVvXsEjKYFc54Hwlv4FZteW7nBqtaAPSjZIMxsJ8t9ky1xnWuq7ZRIyNjBwv0CRE0n35kFNdAfKL4vvtEIgBc1SGO4CXEgon93Goyhlj4_sOb07BybJcwyJUSRzVqUFzvH0xVphMTHwU-2nY8Gw\\\/s1600\\\/tumblr_mysgzboLFW1qfvbbio1_1280.jpg\",\"articleSection\":[\"News\"],\"inLanguage\":\"fr-FR\",\"potentialAction\":[{\"@type\":\"CommentAction\",\"name\":\"Comment\",\"target\":[\"https:\\\/\\\/psgfans.fr\\\/?p=902#respond\"]}]},{\"@type\":\"WebPage\",\"@id\":\"https:\\\/\\\/psgfans.fr\\\/?p=902\",\"url\":\"https:\\\/\\\/psgfans.fr\\\/?p=902\",\"name\":\"le PSG, st\u00e9rile, s&#39;incline face au Real Madrid - PSG FANS\",\"isPartOf\":{\"@id\":\"https:\\\/\\\/psgfans.fr\\\/#website\"},\"primaryImageOfPage\":{\"@id\":\"https:\\\/\\\/psgfans.fr\\\/?p=902#primaryimage\"},\"image\":{\"@id\":\"https:\\\/\\\/psgfans.fr\\\/?p=902#primaryimage\"},\"thumbnailUrl\":\"https:\\\/\\\/blogger.googleusercontent.com\\\/img\\\/b\\\/R29vZ2xl\\\/AVvXsEjKYFc54Hwlv4FZteW7nBqtaAPSjZIMxsJ8t9ky1xnWuq7ZRIyNjBwv0CRE0n35kFNdAfKL4vvtEIgBc1SGO4CXEgon93Goyhlj4_sOb07BybJcwyJUSRzVqUFzvH0xVphMTHwU-2nY8Gw\\\/s1600\\\/tumblr_mysgzboLFW1qfvbbio1_1280.jpg\",\"datePublished\":\"2014-01-03T18:55:00+00:00\",\"author\":{\"@id\":\"https:\\\/\\\/psgfans.fr\\\/#\\\/schema\\\/person\\\/be2237e7a0237af2f29cb344b3c55e6c\"},\"breadcrumb\":{\"@id\":\"https:\\\/\\\/psgfans.fr\\\/?p=902#breadcrumb\"},\"inLanguage\":\"fr-FR\",\"potentialAction\":[{\"@type\":\"ReadAction\",\"target\":[\"https:\\\/\\\/psgfans.fr\\\/?p=902\"]}]},{\"@type\":\"ImageObject\",\"inLanguage\":\"fr-FR\",\"@id\":\"https:\\\/\\\/psgfans.fr\\\/?p=902#primaryimage\",\"url\":\"https:\\\/\\\/blogger.googleusercontent.com\\\/img\\\/b\\\/R29vZ2xl\\\/AVvXsEjKYFc54Hwlv4FZteW7nBqtaAPSjZIMxsJ8t9ky1xnWuq7ZRIyNjBwv0CRE0n35kFNdAfKL4vvtEIgBc1SGO4CXEgon93Goyhlj4_sOb07BybJcwyJUSRzVqUFzvH0xVphMTHwU-2nY8Gw\\\/s1600\\\/tumblr_mysgzboLFW1qfvbbio1_1280.jpg\",\"contentUrl\":\"https:\\\/\\\/blogger.googleusercontent.com\\\/img\\\/b\\\/R29vZ2xl\\\/AVvXsEjKYFc54Hwlv4FZteW7nBqtaAPSjZIMxsJ8t9ky1xnWuq7ZRIyNjBwv0CRE0n35kFNdAfKL4vvtEIgBc1SGO4CXEgon93Goyhlj4_sOb07BybJcwyJUSRzVqUFzvH0xVphMTHwU-2nY8Gw\\\/s1600\\\/tumblr_mysgzboLFW1qfvbbio1_1280.jpg\"},{\"@type\":\"BreadcrumbList\",\"@id\":\"https:\\\/\\\/psgfans.fr\\\/?p=902#breadcrumb\",\"itemListElement\":[{\"@type\":\"ListItem\",\"position\":1,\"name\":\"Accueil\",\"item\":\"https:\\\/\\\/psgfans.fr\\\/\"},{\"@type\":\"ListItem\",\"position\":2,\"name\":\"le PSG, st\u00e9rile, s&#39;incline face au Real Madrid\"}]},{\"@type\":\"WebSite\",\"@id\":\"https:\\\/\\\/psgfans.fr\\\/#website\",\"url\":\"https:\\\/\\\/psgfans.fr\\\/\",\"name\":\"PSG FANS\",\"description\":\"Unit\u00e9, Passion, Victoire : Au C\u0153ur du Paris Saint-Germain!\",\"potentialAction\":[{\"@type\":\"SearchAction\",\"target\":{\"@type\":\"EntryPoint\",\"urlTemplate\":\"https:\\\/\\\/psgfans.fr\\\/?s={search_term_string}\"},\"query-input\":{\"@type\":\"PropertyValueSpecification\",\"valueRequired\":true,\"valueName\":\"search_term_string\"}}],\"inLanguage\":\"fr-FR\"},{\"@type\":\"Person\",\"@id\":\"https:\\\/\\\/psgfans.fr\\\/#\\\/schema\\\/person\\\/be2237e7a0237af2f29cb344b3c55e6c\",\"name\":\"psgfans\",\"image\":{\"@type\":\"ImageObject\",\"inLanguage\":\"fr-FR\",\"@id\":\"https:\\\/\\\/secure.gravatar.com\\\/avatar\\\/?s=96&d=mm&r=g\",\"url\":\"https:\\\/\\\/secure.gravatar.com\\\/avatar\\\/?s=96&d=mm&r=g\",\"contentUrl\":\"https:\\\/\\\/secure.gravatar.com\\\/avatar\\\/?s=96&d=mm&r=g\",\"caption\":\"psgfans\"},\"url\":\"https:\\\/\\\/psgfans.fr\\\/?author=2\"}]}<\/script>\n<!-- \/ Yoast SEO plugin. -->","yoast_head_json":{"title":"le PSG, st\u00e9rile, s&#39;incline face au Real Madrid - PSG FANS","robots":{"index":"index","follow":"follow","max-snippet":"max-snippet:-1","max-image-preview":"max-image-preview:large","max-video-preview":"max-video-preview:-1"},"canonical":"https:\/\/psgfans.fr\/?p=902","og_locale":"fr_FR","og_type":"article","og_title":"le PSG, st\u00e9rile, s&#39;incline face au Real Madrid - PSG FANS","og_description":"Zlatan ibrahimovic Malgr\u00e9 une large domination sur l&rsquo;ensemble de la rencontre, le PSG s&rsquo;incline 1-0 face \u00e0 des Madril\u00e8nes plus r\u00e9alistes. Pourtant tout avait bien commenc\u00e9 pour les hommes de Laurent Blanc. Cavani, en verve sur son c\u00f4t\u00e9 droit, mettait le feu \u00e0 la d\u00e9fense espagnole avec de nombreuses incursions dans la surface. Malheureusement pour [&hellip;]","og_url":"https:\/\/psgfans.fr\/?p=902","og_site_name":"PSG FANS","article_published_time":"2014-01-03T18:55:00+00:00","og_image":[{"url":"https:\/\/blogger.googleusercontent.com\/img\/b\/R29vZ2xl\/AVvXsEjKYFc54Hwlv4FZteW7nBqtaAPSjZIMxsJ8t9ky1xnWuq7ZRIyNjBwv0CRE0n35kFNdAfKL4vvtEIgBc1SGO4CXEgon93Goyhlj4_sOb07BybJcwyJUSRzVqUFzvH0xVphMTHwU-2nY8Gw\/s1600\/tumblr_mysgzboLFW1qfvbbio1_1280.jpg","type":"","width":"","height":""}],"author":"psgfans","twitter_card":"summary_large_image","twitter_misc":{"\u00c9crit par":"psgfans","Dur\u00e9e de lecture estim\u00e9e":"2 minutes"},"schema":{"@context":"https:\/\/schema.org","@graph":[{"@type":"Article","@id":"https:\/\/psgfans.fr\/?p=902#article","isPartOf":{"@id":"https:\/\/psgfans.fr\/?p=902"},"author":{"name":"psgfans","@id":"https:\/\/psgfans.fr\/#\/schema\/person\/be2237e7a0237af2f29cb344b3c55e6c"},"headline":"le PSG, st\u00e9rile, s&#39;incline face au Real Madrid","datePublished":"2014-01-03T18:55:00+00:00","mainEntityOfPage":{"@id":"https:\/\/psgfans.fr\/?p=902"},"wordCount":438,"commentCount":0,"image":{"@id":"https:\/\/psgfans.fr\/?p=902#primaryimage"},"thumbnailUrl":"https:\/\/blogger.googleusercontent.com\/img\/b\/R29vZ2xl\/AVvXsEjKYFc54Hwlv4FZteW7nBqtaAPSjZIMxsJ8t9ky1xnWuq7ZRIyNjBwv0CRE0n35kFNdAfKL4vvtEIgBc1SGO4CXEgon93Goyhlj4_sOb07BybJcwyJUSRzVqUFzvH0xVphMTHwU-2nY8Gw\/s1600\/tumblr_mysgzboLFW1qfvbbio1_1280.jpg","articleSection":["News"],"inLanguage":"fr-FR","potentialAction":[{"@type":"CommentAction","name":"Comment","target":["https:\/\/psgfans.fr\/?p=902#respond"]}]},{"@type":"WebPage","@id":"https:\/\/psgfans.fr\/?p=902","url":"https:\/\/psgfans.fr\/?p=902","name":"le PSG, st\u00e9rile, s&#39;incline face au Real Madrid - PSG FANS","isPartOf":{"@id":"https:\/\/psgfans.fr\/#website"},"primaryImageOfPage":{"@id":"https:\/\/psgfans.fr\/?p=902#primaryimage"},"image":{"@id":"https:\/\/psgfans.fr\/?p=902#primaryimage"},"thumbnailUrl":"https:\/\/blogger.googleusercontent.com\/img\/b\/R29vZ2xl\/AVvXsEjKYFc54Hwlv4FZteW7nBqtaAPSjZIMxsJ8t9ky1xnWuq7ZRIyNjBwv0CRE0n35kFNdAfKL4vvtEIgBc1SGO4CXEgon93Goyhlj4_sOb07BybJcwyJUSRzVqUFzvH0xVphMTHwU-2nY8Gw\/s1600\/tumblr_mysgzboLFW1qfvbbio1_1280.jpg","datePublished":"2014-01-03T18:55:00+00:00","author":{"@id":"https:\/\/psgfans.fr\/#\/schema\/person\/be2237e7a0237af2f29cb344b3c55e6c"},"breadcrumb":{"@id":"https:\/\/psgfans.fr\/?p=902#breadcrumb"},"inLanguage":"fr-FR","potentialAction":[{"@type":"ReadAction","target":["https:\/\/psgfans.fr\/?p=902"]}]},{"@type":"ImageObject","inLanguage":"fr-FR","@id":"https:\/\/psgfans.fr\/?p=902#primaryimage","url":"https:\/\/blogger.googleusercontent.com\/img\/b\/R29vZ2xl\/AVvXsEjKYFc54Hwlv4FZteW7nBqtaAPSjZIMxsJ8t9ky1xnWuq7ZRIyNjBwv0CRE0n35kFNdAfKL4vvtEIgBc1SGO4CXEgon93Goyhlj4_sOb07BybJcwyJUSRzVqUFzvH0xVphMTHwU-2nY8Gw\/s1600\/tumblr_mysgzboLFW1qfvbbio1_1280.jpg","contentUrl":"https:\/\/blogger.googleusercontent.com\/img\/b\/R29vZ2xl\/AVvXsEjKYFc54Hwlv4FZteW7nBqtaAPSjZIMxsJ8t9ky1xnWuq7ZRIyNjBwv0CRE0n35kFNdAfKL4vvtEIgBc1SGO4CXEgon93Goyhlj4_sOb07BybJcwyJUSRzVqUFzvH0xVphMTHwU-2nY8Gw\/s1600\/tumblr_mysgzboLFW1qfvbbio1_1280.jpg"},{"@type":"BreadcrumbList","@id":"https:\/\/psgfans.fr\/?p=902#breadcrumb","itemListElement":[{"@type":"ListItem","position":1,"name":"Accueil","item":"https:\/\/psgfans.fr\/"},{"@type":"ListItem","position":2,"name":"le PSG, st\u00e9rile, s&#39;incline face au Real Madrid"}]},{"@type":"WebSite","@id":"https:\/\/psgfans.fr\/#website","url":"https:\/\/psgfans.fr\/","name":"PSG FANS","description":"Unit\u00e9, Passion, Victoire : Au C\u0153ur du Paris Saint-Germain!","potentialAction":[{"@type":"SearchAction","target":{"@type":"EntryPoint","urlTemplate":"https:\/\/psgfans.fr\/?s={search_term_string}"},"query-input":{"@type":"PropertyValueSpecification","valueRequired":true,"valueName":"search_term_string"}}],"inLanguage":"fr-FR"},{"@type":"Person","@id":"https:\/\/psgfans.fr\/#\/schema\/person\/be2237e7a0237af2f29cb344b3c55e6c","name":"psgfans","image":{"@type":"ImageObject","inLanguage":"fr-FR","@id":"https:\/\/secure.gravatar.com\/avatar\/?s=96&d=mm&r=g","url":"https:\/\/secure.gravatar.com\/avatar\/?s=96&d=mm&r=g","contentUrl":"https:\/\/secure.gravatar.com\/avatar\/?s=96&d=mm&r=g","caption":"psgfans"},"url":"https:\/\/psgfans.fr\/?author=2"}]}},"_links":{"self":[{"href":"https:\/\/psgfans.fr\/index.php?rest_route=\/wp\/v2\/posts\/902","targetHints":{"allow":["GET"]}}],"collection":[{"href":"https:\/\/psgfans.fr\/index.php?rest_route=\/wp\/v2\/posts"}],"about":[{"href":"https:\/\/psgfans.fr\/index.php?rest_route=\/wp\/v2\/types\/post"}],"author":[{"embeddable":true,"href":"https:\/\/psgfans.fr\/index.php?rest_route=\/wp\/v2\/users\/2"}],"replies":[{"embeddable":true,"href":"https:\/\/psgfans.fr\/index.php?rest_route=%2Fwp%2Fv2%2Fcomments&post=902"}],"version-history":[{"count":0,"href":"https:\/\/psgfans.fr\/index.php?rest_route=\/wp\/v2\/posts\/902\/revisions"}],"wp:attachment":[{"href":"https:\/\/psgfans.fr\/index.php?rest_route=%2Fwp%2Fv2%2Fmedia&parent=902"}],"wp:term":[{"taxonomy":"category","embeddable":true,"href":"https:\/\/psgfans.fr\/index.php?rest_route=%2Fwp%2Fv2%2Fcategories&post=902"},{"taxonomy":"post_tag","embeddable":true,"href":"https:\/\/psgfans.fr\/index.php?rest_route=%2Fwp%2Fv2%2Ftags&post=902"}],"curies":[{"name":"wp","href":"https:\/\/api.w.org\/{rel}","templated":true}]}}