{"id":899,"date":"2014-01-08T01:42:00","date_gmt":"2014-01-08T00:42:00","guid":{"rendered":"https:\/\/psgfans.fr\/?p=899"},"modified":"2014-01-08T01:42:00","modified_gmt":"2014-01-08T00:42:00","slug":"pogba-la-priorite-du-psg","status":"publish","type":"post","link":"https:\/\/psgfans.fr\/?p=899","title":{"rendered":"Pogba, la priorit\u00e9 du PSG"},"content":{"rendered":"<div style=\"background-color: white; border: 0px; margin: 0px; padding: 0px; vertical-align: baseline;\">\n<div style=\"clear: both; text-align: center;\"><a href=\"https:\/\/blogger.googleusercontent.com\/img\/b\/R29vZ2xl\/AVvXsEhHgqDsimqMMCZpirHEnGDuYuCvaJ4nEVl0B6sxrxkwtnTq9eFojEyARFY70hdnsbe4VbkXrbghZf552ZfQIdRyIsEktgYA6OqXmrWa_TbtOhgmWu5LX3ZseoQf_o_f2iDHepFX0EkBg_c\/s1600\/Paul-Pogba-Cr%C3%A9dits-Onze-Mondial.jpg\" style=\"margin-left: 1em; margin-right: 1em;\"><img loading=\"lazy\" decoding=\"async\" border=\"0\" src=\"https:\/\/blogger.googleusercontent.com\/img\/b\/R29vZ2xl\/AVvXsEhHgqDsimqMMCZpirHEnGDuYuCvaJ4nEVl0B6sxrxkwtnTq9eFojEyARFY70hdnsbe4VbkXrbghZf552ZfQIdRyIsEktgYA6OqXmrWa_TbtOhgmWu5LX3ZseoQf_o_f2iDHepFX0EkBg_c\/s1600\/Paul-Pogba-Cr%C3%A9dits-Onze-Mondial.jpg\" height=\"228\" width=\"400\" \/><\/a><\/div>\n<div style=\"border: 0px; margin-bottom: 1.125em; margin-top: 1.125em; padding: 0px; vertical-align: baseline;\"><span style=\"color: #222222; font-family: Arial; font-size: 14px; line-height: 21px;\">Il est jeune, 20 ans \u00e0 peine, 21 en mars prochain. A prouv\u00e9 sa valeur sur le pr\u00e9 au sein d\u2019un des plus grands clubs au monde. N\u2019a pas de casseroles aux fesses ternissant son image. Cerise sur le g\u00e2teau, il est de nationalit\u00e9 fran\u00e7aise. A bien observer le profil de Paul Pogba, on se dit que le gar\u00e7on a tout pour plaire au PSG. Logique, donc, de savoir le club de la capitale sous le charme du milieu international tricolore. Et d\u2019apprendre la volont\u00e9 parisienne de le recruter l\u2019\u00e9t\u00e9 prochain.<\/span><\/div>\n<div style=\"border: 0px; margin-bottom: 1.125em; margin-top: 1.125em; padding: 0px; vertical-align: baseline;\"><span style=\"color: #222222; font-family: Arial;\"><span style=\"font-size: 14px; line-height: 21px;\">En fin de contrat en juin 2016, Pogba n\u2019a toujours pas prolong\u00e9 avec la Juventus. A l\u2019heure actuelle, aucun rendez-vous n\u2019est pr\u00e9vu entre les deux parties et selon une source proche du club italien, \u00ab l\u2019hypoth\u00e8se de se voir avec Pogba avant la Coupe du monde au Br\u00e9sil est faible \u00bb. Une situation qui n\u2019emp\u00eache pas les dirigeants turinois d\u2019esp\u00e9rer : \u00ab L\u2019objectif est clair : le prolonger quoi qu\u2019il arrive \u00bb. Le joueur, lui, ne souhaite pas entendre parler de son futur pour l\u2019instant. Ses objectifs du moment ? Sportifs et \u00e0 court terme, le titre de Serie A et la finale de la Ligue Europa, disput\u00e9e \u00e0\u2026 Turin, puis r\u00e9aliser un beau Mondial avec les Bleus.a<\/span><\/span><\/div>\n<div style=\"border: 0px; margin-bottom: 1.125em; margin-top: 1.125em; padding: 0px; vertical-align: baseline;\"><span style=\"color: #222222; font-family: Arial;\"><span style=\"font-size: 14px; line-height: 21px;\">Prolongation ou d\u00e9part, l\u2019international fran\u00e7ais ne veut pas voir son avenir troubler une fin de saison qui s\u2019annonce ambitieuse. Sa situation se d\u00e9cantera apr\u00e8s la Coupe du monde. Avec quelques clubs pour lui faire les yeux doux, notamment le Real Madrid et surtout le PSG. Son nom fait saliver Nasser Al Khelaifi, le pr\u00e9sident parisien, conscient que son profil cadre parfaitement au type de joueurs que souhaite enr\u00f4ler le club. \u00ab Paul est l\u2019un des objectifs du club en juin, confirme une source proche du club. Il est tr\u00e8s appr\u00e9ci\u00e9 en haut lieu et surtout par Nasser. Son image colle directement aux ambitions du club. C\u2019est-\u00e0-dire un joueur de classe mondiale, jeune et jouissant d\u2019une tr\u00e8s bonne image. En plus il est fran\u00e7ais, c\u2019est parfait. \u00bb<\/span><\/span><\/div>\n<div style=\"border: 0px; margin-bottom: 1.125em; margin-top: 1.125em; padding: 0px; vertical-align: baseline;\"><span style=\"color: #222222; font-family: Arial;\"><span style=\"font-size: 14px; line-height: 21px;\">Selon nos informations, le PSG a m\u00eame sond\u00e9 l\u2019entourage de Pogba, et notamment son agent Mino Raiola \u2013 qui poss\u00e8de d\u00e9j\u00e0 dans son portefeuille les Parisiens Ibrahimovic, Maxwell et Van der Wiel \u2013, sur la possibilit\u00e9 d\u2019un transfert en juin. Une premi\u00e8re approche surtout charg\u00e9e de faire part de l\u2019int\u00e9r\u00eat concret du champion de France. Mais aucun contact n\u2019a encore \u00e9t\u00e9 nou\u00e9 avec la Juventus Turin au sujet de ce dossier. Jusqu\u2019\u00e0 quand ? Les prochains mois nous en diront plus.<\/span><\/span><\/div>\n<div style=\"border: 0px; margin-bottom: 1.125em; margin-top: 1.125em; padding: 0px; vertical-align: baseline;\"><span style=\"color: #222222; font-family: Arial;\"><span style=\"font-size: 14px; line-height: 21px;\">source :&nbsp;bfmtv.com<\/span><\/span><\/div>\n<\/div>\n","protected":false},"excerpt":{"rendered":"<p>Il est jeune, 20 ans \u00e0 peine, 21 en mars prochain. A prouv\u00e9 sa valeur sur le pr\u00e9 au sein d\u2019un des plus grands clubs au monde. N\u2019a pas de casseroles aux fesses ternissant son image. Cerise sur le g\u00e2teau, il est de nationalit\u00e9 fran\u00e7aise. A bien observer le profil de Paul Pogba, on se [&hellip;]<\/p>\n","protected":false},"author":2,"featured_media":0,"comment_status":"open","ping_status":"open","sticky":false,"template":"","format":"standard","meta":{"footnotes":""},"categories":[3],"tags":[],"class_list":{"0":"post-899","1":"post","2":"type-post","3":"status-publish","4":"format-standard","6":"category-news"},"yoast_head":"<!-- This site is optimized with the Yoast SEO plugin v27.4 - https:\/\/yoast.com\/product\/yoast-seo-wordpress\/ -->\n<title>Pogba, la priorit\u00e9 du PSG - PSG FANS<\/title>\n<meta name=\"robots\" content=\"index, follow, max-snippet:-1, max-image-preview:large, max-video-preview:-1\" \/>\n<link rel=\"canonical\" href=\"https:\/\/psgfans.fr\/?p=899\" \/>\n<meta property=\"og:locale\" content=\"fr_FR\" \/>\n<meta property=\"og:type\" content=\"article\" \/>\n<meta property=\"og:title\" content=\"Pogba, la priorit\u00e9 du PSG - PSG FANS\" \/>\n<meta property=\"og:description\" content=\"Il est jeune, 20 ans \u00e0 peine, 21 en mars prochain. A prouv\u00e9 sa valeur sur le pr\u00e9 au sein d\u2019un des plus grands clubs au monde. N\u2019a pas de casseroles aux fesses ternissant son image. Cerise sur le g\u00e2teau, il est de nationalit\u00e9 fran\u00e7aise. A bien observer le profil de Paul Pogba, on se [&hellip;]\" \/>\n<meta property=\"og:url\" content=\"https:\/\/psgfans.fr\/?p=899\" \/>\n<meta property=\"og:site_name\" content=\"PSG FANS\" \/>\n<meta property=\"article:published_time\" content=\"2014-01-08T00:42:00+00:00\" \/>\n<meta property=\"og:image\" content=\"https:\/\/blogger.googleusercontent.com\/img\/b\/R29vZ2xl\/AVvXsEhHgqDsimqMMCZpirHEnGDuYuCvaJ4nEVl0B6sxrxkwtnTq9eFojEyARFY70hdnsbe4VbkXrbghZf552ZfQIdRyIsEktgYA6OqXmrWa_TbtOhgmWu5LX3ZseoQf_o_f2iDHepFX0EkBg_c\/s1600\/Paul-Pogba-Cr%C3%A9dits-Onze-Mondial.jpg\" \/>\n<meta name=\"author\" content=\"psgfans\" \/>\n<meta name=\"twitter:card\" content=\"summary_large_image\" \/>\n<meta name=\"twitter:label1\" content=\"\u00c9crit par\" \/>\n\t<meta name=\"twitter:data1\" content=\"psgfans\" \/>\n\t<meta name=\"twitter:label2\" content=\"Dur\u00e9e de lecture estim\u00e9e\" \/>\n\t<meta name=\"twitter:data2\" content=\"2 minutes\" \/>\n<script type=\"application\/ld+json\" class=\"yoast-schema-graph\">{\"@context\":\"https:\\\/\\\/schema.org\",\"@graph\":[{\"@type\":\"Article\",\"@id\":\"https:\\\/\\\/psgfans.fr\\\/?p=899#article\",\"isPartOf\":{\"@id\":\"https:\\\/\\\/psgfans.fr\\\/?p=899\"},\"author\":{\"name\":\"psgfans\",\"@id\":\"https:\\\/\\\/psgfans.fr\\\/#\\\/schema\\\/person\\\/be2237e7a0237af2f29cb344b3c55e6c\"},\"headline\":\"Pogba, la priorit\u00e9 du PSG\",\"datePublished\":\"2014-01-08T00:42:00+00:00\",\"mainEntityOfPage\":{\"@id\":\"https:\\\/\\\/psgfans.fr\\\/?p=899\"},\"wordCount\":459,\"commentCount\":0,\"image\":{\"@id\":\"https:\\\/\\\/psgfans.fr\\\/?p=899#primaryimage\"},\"thumbnailUrl\":\"https:\\\/\\\/blogger.googleusercontent.com\\\/img\\\/b\\\/R29vZ2xl\\\/AVvXsEhHgqDsimqMMCZpirHEnGDuYuCvaJ4nEVl0B6sxrxkwtnTq9eFojEyARFY70hdnsbe4VbkXrbghZf552ZfQIdRyIsEktgYA6OqXmrWa_TbtOhgmWu5LX3ZseoQf_o_f2iDHepFX0EkBg_c\\\/s1600\\\/Paul-Pogba-Cr%C3%A9dits-Onze-Mondial.jpg\",\"articleSection\":[\"News\"],\"inLanguage\":\"fr-FR\",\"potentialAction\":[{\"@type\":\"CommentAction\",\"name\":\"Comment\",\"target\":[\"https:\\\/\\\/psgfans.fr\\\/?p=899#respond\"]}]},{\"@type\":\"WebPage\",\"@id\":\"https:\\\/\\\/psgfans.fr\\\/?p=899\",\"url\":\"https:\\\/\\\/psgfans.fr\\\/?p=899\",\"name\":\"Pogba, la priorit\u00e9 du PSG - PSG FANS\",\"isPartOf\":{\"@id\":\"https:\\\/\\\/psgfans.fr\\\/#website\"},\"primaryImageOfPage\":{\"@id\":\"https:\\\/\\\/psgfans.fr\\\/?p=899#primaryimage\"},\"image\":{\"@id\":\"https:\\\/\\\/psgfans.fr\\\/?p=899#primaryimage\"},\"thumbnailUrl\":\"https:\\\/\\\/blogger.googleusercontent.com\\\/img\\\/b\\\/R29vZ2xl\\\/AVvXsEhHgqDsimqMMCZpirHEnGDuYuCvaJ4nEVl0B6sxrxkwtnTq9eFojEyARFY70hdnsbe4VbkXrbghZf552ZfQIdRyIsEktgYA6OqXmrWa_TbtOhgmWu5LX3ZseoQf_o_f2iDHepFX0EkBg_c\\\/s1600\\\/Paul-Pogba-Cr%C3%A9dits-Onze-Mondial.jpg\",\"datePublished\":\"2014-01-08T00:42:00+00:00\",\"author\":{\"@id\":\"https:\\\/\\\/psgfans.fr\\\/#\\\/schema\\\/person\\\/be2237e7a0237af2f29cb344b3c55e6c\"},\"breadcrumb\":{\"@id\":\"https:\\\/\\\/psgfans.fr\\\/?p=899#breadcrumb\"},\"inLanguage\":\"fr-FR\",\"potentialAction\":[{\"@type\":\"ReadAction\",\"target\":[\"https:\\\/\\\/psgfans.fr\\\/?p=899\"]}]},{\"@type\":\"ImageObject\",\"inLanguage\":\"fr-FR\",\"@id\":\"https:\\\/\\\/psgfans.fr\\\/?p=899#primaryimage\",\"url\":\"https:\\\/\\\/blogger.googleusercontent.com\\\/img\\\/b\\\/R29vZ2xl\\\/AVvXsEhHgqDsimqMMCZpirHEnGDuYuCvaJ4nEVl0B6sxrxkwtnTq9eFojEyARFY70hdnsbe4VbkXrbghZf552ZfQIdRyIsEktgYA6OqXmrWa_TbtOhgmWu5LX3ZseoQf_o_f2iDHepFX0EkBg_c\\\/s1600\\\/Paul-Pogba-Cr%C3%A9dits-Onze-Mondial.jpg\",\"contentUrl\":\"https:\\\/\\\/blogger.googleusercontent.com\\\/img\\\/b\\\/R29vZ2xl\\\/AVvXsEhHgqDsimqMMCZpirHEnGDuYuCvaJ4nEVl0B6sxrxkwtnTq9eFojEyARFY70hdnsbe4VbkXrbghZf552ZfQIdRyIsEktgYA6OqXmrWa_TbtOhgmWu5LX3ZseoQf_o_f2iDHepFX0EkBg_c\\\/s1600\\\/Paul-Pogba-Cr%C3%A9dits-Onze-Mondial.jpg\"},{\"@type\":\"BreadcrumbList\",\"@id\":\"https:\\\/\\\/psgfans.fr\\\/?p=899#breadcrumb\",\"itemListElement\":[{\"@type\":\"ListItem\",\"position\":1,\"name\":\"Accueil\",\"item\":\"https:\\\/\\\/psgfans.fr\\\/\"},{\"@type\":\"ListItem\",\"position\":2,\"name\":\"Pogba, la priorit\u00e9 du PSG\"}]},{\"@type\":\"WebSite\",\"@id\":\"https:\\\/\\\/psgfans.fr\\\/#website\",\"url\":\"https:\\\/\\\/psgfans.fr\\\/\",\"name\":\"PSG FANS\",\"description\":\"Unit\u00e9, Passion, Victoire : Au C\u0153ur du Paris Saint-Germain!\",\"potentialAction\":[{\"@type\":\"SearchAction\",\"target\":{\"@type\":\"EntryPoint\",\"urlTemplate\":\"https:\\\/\\\/psgfans.fr\\\/?s={search_term_string}\"},\"query-input\":{\"@type\":\"PropertyValueSpecification\",\"valueRequired\":true,\"valueName\":\"search_term_string\"}}],\"inLanguage\":\"fr-FR\"},{\"@type\":\"Person\",\"@id\":\"https:\\\/\\\/psgfans.fr\\\/#\\\/schema\\\/person\\\/be2237e7a0237af2f29cb344b3c55e6c\",\"name\":\"psgfans\",\"image\":{\"@type\":\"ImageObject\",\"inLanguage\":\"fr-FR\",\"@id\":\"https:\\\/\\\/secure.gravatar.com\\\/avatar\\\/?s=96&d=mm&r=g\",\"url\":\"https:\\\/\\\/secure.gravatar.com\\\/avatar\\\/?s=96&d=mm&r=g\",\"contentUrl\":\"https:\\\/\\\/secure.gravatar.com\\\/avatar\\\/?s=96&d=mm&r=g\",\"caption\":\"psgfans\"},\"url\":\"https:\\\/\\\/psgfans.fr\\\/?author=2\"}]}<\/script>\n<!-- \/ Yoast SEO plugin. -->","yoast_head_json":{"title":"Pogba, la priorit\u00e9 du PSG - PSG FANS","robots":{"index":"index","follow":"follow","max-snippet":"max-snippet:-1","max-image-preview":"max-image-preview:large","max-video-preview":"max-video-preview:-1"},"canonical":"https:\/\/psgfans.fr\/?p=899","og_locale":"fr_FR","og_type":"article","og_title":"Pogba, la priorit\u00e9 du PSG - PSG FANS","og_description":"Il est jeune, 20 ans \u00e0 peine, 21 en mars prochain. A prouv\u00e9 sa valeur sur le pr\u00e9 au sein d\u2019un des plus grands clubs au monde. N\u2019a pas de casseroles aux fesses ternissant son image. Cerise sur le g\u00e2teau, il est de nationalit\u00e9 fran\u00e7aise. A bien observer le profil de Paul Pogba, on se [&hellip;]","og_url":"https:\/\/psgfans.fr\/?p=899","og_site_name":"PSG FANS","article_published_time":"2014-01-08T00:42:00+00:00","og_image":[{"url":"https:\/\/blogger.googleusercontent.com\/img\/b\/R29vZ2xl\/AVvXsEhHgqDsimqMMCZpirHEnGDuYuCvaJ4nEVl0B6sxrxkwtnTq9eFojEyARFY70hdnsbe4VbkXrbghZf552ZfQIdRyIsEktgYA6OqXmrWa_TbtOhgmWu5LX3ZseoQf_o_f2iDHepFX0EkBg_c\/s1600\/Paul-Pogba-Cr%C3%A9dits-Onze-Mondial.jpg","type":"","width":"","height":""}],"author":"psgfans","twitter_card":"summary_large_image","twitter_misc":{"\u00c9crit par":"psgfans","Dur\u00e9e de lecture estim\u00e9e":"2 minutes"},"schema":{"@context":"https:\/\/schema.org","@graph":[{"@type":"Article","@id":"https:\/\/psgfans.fr\/?p=899#article","isPartOf":{"@id":"https:\/\/psgfans.fr\/?p=899"},"author":{"name":"psgfans","@id":"https:\/\/psgfans.fr\/#\/schema\/person\/be2237e7a0237af2f29cb344b3c55e6c"},"headline":"Pogba, la priorit\u00e9 du PSG","datePublished":"2014-01-08T00:42:00+00:00","mainEntityOfPage":{"@id":"https:\/\/psgfans.fr\/?p=899"},"wordCount":459,"commentCount":0,"image":{"@id":"https:\/\/psgfans.fr\/?p=899#primaryimage"},"thumbnailUrl":"https:\/\/blogger.googleusercontent.com\/img\/b\/R29vZ2xl\/AVvXsEhHgqDsimqMMCZpirHEnGDuYuCvaJ4nEVl0B6sxrxkwtnTq9eFojEyARFY70hdnsbe4VbkXrbghZf552ZfQIdRyIsEktgYA6OqXmrWa_TbtOhgmWu5LX3ZseoQf_o_f2iDHepFX0EkBg_c\/s1600\/Paul-Pogba-Cr%C3%A9dits-Onze-Mondial.jpg","articleSection":["News"],"inLanguage":"fr-FR","potentialAction":[{"@type":"CommentAction","name":"Comment","target":["https:\/\/psgfans.fr\/?p=899#respond"]}]},{"@type":"WebPage","@id":"https:\/\/psgfans.fr\/?p=899","url":"https:\/\/psgfans.fr\/?p=899","name":"Pogba, la priorit\u00e9 du PSG - PSG FANS","isPartOf":{"@id":"https:\/\/psgfans.fr\/#website"},"primaryImageOfPage":{"@id":"https:\/\/psgfans.fr\/?p=899#primaryimage"},"image":{"@id":"https:\/\/psgfans.fr\/?p=899#primaryimage"},"thumbnailUrl":"https:\/\/blogger.googleusercontent.com\/img\/b\/R29vZ2xl\/AVvXsEhHgqDsimqMMCZpirHEnGDuYuCvaJ4nEVl0B6sxrxkwtnTq9eFojEyARFY70hdnsbe4VbkXrbghZf552ZfQIdRyIsEktgYA6OqXmrWa_TbtOhgmWu5LX3ZseoQf_o_f2iDHepFX0EkBg_c\/s1600\/Paul-Pogba-Cr%C3%A9dits-Onze-Mondial.jpg","datePublished":"2014-01-08T00:42:00+00:00","author":{"@id":"https:\/\/psgfans.fr\/#\/schema\/person\/be2237e7a0237af2f29cb344b3c55e6c"},"breadcrumb":{"@id":"https:\/\/psgfans.fr\/?p=899#breadcrumb"},"inLanguage":"fr-FR","potentialAction":[{"@type":"ReadAction","target":["https:\/\/psgfans.fr\/?p=899"]}]},{"@type":"ImageObject","inLanguage":"fr-FR","@id":"https:\/\/psgfans.fr\/?p=899#primaryimage","url":"https:\/\/blogger.googleusercontent.com\/img\/b\/R29vZ2xl\/AVvXsEhHgqDsimqMMCZpirHEnGDuYuCvaJ4nEVl0B6sxrxkwtnTq9eFojEyARFY70hdnsbe4VbkXrbghZf552ZfQIdRyIsEktgYA6OqXmrWa_TbtOhgmWu5LX3ZseoQf_o_f2iDHepFX0EkBg_c\/s1600\/Paul-Pogba-Cr%C3%A9dits-Onze-Mondial.jpg","contentUrl":"https:\/\/blogger.googleusercontent.com\/img\/b\/R29vZ2xl\/AVvXsEhHgqDsimqMMCZpirHEnGDuYuCvaJ4nEVl0B6sxrxkwtnTq9eFojEyARFY70hdnsbe4VbkXrbghZf552ZfQIdRyIsEktgYA6OqXmrWa_TbtOhgmWu5LX3ZseoQf_o_f2iDHepFX0EkBg_c\/s1600\/Paul-Pogba-Cr%C3%A9dits-Onze-Mondial.jpg"},{"@type":"BreadcrumbList","@id":"https:\/\/psgfans.fr\/?p=899#breadcrumb","itemListElement":[{"@type":"ListItem","position":1,"name":"Accueil","item":"https:\/\/psgfans.fr\/"},{"@type":"ListItem","position":2,"name":"Pogba, la priorit\u00e9 du PSG"}]},{"@type":"WebSite","@id":"https:\/\/psgfans.fr\/#website","url":"https:\/\/psgfans.fr\/","name":"PSG FANS","description":"Unit\u00e9, Passion, Victoire : Au C\u0153ur du Paris Saint-Germain!","potentialAction":[{"@type":"SearchAction","target":{"@type":"EntryPoint","urlTemplate":"https:\/\/psgfans.fr\/?s={search_term_string}"},"query-input":{"@type":"PropertyValueSpecification","valueRequired":true,"valueName":"search_term_string"}}],"inLanguage":"fr-FR"},{"@type":"Person","@id":"https:\/\/psgfans.fr\/#\/schema\/person\/be2237e7a0237af2f29cb344b3c55e6c","name":"psgfans","image":{"@type":"ImageObject","inLanguage":"fr-FR","@id":"https:\/\/secure.gravatar.com\/avatar\/?s=96&d=mm&r=g","url":"https:\/\/secure.gravatar.com\/avatar\/?s=96&d=mm&r=g","contentUrl":"https:\/\/secure.gravatar.com\/avatar\/?s=96&d=mm&r=g","caption":"psgfans"},"url":"https:\/\/psgfans.fr\/?author=2"}]}},"_links":{"self":[{"href":"https:\/\/psgfans.fr\/index.php?rest_route=\/wp\/v2\/posts\/899","targetHints":{"allow":["GET"]}}],"collection":[{"href":"https:\/\/psgfans.fr\/index.php?rest_route=\/wp\/v2\/posts"}],"about":[{"href":"https:\/\/psgfans.fr\/index.php?rest_route=\/wp\/v2\/types\/post"}],"author":[{"embeddable":true,"href":"https:\/\/psgfans.fr\/index.php?rest_route=\/wp\/v2\/users\/2"}],"replies":[{"embeddable":true,"href":"https:\/\/psgfans.fr\/index.php?rest_route=%2Fwp%2Fv2%2Fcomments&post=899"}],"version-history":[{"count":0,"href":"https:\/\/psgfans.fr\/index.php?rest_route=\/wp\/v2\/posts\/899\/revisions"}],"wp:attachment":[{"href":"https:\/\/psgfans.fr\/index.php?rest_route=%2Fwp%2Fv2%2Fmedia&parent=899"}],"wp:term":[{"taxonomy":"category","embeddable":true,"href":"https:\/\/psgfans.fr\/index.php?rest_route=%2Fwp%2Fv2%2Fcategories&post=899"},{"taxonomy":"post_tag","embeddable":true,"href":"https:\/\/psgfans.fr\/index.php?rest_route=%2Fwp%2Fv2%2Ftags&post=899"}],"curies":[{"name":"wp","href":"https:\/\/api.w.org\/{rel}","templated":true}]}}