{"id":897,"date":"2014-01-21T13:55:00","date_gmt":"2014-01-21T12:55:00","guid":{"rendered":"https:\/\/psgfans.fr\/?p=897"},"modified":"2014-01-21T13:55:00","modified_gmt":"2014-01-21T12:55:00","slug":"mercato-du-psg-pjanic-le-plan-b","status":"publish","type":"post","link":"https:\/\/psgfans.fr\/?p=897","title":{"rendered":"Mercato du PSG : Pjanic, le plan B"},"content":{"rendered":"<div dir=\"ltr\" style=\"text-align: left;\">\n<div style=\"clear: both; text-align: center;\"><a href=\"https:\/\/blogger.googleusercontent.com\/img\/b\/R29vZ2xl\/AVvXsEi4ESPgM8klBRuOPvHinT0rXJI5VNSh2I7aH_QzGl-I-I7xBciR3r6XVtVzJ9tv7WvkFFEonTzziyUpfT7yd8NHCGQ4quCc93vM7qXlE5U450fYrM2iQzGvvvkHecOQKnK9u6A-kuuk3KU\/s1600\/v.jpeg\" style=\"margin-left: 1em; margin-right: 1em;\"><img loading=\"lazy\" decoding=\"async\" border=\"0\" src=\"https:\/\/blogger.googleusercontent.com\/img\/b\/R29vZ2xl\/AVvXsEi4ESPgM8klBRuOPvHinT0rXJI5VNSh2I7aH_QzGl-I-I7xBciR3r6XVtVzJ9tv7WvkFFEonTzziyUpfT7yd8NHCGQ4quCc93vM7qXlE5U450fYrM2iQzGvvvkHecOQKnK9u6A-kuuk3KU\/s1600\/v.jpeg\" height=\"200\" width=\"400\" \/><\/a><\/div>\n<p>Dimanche, \u00e0 l\u2019issue de PSG &#8211; Nantes (5-0), Laurent Blanc a publiquement r\u00e9affirm\u00e9 le besoin de recruter un milieu de terrain d\u00e8s cet hiver. Cependant, la qu\u00eate de ce renfort s\u2019av\u00e8re particuli\u00e8rement compliqu\u00e9e.<\/p>\n<p>Depuis longtemps, Yohan Cabaye a la pr\u00e9f\u00e9rence de l\u2019entra\u00eeneur mais, \u00e0 cinq mois de la Coupe du monde, l\u2019international fran\u00e7ais n\u2019est plus tr\u00e8s chaud \u00e0 l\u2019id\u00e9e de rejoindre un club o\u00f9 la concurrence est exacerb\u00e9e \u00e0 son poste.<br \/>L\u2019ancien Lillois se voit plut\u00f4t attendre l\u2019\u00e9t\u00e9 prochain pour changer de club. Arsenal et Manchester United le convoitent, et tout porte \u00e0 croire qu\u2019il restera en Angleterre.<br \/>Dans ce r\u00f4le de milieu relayeur exp\u00e9riment\u00e9, n\u2019ayant pas disput\u00e9 la Ligue des champions et n\u2019\u00e9tant pas extracommunautaire, il n\u2019y a pas foule de candidats. Aucun contact n\u2019a \u00e9t\u00e9 nou\u00e9 avec M\u2019Vila (Rubin Kazan) ou Guilavogui (Atletico Madrid). L\u2019international br\u00e9silien Hernanes (Lazio Rome) est suivi de pr\u00e8s, mais il n\u2019a pas de passeport communautaire, ce qui devrait lui \u00eatre pr\u00e9judiciable.<\/p>\n<p>L\u2019hypoth\u00e8se Miralem Pjanic de l\u2019AS Rome est beaucoup plus cr\u00e9dible. L\u2019ancien Messin se verrait bien \u00e0 Paris, il l\u2019a dit. Et, \u00e0 un an et demi du terme de son contrat, son club a int\u00e9r\u00eat financi\u00e8rement \u00e0 le c\u00e9der cet hiver ou, au plus tard, l\u2019\u00e9t\u00e9 prochain.<\/p>\n<p>Par ailleurs, Hervin Ongenda ne quittera pas le PSG cet hiver. Les dirigeants parisiens ont repouss\u00e9 la demande du joueur qui souhaitait un pr\u00eat de six mois pour augmenter son temps de jeu.<\/p>\n<p>Source : Le Parisien<\/p><\/div>\n","protected":false},"excerpt":{"rendered":"<p>Dimanche, \u00e0 l\u2019issue de PSG &#8211; Nantes (5-0), Laurent Blanc a publiquement r\u00e9affirm\u00e9 le besoin de recruter un milieu de terrain d\u00e8s cet hiver. Cependant, la qu\u00eate de ce renfort s\u2019av\u00e8re particuli\u00e8rement compliqu\u00e9e. Depuis longtemps, Yohan Cabaye a la pr\u00e9f\u00e9rence de l\u2019entra\u00eeneur mais, \u00e0 cinq mois de la Coupe du monde, l\u2019international fran\u00e7ais n\u2019est plus [&hellip;]<\/p>\n","protected":false},"author":2,"featured_media":0,"comment_status":"open","ping_status":"open","sticky":false,"template":"","format":"standard","meta":{"footnotes":""},"categories":[3],"tags":[],"class_list":{"0":"post-897","1":"post","2":"type-post","3":"status-publish","4":"format-standard","6":"category-news"},"yoast_head":"<!-- This site is optimized with the Yoast SEO plugin v27.4 - https:\/\/yoast.com\/product\/yoast-seo-wordpress\/ -->\n<title>Mercato du PSG : Pjanic, le plan B - PSG FANS<\/title>\n<meta name=\"robots\" content=\"index, follow, max-snippet:-1, max-image-preview:large, max-video-preview:-1\" \/>\n<link rel=\"canonical\" href=\"https:\/\/psgfans.fr\/?p=897\" \/>\n<meta property=\"og:locale\" content=\"fr_FR\" \/>\n<meta property=\"og:type\" content=\"article\" \/>\n<meta property=\"og:title\" content=\"Mercato du PSG : Pjanic, le plan B - PSG FANS\" \/>\n<meta property=\"og:description\" content=\"Dimanche, \u00e0 l\u2019issue de PSG &#8211; Nantes (5-0), Laurent Blanc a publiquement r\u00e9affirm\u00e9 le besoin de recruter un milieu de terrain d\u00e8s cet hiver. Cependant, la qu\u00eate de ce renfort s\u2019av\u00e8re particuli\u00e8rement compliqu\u00e9e. Depuis longtemps, Yohan Cabaye a la pr\u00e9f\u00e9rence de l\u2019entra\u00eeneur mais, \u00e0 cinq mois de la Coupe du monde, l\u2019international fran\u00e7ais n\u2019est plus [&hellip;]\" \/>\n<meta property=\"og:url\" content=\"https:\/\/psgfans.fr\/?p=897\" \/>\n<meta property=\"og:site_name\" content=\"PSG FANS\" \/>\n<meta property=\"article:published_time\" content=\"2014-01-21T12:55:00+00:00\" \/>\n<meta property=\"og:image\" content=\"https:\/\/blogger.googleusercontent.com\/img\/b\/R29vZ2xl\/AVvXsEi4ESPgM8klBRuOPvHinT0rXJI5VNSh2I7aH_QzGl-I-I7xBciR3r6XVtVzJ9tv7WvkFFEonTzziyUpfT7yd8NHCGQ4quCc93vM7qXlE5U450fYrM2iQzGvvvkHecOQKnK9u6A-kuuk3KU\/s1600\/v.jpeg\" \/>\n<meta name=\"author\" content=\"psgfans\" \/>\n<meta name=\"twitter:card\" content=\"summary_large_image\" \/>\n<meta name=\"twitter:label1\" content=\"\u00c9crit par\" \/>\n\t<meta name=\"twitter:data1\" content=\"psgfans\" \/>\n\t<meta name=\"twitter:label2\" content=\"Dur\u00e9e de lecture estim\u00e9e\" \/>\n\t<meta name=\"twitter:data2\" content=\"1 minute\" \/>\n<script type=\"application\/ld+json\" class=\"yoast-schema-graph\">{\"@context\":\"https:\\\/\\\/schema.org\",\"@graph\":[{\"@type\":\"Article\",\"@id\":\"https:\\\/\\\/psgfans.fr\\\/?p=897#article\",\"isPartOf\":{\"@id\":\"https:\\\/\\\/psgfans.fr\\\/?p=897\"},\"author\":{\"name\":\"psgfans\",\"@id\":\"https:\\\/\\\/psgfans.fr\\\/#\\\/schema\\\/person\\\/be2237e7a0237af2f29cb344b3c55e6c\"},\"headline\":\"Mercato du PSG : Pjanic, le plan B\",\"datePublished\":\"2014-01-21T12:55:00+00:00\",\"mainEntityOfPage\":{\"@id\":\"https:\\\/\\\/psgfans.fr\\\/?p=897\"},\"wordCount\":287,\"commentCount\":0,\"image\":{\"@id\":\"https:\\\/\\\/psgfans.fr\\\/?p=897#primaryimage\"},\"thumbnailUrl\":\"https:\\\/\\\/blogger.googleusercontent.com\\\/img\\\/b\\\/R29vZ2xl\\\/AVvXsEi4ESPgM8klBRuOPvHinT0rXJI5VNSh2I7aH_QzGl-I-I7xBciR3r6XVtVzJ9tv7WvkFFEonTzziyUpfT7yd8NHCGQ4quCc93vM7qXlE5U450fYrM2iQzGvvvkHecOQKnK9u6A-kuuk3KU\\\/s1600\\\/v.jpeg\",\"articleSection\":[\"News\"],\"inLanguage\":\"fr-FR\",\"potentialAction\":[{\"@type\":\"CommentAction\",\"name\":\"Comment\",\"target\":[\"https:\\\/\\\/psgfans.fr\\\/?p=897#respond\"]}]},{\"@type\":\"WebPage\",\"@id\":\"https:\\\/\\\/psgfans.fr\\\/?p=897\",\"url\":\"https:\\\/\\\/psgfans.fr\\\/?p=897\",\"name\":\"Mercato du PSG : Pjanic, le plan B - PSG FANS\",\"isPartOf\":{\"@id\":\"https:\\\/\\\/psgfans.fr\\\/#website\"},\"primaryImageOfPage\":{\"@id\":\"https:\\\/\\\/psgfans.fr\\\/?p=897#primaryimage\"},\"image\":{\"@id\":\"https:\\\/\\\/psgfans.fr\\\/?p=897#primaryimage\"},\"thumbnailUrl\":\"https:\\\/\\\/blogger.googleusercontent.com\\\/img\\\/b\\\/R29vZ2xl\\\/AVvXsEi4ESPgM8klBRuOPvHinT0rXJI5VNSh2I7aH_QzGl-I-I7xBciR3r6XVtVzJ9tv7WvkFFEonTzziyUpfT7yd8NHCGQ4quCc93vM7qXlE5U450fYrM2iQzGvvvkHecOQKnK9u6A-kuuk3KU\\\/s1600\\\/v.jpeg\",\"datePublished\":\"2014-01-21T12:55:00+00:00\",\"author\":{\"@id\":\"https:\\\/\\\/psgfans.fr\\\/#\\\/schema\\\/person\\\/be2237e7a0237af2f29cb344b3c55e6c\"},\"breadcrumb\":{\"@id\":\"https:\\\/\\\/psgfans.fr\\\/?p=897#breadcrumb\"},\"inLanguage\":\"fr-FR\",\"potentialAction\":[{\"@type\":\"ReadAction\",\"target\":[\"https:\\\/\\\/psgfans.fr\\\/?p=897\"]}]},{\"@type\":\"ImageObject\",\"inLanguage\":\"fr-FR\",\"@id\":\"https:\\\/\\\/psgfans.fr\\\/?p=897#primaryimage\",\"url\":\"https:\\\/\\\/blogger.googleusercontent.com\\\/img\\\/b\\\/R29vZ2xl\\\/AVvXsEi4ESPgM8klBRuOPvHinT0rXJI5VNSh2I7aH_QzGl-I-I7xBciR3r6XVtVzJ9tv7WvkFFEonTzziyUpfT7yd8NHCGQ4quCc93vM7qXlE5U450fYrM2iQzGvvvkHecOQKnK9u6A-kuuk3KU\\\/s1600\\\/v.jpeg\",\"contentUrl\":\"https:\\\/\\\/blogger.googleusercontent.com\\\/img\\\/b\\\/R29vZ2xl\\\/AVvXsEi4ESPgM8klBRuOPvHinT0rXJI5VNSh2I7aH_QzGl-I-I7xBciR3r6XVtVzJ9tv7WvkFFEonTzziyUpfT7yd8NHCGQ4quCc93vM7qXlE5U450fYrM2iQzGvvvkHecOQKnK9u6A-kuuk3KU\\\/s1600\\\/v.jpeg\"},{\"@type\":\"BreadcrumbList\",\"@id\":\"https:\\\/\\\/psgfans.fr\\\/?p=897#breadcrumb\",\"itemListElement\":[{\"@type\":\"ListItem\",\"position\":1,\"name\":\"Accueil\",\"item\":\"https:\\\/\\\/psgfans.fr\\\/\"},{\"@type\":\"ListItem\",\"position\":2,\"name\":\"Mercato du PSG : Pjanic, le plan B\"}]},{\"@type\":\"WebSite\",\"@id\":\"https:\\\/\\\/psgfans.fr\\\/#website\",\"url\":\"https:\\\/\\\/psgfans.fr\\\/\",\"name\":\"PSG FANS\",\"description\":\"Unit\u00e9, Passion, Victoire : Au C\u0153ur du Paris Saint-Germain!\",\"potentialAction\":[{\"@type\":\"SearchAction\",\"target\":{\"@type\":\"EntryPoint\",\"urlTemplate\":\"https:\\\/\\\/psgfans.fr\\\/?s={search_term_string}\"},\"query-input\":{\"@type\":\"PropertyValueSpecification\",\"valueRequired\":true,\"valueName\":\"search_term_string\"}}],\"inLanguage\":\"fr-FR\"},{\"@type\":\"Person\",\"@id\":\"https:\\\/\\\/psgfans.fr\\\/#\\\/schema\\\/person\\\/be2237e7a0237af2f29cb344b3c55e6c\",\"name\":\"psgfans\",\"image\":{\"@type\":\"ImageObject\",\"inLanguage\":\"fr-FR\",\"@id\":\"https:\\\/\\\/secure.gravatar.com\\\/avatar\\\/?s=96&d=mm&r=g\",\"url\":\"https:\\\/\\\/secure.gravatar.com\\\/avatar\\\/?s=96&d=mm&r=g\",\"contentUrl\":\"https:\\\/\\\/secure.gravatar.com\\\/avatar\\\/?s=96&d=mm&r=g\",\"caption\":\"psgfans\"},\"url\":\"https:\\\/\\\/psgfans.fr\\\/?author=2\"}]}<\/script>\n<!-- \/ Yoast SEO plugin. -->","yoast_head_json":{"title":"Mercato du PSG : Pjanic, le plan B - PSG FANS","robots":{"index":"index","follow":"follow","max-snippet":"max-snippet:-1","max-image-preview":"max-image-preview:large","max-video-preview":"max-video-preview:-1"},"canonical":"https:\/\/psgfans.fr\/?p=897","og_locale":"fr_FR","og_type":"article","og_title":"Mercato du PSG : Pjanic, le plan B - PSG FANS","og_description":"Dimanche, \u00e0 l\u2019issue de PSG &#8211; Nantes (5-0), Laurent Blanc a publiquement r\u00e9affirm\u00e9 le besoin de recruter un milieu de terrain d\u00e8s cet hiver. Cependant, la qu\u00eate de ce renfort s\u2019av\u00e8re particuli\u00e8rement compliqu\u00e9e. Depuis longtemps, Yohan Cabaye a la pr\u00e9f\u00e9rence de l\u2019entra\u00eeneur mais, \u00e0 cinq mois de la Coupe du monde, l\u2019international fran\u00e7ais n\u2019est plus [&hellip;]","og_url":"https:\/\/psgfans.fr\/?p=897","og_site_name":"PSG FANS","article_published_time":"2014-01-21T12:55:00+00:00","og_image":[{"url":"https:\/\/blogger.googleusercontent.com\/img\/b\/R29vZ2xl\/AVvXsEi4ESPgM8klBRuOPvHinT0rXJI5VNSh2I7aH_QzGl-I-I7xBciR3r6XVtVzJ9tv7WvkFFEonTzziyUpfT7yd8NHCGQ4quCc93vM7qXlE5U450fYrM2iQzGvvvkHecOQKnK9u6A-kuuk3KU\/s1600\/v.jpeg","type":"","width":"","height":""}],"author":"psgfans","twitter_card":"summary_large_image","twitter_misc":{"\u00c9crit par":"psgfans","Dur\u00e9e de lecture estim\u00e9e":"1 minute"},"schema":{"@context":"https:\/\/schema.org","@graph":[{"@type":"Article","@id":"https:\/\/psgfans.fr\/?p=897#article","isPartOf":{"@id":"https:\/\/psgfans.fr\/?p=897"},"author":{"name":"psgfans","@id":"https:\/\/psgfans.fr\/#\/schema\/person\/be2237e7a0237af2f29cb344b3c55e6c"},"headline":"Mercato du PSG : Pjanic, le plan B","datePublished":"2014-01-21T12:55:00+00:00","mainEntityOfPage":{"@id":"https:\/\/psgfans.fr\/?p=897"},"wordCount":287,"commentCount":0,"image":{"@id":"https:\/\/psgfans.fr\/?p=897#primaryimage"},"thumbnailUrl":"https:\/\/blogger.googleusercontent.com\/img\/b\/R29vZ2xl\/AVvXsEi4ESPgM8klBRuOPvHinT0rXJI5VNSh2I7aH_QzGl-I-I7xBciR3r6XVtVzJ9tv7WvkFFEonTzziyUpfT7yd8NHCGQ4quCc93vM7qXlE5U450fYrM2iQzGvvvkHecOQKnK9u6A-kuuk3KU\/s1600\/v.jpeg","articleSection":["News"],"inLanguage":"fr-FR","potentialAction":[{"@type":"CommentAction","name":"Comment","target":["https:\/\/psgfans.fr\/?p=897#respond"]}]},{"@type":"WebPage","@id":"https:\/\/psgfans.fr\/?p=897","url":"https:\/\/psgfans.fr\/?p=897","name":"Mercato du PSG : Pjanic, le plan B - PSG FANS","isPartOf":{"@id":"https:\/\/psgfans.fr\/#website"},"primaryImageOfPage":{"@id":"https:\/\/psgfans.fr\/?p=897#primaryimage"},"image":{"@id":"https:\/\/psgfans.fr\/?p=897#primaryimage"},"thumbnailUrl":"https:\/\/blogger.googleusercontent.com\/img\/b\/R29vZ2xl\/AVvXsEi4ESPgM8klBRuOPvHinT0rXJI5VNSh2I7aH_QzGl-I-I7xBciR3r6XVtVzJ9tv7WvkFFEonTzziyUpfT7yd8NHCGQ4quCc93vM7qXlE5U450fYrM2iQzGvvvkHecOQKnK9u6A-kuuk3KU\/s1600\/v.jpeg","datePublished":"2014-01-21T12:55:00+00:00","author":{"@id":"https:\/\/psgfans.fr\/#\/schema\/person\/be2237e7a0237af2f29cb344b3c55e6c"},"breadcrumb":{"@id":"https:\/\/psgfans.fr\/?p=897#breadcrumb"},"inLanguage":"fr-FR","potentialAction":[{"@type":"ReadAction","target":["https:\/\/psgfans.fr\/?p=897"]}]},{"@type":"ImageObject","inLanguage":"fr-FR","@id":"https:\/\/psgfans.fr\/?p=897#primaryimage","url":"https:\/\/blogger.googleusercontent.com\/img\/b\/R29vZ2xl\/AVvXsEi4ESPgM8klBRuOPvHinT0rXJI5VNSh2I7aH_QzGl-I-I7xBciR3r6XVtVzJ9tv7WvkFFEonTzziyUpfT7yd8NHCGQ4quCc93vM7qXlE5U450fYrM2iQzGvvvkHecOQKnK9u6A-kuuk3KU\/s1600\/v.jpeg","contentUrl":"https:\/\/blogger.googleusercontent.com\/img\/b\/R29vZ2xl\/AVvXsEi4ESPgM8klBRuOPvHinT0rXJI5VNSh2I7aH_QzGl-I-I7xBciR3r6XVtVzJ9tv7WvkFFEonTzziyUpfT7yd8NHCGQ4quCc93vM7qXlE5U450fYrM2iQzGvvvkHecOQKnK9u6A-kuuk3KU\/s1600\/v.jpeg"},{"@type":"BreadcrumbList","@id":"https:\/\/psgfans.fr\/?p=897#breadcrumb","itemListElement":[{"@type":"ListItem","position":1,"name":"Accueil","item":"https:\/\/psgfans.fr\/"},{"@type":"ListItem","position":2,"name":"Mercato du PSG : Pjanic, le plan B"}]},{"@type":"WebSite","@id":"https:\/\/psgfans.fr\/#website","url":"https:\/\/psgfans.fr\/","name":"PSG FANS","description":"Unit\u00e9, Passion, Victoire : Au C\u0153ur du Paris Saint-Germain!","potentialAction":[{"@type":"SearchAction","target":{"@type":"EntryPoint","urlTemplate":"https:\/\/psgfans.fr\/?s={search_term_string}"},"query-input":{"@type":"PropertyValueSpecification","valueRequired":true,"valueName":"search_term_string"}}],"inLanguage":"fr-FR"},{"@type":"Person","@id":"https:\/\/psgfans.fr\/#\/schema\/person\/be2237e7a0237af2f29cb344b3c55e6c","name":"psgfans","image":{"@type":"ImageObject","inLanguage":"fr-FR","@id":"https:\/\/secure.gravatar.com\/avatar\/?s=96&d=mm&r=g","url":"https:\/\/secure.gravatar.com\/avatar\/?s=96&d=mm&r=g","contentUrl":"https:\/\/secure.gravatar.com\/avatar\/?s=96&d=mm&r=g","caption":"psgfans"},"url":"https:\/\/psgfans.fr\/?author=2"}]}},"_links":{"self":[{"href":"https:\/\/psgfans.fr\/index.php?rest_route=\/wp\/v2\/posts\/897","targetHints":{"allow":["GET"]}}],"collection":[{"href":"https:\/\/psgfans.fr\/index.php?rest_route=\/wp\/v2\/posts"}],"about":[{"href":"https:\/\/psgfans.fr\/index.php?rest_route=\/wp\/v2\/types\/post"}],"author":[{"embeddable":true,"href":"https:\/\/psgfans.fr\/index.php?rest_route=\/wp\/v2\/users\/2"}],"replies":[{"embeddable":true,"href":"https:\/\/psgfans.fr\/index.php?rest_route=%2Fwp%2Fv2%2Fcomments&post=897"}],"version-history":[{"count":0,"href":"https:\/\/psgfans.fr\/index.php?rest_route=\/wp\/v2\/posts\/897\/revisions"}],"wp:attachment":[{"href":"https:\/\/psgfans.fr\/index.php?rest_route=%2Fwp%2Fv2%2Fmedia&parent=897"}],"wp:term":[{"taxonomy":"category","embeddable":true,"href":"https:\/\/psgfans.fr\/index.php?rest_route=%2Fwp%2Fv2%2Fcategories&post=897"},{"taxonomy":"post_tag","embeddable":true,"href":"https:\/\/psgfans.fr\/index.php?rest_route=%2Fwp%2Fv2%2Ftags&post=897"}],"curies":[{"name":"wp","href":"https:\/\/api.w.org\/{rel}","templated":true}]}}