{"id":894,"date":"2014-01-27T11:17:00","date_gmt":"2014-01-27T10:17:00","guid":{"rendered":"https:\/\/psgfans.fr\/?p=894"},"modified":"2014-01-27T11:17:00","modified_gmt":"2014-01-27T10:17:00","slug":"le-pere-de-messi-honorer-que-le-psg-sinteresse-a-son-fils","status":"publish","type":"post","link":"https:\/\/psgfans.fr\/?p=894","title":{"rendered":"Le p\u00e8re de Messi honorer que le PSG s\u2019int\u00e9resse \u00e0 son fils !"},"content":{"rendered":"<div style=\"clear: both; text-align: center;\"><a href=\"https:\/\/blogger.googleusercontent.com\/img\/b\/R29vZ2xl\/AVvXsEhHaOBqIBupXBC-PqzCx4ix-KK4TpO8ncmm9oZ-gJ3qpeztCGjd7Wo0bml1QwXu_8vro6yj3p7Deiozh1mggPVYOEcVp4TahLNTm7EzAqjVUpxGRX3SOVgkqw_9NK03K4byR5EZ8pAfzt8\/s1600\/1.jpg\" style=\"margin-left: 1em; margin-right: 1em;\"><img decoding=\"async\" border=\"0\" src=\"https:\/\/blogger.googleusercontent.com\/img\/b\/R29vZ2xl\/AVvXsEhHaOBqIBupXBC-PqzCx4ix-KK4TpO8ncmm9oZ-gJ3qpeztCGjd7Wo0bml1QwXu_8vro6yj3p7Deiozh1mggPVYOEcVp4TahLNTm7EzAqjVUpxGRX3SOVgkqw_9NK03K4byR5EZ8pAfzt8\/s400\/1.jpg\" \/><\/a><\/div>\n<div style=\"clear: both; text-align: center;\"><\/div>\n<p>C\u2019est un honneur de savoir que le PSG peut penser \u00e0 lui.&nbsp; Mais, je le r\u00e9p\u00e8te, ce n\u2019est pas un sujet sur lequel nous souhaitons d\u00e9velopper une r\u00e9flexion aujourd\u2019hui. La seule r\u00e9alit\u00e9, c\u2019est son contrat avec le Bar\u00e7a. Apr\u00e8s, dans le football, vous savez bien qu\u2019on ne sais jamais ce qu\u2019il peut arriver.<\/p>\n<p>source :&nbsp;parismania<\/p>\n","protected":false},"excerpt":{"rendered":"<p>C\u2019est un honneur de savoir que le PSG peut penser \u00e0 lui.&nbsp; Mais, je le r\u00e9p\u00e8te, ce n\u2019est pas un sujet sur lequel nous souhaitons d\u00e9velopper une r\u00e9flexion aujourd\u2019hui. La seule r\u00e9alit\u00e9, c\u2019est son contrat avec le Bar\u00e7a. Apr\u00e8s, dans le football, vous savez bien qu\u2019on ne sais jamais ce qu\u2019il peut arriver. source :&nbsp;parismania<\/p>\n","protected":false},"author":2,"featured_media":0,"comment_status":"open","ping_status":"open","sticky":false,"template":"","format":"standard","meta":{"footnotes":""},"categories":[3],"tags":[],"class_list":{"0":"post-894","1":"post","2":"type-post","3":"status-publish","4":"format-standard","6":"category-news"},"yoast_head":"<!-- This site is optimized with the Yoast SEO plugin v27.4 - https:\/\/yoast.com\/product\/yoast-seo-wordpress\/ -->\n<title>Le p\u00e8re de Messi honorer que le PSG s\u2019int\u00e9resse \u00e0 son fils ! - PSG FANS<\/title>\n<meta name=\"robots\" content=\"index, follow, max-snippet:-1, max-image-preview:large, max-video-preview:-1\" \/>\n<link rel=\"canonical\" href=\"https:\/\/psgfans.fr\/?p=894\" \/>\n<meta property=\"og:locale\" content=\"fr_FR\" \/>\n<meta property=\"og:type\" content=\"article\" \/>\n<meta property=\"og:title\" content=\"Le p\u00e8re de Messi honorer que le PSG s\u2019int\u00e9resse \u00e0 son fils ! - PSG FANS\" \/>\n<meta property=\"og:description\" content=\"C\u2019est un honneur de savoir que le PSG peut penser \u00e0 lui.&nbsp; Mais, je le r\u00e9p\u00e8te, ce n\u2019est pas un sujet sur lequel nous souhaitons d\u00e9velopper une r\u00e9flexion aujourd\u2019hui. La seule r\u00e9alit\u00e9, c\u2019est son contrat avec le Bar\u00e7a. Apr\u00e8s, dans le football, vous savez bien qu\u2019on ne sais jamais ce qu\u2019il peut arriver. source :&nbsp;parismania\" \/>\n<meta property=\"og:url\" content=\"https:\/\/psgfans.fr\/?p=894\" \/>\n<meta property=\"og:site_name\" content=\"PSG FANS\" \/>\n<meta property=\"article:published_time\" content=\"2014-01-27T10:17:00+00:00\" \/>\n<meta property=\"og:image\" content=\"https:\/\/blogger.googleusercontent.com\/img\/b\/R29vZ2xl\/AVvXsEhHaOBqIBupXBC-PqzCx4ix-KK4TpO8ncmm9oZ-gJ3qpeztCGjd7Wo0bml1QwXu_8vro6yj3p7Deiozh1mggPVYOEcVp4TahLNTm7EzAqjVUpxGRX3SOVgkqw_9NK03K4byR5EZ8pAfzt8\/s400\/1.jpg\" \/>\n<meta name=\"author\" content=\"psgfans\" \/>\n<meta name=\"twitter:card\" content=\"summary_large_image\" \/>\n<meta name=\"twitter:label1\" content=\"\u00c9crit par\" \/>\n\t<meta name=\"twitter:data1\" content=\"psgfans\" \/>\n<script type=\"application\/ld+json\" class=\"yoast-schema-graph\">{\"@context\":\"https:\\\/\\\/schema.org\",\"@graph\":[{\"@type\":\"Article\",\"@id\":\"https:\\\/\\\/psgfans.fr\\\/?p=894#article\",\"isPartOf\":{\"@id\":\"https:\\\/\\\/psgfans.fr\\\/?p=894\"},\"author\":{\"name\":\"psgfans\",\"@id\":\"https:\\\/\\\/psgfans.fr\\\/#\\\/schema\\\/person\\\/be2237e7a0237af2f29cb344b3c55e6c\"},\"headline\":\"Le p\u00e8re de Messi honorer que le PSG s\u2019int\u00e9resse \u00e0 son fils !\",\"datePublished\":\"2014-01-27T10:17:00+00:00\",\"mainEntityOfPage\":{\"@id\":\"https:\\\/\\\/psgfans.fr\\\/?p=894\"},\"wordCount\":83,\"commentCount\":0,\"image\":{\"@id\":\"https:\\\/\\\/psgfans.fr\\\/?p=894#primaryimage\"},\"thumbnailUrl\":\"https:\\\/\\\/blogger.googleusercontent.com\\\/img\\\/b\\\/R29vZ2xl\\\/AVvXsEhHaOBqIBupXBC-PqzCx4ix-KK4TpO8ncmm9oZ-gJ3qpeztCGjd7Wo0bml1QwXu_8vro6yj3p7Deiozh1mggPVYOEcVp4TahLNTm7EzAqjVUpxGRX3SOVgkqw_9NK03K4byR5EZ8pAfzt8\\\/s400\\\/1.jpg\",\"articleSection\":[\"News\"],\"inLanguage\":\"fr-FR\",\"potentialAction\":[{\"@type\":\"CommentAction\",\"name\":\"Comment\",\"target\":[\"https:\\\/\\\/psgfans.fr\\\/?p=894#respond\"]}]},{\"@type\":\"WebPage\",\"@id\":\"https:\\\/\\\/psgfans.fr\\\/?p=894\",\"url\":\"https:\\\/\\\/psgfans.fr\\\/?p=894\",\"name\":\"Le p\u00e8re de Messi honorer que le PSG s\u2019int\u00e9resse \u00e0 son fils ! - PSG FANS\",\"isPartOf\":{\"@id\":\"https:\\\/\\\/psgfans.fr\\\/#website\"},\"primaryImageOfPage\":{\"@id\":\"https:\\\/\\\/psgfans.fr\\\/?p=894#primaryimage\"},\"image\":{\"@id\":\"https:\\\/\\\/psgfans.fr\\\/?p=894#primaryimage\"},\"thumbnailUrl\":\"https:\\\/\\\/blogger.googleusercontent.com\\\/img\\\/b\\\/R29vZ2xl\\\/AVvXsEhHaOBqIBupXBC-PqzCx4ix-KK4TpO8ncmm9oZ-gJ3qpeztCGjd7Wo0bml1QwXu_8vro6yj3p7Deiozh1mggPVYOEcVp4TahLNTm7EzAqjVUpxGRX3SOVgkqw_9NK03K4byR5EZ8pAfzt8\\\/s400\\\/1.jpg\",\"datePublished\":\"2014-01-27T10:17:00+00:00\",\"author\":{\"@id\":\"https:\\\/\\\/psgfans.fr\\\/#\\\/schema\\\/person\\\/be2237e7a0237af2f29cb344b3c55e6c\"},\"breadcrumb\":{\"@id\":\"https:\\\/\\\/psgfans.fr\\\/?p=894#breadcrumb\"},\"inLanguage\":\"fr-FR\",\"potentialAction\":[{\"@type\":\"ReadAction\",\"target\":[\"https:\\\/\\\/psgfans.fr\\\/?p=894\"]}]},{\"@type\":\"ImageObject\",\"inLanguage\":\"fr-FR\",\"@id\":\"https:\\\/\\\/psgfans.fr\\\/?p=894#primaryimage\",\"url\":\"https:\\\/\\\/blogger.googleusercontent.com\\\/img\\\/b\\\/R29vZ2xl\\\/AVvXsEhHaOBqIBupXBC-PqzCx4ix-KK4TpO8ncmm9oZ-gJ3qpeztCGjd7Wo0bml1QwXu_8vro6yj3p7Deiozh1mggPVYOEcVp4TahLNTm7EzAqjVUpxGRX3SOVgkqw_9NK03K4byR5EZ8pAfzt8\\\/s400\\\/1.jpg\",\"contentUrl\":\"https:\\\/\\\/blogger.googleusercontent.com\\\/img\\\/b\\\/R29vZ2xl\\\/AVvXsEhHaOBqIBupXBC-PqzCx4ix-KK4TpO8ncmm9oZ-gJ3qpeztCGjd7Wo0bml1QwXu_8vro6yj3p7Deiozh1mggPVYOEcVp4TahLNTm7EzAqjVUpxGRX3SOVgkqw_9NK03K4byR5EZ8pAfzt8\\\/s400\\\/1.jpg\"},{\"@type\":\"BreadcrumbList\",\"@id\":\"https:\\\/\\\/psgfans.fr\\\/?p=894#breadcrumb\",\"itemListElement\":[{\"@type\":\"ListItem\",\"position\":1,\"name\":\"Accueil\",\"item\":\"https:\\\/\\\/psgfans.fr\\\/\"},{\"@type\":\"ListItem\",\"position\":2,\"name\":\"Le p\u00e8re de Messi honorer que le PSG s\u2019int\u00e9resse \u00e0 son fils !\"}]},{\"@type\":\"WebSite\",\"@id\":\"https:\\\/\\\/psgfans.fr\\\/#website\",\"url\":\"https:\\\/\\\/psgfans.fr\\\/\",\"name\":\"PSG FANS\",\"description\":\"Unit\u00e9, Passion, Victoire : Au C\u0153ur du Paris Saint-Germain!\",\"potentialAction\":[{\"@type\":\"SearchAction\",\"target\":{\"@type\":\"EntryPoint\",\"urlTemplate\":\"https:\\\/\\\/psgfans.fr\\\/?s={search_term_string}\"},\"query-input\":{\"@type\":\"PropertyValueSpecification\",\"valueRequired\":true,\"valueName\":\"search_term_string\"}}],\"inLanguage\":\"fr-FR\"},{\"@type\":\"Person\",\"@id\":\"https:\\\/\\\/psgfans.fr\\\/#\\\/schema\\\/person\\\/be2237e7a0237af2f29cb344b3c55e6c\",\"name\":\"psgfans\",\"image\":{\"@type\":\"ImageObject\",\"inLanguage\":\"fr-FR\",\"@id\":\"https:\\\/\\\/secure.gravatar.com\\\/avatar\\\/?s=96&d=mm&r=g\",\"url\":\"https:\\\/\\\/secure.gravatar.com\\\/avatar\\\/?s=96&d=mm&r=g\",\"contentUrl\":\"https:\\\/\\\/secure.gravatar.com\\\/avatar\\\/?s=96&d=mm&r=g\",\"caption\":\"psgfans\"},\"url\":\"https:\\\/\\\/psgfans.fr\\\/?author=2\"}]}<\/script>\n<!-- \/ Yoast SEO plugin. -->","yoast_head_json":{"title":"Le p\u00e8re de Messi honorer que le PSG s\u2019int\u00e9resse \u00e0 son fils ! - PSG FANS","robots":{"index":"index","follow":"follow","max-snippet":"max-snippet:-1","max-image-preview":"max-image-preview:large","max-video-preview":"max-video-preview:-1"},"canonical":"https:\/\/psgfans.fr\/?p=894","og_locale":"fr_FR","og_type":"article","og_title":"Le p\u00e8re de Messi honorer que le PSG s\u2019int\u00e9resse \u00e0 son fils ! - PSG FANS","og_description":"C\u2019est un honneur de savoir que le PSG peut penser \u00e0 lui.&nbsp; Mais, je le r\u00e9p\u00e8te, ce n\u2019est pas un sujet sur lequel nous souhaitons d\u00e9velopper une r\u00e9flexion aujourd\u2019hui. La seule r\u00e9alit\u00e9, c\u2019est son contrat avec le Bar\u00e7a. Apr\u00e8s, dans le football, vous savez bien qu\u2019on ne sais jamais ce qu\u2019il peut arriver. source :&nbsp;parismania","og_url":"https:\/\/psgfans.fr\/?p=894","og_site_name":"PSG FANS","article_published_time":"2014-01-27T10:17:00+00:00","og_image":[{"url":"https:\/\/blogger.googleusercontent.com\/img\/b\/R29vZ2xl\/AVvXsEhHaOBqIBupXBC-PqzCx4ix-KK4TpO8ncmm9oZ-gJ3qpeztCGjd7Wo0bml1QwXu_8vro6yj3p7Deiozh1mggPVYOEcVp4TahLNTm7EzAqjVUpxGRX3SOVgkqw_9NK03K4byR5EZ8pAfzt8\/s400\/1.jpg","type":"","width":"","height":""}],"author":"psgfans","twitter_card":"summary_large_image","twitter_misc":{"\u00c9crit par":"psgfans"},"schema":{"@context":"https:\/\/schema.org","@graph":[{"@type":"Article","@id":"https:\/\/psgfans.fr\/?p=894#article","isPartOf":{"@id":"https:\/\/psgfans.fr\/?p=894"},"author":{"name":"psgfans","@id":"https:\/\/psgfans.fr\/#\/schema\/person\/be2237e7a0237af2f29cb344b3c55e6c"},"headline":"Le p\u00e8re de Messi honorer que le PSG s\u2019int\u00e9resse \u00e0 son fils !","datePublished":"2014-01-27T10:17:00+00:00","mainEntityOfPage":{"@id":"https:\/\/psgfans.fr\/?p=894"},"wordCount":83,"commentCount":0,"image":{"@id":"https:\/\/psgfans.fr\/?p=894#primaryimage"},"thumbnailUrl":"https:\/\/blogger.googleusercontent.com\/img\/b\/R29vZ2xl\/AVvXsEhHaOBqIBupXBC-PqzCx4ix-KK4TpO8ncmm9oZ-gJ3qpeztCGjd7Wo0bml1QwXu_8vro6yj3p7Deiozh1mggPVYOEcVp4TahLNTm7EzAqjVUpxGRX3SOVgkqw_9NK03K4byR5EZ8pAfzt8\/s400\/1.jpg","articleSection":["News"],"inLanguage":"fr-FR","potentialAction":[{"@type":"CommentAction","name":"Comment","target":["https:\/\/psgfans.fr\/?p=894#respond"]}]},{"@type":"WebPage","@id":"https:\/\/psgfans.fr\/?p=894","url":"https:\/\/psgfans.fr\/?p=894","name":"Le p\u00e8re de Messi honorer que le PSG s\u2019int\u00e9resse \u00e0 son fils ! - PSG FANS","isPartOf":{"@id":"https:\/\/psgfans.fr\/#website"},"primaryImageOfPage":{"@id":"https:\/\/psgfans.fr\/?p=894#primaryimage"},"image":{"@id":"https:\/\/psgfans.fr\/?p=894#primaryimage"},"thumbnailUrl":"https:\/\/blogger.googleusercontent.com\/img\/b\/R29vZ2xl\/AVvXsEhHaOBqIBupXBC-PqzCx4ix-KK4TpO8ncmm9oZ-gJ3qpeztCGjd7Wo0bml1QwXu_8vro6yj3p7Deiozh1mggPVYOEcVp4TahLNTm7EzAqjVUpxGRX3SOVgkqw_9NK03K4byR5EZ8pAfzt8\/s400\/1.jpg","datePublished":"2014-01-27T10:17:00+00:00","author":{"@id":"https:\/\/psgfans.fr\/#\/schema\/person\/be2237e7a0237af2f29cb344b3c55e6c"},"breadcrumb":{"@id":"https:\/\/psgfans.fr\/?p=894#breadcrumb"},"inLanguage":"fr-FR","potentialAction":[{"@type":"ReadAction","target":["https:\/\/psgfans.fr\/?p=894"]}]},{"@type":"ImageObject","inLanguage":"fr-FR","@id":"https:\/\/psgfans.fr\/?p=894#primaryimage","url":"https:\/\/blogger.googleusercontent.com\/img\/b\/R29vZ2xl\/AVvXsEhHaOBqIBupXBC-PqzCx4ix-KK4TpO8ncmm9oZ-gJ3qpeztCGjd7Wo0bml1QwXu_8vro6yj3p7Deiozh1mggPVYOEcVp4TahLNTm7EzAqjVUpxGRX3SOVgkqw_9NK03K4byR5EZ8pAfzt8\/s400\/1.jpg","contentUrl":"https:\/\/blogger.googleusercontent.com\/img\/b\/R29vZ2xl\/AVvXsEhHaOBqIBupXBC-PqzCx4ix-KK4TpO8ncmm9oZ-gJ3qpeztCGjd7Wo0bml1QwXu_8vro6yj3p7Deiozh1mggPVYOEcVp4TahLNTm7EzAqjVUpxGRX3SOVgkqw_9NK03K4byR5EZ8pAfzt8\/s400\/1.jpg"},{"@type":"BreadcrumbList","@id":"https:\/\/psgfans.fr\/?p=894#breadcrumb","itemListElement":[{"@type":"ListItem","position":1,"name":"Accueil","item":"https:\/\/psgfans.fr\/"},{"@type":"ListItem","position":2,"name":"Le p\u00e8re de Messi honorer que le PSG s\u2019int\u00e9resse \u00e0 son fils !"}]},{"@type":"WebSite","@id":"https:\/\/psgfans.fr\/#website","url":"https:\/\/psgfans.fr\/","name":"PSG FANS","description":"Unit\u00e9, Passion, Victoire : Au C\u0153ur du Paris Saint-Germain!","potentialAction":[{"@type":"SearchAction","target":{"@type":"EntryPoint","urlTemplate":"https:\/\/psgfans.fr\/?s={search_term_string}"},"query-input":{"@type":"PropertyValueSpecification","valueRequired":true,"valueName":"search_term_string"}}],"inLanguage":"fr-FR"},{"@type":"Person","@id":"https:\/\/psgfans.fr\/#\/schema\/person\/be2237e7a0237af2f29cb344b3c55e6c","name":"psgfans","image":{"@type":"ImageObject","inLanguage":"fr-FR","@id":"https:\/\/secure.gravatar.com\/avatar\/?s=96&d=mm&r=g","url":"https:\/\/secure.gravatar.com\/avatar\/?s=96&d=mm&r=g","contentUrl":"https:\/\/secure.gravatar.com\/avatar\/?s=96&d=mm&r=g","caption":"psgfans"},"url":"https:\/\/psgfans.fr\/?author=2"}]}},"_links":{"self":[{"href":"https:\/\/psgfans.fr\/index.php?rest_route=\/wp\/v2\/posts\/894","targetHints":{"allow":["GET"]}}],"collection":[{"href":"https:\/\/psgfans.fr\/index.php?rest_route=\/wp\/v2\/posts"}],"about":[{"href":"https:\/\/psgfans.fr\/index.php?rest_route=\/wp\/v2\/types\/post"}],"author":[{"embeddable":true,"href":"https:\/\/psgfans.fr\/index.php?rest_route=\/wp\/v2\/users\/2"}],"replies":[{"embeddable":true,"href":"https:\/\/psgfans.fr\/index.php?rest_route=%2Fwp%2Fv2%2Fcomments&post=894"}],"version-history":[{"count":0,"href":"https:\/\/psgfans.fr\/index.php?rest_route=\/wp\/v2\/posts\/894\/revisions"}],"wp:attachment":[{"href":"https:\/\/psgfans.fr\/index.php?rest_route=%2Fwp%2Fv2%2Fmedia&parent=894"}],"wp:term":[{"taxonomy":"category","embeddable":true,"href":"https:\/\/psgfans.fr\/index.php?rest_route=%2Fwp%2Fv2%2Fcategories&post=894"},{"taxonomy":"post_tag","embeddable":true,"href":"https:\/\/psgfans.fr\/index.php?rest_route=%2Fwp%2Fv2%2Ftags&post=894"}],"curies":[{"name":"wp","href":"https:\/\/api.w.org\/{rel}","templated":true}]}}