{"id":891,"date":"2014-02-18T17:45:00","date_gmt":"2014-02-18T16:45:00","guid":{"rendered":"https:\/\/psgfans.fr\/?p=891"},"modified":"2014-02-18T17:45:00","modified_gmt":"2014-02-18T16:45:00","slug":"leverkusen-psg-avec-pastore-ou-lavezzi-les-choses-serieuses-debutent","status":"publish","type":"post","link":"https:\/\/psgfans.fr\/?p=891","title":{"rendered":"Leverkusen-PSG : avec Pastore ou Lavezzi, les choses s\u00e9rieuses d\u00e9butent"},"content":{"rendered":"<div style=\"clear: both; text-align: center;\"><a href=\"https:\/\/blogger.googleusercontent.com\/img\/b\/R29vZ2xl\/AVvXsEjeDMMOgi3huOd6FOVXs5ziopwnccvDH76qSAVdxBIbweMyO7tETmN3VSNRYqRjXoGjBhC7TPCBsSB0S5swjQrVlBofSwkUABNLssNZ6m7WblwOQ4vjz-Vg8_Ux0Jzmcyggchv9WdsbaAI\/s1600\/7764850616_zlatan-ibrahimovioc-sous-les-couleurs-du-psg.jpg\" style=\"margin-left: 1em; margin-right: 1em;\"><img loading=\"lazy\" decoding=\"async\" border=\"0\" src=\"https:\/\/blogger.googleusercontent.com\/img\/b\/R29vZ2xl\/AVvXsEjeDMMOgi3huOd6FOVXs5ziopwnccvDH76qSAVdxBIbweMyO7tETmN3VSNRYqRjXoGjBhC7TPCBsSB0S5swjQrVlBofSwkUABNLssNZ6m7WblwOQ4vjz-Vg8_Ux0Jzmcyggchv9WdsbaAI\/s1600\/7764850616_zlatan-ibrahimovioc-sous-les-couleurs-du-psg.jpg\" height=\"248\" width=\"400\" \/><\/a><\/div>\n<p>Apr\u00e8s un mois de janvier charg\u00e9, le PSG a enfin retrouv\u00e9 ces derniers jours de l&rsquo;allant et de la fra\u00eecheur tout en conservant un matelas de cinq points devant Monaco, son seul rival pour le titre national. Les Parisiens ont dispos\u00e9 vendredi, avec s\u00e9rieux et envie, mais pas mal de d\u00e9chet aussi, de Valenciennes (3-0) ; ils semblent avoir enfin dig\u00e9r\u00e9 l&rsquo;exigeant stage de fin d&rsquo;ann\u00e9e \u00e0 Doha, qui visait \u00e0 leur assurer une forme optimale en avril-mai, \u00ab\u00a0l\u00e0 o\u00f9 les titres se gagnent\u00a0\u00bb, rappelle Blanc.<\/p>\n<p>Or, \u00e9videmment, les titres, \u00e0 l&rsquo;exception de la Coupe de France dont l&rsquo;\u00e9limination en 16e de finale par Montpellier (2-1) lui a \u00f4t\u00e9 tout espoir de Grand Chelem, c&rsquo;est ce qui ne cesse d&rsquo;animer le club de la capitale depuis qu&rsquo;il est propri\u00e9t\u00e9 de ses dirigeants qatariens. En d\u00e9but de saison les objectifs fix\u00e9s ont \u00e9t\u00e9 clairs : conserver le titre de champion de France &#8211; ce qui semble bien parti -, remporter une Coupe nationale &#8211; Paris jouera la finale de la Coupe de la Ligue contre Lyon le 19 avril -, et faire au moins aussi bien que la saison pass\u00e9e en C1, o\u00f9 il avait \u00e9t\u00e9 \u00e9limin\u00e9 avec les honneurs par le Bar\u00e7a en quart de finale.<\/p>\n<p>Leverkusen en plein doute<\/p>\n<p>S&rsquo;agissant du d\u00e9fi continental, la prudence reste de mise en terme de communication, mais il ne faut pas s&rsquo;y fier : l&rsquo;ambition du PSG est immense, \u00e0 l&rsquo;image des moyens dont disposent ses propri\u00e9taires pour b\u00e2tir l&rsquo;\u00e9quipe qui parviendra \u00e0 r\u00e9aliser leur r\u00eave. Un r\u00eave qui passe d&rsquo;abord par Leverkusen, face \u00e0 une formation en plein doute et loin de celle qui avait tenu t\u00eate au Bayern (1-1) d\u00e9but octobre et s&rsquo;\u00e9tait impos\u00e9e \u00e0 Dortmund (0-1) deux mois plus tard. <br \/>&nbsp; <br \/>Lundi, le capitaine du Bayer Simon Rolfes a d&rsquo;ailleurs volontiers attribu\u00e9 au PSG le costume de favori. \u00ab\u00a0Nous sommes dans la peau du challenger, Paris a beaucoup investi, a une grande ambition, il est donc le favori, mais nous essaierons de repousser nos limites\u00a0\u00bb. L&rsquo;entra\u00eeneur Sami Hyypia, ancien d\u00e9fenseur central de Liverpool notamment, s&rsquo;attend \u00ab\u00a0\u00e0 voir beaucoup de classe individuelle\u00a0\u00bb, en premier lieu chez Ibrahimovic, \u00ab\u00a0un &nbsp;joueur de top niveau. On peut en tant que d\u00e9fenseur faire le match parfait, mais lui reste capable de marquer \u00e0 tout moment\u00a0\u00bb.<\/p>\n<p>Qui pour \u00e9pauler Ibrahimovic en l&rsquo;absence de Cavani ?<\/p>\n<p>Pourtant, comme les statistiques l&rsquo;attestent, \u00ab\u00a0Zlatan\u00a0\u00bb est un peu moins efficace lors des matches \u00e0 \u00e9liminations directes. Mais pas de quoi alarmer Blanc : \u00ab\u00a0Il a 32 ans, de l&rsquo;exp\u00e9rience \u00e0 revendre. \u00catre d\u00e9cisif dans ces matches-l\u00e0 est plus difficile, car les d\u00e9fenses sont meilleures. Mais il reste notre meilleur atout pour marquer. C&rsquo;est le joueur sur lequel le Bayer va se focaliser. Il r\u00e9pondra pr\u00e9sent, c&rsquo;est un comp\u00e9titeur hors norme\u00a0\u00bb.<br \/>&nbsp; <br \/>Toujours priv\u00e9 de Cavani, qui a recommenc\u00e9 \u00e0 courir, Blanc devrait reconduire le onze qui lui offre le plus de garantie depuis le d\u00e9but de saison, avec notamment Alex associ\u00e9 \u00e0 Thiago Silva en charni\u00e8re centrale et son trio du &nbsp;milieu Verratti-Motta-Matuidi. En attaque, aux c\u00f4t\u00e9s d&rsquo;Ibra, Lucas occupera le flanc droit. Un doute subsiste en revanche pour le flanc gauche, Pastore et Lavezzi \u00e9tant en concurrence.<br \/>&nbsp; <br \/>Soit Blanc sent que son \u00e9quipe est forte et lance \u00ab\u00a0El Flaco\u00a0\u00bb dans un registre de meneur-passeur o\u00f9 il semble rena\u00eetre en ce d\u00e9but d&rsquo;ann\u00e9e, soit il pr\u00e9f\u00e8re s&rsquo;appuyer sur \u00ab\u00a0El Pocho\u00a0\u00bb qui a plus de d\u00e9chet technique ou dans la finition, mais qui compense par une d\u00e9bauche d&rsquo;\u00e9nergie et un pressing d\u00e9fensif utiles lors des joutes europ\u00e9ennes. Quelle que soit la composition d&rsquo;\u00e9quipe, il faudra que Paris ne s&rsquo;amuse surtout pas \u00e0 g\u00e2cher les occasions. Ce qui est apparu comme un p\u00e9ch\u00e9 mignon sans f\u00e2cheuse cons\u00e9quence contre Valenciennes pourrait ne pas pardonner face \u00e0 un Bayer devant son public. <\/p>\n<p>source :&nbsp;rtl.fr<\/p>\n","protected":false},"excerpt":{"rendered":"<p>Apr\u00e8s un mois de janvier charg\u00e9, le PSG a enfin retrouv\u00e9 ces derniers jours de l&rsquo;allant et de la fra\u00eecheur tout en conservant un matelas de cinq points devant Monaco, son seul rival pour le titre national. Les Parisiens ont dispos\u00e9 vendredi, avec s\u00e9rieux et envie, mais pas mal de d\u00e9chet aussi, de Valenciennes (3-0) [&hellip;]<\/p>\n","protected":false},"author":2,"featured_media":0,"comment_status":"open","ping_status":"open","sticky":false,"template":"","format":"standard","meta":{"footnotes":""},"categories":[3],"tags":[],"class_list":{"0":"post-891","1":"post","2":"type-post","3":"status-publish","4":"format-standard","6":"category-news"},"yoast_head":"<!-- This site is optimized with the Yoast SEO plugin v27.4 - https:\/\/yoast.com\/product\/yoast-seo-wordpress\/ -->\n<title>Leverkusen-PSG : avec Pastore ou Lavezzi, les choses s\u00e9rieuses d\u00e9butent - PSG FANS<\/title>\n<meta name=\"robots\" content=\"index, follow, max-snippet:-1, max-image-preview:large, max-video-preview:-1\" \/>\n<link rel=\"canonical\" href=\"https:\/\/psgfans.fr\/?p=891\" \/>\n<meta property=\"og:locale\" content=\"fr_FR\" \/>\n<meta property=\"og:type\" content=\"article\" \/>\n<meta property=\"og:title\" content=\"Leverkusen-PSG : avec Pastore ou Lavezzi, les choses s\u00e9rieuses d\u00e9butent - PSG FANS\" \/>\n<meta property=\"og:description\" content=\"Apr\u00e8s un mois de janvier charg\u00e9, le PSG a enfin retrouv\u00e9 ces derniers jours de l&rsquo;allant et de la fra\u00eecheur tout en conservant un matelas de cinq points devant Monaco, son seul rival pour le titre national. Les Parisiens ont dispos\u00e9 vendredi, avec s\u00e9rieux et envie, mais pas mal de d\u00e9chet aussi, de Valenciennes (3-0) [&hellip;]\" \/>\n<meta property=\"og:url\" content=\"https:\/\/psgfans.fr\/?p=891\" \/>\n<meta property=\"og:site_name\" content=\"PSG FANS\" \/>\n<meta property=\"article:published_time\" content=\"2014-02-18T16:45:00+00:00\" \/>\n<meta property=\"og:image\" content=\"https:\/\/blogger.googleusercontent.com\/img\/b\/R29vZ2xl\/AVvXsEjeDMMOgi3huOd6FOVXs5ziopwnccvDH76qSAVdxBIbweMyO7tETmN3VSNRYqRjXoGjBhC7TPCBsSB0S5swjQrVlBofSwkUABNLssNZ6m7WblwOQ4vjz-Vg8_Ux0Jzmcyggchv9WdsbaAI\/s1600\/7764850616_zlatan-ibrahimovioc-sous-les-couleurs-du-psg.jpg\" \/>\n<meta name=\"author\" content=\"psgfans\" \/>\n<meta name=\"twitter:card\" content=\"summary_large_image\" \/>\n<meta name=\"twitter:label1\" content=\"\u00c9crit par\" \/>\n\t<meta name=\"twitter:data1\" content=\"psgfans\" \/>\n\t<meta name=\"twitter:label2\" content=\"Dur\u00e9e de lecture estim\u00e9e\" \/>\n\t<meta name=\"twitter:data2\" content=\"3 minutes\" \/>\n<script type=\"application\/ld+json\" class=\"yoast-schema-graph\">{\"@context\":\"https:\\\/\\\/schema.org\",\"@graph\":[{\"@type\":\"Article\",\"@id\":\"https:\\\/\\\/psgfans.fr\\\/?p=891#article\",\"isPartOf\":{\"@id\":\"https:\\\/\\\/psgfans.fr\\\/?p=891\"},\"author\":{\"name\":\"psgfans\",\"@id\":\"https:\\\/\\\/psgfans.fr\\\/#\\\/schema\\\/person\\\/be2237e7a0237af2f29cb344b3c55e6c\"},\"headline\":\"Leverkusen-PSG : avec Pastore ou Lavezzi, les choses s\u00e9rieuses d\u00e9butent\",\"datePublished\":\"2014-02-18T16:45:00+00:00\",\"mainEntityOfPage\":{\"@id\":\"https:\\\/\\\/psgfans.fr\\\/?p=891\"},\"wordCount\":699,\"commentCount\":0,\"image\":{\"@id\":\"https:\\\/\\\/psgfans.fr\\\/?p=891#primaryimage\"},\"thumbnailUrl\":\"https:\\\/\\\/blogger.googleusercontent.com\\\/img\\\/b\\\/R29vZ2xl\\\/AVvXsEjeDMMOgi3huOd6FOVXs5ziopwnccvDH76qSAVdxBIbweMyO7tETmN3VSNRYqRjXoGjBhC7TPCBsSB0S5swjQrVlBofSwkUABNLssNZ6m7WblwOQ4vjz-Vg8_Ux0Jzmcyggchv9WdsbaAI\\\/s1600\\\/7764850616_zlatan-ibrahimovioc-sous-les-couleurs-du-psg.jpg\",\"articleSection\":[\"News\"],\"inLanguage\":\"fr-FR\",\"potentialAction\":[{\"@type\":\"CommentAction\",\"name\":\"Comment\",\"target\":[\"https:\\\/\\\/psgfans.fr\\\/?p=891#respond\"]}]},{\"@type\":\"WebPage\",\"@id\":\"https:\\\/\\\/psgfans.fr\\\/?p=891\",\"url\":\"https:\\\/\\\/psgfans.fr\\\/?p=891\",\"name\":\"Leverkusen-PSG : avec Pastore ou Lavezzi, les choses s\u00e9rieuses d\u00e9butent - PSG FANS\",\"isPartOf\":{\"@id\":\"https:\\\/\\\/psgfans.fr\\\/#website\"},\"primaryImageOfPage\":{\"@id\":\"https:\\\/\\\/psgfans.fr\\\/?p=891#primaryimage\"},\"image\":{\"@id\":\"https:\\\/\\\/psgfans.fr\\\/?p=891#primaryimage\"},\"thumbnailUrl\":\"https:\\\/\\\/blogger.googleusercontent.com\\\/img\\\/b\\\/R29vZ2xl\\\/AVvXsEjeDMMOgi3huOd6FOVXs5ziopwnccvDH76qSAVdxBIbweMyO7tETmN3VSNRYqRjXoGjBhC7TPCBsSB0S5swjQrVlBofSwkUABNLssNZ6m7WblwOQ4vjz-Vg8_Ux0Jzmcyggchv9WdsbaAI\\\/s1600\\\/7764850616_zlatan-ibrahimovioc-sous-les-couleurs-du-psg.jpg\",\"datePublished\":\"2014-02-18T16:45:00+00:00\",\"author\":{\"@id\":\"https:\\\/\\\/psgfans.fr\\\/#\\\/schema\\\/person\\\/be2237e7a0237af2f29cb344b3c55e6c\"},\"breadcrumb\":{\"@id\":\"https:\\\/\\\/psgfans.fr\\\/?p=891#breadcrumb\"},\"inLanguage\":\"fr-FR\",\"potentialAction\":[{\"@type\":\"ReadAction\",\"target\":[\"https:\\\/\\\/psgfans.fr\\\/?p=891\"]}]},{\"@type\":\"ImageObject\",\"inLanguage\":\"fr-FR\",\"@id\":\"https:\\\/\\\/psgfans.fr\\\/?p=891#primaryimage\",\"url\":\"https:\\\/\\\/blogger.googleusercontent.com\\\/img\\\/b\\\/R29vZ2xl\\\/AVvXsEjeDMMOgi3huOd6FOVXs5ziopwnccvDH76qSAVdxBIbweMyO7tETmN3VSNRYqRjXoGjBhC7TPCBsSB0S5swjQrVlBofSwkUABNLssNZ6m7WblwOQ4vjz-Vg8_Ux0Jzmcyggchv9WdsbaAI\\\/s1600\\\/7764850616_zlatan-ibrahimovioc-sous-les-couleurs-du-psg.jpg\",\"contentUrl\":\"https:\\\/\\\/blogger.googleusercontent.com\\\/img\\\/b\\\/R29vZ2xl\\\/AVvXsEjeDMMOgi3huOd6FOVXs5ziopwnccvDH76qSAVdxBIbweMyO7tETmN3VSNRYqRjXoGjBhC7TPCBsSB0S5swjQrVlBofSwkUABNLssNZ6m7WblwOQ4vjz-Vg8_Ux0Jzmcyggchv9WdsbaAI\\\/s1600\\\/7764850616_zlatan-ibrahimovioc-sous-les-couleurs-du-psg.jpg\"},{\"@type\":\"BreadcrumbList\",\"@id\":\"https:\\\/\\\/psgfans.fr\\\/?p=891#breadcrumb\",\"itemListElement\":[{\"@type\":\"ListItem\",\"position\":1,\"name\":\"Accueil\",\"item\":\"https:\\\/\\\/psgfans.fr\\\/\"},{\"@type\":\"ListItem\",\"position\":2,\"name\":\"Leverkusen-PSG : avec Pastore ou Lavezzi, les choses s\u00e9rieuses d\u00e9butent\"}]},{\"@type\":\"WebSite\",\"@id\":\"https:\\\/\\\/psgfans.fr\\\/#website\",\"url\":\"https:\\\/\\\/psgfans.fr\\\/\",\"name\":\"PSG FANS\",\"description\":\"Unit\u00e9, Passion, Victoire : Au C\u0153ur du Paris Saint-Germain!\",\"potentialAction\":[{\"@type\":\"SearchAction\",\"target\":{\"@type\":\"EntryPoint\",\"urlTemplate\":\"https:\\\/\\\/psgfans.fr\\\/?s={search_term_string}\"},\"query-input\":{\"@type\":\"PropertyValueSpecification\",\"valueRequired\":true,\"valueName\":\"search_term_string\"}}],\"inLanguage\":\"fr-FR\"},{\"@type\":\"Person\",\"@id\":\"https:\\\/\\\/psgfans.fr\\\/#\\\/schema\\\/person\\\/be2237e7a0237af2f29cb344b3c55e6c\",\"name\":\"psgfans\",\"image\":{\"@type\":\"ImageObject\",\"inLanguage\":\"fr-FR\",\"@id\":\"https:\\\/\\\/secure.gravatar.com\\\/avatar\\\/?s=96&d=mm&r=g\",\"url\":\"https:\\\/\\\/secure.gravatar.com\\\/avatar\\\/?s=96&d=mm&r=g\",\"contentUrl\":\"https:\\\/\\\/secure.gravatar.com\\\/avatar\\\/?s=96&d=mm&r=g\",\"caption\":\"psgfans\"},\"url\":\"https:\\\/\\\/psgfans.fr\\\/?author=2\"}]}<\/script>\n<!-- \/ Yoast SEO plugin. -->","yoast_head_json":{"title":"Leverkusen-PSG : avec Pastore ou Lavezzi, les choses s\u00e9rieuses d\u00e9butent - PSG FANS","robots":{"index":"index","follow":"follow","max-snippet":"max-snippet:-1","max-image-preview":"max-image-preview:large","max-video-preview":"max-video-preview:-1"},"canonical":"https:\/\/psgfans.fr\/?p=891","og_locale":"fr_FR","og_type":"article","og_title":"Leverkusen-PSG : avec Pastore ou Lavezzi, les choses s\u00e9rieuses d\u00e9butent - PSG FANS","og_description":"Apr\u00e8s un mois de janvier charg\u00e9, le PSG a enfin retrouv\u00e9 ces derniers jours de l&rsquo;allant et de la fra\u00eecheur tout en conservant un matelas de cinq points devant Monaco, son seul rival pour le titre national. Les Parisiens ont dispos\u00e9 vendredi, avec s\u00e9rieux et envie, mais pas mal de d\u00e9chet aussi, de Valenciennes (3-0) [&hellip;]","og_url":"https:\/\/psgfans.fr\/?p=891","og_site_name":"PSG FANS","article_published_time":"2014-02-18T16:45:00+00:00","og_image":[{"url":"https:\/\/blogger.googleusercontent.com\/img\/b\/R29vZ2xl\/AVvXsEjeDMMOgi3huOd6FOVXs5ziopwnccvDH76qSAVdxBIbweMyO7tETmN3VSNRYqRjXoGjBhC7TPCBsSB0S5swjQrVlBofSwkUABNLssNZ6m7WblwOQ4vjz-Vg8_Ux0Jzmcyggchv9WdsbaAI\/s1600\/7764850616_zlatan-ibrahimovioc-sous-les-couleurs-du-psg.jpg","type":"","width":"","height":""}],"author":"psgfans","twitter_card":"summary_large_image","twitter_misc":{"\u00c9crit par":"psgfans","Dur\u00e9e de lecture estim\u00e9e":"3 minutes"},"schema":{"@context":"https:\/\/schema.org","@graph":[{"@type":"Article","@id":"https:\/\/psgfans.fr\/?p=891#article","isPartOf":{"@id":"https:\/\/psgfans.fr\/?p=891"},"author":{"name":"psgfans","@id":"https:\/\/psgfans.fr\/#\/schema\/person\/be2237e7a0237af2f29cb344b3c55e6c"},"headline":"Leverkusen-PSG : avec Pastore ou Lavezzi, les choses s\u00e9rieuses d\u00e9butent","datePublished":"2014-02-18T16:45:00+00:00","mainEntityOfPage":{"@id":"https:\/\/psgfans.fr\/?p=891"},"wordCount":699,"commentCount":0,"image":{"@id":"https:\/\/psgfans.fr\/?p=891#primaryimage"},"thumbnailUrl":"https:\/\/blogger.googleusercontent.com\/img\/b\/R29vZ2xl\/AVvXsEjeDMMOgi3huOd6FOVXs5ziopwnccvDH76qSAVdxBIbweMyO7tETmN3VSNRYqRjXoGjBhC7TPCBsSB0S5swjQrVlBofSwkUABNLssNZ6m7WblwOQ4vjz-Vg8_Ux0Jzmcyggchv9WdsbaAI\/s1600\/7764850616_zlatan-ibrahimovioc-sous-les-couleurs-du-psg.jpg","articleSection":["News"],"inLanguage":"fr-FR","potentialAction":[{"@type":"CommentAction","name":"Comment","target":["https:\/\/psgfans.fr\/?p=891#respond"]}]},{"@type":"WebPage","@id":"https:\/\/psgfans.fr\/?p=891","url":"https:\/\/psgfans.fr\/?p=891","name":"Leverkusen-PSG : avec Pastore ou Lavezzi, les choses s\u00e9rieuses d\u00e9butent - PSG FANS","isPartOf":{"@id":"https:\/\/psgfans.fr\/#website"},"primaryImageOfPage":{"@id":"https:\/\/psgfans.fr\/?p=891#primaryimage"},"image":{"@id":"https:\/\/psgfans.fr\/?p=891#primaryimage"},"thumbnailUrl":"https:\/\/blogger.googleusercontent.com\/img\/b\/R29vZ2xl\/AVvXsEjeDMMOgi3huOd6FOVXs5ziopwnccvDH76qSAVdxBIbweMyO7tETmN3VSNRYqRjXoGjBhC7TPCBsSB0S5swjQrVlBofSwkUABNLssNZ6m7WblwOQ4vjz-Vg8_Ux0Jzmcyggchv9WdsbaAI\/s1600\/7764850616_zlatan-ibrahimovioc-sous-les-couleurs-du-psg.jpg","datePublished":"2014-02-18T16:45:00+00:00","author":{"@id":"https:\/\/psgfans.fr\/#\/schema\/person\/be2237e7a0237af2f29cb344b3c55e6c"},"breadcrumb":{"@id":"https:\/\/psgfans.fr\/?p=891#breadcrumb"},"inLanguage":"fr-FR","potentialAction":[{"@type":"ReadAction","target":["https:\/\/psgfans.fr\/?p=891"]}]},{"@type":"ImageObject","inLanguage":"fr-FR","@id":"https:\/\/psgfans.fr\/?p=891#primaryimage","url":"https:\/\/blogger.googleusercontent.com\/img\/b\/R29vZ2xl\/AVvXsEjeDMMOgi3huOd6FOVXs5ziopwnccvDH76qSAVdxBIbweMyO7tETmN3VSNRYqRjXoGjBhC7TPCBsSB0S5swjQrVlBofSwkUABNLssNZ6m7WblwOQ4vjz-Vg8_Ux0Jzmcyggchv9WdsbaAI\/s1600\/7764850616_zlatan-ibrahimovioc-sous-les-couleurs-du-psg.jpg","contentUrl":"https:\/\/blogger.googleusercontent.com\/img\/b\/R29vZ2xl\/AVvXsEjeDMMOgi3huOd6FOVXs5ziopwnccvDH76qSAVdxBIbweMyO7tETmN3VSNRYqRjXoGjBhC7TPCBsSB0S5swjQrVlBofSwkUABNLssNZ6m7WblwOQ4vjz-Vg8_Ux0Jzmcyggchv9WdsbaAI\/s1600\/7764850616_zlatan-ibrahimovioc-sous-les-couleurs-du-psg.jpg"},{"@type":"BreadcrumbList","@id":"https:\/\/psgfans.fr\/?p=891#breadcrumb","itemListElement":[{"@type":"ListItem","position":1,"name":"Accueil","item":"https:\/\/psgfans.fr\/"},{"@type":"ListItem","position":2,"name":"Leverkusen-PSG : avec Pastore ou Lavezzi, les choses s\u00e9rieuses d\u00e9butent"}]},{"@type":"WebSite","@id":"https:\/\/psgfans.fr\/#website","url":"https:\/\/psgfans.fr\/","name":"PSG FANS","description":"Unit\u00e9, Passion, Victoire : Au C\u0153ur du Paris Saint-Germain!","potentialAction":[{"@type":"SearchAction","target":{"@type":"EntryPoint","urlTemplate":"https:\/\/psgfans.fr\/?s={search_term_string}"},"query-input":{"@type":"PropertyValueSpecification","valueRequired":true,"valueName":"search_term_string"}}],"inLanguage":"fr-FR"},{"@type":"Person","@id":"https:\/\/psgfans.fr\/#\/schema\/person\/be2237e7a0237af2f29cb344b3c55e6c","name":"psgfans","image":{"@type":"ImageObject","inLanguage":"fr-FR","@id":"https:\/\/secure.gravatar.com\/avatar\/?s=96&d=mm&r=g","url":"https:\/\/secure.gravatar.com\/avatar\/?s=96&d=mm&r=g","contentUrl":"https:\/\/secure.gravatar.com\/avatar\/?s=96&d=mm&r=g","caption":"psgfans"},"url":"https:\/\/psgfans.fr\/?author=2"}]}},"_links":{"self":[{"href":"https:\/\/psgfans.fr\/index.php?rest_route=\/wp\/v2\/posts\/891","targetHints":{"allow":["GET"]}}],"collection":[{"href":"https:\/\/psgfans.fr\/index.php?rest_route=\/wp\/v2\/posts"}],"about":[{"href":"https:\/\/psgfans.fr\/index.php?rest_route=\/wp\/v2\/types\/post"}],"author":[{"embeddable":true,"href":"https:\/\/psgfans.fr\/index.php?rest_route=\/wp\/v2\/users\/2"}],"replies":[{"embeddable":true,"href":"https:\/\/psgfans.fr\/index.php?rest_route=%2Fwp%2Fv2%2Fcomments&post=891"}],"version-history":[{"count":0,"href":"https:\/\/psgfans.fr\/index.php?rest_route=\/wp\/v2\/posts\/891\/revisions"}],"wp:attachment":[{"href":"https:\/\/psgfans.fr\/index.php?rest_route=%2Fwp%2Fv2%2Fmedia&parent=891"}],"wp:term":[{"taxonomy":"category","embeddable":true,"href":"https:\/\/psgfans.fr\/index.php?rest_route=%2Fwp%2Fv2%2Fcategories&post=891"},{"taxonomy":"post_tag","embeddable":true,"href":"https:\/\/psgfans.fr\/index.php?rest_route=%2Fwp%2Fv2%2Ftags&post=891"}],"curies":[{"name":"wp","href":"https:\/\/api.w.org\/{rel}","templated":true}]}}