{"id":889,"date":"2014-02-20T19:36:00","date_gmt":"2014-02-20T18:36:00","guid":{"rendered":"https:\/\/psgfans.fr\/?p=889"},"modified":"2014-02-20T19:36:00","modified_gmt":"2014-02-20T18:36:00","slug":"litalie-confirme-le-malaise-cavani","status":"publish","type":"post","link":"https:\/\/psgfans.fr\/?p=889","title":{"rendered":"l&#39;Italie confirme le malaise Cavani !"},"content":{"rendered":"<div style=\"clear: both; text-align: center;\"><a href=\"https:\/\/blogger.googleusercontent.com\/img\/b\/R29vZ2xl\/AVvXsEim61Qan5lsKz5ddHW_VJii0HrC2IuQRoxG25VGkLmaKPp8hUVj4hnIL_N9eMxh4WdUG8oXAuTfI_fkZgA19xiCJsfQzIGCGwCsUI5zes7Vp47WLM0x8BcRrBmFz2bitDMrH8fT7AYMv_o\/s1600\/7-ans-de-seduction.jpg\" style=\"margin-left: 1em; margin-right: 1em;\"><img decoding=\"async\" border=\"0\" src=\"https:\/\/blogger.googleusercontent.com\/img\/b\/R29vZ2xl\/AVvXsEim61Qan5lsKz5ddHW_VJii0HrC2IuQRoxG25VGkLmaKPp8hUVj4hnIL_N9eMxh4WdUG8oXAuTfI_fkZgA19xiCJsfQzIGCGwCsUI5zes7Vp47WLM0x8BcRrBmFz2bitDMrH8fT7AYMv_o\/s1600\/7-ans-de-seduction.jpg\" \/><\/a><\/div>\n<p><u><b>Depuis quelques jours, la rumeur se fait insistante. Propag\u00e9e en Angleterre puis en Uruguay, elle trouve aujourd\u2019hui \u00e9cho en Italie : Edinson Cavani, attaquant du PSG, songerait s\u00e9rieusement au d\u00e9part d\u00e8s l\u2019\u00e9t\u00e9 prochain.<\/b><\/u><\/p>\n<div><\/div>\n<div>\n<div>Et si Edinson Cavani, recrue la plus ch\u00e8re de l\u2019histoire de la Ligue 1 du haut des 64 M\u20ac qu\u2019il a co\u00fbt\u00e9, venait \u00e0 quitter la France et le PSG au bout d\u2019un an ? La rumeur peut \u00e0 premi\u00e8re vue para\u00eetre fantaisiste, mais force est de constater qu\u2019elle se r\u00e9pand comme une tra\u00een\u00e9e de poudre ces derniers jours, laissant forc\u00e9ment \u00e0 penser que du vrai s\u2019y cache. Angleterre, Uruguay, et maintenant Italie via le Corriere dello Sport, oui, l\u2019information selon laquelle le buteur uruguayen pourrait quitter Paris cet \u00e9t\u00e9 prend de l\u2019ampleur.<\/div>\n<div><\/div>\n<div>L\u2019argument avanc\u00e9 par les m\u00e9dias qui ont relay\u00e9 cette derni\u00e8re est toujours le m\u00eame. Toujours : Edinson Cavani serait m\u00e9content de sa situation au PSG, et notamment de son positionnement sur la pelouse, \u00e0 droite dans le 4-3-3 mis en place en d\u00e9but de campagne par coach Laurent Blanc. Un m\u00e9contentement qui aurait de quoi \u00e9tonner venant d\u2019un \u00e9l\u00e9ment affichant toujours un \u00e9tat d\u2019esprit irr\u00e9prochable, mais qui pourrait tout aussi bien \u00eatre l\u00e9gitime pour ce vrai num\u00e9ro 9 amen\u00e9 \u00e0 cohabiter avec la star Zlatan Ibrahimovic, laquelle lui est pr\u00e9f\u00e9r\u00e9e en pointe. Au vrai, peut-\u00eatre est-ce le long terme qui effraie Cavani. Comme tout le monde, le joueur a saisi la port\u00e9e des dires de son entra\u00eeneur, qui a maintes fois d\u00e9clar\u00e9 qu\u2019il ne modifierait pas son dispositif.<\/div>\n<div><\/div>\n<div>Le Corriere dello Sport le confirme donc aujourd\u2019hui, l\u2019ancien Napolitain, qui r\u00e9cup\u00e8re actuellement d\u2019une blessure aux ischios-jambiers, pense d\u00e9j\u00e0 au mercato estival. Un mercato qui, \u00e0 en croire la publication transalpine, pourrait le voir prendre la direction de l\u2019Angleterre, o\u00f9 Chelsea et Manchester United sont int\u00e9ress\u00e9s par son profil. Restera donc \u00e0 v\u00e9rifier l\u2019information, et si elle se confirme, \u00e0 constater le positionnement du PSG sur le dossier. Pas s\u00fbr que les dirigeants franciliens consid\u00e8rent le d\u00e9part d\u2019un joueur qui leur a tant co\u00fbt\u00e9\u2026<\/div>\n<\/div>\n<div><\/div>\n<div><\/div>\n<div>Source : footmercato.net<\/div>\n","protected":false},"excerpt":{"rendered":"<p>Depuis quelques jours, la rumeur se fait insistante. Propag\u00e9e en Angleterre puis en Uruguay, elle trouve aujourd\u2019hui \u00e9cho en Italie : Edinson Cavani, attaquant du PSG, songerait s\u00e9rieusement au d\u00e9part d\u00e8s l\u2019\u00e9t\u00e9 prochain. Et si Edinson Cavani, recrue la plus ch\u00e8re de l\u2019histoire de la Ligue 1 du haut des 64 M\u20ac qu\u2019il a co\u00fbt\u00e9, [&hellip;]<\/p>\n","protected":false},"author":2,"featured_media":0,"comment_status":"open","ping_status":"open","sticky":false,"template":"","format":"standard","meta":{"footnotes":""},"categories":[3],"tags":[],"class_list":{"0":"post-889","1":"post","2":"type-post","3":"status-publish","4":"format-standard","6":"category-news"},"yoast_head":"<!-- This site is optimized with the Yoast SEO plugin v27.4 - https:\/\/yoast.com\/product\/yoast-seo-wordpress\/ -->\n<title>l&#039;Italie confirme le malaise Cavani ! - PSG FANS<\/title>\n<meta name=\"robots\" content=\"index, follow, max-snippet:-1, max-image-preview:large, max-video-preview:-1\" \/>\n<link rel=\"canonical\" href=\"https:\/\/psgfans.fr\/?p=889\" \/>\n<meta property=\"og:locale\" content=\"fr_FR\" \/>\n<meta property=\"og:type\" content=\"article\" \/>\n<meta property=\"og:title\" content=\"l&#039;Italie confirme le malaise Cavani ! - PSG FANS\" \/>\n<meta property=\"og:description\" content=\"Depuis quelques jours, la rumeur se fait insistante. Propag\u00e9e en Angleterre puis en Uruguay, elle trouve aujourd\u2019hui \u00e9cho en Italie : Edinson Cavani, attaquant du PSG, songerait s\u00e9rieusement au d\u00e9part d\u00e8s l\u2019\u00e9t\u00e9 prochain. Et si Edinson Cavani, recrue la plus ch\u00e8re de l\u2019histoire de la Ligue 1 du haut des 64 M\u20ac qu\u2019il a co\u00fbt\u00e9, [&hellip;]\" \/>\n<meta property=\"og:url\" content=\"https:\/\/psgfans.fr\/?p=889\" \/>\n<meta property=\"og:site_name\" content=\"PSG FANS\" \/>\n<meta property=\"article:published_time\" content=\"2014-02-20T18:36:00+00:00\" \/>\n<meta property=\"og:image\" content=\"https:\/\/blogger.googleusercontent.com\/img\/b\/R29vZ2xl\/AVvXsEim61Qan5lsKz5ddHW_VJii0HrC2IuQRoxG25VGkLmaKPp8hUVj4hnIL_N9eMxh4WdUG8oXAuTfI_fkZgA19xiCJsfQzIGCGwCsUI5zes7Vp47WLM0x8BcRrBmFz2bitDMrH8fT7AYMv_o\/s1600\/7-ans-de-seduction.jpg\" \/>\n<meta name=\"author\" content=\"psgfans\" \/>\n<meta name=\"twitter:card\" content=\"summary_large_image\" \/>\n<meta name=\"twitter:label1\" content=\"\u00c9crit par\" \/>\n\t<meta name=\"twitter:data1\" content=\"psgfans\" \/>\n\t<meta name=\"twitter:label2\" content=\"Dur\u00e9e de lecture estim\u00e9e\" \/>\n\t<meta name=\"twitter:data2\" content=\"2 minutes\" \/>\n<script type=\"application\/ld+json\" class=\"yoast-schema-graph\">{\"@context\":\"https:\\\/\\\/schema.org\",\"@graph\":[{\"@type\":\"Article\",\"@id\":\"https:\\\/\\\/psgfans.fr\\\/?p=889#article\",\"isPartOf\":{\"@id\":\"https:\\\/\\\/psgfans.fr\\\/?p=889\"},\"author\":{\"name\":\"psgfans\",\"@id\":\"https:\\\/\\\/psgfans.fr\\\/#\\\/schema\\\/person\\\/be2237e7a0237af2f29cb344b3c55e6c\"},\"headline\":\"l&#39;Italie confirme le malaise Cavani !\",\"datePublished\":\"2014-02-20T18:36:00+00:00\",\"mainEntityOfPage\":{\"@id\":\"https:\\\/\\\/psgfans.fr\\\/?p=889\"},\"wordCount\":392,\"commentCount\":0,\"image\":{\"@id\":\"https:\\\/\\\/psgfans.fr\\\/?p=889#primaryimage\"},\"thumbnailUrl\":\"https:\\\/\\\/blogger.googleusercontent.com\\\/img\\\/b\\\/R29vZ2xl\\\/AVvXsEim61Qan5lsKz5ddHW_VJii0HrC2IuQRoxG25VGkLmaKPp8hUVj4hnIL_N9eMxh4WdUG8oXAuTfI_fkZgA19xiCJsfQzIGCGwCsUI5zes7Vp47WLM0x8BcRrBmFz2bitDMrH8fT7AYMv_o\\\/s1600\\\/7-ans-de-seduction.jpg\",\"articleSection\":[\"News\"],\"inLanguage\":\"fr-FR\",\"potentialAction\":[{\"@type\":\"CommentAction\",\"name\":\"Comment\",\"target\":[\"https:\\\/\\\/psgfans.fr\\\/?p=889#respond\"]}]},{\"@type\":\"WebPage\",\"@id\":\"https:\\\/\\\/psgfans.fr\\\/?p=889\",\"url\":\"https:\\\/\\\/psgfans.fr\\\/?p=889\",\"name\":\"l&#39;Italie confirme le malaise Cavani ! - PSG FANS\",\"isPartOf\":{\"@id\":\"https:\\\/\\\/psgfans.fr\\\/#website\"},\"primaryImageOfPage\":{\"@id\":\"https:\\\/\\\/psgfans.fr\\\/?p=889#primaryimage\"},\"image\":{\"@id\":\"https:\\\/\\\/psgfans.fr\\\/?p=889#primaryimage\"},\"thumbnailUrl\":\"https:\\\/\\\/blogger.googleusercontent.com\\\/img\\\/b\\\/R29vZ2xl\\\/AVvXsEim61Qan5lsKz5ddHW_VJii0HrC2IuQRoxG25VGkLmaKPp8hUVj4hnIL_N9eMxh4WdUG8oXAuTfI_fkZgA19xiCJsfQzIGCGwCsUI5zes7Vp47WLM0x8BcRrBmFz2bitDMrH8fT7AYMv_o\\\/s1600\\\/7-ans-de-seduction.jpg\",\"datePublished\":\"2014-02-20T18:36:00+00:00\",\"author\":{\"@id\":\"https:\\\/\\\/psgfans.fr\\\/#\\\/schema\\\/person\\\/be2237e7a0237af2f29cb344b3c55e6c\"},\"breadcrumb\":{\"@id\":\"https:\\\/\\\/psgfans.fr\\\/?p=889#breadcrumb\"},\"inLanguage\":\"fr-FR\",\"potentialAction\":[{\"@type\":\"ReadAction\",\"target\":[\"https:\\\/\\\/psgfans.fr\\\/?p=889\"]}]},{\"@type\":\"ImageObject\",\"inLanguage\":\"fr-FR\",\"@id\":\"https:\\\/\\\/psgfans.fr\\\/?p=889#primaryimage\",\"url\":\"https:\\\/\\\/blogger.googleusercontent.com\\\/img\\\/b\\\/R29vZ2xl\\\/AVvXsEim61Qan5lsKz5ddHW_VJii0HrC2IuQRoxG25VGkLmaKPp8hUVj4hnIL_N9eMxh4WdUG8oXAuTfI_fkZgA19xiCJsfQzIGCGwCsUI5zes7Vp47WLM0x8BcRrBmFz2bitDMrH8fT7AYMv_o\\\/s1600\\\/7-ans-de-seduction.jpg\",\"contentUrl\":\"https:\\\/\\\/blogger.googleusercontent.com\\\/img\\\/b\\\/R29vZ2xl\\\/AVvXsEim61Qan5lsKz5ddHW_VJii0HrC2IuQRoxG25VGkLmaKPp8hUVj4hnIL_N9eMxh4WdUG8oXAuTfI_fkZgA19xiCJsfQzIGCGwCsUI5zes7Vp47WLM0x8BcRrBmFz2bitDMrH8fT7AYMv_o\\\/s1600\\\/7-ans-de-seduction.jpg\"},{\"@type\":\"BreadcrumbList\",\"@id\":\"https:\\\/\\\/psgfans.fr\\\/?p=889#breadcrumb\",\"itemListElement\":[{\"@type\":\"ListItem\",\"position\":1,\"name\":\"Accueil\",\"item\":\"https:\\\/\\\/psgfans.fr\\\/\"},{\"@type\":\"ListItem\",\"position\":2,\"name\":\"l&#39;Italie confirme le malaise Cavani !\"}]},{\"@type\":\"WebSite\",\"@id\":\"https:\\\/\\\/psgfans.fr\\\/#website\",\"url\":\"https:\\\/\\\/psgfans.fr\\\/\",\"name\":\"PSG FANS\",\"description\":\"Unit\u00e9, Passion, Victoire : Au C\u0153ur du Paris Saint-Germain!\",\"potentialAction\":[{\"@type\":\"SearchAction\",\"target\":{\"@type\":\"EntryPoint\",\"urlTemplate\":\"https:\\\/\\\/psgfans.fr\\\/?s={search_term_string}\"},\"query-input\":{\"@type\":\"PropertyValueSpecification\",\"valueRequired\":true,\"valueName\":\"search_term_string\"}}],\"inLanguage\":\"fr-FR\"},{\"@type\":\"Person\",\"@id\":\"https:\\\/\\\/psgfans.fr\\\/#\\\/schema\\\/person\\\/be2237e7a0237af2f29cb344b3c55e6c\",\"name\":\"psgfans\",\"image\":{\"@type\":\"ImageObject\",\"inLanguage\":\"fr-FR\",\"@id\":\"https:\\\/\\\/secure.gravatar.com\\\/avatar\\\/?s=96&d=mm&r=g\",\"url\":\"https:\\\/\\\/secure.gravatar.com\\\/avatar\\\/?s=96&d=mm&r=g\",\"contentUrl\":\"https:\\\/\\\/secure.gravatar.com\\\/avatar\\\/?s=96&d=mm&r=g\",\"caption\":\"psgfans\"},\"url\":\"https:\\\/\\\/psgfans.fr\\\/?author=2\"}]}<\/script>\n<!-- \/ Yoast SEO plugin. -->","yoast_head_json":{"title":"l&#39;Italie confirme le malaise Cavani ! - PSG FANS","robots":{"index":"index","follow":"follow","max-snippet":"max-snippet:-1","max-image-preview":"max-image-preview:large","max-video-preview":"max-video-preview:-1"},"canonical":"https:\/\/psgfans.fr\/?p=889","og_locale":"fr_FR","og_type":"article","og_title":"l&#39;Italie confirme le malaise Cavani ! - PSG FANS","og_description":"Depuis quelques jours, la rumeur se fait insistante. Propag\u00e9e en Angleterre puis en Uruguay, elle trouve aujourd\u2019hui \u00e9cho en Italie : Edinson Cavani, attaquant du PSG, songerait s\u00e9rieusement au d\u00e9part d\u00e8s l\u2019\u00e9t\u00e9 prochain. Et si Edinson Cavani, recrue la plus ch\u00e8re de l\u2019histoire de la Ligue 1 du haut des 64 M\u20ac qu\u2019il a co\u00fbt\u00e9, [&hellip;]","og_url":"https:\/\/psgfans.fr\/?p=889","og_site_name":"PSG FANS","article_published_time":"2014-02-20T18:36:00+00:00","og_image":[{"url":"https:\/\/blogger.googleusercontent.com\/img\/b\/R29vZ2xl\/AVvXsEim61Qan5lsKz5ddHW_VJii0HrC2IuQRoxG25VGkLmaKPp8hUVj4hnIL_N9eMxh4WdUG8oXAuTfI_fkZgA19xiCJsfQzIGCGwCsUI5zes7Vp47WLM0x8BcRrBmFz2bitDMrH8fT7AYMv_o\/s1600\/7-ans-de-seduction.jpg","type":"","width":"","height":""}],"author":"psgfans","twitter_card":"summary_large_image","twitter_misc":{"\u00c9crit par":"psgfans","Dur\u00e9e de lecture estim\u00e9e":"2 minutes"},"schema":{"@context":"https:\/\/schema.org","@graph":[{"@type":"Article","@id":"https:\/\/psgfans.fr\/?p=889#article","isPartOf":{"@id":"https:\/\/psgfans.fr\/?p=889"},"author":{"name":"psgfans","@id":"https:\/\/psgfans.fr\/#\/schema\/person\/be2237e7a0237af2f29cb344b3c55e6c"},"headline":"l&#39;Italie confirme le malaise Cavani !","datePublished":"2014-02-20T18:36:00+00:00","mainEntityOfPage":{"@id":"https:\/\/psgfans.fr\/?p=889"},"wordCount":392,"commentCount":0,"image":{"@id":"https:\/\/psgfans.fr\/?p=889#primaryimage"},"thumbnailUrl":"https:\/\/blogger.googleusercontent.com\/img\/b\/R29vZ2xl\/AVvXsEim61Qan5lsKz5ddHW_VJii0HrC2IuQRoxG25VGkLmaKPp8hUVj4hnIL_N9eMxh4WdUG8oXAuTfI_fkZgA19xiCJsfQzIGCGwCsUI5zes7Vp47WLM0x8BcRrBmFz2bitDMrH8fT7AYMv_o\/s1600\/7-ans-de-seduction.jpg","articleSection":["News"],"inLanguage":"fr-FR","potentialAction":[{"@type":"CommentAction","name":"Comment","target":["https:\/\/psgfans.fr\/?p=889#respond"]}]},{"@type":"WebPage","@id":"https:\/\/psgfans.fr\/?p=889","url":"https:\/\/psgfans.fr\/?p=889","name":"l&#39;Italie confirme le malaise Cavani ! - PSG FANS","isPartOf":{"@id":"https:\/\/psgfans.fr\/#website"},"primaryImageOfPage":{"@id":"https:\/\/psgfans.fr\/?p=889#primaryimage"},"image":{"@id":"https:\/\/psgfans.fr\/?p=889#primaryimage"},"thumbnailUrl":"https:\/\/blogger.googleusercontent.com\/img\/b\/R29vZ2xl\/AVvXsEim61Qan5lsKz5ddHW_VJii0HrC2IuQRoxG25VGkLmaKPp8hUVj4hnIL_N9eMxh4WdUG8oXAuTfI_fkZgA19xiCJsfQzIGCGwCsUI5zes7Vp47WLM0x8BcRrBmFz2bitDMrH8fT7AYMv_o\/s1600\/7-ans-de-seduction.jpg","datePublished":"2014-02-20T18:36:00+00:00","author":{"@id":"https:\/\/psgfans.fr\/#\/schema\/person\/be2237e7a0237af2f29cb344b3c55e6c"},"breadcrumb":{"@id":"https:\/\/psgfans.fr\/?p=889#breadcrumb"},"inLanguage":"fr-FR","potentialAction":[{"@type":"ReadAction","target":["https:\/\/psgfans.fr\/?p=889"]}]},{"@type":"ImageObject","inLanguage":"fr-FR","@id":"https:\/\/psgfans.fr\/?p=889#primaryimage","url":"https:\/\/blogger.googleusercontent.com\/img\/b\/R29vZ2xl\/AVvXsEim61Qan5lsKz5ddHW_VJii0HrC2IuQRoxG25VGkLmaKPp8hUVj4hnIL_N9eMxh4WdUG8oXAuTfI_fkZgA19xiCJsfQzIGCGwCsUI5zes7Vp47WLM0x8BcRrBmFz2bitDMrH8fT7AYMv_o\/s1600\/7-ans-de-seduction.jpg","contentUrl":"https:\/\/blogger.googleusercontent.com\/img\/b\/R29vZ2xl\/AVvXsEim61Qan5lsKz5ddHW_VJii0HrC2IuQRoxG25VGkLmaKPp8hUVj4hnIL_N9eMxh4WdUG8oXAuTfI_fkZgA19xiCJsfQzIGCGwCsUI5zes7Vp47WLM0x8BcRrBmFz2bitDMrH8fT7AYMv_o\/s1600\/7-ans-de-seduction.jpg"},{"@type":"BreadcrumbList","@id":"https:\/\/psgfans.fr\/?p=889#breadcrumb","itemListElement":[{"@type":"ListItem","position":1,"name":"Accueil","item":"https:\/\/psgfans.fr\/"},{"@type":"ListItem","position":2,"name":"l&#39;Italie confirme le malaise Cavani !"}]},{"@type":"WebSite","@id":"https:\/\/psgfans.fr\/#website","url":"https:\/\/psgfans.fr\/","name":"PSG FANS","description":"Unit\u00e9, Passion, Victoire : Au C\u0153ur du Paris Saint-Germain!","potentialAction":[{"@type":"SearchAction","target":{"@type":"EntryPoint","urlTemplate":"https:\/\/psgfans.fr\/?s={search_term_string}"},"query-input":{"@type":"PropertyValueSpecification","valueRequired":true,"valueName":"search_term_string"}}],"inLanguage":"fr-FR"},{"@type":"Person","@id":"https:\/\/psgfans.fr\/#\/schema\/person\/be2237e7a0237af2f29cb344b3c55e6c","name":"psgfans","image":{"@type":"ImageObject","inLanguage":"fr-FR","@id":"https:\/\/secure.gravatar.com\/avatar\/?s=96&d=mm&r=g","url":"https:\/\/secure.gravatar.com\/avatar\/?s=96&d=mm&r=g","contentUrl":"https:\/\/secure.gravatar.com\/avatar\/?s=96&d=mm&r=g","caption":"psgfans"},"url":"https:\/\/psgfans.fr\/?author=2"}]}},"_links":{"self":[{"href":"https:\/\/psgfans.fr\/index.php?rest_route=\/wp\/v2\/posts\/889","targetHints":{"allow":["GET"]}}],"collection":[{"href":"https:\/\/psgfans.fr\/index.php?rest_route=\/wp\/v2\/posts"}],"about":[{"href":"https:\/\/psgfans.fr\/index.php?rest_route=\/wp\/v2\/types\/post"}],"author":[{"embeddable":true,"href":"https:\/\/psgfans.fr\/index.php?rest_route=\/wp\/v2\/users\/2"}],"replies":[{"embeddable":true,"href":"https:\/\/psgfans.fr\/index.php?rest_route=%2Fwp%2Fv2%2Fcomments&post=889"}],"version-history":[{"count":0,"href":"https:\/\/psgfans.fr\/index.php?rest_route=\/wp\/v2\/posts\/889\/revisions"}],"wp:attachment":[{"href":"https:\/\/psgfans.fr\/index.php?rest_route=%2Fwp%2Fv2%2Fmedia&parent=889"}],"wp:term":[{"taxonomy":"category","embeddable":true,"href":"https:\/\/psgfans.fr\/index.php?rest_route=%2Fwp%2Fv2%2Fcategories&post=889"},{"taxonomy":"post_tag","embeddable":true,"href":"https:\/\/psgfans.fr\/index.php?rest_route=%2Fwp%2Fv2%2Ftags&post=889"}],"curies":[{"name":"wp","href":"https:\/\/api.w.org\/{rel}","templated":true}]}}