{"id":885,"date":"2014-02-27T20:52:00","date_gmt":"2014-02-27T19:52:00","guid":{"rendered":"https:\/\/psgfans.fr\/?p=885"},"modified":"2014-02-27T20:52:00","modified_gmt":"2014-02-27T19:52:00","slug":"matuidi-prolonge-jusquen-2018","status":"publish","type":"post","link":"https:\/\/psgfans.fr\/?p=885","title":{"rendered":"Matuidi prolonge jusqu&#39;en 2018"},"content":{"rendered":"<div dir=\"ltr\" style=\"text-align: left;\">\n<div style=\"clear: both; text-align: center;\"><a href=\"https:\/\/blogger.googleusercontent.com\/img\/b\/R29vZ2xl\/AVvXsEg9R28lRH5JiRk1WFWrr4SmAN1wZuUG3JA95cVXq7m0JKX6NaAeZxULAg0L0lUbMDRThIrIPaC1w2eh1A52YG-SrBOeHtrIY-gY-Ti4FB-FU7SMhDJRyv56u1QP1Rf6JWixNqfmsgZPNhI\/s1600\/2a.jpg\" style=\"margin-left: 1em; margin-right: 1em;\"><img loading=\"lazy\" decoding=\"async\" border=\"0\" src=\"https:\/\/blogger.googleusercontent.com\/img\/b\/R29vZ2xl\/AVvXsEg9R28lRH5JiRk1WFWrr4SmAN1wZuUG3JA95cVXq7m0JKX6NaAeZxULAg0L0lUbMDRThIrIPaC1w2eh1A52YG-SrBOeHtrIY-gY-Ti4FB-FU7SMhDJRyv56u1QP1Rf6JWixNqfmsgZPNhI\/s1600\/2a.jpg\" height=\"180\" width=\"320\" \/><\/a><\/div>\n<p>Un long feuilleton de plusieurs mois vient de s&rsquo;achever ce mercredi apr\u00e8s-midi. Blaise Matuidi, 26 ans, arriv\u00e9 au PSG \u00e0 l&rsquo;\u00e9t\u00e9 2011, a prolong\u00e9 de quatre ans son bail avec le club de la capitale. Il est d\u00e9sormais Parisien jusqu&rsquo;en 2018. Sa prolongation est assortie d&rsquo;une forte revalorisation salariale. L\u2019ancien St\u00e9phanois, qui percevait jusqu&rsquo;\u00e0 pr\u00e9sent 103 000 euros nets mensuels, hors primes, aurait vu ses \u00e9moluments multipli\u00e9s par deux.<\/p>\n<p>Tr\u00e8s appr\u00e9ci\u00e9 par le pr\u00e9sident al-Khela\u00effi, il est l&rsquo;un des symboles du PSG version Qatar. Pour la direction du club, il \u00e9tait hors de question de le laisser filer. Manchester City et le Real Madrid avaient un oeil dessus. Si la prolongation du bail de Matuidi a tant tra\u00een\u00e9 \u00e0 se concr\u00e9tiser, c&rsquo;est en raison de l\u2019existence d\u2019un diff\u00e9rend financier et judiciaire entre le milieu de terrain, son nouvel agent Mino Raiola (\u00e9galement en charge d&rsquo;Ibrahimovic et Maxwell notamment), et son ancien conseil, Jean-Pierre Bern\u00e8s. Se consid\u00e9rant l\u00e9s\u00e9, ce dernier a lanc\u00e9 une action devant les tribunaux et r\u00e9clame plusieurs millions d&rsquo;euros de dommages et int\u00e9r\u00eat \u00e0 l&rsquo;international fran\u00e7ais et \u00e0 Raiola.<br \/>\u00abJe souhaitais absolument continuer l&rsquo;aventure. L&rsquo;ambition sans limite du club n&rsquo;a pas d&rsquo;\u00e9gal en Europe\u00bb, s&rsquo;est f\u00e9licit\u00e9 Matuidi, qui a jou\u00e9 124 matchs pour Paris, sur le site du club. \u00abNous envoyons un signal tr\u00e8s fort en France et en Europe en prolongeant l&rsquo;un des meilleurs joueurs fran\u00e7ais\u00bb, a confi\u00e9 pour sa part Nasser al-Khela\u00effi.<\/p>\n<p>LeParisien.fr<\/p><\/div>\n","protected":false},"excerpt":{"rendered":"<p>Un long feuilleton de plusieurs mois vient de s&rsquo;achever ce mercredi apr\u00e8s-midi. Blaise Matuidi, 26 ans, arriv\u00e9 au PSG \u00e0 l&rsquo;\u00e9t\u00e9 2011, a prolong\u00e9 de quatre ans son bail avec le club de la capitale. Il est d\u00e9sormais Parisien jusqu&rsquo;en 2018. Sa prolongation est assortie d&rsquo;une forte revalorisation salariale. L\u2019ancien St\u00e9phanois, qui percevait jusqu&rsquo;\u00e0 pr\u00e9sent [&hellip;]<\/p>\n","protected":false},"author":2,"featured_media":0,"comment_status":"open","ping_status":"open","sticky":false,"template":"","format":"standard","meta":{"footnotes":""},"categories":[3],"tags":[],"class_list":{"0":"post-885","1":"post","2":"type-post","3":"status-publish","4":"format-standard","6":"category-news"},"yoast_head":"<!-- This site is optimized with the Yoast SEO plugin v27.4 - https:\/\/yoast.com\/product\/yoast-seo-wordpress\/ -->\n<title>Matuidi prolonge jusqu&#039;en 2018 - PSG FANS<\/title>\n<meta name=\"robots\" content=\"index, follow, max-snippet:-1, max-image-preview:large, max-video-preview:-1\" \/>\n<link rel=\"canonical\" href=\"https:\/\/psgfans.fr\/?p=885\" \/>\n<meta property=\"og:locale\" content=\"fr_FR\" \/>\n<meta property=\"og:type\" content=\"article\" \/>\n<meta property=\"og:title\" content=\"Matuidi prolonge jusqu&#039;en 2018 - PSG FANS\" \/>\n<meta property=\"og:description\" content=\"Un long feuilleton de plusieurs mois vient de s&rsquo;achever ce mercredi apr\u00e8s-midi. Blaise Matuidi, 26 ans, arriv\u00e9 au PSG \u00e0 l&rsquo;\u00e9t\u00e9 2011, a prolong\u00e9 de quatre ans son bail avec le club de la capitale. Il est d\u00e9sormais Parisien jusqu&rsquo;en 2018. Sa prolongation est assortie d&rsquo;une forte revalorisation salariale. L\u2019ancien St\u00e9phanois, qui percevait jusqu&rsquo;\u00e0 pr\u00e9sent [&hellip;]\" \/>\n<meta property=\"og:url\" content=\"https:\/\/psgfans.fr\/?p=885\" \/>\n<meta property=\"og:site_name\" content=\"PSG FANS\" \/>\n<meta property=\"article:published_time\" content=\"2014-02-27T19:52:00+00:00\" \/>\n<meta property=\"og:image\" content=\"https:\/\/blogger.googleusercontent.com\/img\/b\/R29vZ2xl\/AVvXsEg9R28lRH5JiRk1WFWrr4SmAN1wZuUG3JA95cVXq7m0JKX6NaAeZxULAg0L0lUbMDRThIrIPaC1w2eh1A52YG-SrBOeHtrIY-gY-Ti4FB-FU7SMhDJRyv56u1QP1Rf6JWixNqfmsgZPNhI\/s1600\/2a.jpg\" \/>\n<meta name=\"author\" content=\"psgfans\" \/>\n<meta name=\"twitter:card\" content=\"summary_large_image\" \/>\n<meta name=\"twitter:label1\" content=\"\u00c9crit par\" \/>\n\t<meta name=\"twitter:data1\" content=\"psgfans\" \/>\n\t<meta name=\"twitter:label2\" content=\"Dur\u00e9e de lecture estim\u00e9e\" \/>\n\t<meta name=\"twitter:data2\" content=\"1 minute\" \/>\n<script type=\"application\/ld+json\" class=\"yoast-schema-graph\">{\"@context\":\"https:\\\/\\\/schema.org\",\"@graph\":[{\"@type\":\"Article\",\"@id\":\"https:\\\/\\\/psgfans.fr\\\/?p=885#article\",\"isPartOf\":{\"@id\":\"https:\\\/\\\/psgfans.fr\\\/?p=885\"},\"author\":{\"name\":\"psgfans\",\"@id\":\"https:\\\/\\\/psgfans.fr\\\/#\\\/schema\\\/person\\\/be2237e7a0237af2f29cb344b3c55e6c\"},\"headline\":\"Matuidi prolonge jusqu&#39;en 2018\",\"datePublished\":\"2014-02-27T19:52:00+00:00\",\"mainEntityOfPage\":{\"@id\":\"https:\\\/\\\/psgfans.fr\\\/?p=885\"},\"wordCount\":273,\"commentCount\":0,\"image\":{\"@id\":\"https:\\\/\\\/psgfans.fr\\\/?p=885#primaryimage\"},\"thumbnailUrl\":\"https:\\\/\\\/blogger.googleusercontent.com\\\/img\\\/b\\\/R29vZ2xl\\\/AVvXsEg9R28lRH5JiRk1WFWrr4SmAN1wZuUG3JA95cVXq7m0JKX6NaAeZxULAg0L0lUbMDRThIrIPaC1w2eh1A52YG-SrBOeHtrIY-gY-Ti4FB-FU7SMhDJRyv56u1QP1Rf6JWixNqfmsgZPNhI\\\/s1600\\\/2a.jpg\",\"articleSection\":[\"News\"],\"inLanguage\":\"fr-FR\",\"potentialAction\":[{\"@type\":\"CommentAction\",\"name\":\"Comment\",\"target\":[\"https:\\\/\\\/psgfans.fr\\\/?p=885#respond\"]}]},{\"@type\":\"WebPage\",\"@id\":\"https:\\\/\\\/psgfans.fr\\\/?p=885\",\"url\":\"https:\\\/\\\/psgfans.fr\\\/?p=885\",\"name\":\"Matuidi prolonge jusqu&#39;en 2018 - PSG FANS\",\"isPartOf\":{\"@id\":\"https:\\\/\\\/psgfans.fr\\\/#website\"},\"primaryImageOfPage\":{\"@id\":\"https:\\\/\\\/psgfans.fr\\\/?p=885#primaryimage\"},\"image\":{\"@id\":\"https:\\\/\\\/psgfans.fr\\\/?p=885#primaryimage\"},\"thumbnailUrl\":\"https:\\\/\\\/blogger.googleusercontent.com\\\/img\\\/b\\\/R29vZ2xl\\\/AVvXsEg9R28lRH5JiRk1WFWrr4SmAN1wZuUG3JA95cVXq7m0JKX6NaAeZxULAg0L0lUbMDRThIrIPaC1w2eh1A52YG-SrBOeHtrIY-gY-Ti4FB-FU7SMhDJRyv56u1QP1Rf6JWixNqfmsgZPNhI\\\/s1600\\\/2a.jpg\",\"datePublished\":\"2014-02-27T19:52:00+00:00\",\"author\":{\"@id\":\"https:\\\/\\\/psgfans.fr\\\/#\\\/schema\\\/person\\\/be2237e7a0237af2f29cb344b3c55e6c\"},\"breadcrumb\":{\"@id\":\"https:\\\/\\\/psgfans.fr\\\/?p=885#breadcrumb\"},\"inLanguage\":\"fr-FR\",\"potentialAction\":[{\"@type\":\"ReadAction\",\"target\":[\"https:\\\/\\\/psgfans.fr\\\/?p=885\"]}]},{\"@type\":\"ImageObject\",\"inLanguage\":\"fr-FR\",\"@id\":\"https:\\\/\\\/psgfans.fr\\\/?p=885#primaryimage\",\"url\":\"https:\\\/\\\/blogger.googleusercontent.com\\\/img\\\/b\\\/R29vZ2xl\\\/AVvXsEg9R28lRH5JiRk1WFWrr4SmAN1wZuUG3JA95cVXq7m0JKX6NaAeZxULAg0L0lUbMDRThIrIPaC1w2eh1A52YG-SrBOeHtrIY-gY-Ti4FB-FU7SMhDJRyv56u1QP1Rf6JWixNqfmsgZPNhI\\\/s1600\\\/2a.jpg\",\"contentUrl\":\"https:\\\/\\\/blogger.googleusercontent.com\\\/img\\\/b\\\/R29vZ2xl\\\/AVvXsEg9R28lRH5JiRk1WFWrr4SmAN1wZuUG3JA95cVXq7m0JKX6NaAeZxULAg0L0lUbMDRThIrIPaC1w2eh1A52YG-SrBOeHtrIY-gY-Ti4FB-FU7SMhDJRyv56u1QP1Rf6JWixNqfmsgZPNhI\\\/s1600\\\/2a.jpg\"},{\"@type\":\"BreadcrumbList\",\"@id\":\"https:\\\/\\\/psgfans.fr\\\/?p=885#breadcrumb\",\"itemListElement\":[{\"@type\":\"ListItem\",\"position\":1,\"name\":\"Accueil\",\"item\":\"https:\\\/\\\/psgfans.fr\\\/\"},{\"@type\":\"ListItem\",\"position\":2,\"name\":\"Matuidi prolonge jusqu&#39;en 2018\"}]},{\"@type\":\"WebSite\",\"@id\":\"https:\\\/\\\/psgfans.fr\\\/#website\",\"url\":\"https:\\\/\\\/psgfans.fr\\\/\",\"name\":\"PSG FANS\",\"description\":\"Unit\u00e9, Passion, Victoire : Au C\u0153ur du Paris Saint-Germain!\",\"potentialAction\":[{\"@type\":\"SearchAction\",\"target\":{\"@type\":\"EntryPoint\",\"urlTemplate\":\"https:\\\/\\\/psgfans.fr\\\/?s={search_term_string}\"},\"query-input\":{\"@type\":\"PropertyValueSpecification\",\"valueRequired\":true,\"valueName\":\"search_term_string\"}}],\"inLanguage\":\"fr-FR\"},{\"@type\":\"Person\",\"@id\":\"https:\\\/\\\/psgfans.fr\\\/#\\\/schema\\\/person\\\/be2237e7a0237af2f29cb344b3c55e6c\",\"name\":\"psgfans\",\"image\":{\"@type\":\"ImageObject\",\"inLanguage\":\"fr-FR\",\"@id\":\"https:\\\/\\\/secure.gravatar.com\\\/avatar\\\/?s=96&d=mm&r=g\",\"url\":\"https:\\\/\\\/secure.gravatar.com\\\/avatar\\\/?s=96&d=mm&r=g\",\"contentUrl\":\"https:\\\/\\\/secure.gravatar.com\\\/avatar\\\/?s=96&d=mm&r=g\",\"caption\":\"psgfans\"},\"url\":\"https:\\\/\\\/psgfans.fr\\\/?author=2\"}]}<\/script>\n<!-- \/ Yoast SEO plugin. -->","yoast_head_json":{"title":"Matuidi prolonge jusqu&#39;en 2018 - PSG FANS","robots":{"index":"index","follow":"follow","max-snippet":"max-snippet:-1","max-image-preview":"max-image-preview:large","max-video-preview":"max-video-preview:-1"},"canonical":"https:\/\/psgfans.fr\/?p=885","og_locale":"fr_FR","og_type":"article","og_title":"Matuidi prolonge jusqu&#39;en 2018 - PSG FANS","og_description":"Un long feuilleton de plusieurs mois vient de s&rsquo;achever ce mercredi apr\u00e8s-midi. Blaise Matuidi, 26 ans, arriv\u00e9 au PSG \u00e0 l&rsquo;\u00e9t\u00e9 2011, a prolong\u00e9 de quatre ans son bail avec le club de la capitale. Il est d\u00e9sormais Parisien jusqu&rsquo;en 2018. Sa prolongation est assortie d&rsquo;une forte revalorisation salariale. L\u2019ancien St\u00e9phanois, qui percevait jusqu&rsquo;\u00e0 pr\u00e9sent [&hellip;]","og_url":"https:\/\/psgfans.fr\/?p=885","og_site_name":"PSG FANS","article_published_time":"2014-02-27T19:52:00+00:00","og_image":[{"url":"https:\/\/blogger.googleusercontent.com\/img\/b\/R29vZ2xl\/AVvXsEg9R28lRH5JiRk1WFWrr4SmAN1wZuUG3JA95cVXq7m0JKX6NaAeZxULAg0L0lUbMDRThIrIPaC1w2eh1A52YG-SrBOeHtrIY-gY-Ti4FB-FU7SMhDJRyv56u1QP1Rf6JWixNqfmsgZPNhI\/s1600\/2a.jpg","type":"","width":"","height":""}],"author":"psgfans","twitter_card":"summary_large_image","twitter_misc":{"\u00c9crit par":"psgfans","Dur\u00e9e de lecture estim\u00e9e":"1 minute"},"schema":{"@context":"https:\/\/schema.org","@graph":[{"@type":"Article","@id":"https:\/\/psgfans.fr\/?p=885#article","isPartOf":{"@id":"https:\/\/psgfans.fr\/?p=885"},"author":{"name":"psgfans","@id":"https:\/\/psgfans.fr\/#\/schema\/person\/be2237e7a0237af2f29cb344b3c55e6c"},"headline":"Matuidi prolonge jusqu&#39;en 2018","datePublished":"2014-02-27T19:52:00+00:00","mainEntityOfPage":{"@id":"https:\/\/psgfans.fr\/?p=885"},"wordCount":273,"commentCount":0,"image":{"@id":"https:\/\/psgfans.fr\/?p=885#primaryimage"},"thumbnailUrl":"https:\/\/blogger.googleusercontent.com\/img\/b\/R29vZ2xl\/AVvXsEg9R28lRH5JiRk1WFWrr4SmAN1wZuUG3JA95cVXq7m0JKX6NaAeZxULAg0L0lUbMDRThIrIPaC1w2eh1A52YG-SrBOeHtrIY-gY-Ti4FB-FU7SMhDJRyv56u1QP1Rf6JWixNqfmsgZPNhI\/s1600\/2a.jpg","articleSection":["News"],"inLanguage":"fr-FR","potentialAction":[{"@type":"CommentAction","name":"Comment","target":["https:\/\/psgfans.fr\/?p=885#respond"]}]},{"@type":"WebPage","@id":"https:\/\/psgfans.fr\/?p=885","url":"https:\/\/psgfans.fr\/?p=885","name":"Matuidi prolonge jusqu&#39;en 2018 - PSG FANS","isPartOf":{"@id":"https:\/\/psgfans.fr\/#website"},"primaryImageOfPage":{"@id":"https:\/\/psgfans.fr\/?p=885#primaryimage"},"image":{"@id":"https:\/\/psgfans.fr\/?p=885#primaryimage"},"thumbnailUrl":"https:\/\/blogger.googleusercontent.com\/img\/b\/R29vZ2xl\/AVvXsEg9R28lRH5JiRk1WFWrr4SmAN1wZuUG3JA95cVXq7m0JKX6NaAeZxULAg0L0lUbMDRThIrIPaC1w2eh1A52YG-SrBOeHtrIY-gY-Ti4FB-FU7SMhDJRyv56u1QP1Rf6JWixNqfmsgZPNhI\/s1600\/2a.jpg","datePublished":"2014-02-27T19:52:00+00:00","author":{"@id":"https:\/\/psgfans.fr\/#\/schema\/person\/be2237e7a0237af2f29cb344b3c55e6c"},"breadcrumb":{"@id":"https:\/\/psgfans.fr\/?p=885#breadcrumb"},"inLanguage":"fr-FR","potentialAction":[{"@type":"ReadAction","target":["https:\/\/psgfans.fr\/?p=885"]}]},{"@type":"ImageObject","inLanguage":"fr-FR","@id":"https:\/\/psgfans.fr\/?p=885#primaryimage","url":"https:\/\/blogger.googleusercontent.com\/img\/b\/R29vZ2xl\/AVvXsEg9R28lRH5JiRk1WFWrr4SmAN1wZuUG3JA95cVXq7m0JKX6NaAeZxULAg0L0lUbMDRThIrIPaC1w2eh1A52YG-SrBOeHtrIY-gY-Ti4FB-FU7SMhDJRyv56u1QP1Rf6JWixNqfmsgZPNhI\/s1600\/2a.jpg","contentUrl":"https:\/\/blogger.googleusercontent.com\/img\/b\/R29vZ2xl\/AVvXsEg9R28lRH5JiRk1WFWrr4SmAN1wZuUG3JA95cVXq7m0JKX6NaAeZxULAg0L0lUbMDRThIrIPaC1w2eh1A52YG-SrBOeHtrIY-gY-Ti4FB-FU7SMhDJRyv56u1QP1Rf6JWixNqfmsgZPNhI\/s1600\/2a.jpg"},{"@type":"BreadcrumbList","@id":"https:\/\/psgfans.fr\/?p=885#breadcrumb","itemListElement":[{"@type":"ListItem","position":1,"name":"Accueil","item":"https:\/\/psgfans.fr\/"},{"@type":"ListItem","position":2,"name":"Matuidi prolonge jusqu&#39;en 2018"}]},{"@type":"WebSite","@id":"https:\/\/psgfans.fr\/#website","url":"https:\/\/psgfans.fr\/","name":"PSG FANS","description":"Unit\u00e9, Passion, Victoire : Au C\u0153ur du Paris Saint-Germain!","potentialAction":[{"@type":"SearchAction","target":{"@type":"EntryPoint","urlTemplate":"https:\/\/psgfans.fr\/?s={search_term_string}"},"query-input":{"@type":"PropertyValueSpecification","valueRequired":true,"valueName":"search_term_string"}}],"inLanguage":"fr-FR"},{"@type":"Person","@id":"https:\/\/psgfans.fr\/#\/schema\/person\/be2237e7a0237af2f29cb344b3c55e6c","name":"psgfans","image":{"@type":"ImageObject","inLanguage":"fr-FR","@id":"https:\/\/secure.gravatar.com\/avatar\/?s=96&d=mm&r=g","url":"https:\/\/secure.gravatar.com\/avatar\/?s=96&d=mm&r=g","contentUrl":"https:\/\/secure.gravatar.com\/avatar\/?s=96&d=mm&r=g","caption":"psgfans"},"url":"https:\/\/psgfans.fr\/?author=2"}]}},"_links":{"self":[{"href":"https:\/\/psgfans.fr\/index.php?rest_route=\/wp\/v2\/posts\/885","targetHints":{"allow":["GET"]}}],"collection":[{"href":"https:\/\/psgfans.fr\/index.php?rest_route=\/wp\/v2\/posts"}],"about":[{"href":"https:\/\/psgfans.fr\/index.php?rest_route=\/wp\/v2\/types\/post"}],"author":[{"embeddable":true,"href":"https:\/\/psgfans.fr\/index.php?rest_route=\/wp\/v2\/users\/2"}],"replies":[{"embeddable":true,"href":"https:\/\/psgfans.fr\/index.php?rest_route=%2Fwp%2Fv2%2Fcomments&post=885"}],"version-history":[{"count":0,"href":"https:\/\/psgfans.fr\/index.php?rest_route=\/wp\/v2\/posts\/885\/revisions"}],"wp:attachment":[{"href":"https:\/\/psgfans.fr\/index.php?rest_route=%2Fwp%2Fv2%2Fmedia&parent=885"}],"wp:term":[{"taxonomy":"category","embeddable":true,"href":"https:\/\/psgfans.fr\/index.php?rest_route=%2Fwp%2Fv2%2Fcategories&post=885"},{"taxonomy":"post_tag","embeddable":true,"href":"https:\/\/psgfans.fr\/index.php?rest_route=%2Fwp%2Fv2%2Ftags&post=885"}],"curies":[{"name":"wp","href":"https:\/\/api.w.org\/{rel}","templated":true}]}}