{"id":883,"date":"2014-02-28T13:13:00","date_gmt":"2014-02-28T12:13:00","guid":{"rendered":"https:\/\/psgfans.fr\/?p=883"},"modified":"2014-02-28T13:13:00","modified_gmt":"2014-02-28T12:13:00","slug":"cabaye-on-ne-ma-jamais-rien-donne","status":"publish","type":"post","link":"https:\/\/psgfans.fr\/?p=883","title":{"rendered":"Cabaye : \u00ab On ne m&#39;a jamais rien donn\u00e9 \u00bb"},"content":{"rendered":"<div style=\"clear: both; text-align: center;\"><a href=\"https:\/\/blogger.googleusercontent.com\/img\/b\/R29vZ2xl\/AVvXsEgqiZotziAmGU-1gQuspzqufyvwqbYwHlax5fXEuz5BamwMjKAne5ft-gBF1FWNcCU55qTTIUj5Q7KjrYzgcWlHSiMUfyENmOsHGgToCkERYIVN4UXUJzcJ6a4Pw-z700iDZG0NwNt5Lfc\/s1600\/2a.jpg\" style=\"margin-left: 1em; margin-right: 1em;\"><img loading=\"lazy\" decoding=\"async\" border=\"0\" src=\"https:\/\/blogger.googleusercontent.com\/img\/b\/R29vZ2xl\/AVvXsEgqiZotziAmGU-1gQuspzqufyvwqbYwHlax5fXEuz5BamwMjKAne5ft-gBF1FWNcCU55qTTIUj5Q7KjrYzgcWlHSiMUfyENmOsHGgToCkERYIVN4UXUJzcJ6a4Pw-z700iDZG0NwNt5Lfc\/s1600\/2a.jpg\" height=\"246\" width=\"400\" \/><\/a><\/div>\n<p>Un mois apr\u00e8s son arriv\u00e9e, le milieu de terrain international de 28 ans dresse un premier bilan. Malgr\u00e9 un manque de temps de jeu certain, il ne regrette nullement sa d\u00e9cision d&rsquo;avoir quitt\u00e9 Newcastle cet hiver. Il a foi en ses qualit\u00e9s et envisage l&rsquo;avenir avec s\u00e9r\u00e9nit\u00e9.<\/p>\n<p>Comment se passe votre immersion au PSG ?<\/p>\n<p>Yohan Cabaye. Tr\u00e8s bien.<br \/>Je prends mes marques petit \u00e0 petit. Je travaille pour vite &nbsp;trouver ma place dans un collectif d\u00e9j\u00e0 parfaitement rod\u00e9. L&rsquo;\u00e9quipe a eu une vie avant moi, et le plus d\u00e9licat est de s&rsquo;int\u00e9grer et de me faire accepter. J&rsquo;ai r\u00e9ussi \u00e0 marquer et \u00e0 faire marquer. Je suis plut\u00f4t satisfait. Mais il faut continuer \u00e0 en faire plus.<\/p>\n<p>Est-ce simple, justement, d&rsquo;int\u00e9grer un tel effectif ?<\/p>\n<p>Bien s\u00fbr, m\u00eame s&rsquo;il n&rsquo;est jamais facile de changer de club en janvier. Les joueurs ont \u00e9t\u00e9 top. J&rsquo;ai d\u00e9couvert un groupe content de se retrouver chaque jour. Cela chambre et \u00e7a rigole et sur le terrain. Tout le monde comprend et s&rsquo;exprime en fran\u00e7ais, m\u00eame si chacun a sa langue maternelle. Beaucoup sont pass\u00e9s par le Calcio, donc \u00e7a parle aussi italien. C&rsquo;est normal. J&rsquo;ai connu cela \u00e0 Newcastle o\u00f9 on \u00e9tait dix Fran\u00e7ais.<\/p>\n<p>Vous sembliez d\u00e9\u00e7u de ne pas d\u00e9buter dimanche \u00e0 Toulouse. Cela vous g\u00eane de ne compter qu&rsquo;une titularisation depuis votre arriv\u00e9e ?<\/p>\n<p>Je n&rsquo;\u00e9tais pas d\u00e9\u00e7u. C&rsquo;\u00e9tait par rapport \u00e0 ce que j&rsquo;ai pu accomplir sur le terrain. On a toujours le sentiment qu&rsquo;on aurait pu faire mieux. C&rsquo;\u00e9tait personnel, rien de m\u00e9chant envers quiconque. Je prends le temps de jeu qu&rsquo;on me donne. J&rsquo;essaie de montrer, \u00e0 chaque fois que je rentre, que je peux jouer davantage.<\/p>\n<p>Ce manque de temps de jeu ne vous inqui\u00e8te-t-il pas dans la perspective du Mondial ?<\/p>\n<p>Je n&rsquo;y pense pas. L&rsquo;entra\u00eeneur est l\u00e0 pour faire ses choix. Je travaille pour avoir le plus de temps de jeu possible. C&rsquo;est pareil en \u00e9quipe de France. Mais j&rsquo;y suis depuis un petit bout de temps. On ne m&rsquo;a jamais rien donn\u00e9. Je reste confiant pour la suite.<\/p>\n<p>Comment s&rsquo;adapte-t-on au sein d&rsquo;un milieu \u00e0 trois consid\u00e9r\u00e9 comme l&rsquo;un des meilleurs en Europe ?<\/p>\n<p>J&rsquo;ai connu ce syst\u00e8me \u00e0 Lille lors de mes deux derni\u00e8res saisons. C&rsquo;est important d&rsquo;\u00eatre toujours en mouvement, de donner sans cesse une solution au porteur du ballon, d&rsquo;essayer de ne pas \u00eatre dans la m\u00eame zone qu&rsquo;un autre joueur. C&rsquo;est \u00e0 moi d&rsquo;apprendre leurs habitudes et de m&rsquo;adapter. Mais je dois \u00e9galement jouer mon jeu.<\/p>\n<p>Etes-vous impatient de d\u00e9couvrir la saveur particuli\u00e8re du PSG &#8211; OM de dimanche ?<\/p>\n<p>C&rsquo;est diff\u00e9rent des matchs que je pouvais jouer avec Lille. On conna\u00eet la rivalit\u00e9 entre les deux clubs. Mais on ne sent pas encore quelque chose de particulier \u00e0 l&rsquo;entra\u00eenement. La pression viendra certainement au fur et \u00e0 mesure de la semaine. Mais on comprend que pour les supporteurs, c&rsquo;est quelque chose d&rsquo;important. Depuis deux jours, beaucoup de gens m&rsquo;en parlent. J&rsquo;ai h\u00e2te de d\u00e9couvrir l&rsquo;ambiance, le match, les \u00e0-c\u00f4t\u00e9s. A Newcastle, on avait aussi une confrontation tr\u00e8s chaude contre Sunderland. Un vrai derby. J&rsquo;aime ce genre de rencontre et je suis press\u00e9 d&rsquo;y \u00eatre.<\/p>\n<p>Qu&rsquo;avez-vous appris de vos deux saisons et demie en Angleterre ?<\/p>\n<p>La r\u00e9p\u00e9tition des efforts, car le rythme est tr\u00e8s \u00e9lev\u00e9. Il y a peu de temps morts, les arbitres sifflent moins qu&rsquo;en France, il faut toujours \u00eatre concentr\u00e9. Il n&rsquo;y a aucun match facile. Chaque opposition est un combat o\u00f9 il va falloir faire des efforts. Cela me plaisait. Je me suis vraiment r\u00e9gal\u00e9. Je suis content d&rsquo;avoir connu cette exp\u00e9rience.<\/p>\n<p>Etes-vous \u00e9tonn\u00e9 par le parcours de Monaco ?<\/p>\n<p>Les dirigeants ont mis les moyens pour constituer une \u00e9quipe capable de rivaliser avec Paris. Et les matchs ne sont jamais gagn\u00e9s d&rsquo;avance. J&rsquo;ai d\u00e9j\u00e0 jou\u00e9 plusieurs fois contre Paris, et la motivation, tu n&rsquo;as pas besoin d&rsquo;aller la chercher loin. Elle vient toute seule. Pour nous, le plus dur est de jouer apr\u00e8s la Ligue des champions avec la fatigue. Inconsciemment, peut-\u00eatre que la motivation retombe aussi. Mais le parcours de Monaco est un mal pour un bien car cela nous permet de ne pas nous rel\u00e2cher.<\/p>\n<p>La d\u00e9monstration \u00e0 Leverkusen (4-0) vous rend-elle optimiste pour la suite du parcours en Ligue des champions ?<\/p>\n<p>D\u00e9j\u00e0 la veille, \u00e0 l&rsquo;entra\u00eenement, j&rsquo;ai vu des joueurs tr\u00e8s concentr\u00e9s, tr\u00e8s concern\u00e9s. C&rsquo;est la marque des grands. Ils savent ce qu&rsquo;ils veulent. Il reste encore beaucoup de matchs. C&rsquo;est une comp\u00e9tition tr\u00e8s dure. Mes partenaires le savent mieux que moi, surtout ceux qui l&rsquo;ont d\u00e9j\u00e0 gagn\u00e9e. On doit prendre de l&rsquo;exp\u00e9rience aupr\u00e8s d&rsquo;eux.<\/p>\n<p>Source : Le Parisien<\/p>\n","protected":false},"excerpt":{"rendered":"<p>Un mois apr\u00e8s son arriv\u00e9e, le milieu de terrain international de 28 ans dresse un premier bilan. Malgr\u00e9 un manque de temps de jeu certain, il ne regrette nullement sa d\u00e9cision d&rsquo;avoir quitt\u00e9 Newcastle cet hiver. Il a foi en ses qualit\u00e9s et envisage l&rsquo;avenir avec s\u00e9r\u00e9nit\u00e9. Comment se passe votre immersion au PSG ? [&hellip;]<\/p>\n","protected":false},"author":2,"featured_media":0,"comment_status":"open","ping_status":"open","sticky":false,"template":"","format":"standard","meta":{"footnotes":""},"categories":[3],"tags":[],"class_list":{"0":"post-883","1":"post","2":"type-post","3":"status-publish","4":"format-standard","6":"category-news"},"yoast_head":"<!-- This site is optimized with the Yoast SEO plugin v27.4 - https:\/\/yoast.com\/product\/yoast-seo-wordpress\/ -->\n<title>Cabaye : \u00ab On ne m&#039;a jamais rien donn\u00e9 \u00bb - PSG FANS<\/title>\n<meta name=\"robots\" content=\"index, follow, max-snippet:-1, max-image-preview:large, max-video-preview:-1\" \/>\n<link rel=\"canonical\" href=\"https:\/\/psgfans.fr\/?p=883\" \/>\n<meta property=\"og:locale\" content=\"fr_FR\" \/>\n<meta property=\"og:type\" content=\"article\" \/>\n<meta property=\"og:title\" content=\"Cabaye : \u00ab On ne m&#039;a jamais rien donn\u00e9 \u00bb - PSG FANS\" \/>\n<meta property=\"og:description\" content=\"Un mois apr\u00e8s son arriv\u00e9e, le milieu de terrain international de 28 ans dresse un premier bilan. Malgr\u00e9 un manque de temps de jeu certain, il ne regrette nullement sa d\u00e9cision d&rsquo;avoir quitt\u00e9 Newcastle cet hiver. Il a foi en ses qualit\u00e9s et envisage l&rsquo;avenir avec s\u00e9r\u00e9nit\u00e9. Comment se passe votre immersion au PSG ? [&hellip;]\" \/>\n<meta property=\"og:url\" content=\"https:\/\/psgfans.fr\/?p=883\" \/>\n<meta property=\"og:site_name\" content=\"PSG FANS\" \/>\n<meta property=\"article:published_time\" content=\"2014-02-28T12:13:00+00:00\" \/>\n<meta property=\"og:image\" content=\"https:\/\/blogger.googleusercontent.com\/img\/b\/R29vZ2xl\/AVvXsEgqiZotziAmGU-1gQuspzqufyvwqbYwHlax5fXEuz5BamwMjKAne5ft-gBF1FWNcCU55qTTIUj5Q7KjrYzgcWlHSiMUfyENmOsHGgToCkERYIVN4UXUJzcJ6a4Pw-z700iDZG0NwNt5Lfc\/s1600\/2a.jpg\" \/>\n<meta name=\"author\" content=\"psgfans\" \/>\n<meta name=\"twitter:card\" content=\"summary_large_image\" \/>\n<meta name=\"twitter:label1\" content=\"\u00c9crit par\" \/>\n\t<meta name=\"twitter:data1\" content=\"psgfans\" \/>\n\t<meta name=\"twitter:label2\" content=\"Dur\u00e9e de lecture estim\u00e9e\" \/>\n\t<meta name=\"twitter:data2\" content=\"4 minutes\" \/>\n<script type=\"application\/ld+json\" class=\"yoast-schema-graph\">{\"@context\":\"https:\\\/\\\/schema.org\",\"@graph\":[{\"@type\":\"Article\",\"@id\":\"https:\\\/\\\/psgfans.fr\\\/?p=883#article\",\"isPartOf\":{\"@id\":\"https:\\\/\\\/psgfans.fr\\\/?p=883\"},\"author\":{\"name\":\"psgfans\",\"@id\":\"https:\\\/\\\/psgfans.fr\\\/#\\\/schema\\\/person\\\/be2237e7a0237af2f29cb344b3c55e6c\"},\"headline\":\"Cabaye : \u00ab On ne m&#39;a jamais rien donn\u00e9 \u00bb\",\"datePublished\":\"2014-02-28T12:13:00+00:00\",\"mainEntityOfPage\":{\"@id\":\"https:\\\/\\\/psgfans.fr\\\/?p=883\"},\"wordCount\":878,\"commentCount\":0,\"image\":{\"@id\":\"https:\\\/\\\/psgfans.fr\\\/?p=883#primaryimage\"},\"thumbnailUrl\":\"https:\\\/\\\/blogger.googleusercontent.com\\\/img\\\/b\\\/R29vZ2xl\\\/AVvXsEgqiZotziAmGU-1gQuspzqufyvwqbYwHlax5fXEuz5BamwMjKAne5ft-gBF1FWNcCU55qTTIUj5Q7KjrYzgcWlHSiMUfyENmOsHGgToCkERYIVN4UXUJzcJ6a4Pw-z700iDZG0NwNt5Lfc\\\/s1600\\\/2a.jpg\",\"articleSection\":[\"News\"],\"inLanguage\":\"fr-FR\",\"potentialAction\":[{\"@type\":\"CommentAction\",\"name\":\"Comment\",\"target\":[\"https:\\\/\\\/psgfans.fr\\\/?p=883#respond\"]}]},{\"@type\":\"WebPage\",\"@id\":\"https:\\\/\\\/psgfans.fr\\\/?p=883\",\"url\":\"https:\\\/\\\/psgfans.fr\\\/?p=883\",\"name\":\"Cabaye : \u00ab On ne m&#39;a jamais rien donn\u00e9 \u00bb - PSG FANS\",\"isPartOf\":{\"@id\":\"https:\\\/\\\/psgfans.fr\\\/#website\"},\"primaryImageOfPage\":{\"@id\":\"https:\\\/\\\/psgfans.fr\\\/?p=883#primaryimage\"},\"image\":{\"@id\":\"https:\\\/\\\/psgfans.fr\\\/?p=883#primaryimage\"},\"thumbnailUrl\":\"https:\\\/\\\/blogger.googleusercontent.com\\\/img\\\/b\\\/R29vZ2xl\\\/AVvXsEgqiZotziAmGU-1gQuspzqufyvwqbYwHlax5fXEuz5BamwMjKAne5ft-gBF1FWNcCU55qTTIUj5Q7KjrYzgcWlHSiMUfyENmOsHGgToCkERYIVN4UXUJzcJ6a4Pw-z700iDZG0NwNt5Lfc\\\/s1600\\\/2a.jpg\",\"datePublished\":\"2014-02-28T12:13:00+00:00\",\"author\":{\"@id\":\"https:\\\/\\\/psgfans.fr\\\/#\\\/schema\\\/person\\\/be2237e7a0237af2f29cb344b3c55e6c\"},\"breadcrumb\":{\"@id\":\"https:\\\/\\\/psgfans.fr\\\/?p=883#breadcrumb\"},\"inLanguage\":\"fr-FR\",\"potentialAction\":[{\"@type\":\"ReadAction\",\"target\":[\"https:\\\/\\\/psgfans.fr\\\/?p=883\"]}]},{\"@type\":\"ImageObject\",\"inLanguage\":\"fr-FR\",\"@id\":\"https:\\\/\\\/psgfans.fr\\\/?p=883#primaryimage\",\"url\":\"https:\\\/\\\/blogger.googleusercontent.com\\\/img\\\/b\\\/R29vZ2xl\\\/AVvXsEgqiZotziAmGU-1gQuspzqufyvwqbYwHlax5fXEuz5BamwMjKAne5ft-gBF1FWNcCU55qTTIUj5Q7KjrYzgcWlHSiMUfyENmOsHGgToCkERYIVN4UXUJzcJ6a4Pw-z700iDZG0NwNt5Lfc\\\/s1600\\\/2a.jpg\",\"contentUrl\":\"https:\\\/\\\/blogger.googleusercontent.com\\\/img\\\/b\\\/R29vZ2xl\\\/AVvXsEgqiZotziAmGU-1gQuspzqufyvwqbYwHlax5fXEuz5BamwMjKAne5ft-gBF1FWNcCU55qTTIUj5Q7KjrYzgcWlHSiMUfyENmOsHGgToCkERYIVN4UXUJzcJ6a4Pw-z700iDZG0NwNt5Lfc\\\/s1600\\\/2a.jpg\"},{\"@type\":\"BreadcrumbList\",\"@id\":\"https:\\\/\\\/psgfans.fr\\\/?p=883#breadcrumb\",\"itemListElement\":[{\"@type\":\"ListItem\",\"position\":1,\"name\":\"Accueil\",\"item\":\"https:\\\/\\\/psgfans.fr\\\/\"},{\"@type\":\"ListItem\",\"position\":2,\"name\":\"Cabaye : \u00ab On ne m&#39;a jamais rien donn\u00e9 \u00bb\"}]},{\"@type\":\"WebSite\",\"@id\":\"https:\\\/\\\/psgfans.fr\\\/#website\",\"url\":\"https:\\\/\\\/psgfans.fr\\\/\",\"name\":\"PSG FANS\",\"description\":\"Unit\u00e9, Passion, Victoire : Au C\u0153ur du Paris Saint-Germain!\",\"potentialAction\":[{\"@type\":\"SearchAction\",\"target\":{\"@type\":\"EntryPoint\",\"urlTemplate\":\"https:\\\/\\\/psgfans.fr\\\/?s={search_term_string}\"},\"query-input\":{\"@type\":\"PropertyValueSpecification\",\"valueRequired\":true,\"valueName\":\"search_term_string\"}}],\"inLanguage\":\"fr-FR\"},{\"@type\":\"Person\",\"@id\":\"https:\\\/\\\/psgfans.fr\\\/#\\\/schema\\\/person\\\/be2237e7a0237af2f29cb344b3c55e6c\",\"name\":\"psgfans\",\"image\":{\"@type\":\"ImageObject\",\"inLanguage\":\"fr-FR\",\"@id\":\"https:\\\/\\\/secure.gravatar.com\\\/avatar\\\/?s=96&d=mm&r=g\",\"url\":\"https:\\\/\\\/secure.gravatar.com\\\/avatar\\\/?s=96&d=mm&r=g\",\"contentUrl\":\"https:\\\/\\\/secure.gravatar.com\\\/avatar\\\/?s=96&d=mm&r=g\",\"caption\":\"psgfans\"},\"url\":\"https:\\\/\\\/psgfans.fr\\\/?author=2\"}]}<\/script>\n<!-- \/ Yoast SEO plugin. -->","yoast_head_json":{"title":"Cabaye : \u00ab On ne m&#39;a jamais rien donn\u00e9 \u00bb - PSG FANS","robots":{"index":"index","follow":"follow","max-snippet":"max-snippet:-1","max-image-preview":"max-image-preview:large","max-video-preview":"max-video-preview:-1"},"canonical":"https:\/\/psgfans.fr\/?p=883","og_locale":"fr_FR","og_type":"article","og_title":"Cabaye : \u00ab On ne m&#39;a jamais rien donn\u00e9 \u00bb - PSG FANS","og_description":"Un mois apr\u00e8s son arriv\u00e9e, le milieu de terrain international de 28 ans dresse un premier bilan. Malgr\u00e9 un manque de temps de jeu certain, il ne regrette nullement sa d\u00e9cision d&rsquo;avoir quitt\u00e9 Newcastle cet hiver. Il a foi en ses qualit\u00e9s et envisage l&rsquo;avenir avec s\u00e9r\u00e9nit\u00e9. Comment se passe votre immersion au PSG ? [&hellip;]","og_url":"https:\/\/psgfans.fr\/?p=883","og_site_name":"PSG FANS","article_published_time":"2014-02-28T12:13:00+00:00","og_image":[{"url":"https:\/\/blogger.googleusercontent.com\/img\/b\/R29vZ2xl\/AVvXsEgqiZotziAmGU-1gQuspzqufyvwqbYwHlax5fXEuz5BamwMjKAne5ft-gBF1FWNcCU55qTTIUj5Q7KjrYzgcWlHSiMUfyENmOsHGgToCkERYIVN4UXUJzcJ6a4Pw-z700iDZG0NwNt5Lfc\/s1600\/2a.jpg","type":"","width":"","height":""}],"author":"psgfans","twitter_card":"summary_large_image","twitter_misc":{"\u00c9crit par":"psgfans","Dur\u00e9e de lecture estim\u00e9e":"4 minutes"},"schema":{"@context":"https:\/\/schema.org","@graph":[{"@type":"Article","@id":"https:\/\/psgfans.fr\/?p=883#article","isPartOf":{"@id":"https:\/\/psgfans.fr\/?p=883"},"author":{"name":"psgfans","@id":"https:\/\/psgfans.fr\/#\/schema\/person\/be2237e7a0237af2f29cb344b3c55e6c"},"headline":"Cabaye : \u00ab On ne m&#39;a jamais rien donn\u00e9 \u00bb","datePublished":"2014-02-28T12:13:00+00:00","mainEntityOfPage":{"@id":"https:\/\/psgfans.fr\/?p=883"},"wordCount":878,"commentCount":0,"image":{"@id":"https:\/\/psgfans.fr\/?p=883#primaryimage"},"thumbnailUrl":"https:\/\/blogger.googleusercontent.com\/img\/b\/R29vZ2xl\/AVvXsEgqiZotziAmGU-1gQuspzqufyvwqbYwHlax5fXEuz5BamwMjKAne5ft-gBF1FWNcCU55qTTIUj5Q7KjrYzgcWlHSiMUfyENmOsHGgToCkERYIVN4UXUJzcJ6a4Pw-z700iDZG0NwNt5Lfc\/s1600\/2a.jpg","articleSection":["News"],"inLanguage":"fr-FR","potentialAction":[{"@type":"CommentAction","name":"Comment","target":["https:\/\/psgfans.fr\/?p=883#respond"]}]},{"@type":"WebPage","@id":"https:\/\/psgfans.fr\/?p=883","url":"https:\/\/psgfans.fr\/?p=883","name":"Cabaye : \u00ab On ne m&#39;a jamais rien donn\u00e9 \u00bb - PSG FANS","isPartOf":{"@id":"https:\/\/psgfans.fr\/#website"},"primaryImageOfPage":{"@id":"https:\/\/psgfans.fr\/?p=883#primaryimage"},"image":{"@id":"https:\/\/psgfans.fr\/?p=883#primaryimage"},"thumbnailUrl":"https:\/\/blogger.googleusercontent.com\/img\/b\/R29vZ2xl\/AVvXsEgqiZotziAmGU-1gQuspzqufyvwqbYwHlax5fXEuz5BamwMjKAne5ft-gBF1FWNcCU55qTTIUj5Q7KjrYzgcWlHSiMUfyENmOsHGgToCkERYIVN4UXUJzcJ6a4Pw-z700iDZG0NwNt5Lfc\/s1600\/2a.jpg","datePublished":"2014-02-28T12:13:00+00:00","author":{"@id":"https:\/\/psgfans.fr\/#\/schema\/person\/be2237e7a0237af2f29cb344b3c55e6c"},"breadcrumb":{"@id":"https:\/\/psgfans.fr\/?p=883#breadcrumb"},"inLanguage":"fr-FR","potentialAction":[{"@type":"ReadAction","target":["https:\/\/psgfans.fr\/?p=883"]}]},{"@type":"ImageObject","inLanguage":"fr-FR","@id":"https:\/\/psgfans.fr\/?p=883#primaryimage","url":"https:\/\/blogger.googleusercontent.com\/img\/b\/R29vZ2xl\/AVvXsEgqiZotziAmGU-1gQuspzqufyvwqbYwHlax5fXEuz5BamwMjKAne5ft-gBF1FWNcCU55qTTIUj5Q7KjrYzgcWlHSiMUfyENmOsHGgToCkERYIVN4UXUJzcJ6a4Pw-z700iDZG0NwNt5Lfc\/s1600\/2a.jpg","contentUrl":"https:\/\/blogger.googleusercontent.com\/img\/b\/R29vZ2xl\/AVvXsEgqiZotziAmGU-1gQuspzqufyvwqbYwHlax5fXEuz5BamwMjKAne5ft-gBF1FWNcCU55qTTIUj5Q7KjrYzgcWlHSiMUfyENmOsHGgToCkERYIVN4UXUJzcJ6a4Pw-z700iDZG0NwNt5Lfc\/s1600\/2a.jpg"},{"@type":"BreadcrumbList","@id":"https:\/\/psgfans.fr\/?p=883#breadcrumb","itemListElement":[{"@type":"ListItem","position":1,"name":"Accueil","item":"https:\/\/psgfans.fr\/"},{"@type":"ListItem","position":2,"name":"Cabaye : \u00ab On ne m&#39;a jamais rien donn\u00e9 \u00bb"}]},{"@type":"WebSite","@id":"https:\/\/psgfans.fr\/#website","url":"https:\/\/psgfans.fr\/","name":"PSG FANS","description":"Unit\u00e9, Passion, Victoire : Au C\u0153ur du Paris Saint-Germain!","potentialAction":[{"@type":"SearchAction","target":{"@type":"EntryPoint","urlTemplate":"https:\/\/psgfans.fr\/?s={search_term_string}"},"query-input":{"@type":"PropertyValueSpecification","valueRequired":true,"valueName":"search_term_string"}}],"inLanguage":"fr-FR"},{"@type":"Person","@id":"https:\/\/psgfans.fr\/#\/schema\/person\/be2237e7a0237af2f29cb344b3c55e6c","name":"psgfans","image":{"@type":"ImageObject","inLanguage":"fr-FR","@id":"https:\/\/secure.gravatar.com\/avatar\/?s=96&d=mm&r=g","url":"https:\/\/secure.gravatar.com\/avatar\/?s=96&d=mm&r=g","contentUrl":"https:\/\/secure.gravatar.com\/avatar\/?s=96&d=mm&r=g","caption":"psgfans"},"url":"https:\/\/psgfans.fr\/?author=2"}]}},"_links":{"self":[{"href":"https:\/\/psgfans.fr\/index.php?rest_route=\/wp\/v2\/posts\/883","targetHints":{"allow":["GET"]}}],"collection":[{"href":"https:\/\/psgfans.fr\/index.php?rest_route=\/wp\/v2\/posts"}],"about":[{"href":"https:\/\/psgfans.fr\/index.php?rest_route=\/wp\/v2\/types\/post"}],"author":[{"embeddable":true,"href":"https:\/\/psgfans.fr\/index.php?rest_route=\/wp\/v2\/users\/2"}],"replies":[{"embeddable":true,"href":"https:\/\/psgfans.fr\/index.php?rest_route=%2Fwp%2Fv2%2Fcomments&post=883"}],"version-history":[{"count":0,"href":"https:\/\/psgfans.fr\/index.php?rest_route=\/wp\/v2\/posts\/883\/revisions"}],"wp:attachment":[{"href":"https:\/\/psgfans.fr\/index.php?rest_route=%2Fwp%2Fv2%2Fmedia&parent=883"}],"wp:term":[{"taxonomy":"category","embeddable":true,"href":"https:\/\/psgfans.fr\/index.php?rest_route=%2Fwp%2Fv2%2Fcategories&post=883"},{"taxonomy":"post_tag","embeddable":true,"href":"https:\/\/psgfans.fr\/index.php?rest_route=%2Fwp%2Fv2%2Ftags&post=883"}],"curies":[{"name":"wp","href":"https:\/\/api.w.org\/{rel}","templated":true}]}}