{"id":878,"date":"2014-03-03T13:27:00","date_gmt":"2014-03-03T12:27:00","guid":{"rendered":"https:\/\/psgfans.fr\/?p=878"},"modified":"2014-03-03T13:27:00","modified_gmt":"2014-03-03T12:27:00","slug":"pascal-praud-le-psg-est-un-bonheur","status":"publish","type":"post","link":"https:\/\/psgfans.fr\/?p=878","title":{"rendered":"Pascal Praud : le PSG est un bonheur !"},"content":{"rendered":"<div style=\"clear: both; text-align: center;\"><a href=\"https:\/\/blogger.googleusercontent.com\/img\/b\/R29vZ2xl\/AVvXsEhEjcecPgmHQg7hiZoyErkjvAusylua5jDOMw1YvcxAbtT56KdmO3CUJKsWaJgPzKWsmX0mCrrC3Ux4OvjpXawR4bOMMqNAovvrwhjjegiB0hZCaqnl5BM5Pkfep3A5jKvxQKtZXxTDrFs\/s1600\/38936.jpg\" style=\"margin-left: 1em; margin-right: 1em;\"><img decoding=\"async\" border=\"0\" src=\"https:\/\/blogger.googleusercontent.com\/img\/b\/R29vZ2xl\/AVvXsEhEjcecPgmHQg7hiZoyErkjvAusylua5jDOMw1YvcxAbtT56KdmO3CUJKsWaJgPzKWsmX0mCrrC3Ux4OvjpXawR4bOMMqNAovvrwhjjegiB0hZCaqnl5BM5Pkfep3A5jKvxQKtZXxTDrFs\/s400\/38936.jpg\" \/><\/a><\/div>\n<div style=\"clear: both; text-align: center;\"><\/div>\n<div style=\"clear: both; text-align: center;\">Alors que certains \u00ab\u00a0observateurs\u00a0\u00bb font la moue devant la prestation de Paris dimanche soir face \u00e0 l&rsquo;OM, Pascal Praud, lui, ne boude pas son plaisir.<\/div>\n<div style=\"clear: both; text-align: center;\"><\/div>\n<div style=\"clear: both; text-align: center;\">Je lis ce lundi les commentaires qui suivent le PSG\/OM du dimanche et je suis surpris que certains amateurs de foot aient gout\u00e9 du bout des l\u00e8vres ce Clasico qui m&rsquo;a enchant\u00e9. Je leur conseille de faire un tour le samedi soir en Ligue 1, de compter le temps et les occasions de but, d&rsquo;esp\u00e9rer la fin du match quand les \u00e9quipes sont \u00ab\u00a0bien en place\u00a0\u00bb, comme disent les entra\u00eeneurs, et que les spectateurs sont bien morfondus.<\/div>\n<div style=\"clear: both; text-align: center;\"><\/div>\n<div style=\"clear: both; text-align: center;\">Je ne sais pas si PSG\/OM est un grand cru, mais le raid de Lucas en premi\u00e8re mi-temps, cette \u00e9chapp\u00e9e sur 74 m\u00e8tres (distance mesur\u00e9e par Canal+ durant la retransmission), ces dix touches de balle et six adversaires \u00e9limin\u00e9s resteront dans ma m\u00e9moire et suffisent \u00e0 mon bonheur. Lucas transperce la d\u00e9fense de l&rsquo;OM : il n&rsquo;existe pas dix joueurs au monde capable de r\u00e9aliser une attaque \u00e9clair comme le Br\u00e9silien l&rsquo;a d\u00e9clench\u00e9e apr\u00e8s quatorze minutes. De la m\u00eame fa\u00e7on, le but d&rsquo;Edinson Cavani a fait lever le Parc des Princes. Le ballon ne touche pas le sol entre Van der Wiel, Verratti et Lucas. Il atterrit sur la t\u00eate d&rsquo;El Matador, qui envoie Mandanda aux fraises.&nbsp;<\/div>\n<div style=\"clear: both; text-align: center;\"><\/div>\n<div style=\"clear: both; text-align: center;\">J&rsquo;entends le choeur des beaux esprits expertiser que la rencontre est moyenne, que l&rsquo;OM n&rsquo;est pas \u00e0 la hauteur, qu&rsquo;Ibrahimovic a jou\u00e9 au ralenti, etc. Les boudeurs de plaisir s\u00e9vissent dans tous les domaines, \u00e9ternels pisse-froid qui ne sont jamais contents. Ils dormiraient avec Scarlett Johannson, la trouvant peut-\u00eatre trop petite ou avec des ongles trop longs, que sais-je.<\/div>\n<div style=\"clear: both; text-align: center;\"><\/div>\n<div style=\"clear: both; text-align: center;\">Le syndrome \u00ab\u00a0y&rsquo;a trop de notes\u00a0\u00bb<\/div>\n<div style=\"clear: both; text-align: center;\"><\/div>\n<div style=\"clear: both; text-align: center;\">Je me suis r\u00e9gal\u00e9 \u00e0 voir ce PSG\/OM avec les contr\u00f4les des joueurs du PSG qui ne partent pas \u00e0 trois m\u00e8tres, avec les passes qui arrivent dans les pieds (ou dans le bon espace), avec des actions impr\u00e9vues, des footballeurs inventifs et des gestes de classe comme seuls les solistes du grand orchestre parisien les r\u00e9alisent dans le championnat de France. J&rsquo;ai commenc\u00e9 avec la chevauch\u00e9e de Lucas. Comment ne pas \u00e9voquer la passe dite \u00e0 l&rsquo;aveugle de Zlatan Ibrahimovic, lorsqu&rsquo;il transmet le ballon du premier but \u00e0 Maxwell ? Et, apr\u00e8s \u00e7a, je lis ici ou l\u00e0 que ce n&rsquo;\u00e9tait pas le soir du Su\u00e9dois. Vous connaissez le syndrome \u00ab\u00a0y&rsquo;a trop de notes\u00a0\u00bb ? C&rsquo;est Milos Forman qui rapporte la sc\u00e8ne dans le film Amadeus. Mozart vient de jouer. C&rsquo;est divin. L&rsquo;Empereur h\u00e9site. Les musiciens du royaume prennent la parole : \u00ab\u00a0C&rsquo;est bien sire. Mais il y a trop de notes.\u00a0\u00bb<\/div>\n<div style=\"clear: both; text-align: center;\"><\/div>\n<div style=\"clear: both; text-align: center;\">Le PSG poss\u00e8de huit longueurs d&rsquo;avance sur Monaco et compte 64 points (dix de plus que l&rsquo;an pass\u00e9 apr\u00e8s 27 journ\u00e9es). Il a pli\u00e9 le championnat. On attend la suite et, la suite, c&rsquo;est la Ligue des champions. \u00c0 d\u00e9guster sans mod\u00e9ration parce que le plaisir ne se discute pas. Quand on aime les livres, les films et le football, on lit des romans, on va au cin\u00e9ma et on regarde des matches \u00e0 la t\u00e9l\u00e9vision. \u00c9videmment, sur la masse, on est plus souvent d\u00e9\u00e7u que transport\u00e9. Mais quand on tombe sur un bouquin formidable (Mes Monstres, de Dino Risi, \u00e9ditions de Fallois, d\u00e9cembre 2013), quand on voit un chef-d&rsquo;oeuvre (Ida, de Pawe\u0142 Pawlikowski, sortie en salles le 12 f\u00e9vrier) ou quand le PSG fait le cirque pendant quatre-vingt-dix minutes, alors on applaudit des deux mains, on appelle les amis et on dit : \u00ab\u00a0T&rsquo;as vu, c&rsquo;\u00e9tait formidable, non ?\u00a0\u00bb Et \u00e0 ceux qui ne sont pas d&rsquo;accord, on ne r\u00e9pond pas. On ne les appellera plus. Ils sont perdus.<\/div>\n<div style=\"clear: both; text-align: center;\"><\/div>\n<div style=\"clear: both; text-align: center;\">lepoint.fr<\/div>\n","protected":false},"excerpt":{"rendered":"<p>Alors que certains \u00ab\u00a0observateurs\u00a0\u00bb font la moue devant la prestation de Paris dimanche soir face \u00e0 l&rsquo;OM, Pascal Praud, lui, ne boude pas son plaisir. Je lis ce lundi les commentaires qui suivent le PSG\/OM du dimanche et je suis surpris que certains amateurs de foot aient gout\u00e9 du bout des l\u00e8vres ce Clasico qui [&hellip;]<\/p>\n","protected":false},"author":2,"featured_media":0,"comment_status":"open","ping_status":"open","sticky":false,"template":"","format":"standard","meta":{"footnotes":""},"categories":[3],"tags":[],"class_list":{"0":"post-878","1":"post","2":"type-post","3":"status-publish","4":"format-standard","6":"category-news"},"yoast_head":"<!-- This site is optimized with the Yoast SEO plugin v27.4 - https:\/\/yoast.com\/product\/yoast-seo-wordpress\/ -->\n<title>Pascal Praud : le PSG est un bonheur ! - PSG FANS<\/title>\n<meta name=\"robots\" content=\"index, follow, max-snippet:-1, max-image-preview:large, max-video-preview:-1\" \/>\n<link rel=\"canonical\" href=\"https:\/\/psgfans.fr\/?p=878\" \/>\n<meta property=\"og:locale\" content=\"fr_FR\" \/>\n<meta property=\"og:type\" content=\"article\" \/>\n<meta property=\"og:title\" content=\"Pascal Praud : le PSG est un bonheur ! - PSG FANS\" \/>\n<meta property=\"og:description\" content=\"Alors que certains \u00ab\u00a0observateurs\u00a0\u00bb font la moue devant la prestation de Paris dimanche soir face \u00e0 l&rsquo;OM, Pascal Praud, lui, ne boude pas son plaisir. Je lis ce lundi les commentaires qui suivent le PSG\/OM du dimanche et je suis surpris que certains amateurs de foot aient gout\u00e9 du bout des l\u00e8vres ce Clasico qui [&hellip;]\" \/>\n<meta property=\"og:url\" content=\"https:\/\/psgfans.fr\/?p=878\" \/>\n<meta property=\"og:site_name\" content=\"PSG FANS\" \/>\n<meta property=\"article:published_time\" content=\"2014-03-03T12:27:00+00:00\" \/>\n<meta property=\"og:image\" content=\"https:\/\/blogger.googleusercontent.com\/img\/b\/R29vZ2xl\/AVvXsEhEjcecPgmHQg7hiZoyErkjvAusylua5jDOMw1YvcxAbtT56KdmO3CUJKsWaJgPzKWsmX0mCrrC3Ux4OvjpXawR4bOMMqNAovvrwhjjegiB0hZCaqnl5BM5Pkfep3A5jKvxQKtZXxTDrFs\/s400\/38936.jpg\" \/>\n<meta name=\"author\" content=\"psgfans\" \/>\n<meta name=\"twitter:card\" content=\"summary_large_image\" \/>\n<meta name=\"twitter:label1\" content=\"\u00c9crit par\" \/>\n\t<meta name=\"twitter:data1\" content=\"psgfans\" \/>\n\t<meta name=\"twitter:label2\" content=\"Dur\u00e9e de lecture estim\u00e9e\" \/>\n\t<meta name=\"twitter:data2\" content=\"3 minutes\" \/>\n<script type=\"application\/ld+json\" class=\"yoast-schema-graph\">{\"@context\":\"https:\\\/\\\/schema.org\",\"@graph\":[{\"@type\":\"Article\",\"@id\":\"https:\\\/\\\/psgfans.fr\\\/?p=878#article\",\"isPartOf\":{\"@id\":\"https:\\\/\\\/psgfans.fr\\\/?p=878\"},\"author\":{\"name\":\"psgfans\",\"@id\":\"https:\\\/\\\/psgfans.fr\\\/#\\\/schema\\\/person\\\/be2237e7a0237af2f29cb344b3c55e6c\"},\"headline\":\"Pascal Praud : le PSG est un bonheur !\",\"datePublished\":\"2014-03-03T12:27:00+00:00\",\"mainEntityOfPage\":{\"@id\":\"https:\\\/\\\/psgfans.fr\\\/?p=878\"},\"wordCount\":669,\"commentCount\":0,\"image\":{\"@id\":\"https:\\\/\\\/psgfans.fr\\\/?p=878#primaryimage\"},\"thumbnailUrl\":\"https:\\\/\\\/blogger.googleusercontent.com\\\/img\\\/b\\\/R29vZ2xl\\\/AVvXsEhEjcecPgmHQg7hiZoyErkjvAusylua5jDOMw1YvcxAbtT56KdmO3CUJKsWaJgPzKWsmX0mCrrC3Ux4OvjpXawR4bOMMqNAovvrwhjjegiB0hZCaqnl5BM5Pkfep3A5jKvxQKtZXxTDrFs\\\/s400\\\/38936.jpg\",\"articleSection\":[\"News\"],\"inLanguage\":\"fr-FR\",\"potentialAction\":[{\"@type\":\"CommentAction\",\"name\":\"Comment\",\"target\":[\"https:\\\/\\\/psgfans.fr\\\/?p=878#respond\"]}]},{\"@type\":\"WebPage\",\"@id\":\"https:\\\/\\\/psgfans.fr\\\/?p=878\",\"url\":\"https:\\\/\\\/psgfans.fr\\\/?p=878\",\"name\":\"Pascal Praud : le PSG est un bonheur ! - PSG FANS\",\"isPartOf\":{\"@id\":\"https:\\\/\\\/psgfans.fr\\\/#website\"},\"primaryImageOfPage\":{\"@id\":\"https:\\\/\\\/psgfans.fr\\\/?p=878#primaryimage\"},\"image\":{\"@id\":\"https:\\\/\\\/psgfans.fr\\\/?p=878#primaryimage\"},\"thumbnailUrl\":\"https:\\\/\\\/blogger.googleusercontent.com\\\/img\\\/b\\\/R29vZ2xl\\\/AVvXsEhEjcecPgmHQg7hiZoyErkjvAusylua5jDOMw1YvcxAbtT56KdmO3CUJKsWaJgPzKWsmX0mCrrC3Ux4OvjpXawR4bOMMqNAovvrwhjjegiB0hZCaqnl5BM5Pkfep3A5jKvxQKtZXxTDrFs\\\/s400\\\/38936.jpg\",\"datePublished\":\"2014-03-03T12:27:00+00:00\",\"author\":{\"@id\":\"https:\\\/\\\/psgfans.fr\\\/#\\\/schema\\\/person\\\/be2237e7a0237af2f29cb344b3c55e6c\"},\"breadcrumb\":{\"@id\":\"https:\\\/\\\/psgfans.fr\\\/?p=878#breadcrumb\"},\"inLanguage\":\"fr-FR\",\"potentialAction\":[{\"@type\":\"ReadAction\",\"target\":[\"https:\\\/\\\/psgfans.fr\\\/?p=878\"]}]},{\"@type\":\"ImageObject\",\"inLanguage\":\"fr-FR\",\"@id\":\"https:\\\/\\\/psgfans.fr\\\/?p=878#primaryimage\",\"url\":\"https:\\\/\\\/blogger.googleusercontent.com\\\/img\\\/b\\\/R29vZ2xl\\\/AVvXsEhEjcecPgmHQg7hiZoyErkjvAusylua5jDOMw1YvcxAbtT56KdmO3CUJKsWaJgPzKWsmX0mCrrC3Ux4OvjpXawR4bOMMqNAovvrwhjjegiB0hZCaqnl5BM5Pkfep3A5jKvxQKtZXxTDrFs\\\/s400\\\/38936.jpg\",\"contentUrl\":\"https:\\\/\\\/blogger.googleusercontent.com\\\/img\\\/b\\\/R29vZ2xl\\\/AVvXsEhEjcecPgmHQg7hiZoyErkjvAusylua5jDOMw1YvcxAbtT56KdmO3CUJKsWaJgPzKWsmX0mCrrC3Ux4OvjpXawR4bOMMqNAovvrwhjjegiB0hZCaqnl5BM5Pkfep3A5jKvxQKtZXxTDrFs\\\/s400\\\/38936.jpg\"},{\"@type\":\"BreadcrumbList\",\"@id\":\"https:\\\/\\\/psgfans.fr\\\/?p=878#breadcrumb\",\"itemListElement\":[{\"@type\":\"ListItem\",\"position\":1,\"name\":\"Accueil\",\"item\":\"https:\\\/\\\/psgfans.fr\\\/\"},{\"@type\":\"ListItem\",\"position\":2,\"name\":\"Pascal Praud : le PSG est un bonheur !\"}]},{\"@type\":\"WebSite\",\"@id\":\"https:\\\/\\\/psgfans.fr\\\/#website\",\"url\":\"https:\\\/\\\/psgfans.fr\\\/\",\"name\":\"PSG FANS\",\"description\":\"Unit\u00e9, Passion, Victoire : Au C\u0153ur du Paris Saint-Germain!\",\"potentialAction\":[{\"@type\":\"SearchAction\",\"target\":{\"@type\":\"EntryPoint\",\"urlTemplate\":\"https:\\\/\\\/psgfans.fr\\\/?s={search_term_string}\"},\"query-input\":{\"@type\":\"PropertyValueSpecification\",\"valueRequired\":true,\"valueName\":\"search_term_string\"}}],\"inLanguage\":\"fr-FR\"},{\"@type\":\"Person\",\"@id\":\"https:\\\/\\\/psgfans.fr\\\/#\\\/schema\\\/person\\\/be2237e7a0237af2f29cb344b3c55e6c\",\"name\":\"psgfans\",\"image\":{\"@type\":\"ImageObject\",\"inLanguage\":\"fr-FR\",\"@id\":\"https:\\\/\\\/secure.gravatar.com\\\/avatar\\\/?s=96&d=mm&r=g\",\"url\":\"https:\\\/\\\/secure.gravatar.com\\\/avatar\\\/?s=96&d=mm&r=g\",\"contentUrl\":\"https:\\\/\\\/secure.gravatar.com\\\/avatar\\\/?s=96&d=mm&r=g\",\"caption\":\"psgfans\"},\"url\":\"https:\\\/\\\/psgfans.fr\\\/?author=2\"}]}<\/script>\n<!-- \/ Yoast SEO plugin. -->","yoast_head_json":{"title":"Pascal Praud : le PSG est un bonheur ! - PSG FANS","robots":{"index":"index","follow":"follow","max-snippet":"max-snippet:-1","max-image-preview":"max-image-preview:large","max-video-preview":"max-video-preview:-1"},"canonical":"https:\/\/psgfans.fr\/?p=878","og_locale":"fr_FR","og_type":"article","og_title":"Pascal Praud : le PSG est un bonheur ! - PSG FANS","og_description":"Alors que certains \u00ab\u00a0observateurs\u00a0\u00bb font la moue devant la prestation de Paris dimanche soir face \u00e0 l&rsquo;OM, Pascal Praud, lui, ne boude pas son plaisir. Je lis ce lundi les commentaires qui suivent le PSG\/OM du dimanche et je suis surpris que certains amateurs de foot aient gout\u00e9 du bout des l\u00e8vres ce Clasico qui [&hellip;]","og_url":"https:\/\/psgfans.fr\/?p=878","og_site_name":"PSG FANS","article_published_time":"2014-03-03T12:27:00+00:00","og_image":[{"url":"https:\/\/blogger.googleusercontent.com\/img\/b\/R29vZ2xl\/AVvXsEhEjcecPgmHQg7hiZoyErkjvAusylua5jDOMw1YvcxAbtT56KdmO3CUJKsWaJgPzKWsmX0mCrrC3Ux4OvjpXawR4bOMMqNAovvrwhjjegiB0hZCaqnl5BM5Pkfep3A5jKvxQKtZXxTDrFs\/s400\/38936.jpg","type":"","width":"","height":""}],"author":"psgfans","twitter_card":"summary_large_image","twitter_misc":{"\u00c9crit par":"psgfans","Dur\u00e9e de lecture estim\u00e9e":"3 minutes"},"schema":{"@context":"https:\/\/schema.org","@graph":[{"@type":"Article","@id":"https:\/\/psgfans.fr\/?p=878#article","isPartOf":{"@id":"https:\/\/psgfans.fr\/?p=878"},"author":{"name":"psgfans","@id":"https:\/\/psgfans.fr\/#\/schema\/person\/be2237e7a0237af2f29cb344b3c55e6c"},"headline":"Pascal Praud : le PSG est un bonheur !","datePublished":"2014-03-03T12:27:00+00:00","mainEntityOfPage":{"@id":"https:\/\/psgfans.fr\/?p=878"},"wordCount":669,"commentCount":0,"image":{"@id":"https:\/\/psgfans.fr\/?p=878#primaryimage"},"thumbnailUrl":"https:\/\/blogger.googleusercontent.com\/img\/b\/R29vZ2xl\/AVvXsEhEjcecPgmHQg7hiZoyErkjvAusylua5jDOMw1YvcxAbtT56KdmO3CUJKsWaJgPzKWsmX0mCrrC3Ux4OvjpXawR4bOMMqNAovvrwhjjegiB0hZCaqnl5BM5Pkfep3A5jKvxQKtZXxTDrFs\/s400\/38936.jpg","articleSection":["News"],"inLanguage":"fr-FR","potentialAction":[{"@type":"CommentAction","name":"Comment","target":["https:\/\/psgfans.fr\/?p=878#respond"]}]},{"@type":"WebPage","@id":"https:\/\/psgfans.fr\/?p=878","url":"https:\/\/psgfans.fr\/?p=878","name":"Pascal Praud : le PSG est un bonheur ! - PSG FANS","isPartOf":{"@id":"https:\/\/psgfans.fr\/#website"},"primaryImageOfPage":{"@id":"https:\/\/psgfans.fr\/?p=878#primaryimage"},"image":{"@id":"https:\/\/psgfans.fr\/?p=878#primaryimage"},"thumbnailUrl":"https:\/\/blogger.googleusercontent.com\/img\/b\/R29vZ2xl\/AVvXsEhEjcecPgmHQg7hiZoyErkjvAusylua5jDOMw1YvcxAbtT56KdmO3CUJKsWaJgPzKWsmX0mCrrC3Ux4OvjpXawR4bOMMqNAovvrwhjjegiB0hZCaqnl5BM5Pkfep3A5jKvxQKtZXxTDrFs\/s400\/38936.jpg","datePublished":"2014-03-03T12:27:00+00:00","author":{"@id":"https:\/\/psgfans.fr\/#\/schema\/person\/be2237e7a0237af2f29cb344b3c55e6c"},"breadcrumb":{"@id":"https:\/\/psgfans.fr\/?p=878#breadcrumb"},"inLanguage":"fr-FR","potentialAction":[{"@type":"ReadAction","target":["https:\/\/psgfans.fr\/?p=878"]}]},{"@type":"ImageObject","inLanguage":"fr-FR","@id":"https:\/\/psgfans.fr\/?p=878#primaryimage","url":"https:\/\/blogger.googleusercontent.com\/img\/b\/R29vZ2xl\/AVvXsEhEjcecPgmHQg7hiZoyErkjvAusylua5jDOMw1YvcxAbtT56KdmO3CUJKsWaJgPzKWsmX0mCrrC3Ux4OvjpXawR4bOMMqNAovvrwhjjegiB0hZCaqnl5BM5Pkfep3A5jKvxQKtZXxTDrFs\/s400\/38936.jpg","contentUrl":"https:\/\/blogger.googleusercontent.com\/img\/b\/R29vZ2xl\/AVvXsEhEjcecPgmHQg7hiZoyErkjvAusylua5jDOMw1YvcxAbtT56KdmO3CUJKsWaJgPzKWsmX0mCrrC3Ux4OvjpXawR4bOMMqNAovvrwhjjegiB0hZCaqnl5BM5Pkfep3A5jKvxQKtZXxTDrFs\/s400\/38936.jpg"},{"@type":"BreadcrumbList","@id":"https:\/\/psgfans.fr\/?p=878#breadcrumb","itemListElement":[{"@type":"ListItem","position":1,"name":"Accueil","item":"https:\/\/psgfans.fr\/"},{"@type":"ListItem","position":2,"name":"Pascal Praud : le PSG est un bonheur !"}]},{"@type":"WebSite","@id":"https:\/\/psgfans.fr\/#website","url":"https:\/\/psgfans.fr\/","name":"PSG FANS","description":"Unit\u00e9, Passion, Victoire : Au C\u0153ur du Paris Saint-Germain!","potentialAction":[{"@type":"SearchAction","target":{"@type":"EntryPoint","urlTemplate":"https:\/\/psgfans.fr\/?s={search_term_string}"},"query-input":{"@type":"PropertyValueSpecification","valueRequired":true,"valueName":"search_term_string"}}],"inLanguage":"fr-FR"},{"@type":"Person","@id":"https:\/\/psgfans.fr\/#\/schema\/person\/be2237e7a0237af2f29cb344b3c55e6c","name":"psgfans","image":{"@type":"ImageObject","inLanguage":"fr-FR","@id":"https:\/\/secure.gravatar.com\/avatar\/?s=96&d=mm&r=g","url":"https:\/\/secure.gravatar.com\/avatar\/?s=96&d=mm&r=g","contentUrl":"https:\/\/secure.gravatar.com\/avatar\/?s=96&d=mm&r=g","caption":"psgfans"},"url":"https:\/\/psgfans.fr\/?author=2"}]}},"_links":{"self":[{"href":"https:\/\/psgfans.fr\/index.php?rest_route=\/wp\/v2\/posts\/878","targetHints":{"allow":["GET"]}}],"collection":[{"href":"https:\/\/psgfans.fr\/index.php?rest_route=\/wp\/v2\/posts"}],"about":[{"href":"https:\/\/psgfans.fr\/index.php?rest_route=\/wp\/v2\/types\/post"}],"author":[{"embeddable":true,"href":"https:\/\/psgfans.fr\/index.php?rest_route=\/wp\/v2\/users\/2"}],"replies":[{"embeddable":true,"href":"https:\/\/psgfans.fr\/index.php?rest_route=%2Fwp%2Fv2%2Fcomments&post=878"}],"version-history":[{"count":0,"href":"https:\/\/psgfans.fr\/index.php?rest_route=\/wp\/v2\/posts\/878\/revisions"}],"wp:attachment":[{"href":"https:\/\/psgfans.fr\/index.php?rest_route=%2Fwp%2Fv2%2Fmedia&parent=878"}],"wp:term":[{"taxonomy":"category","embeddable":true,"href":"https:\/\/psgfans.fr\/index.php?rest_route=%2Fwp%2Fv2%2Fcategories&post=878"},{"taxonomy":"post_tag","embeddable":true,"href":"https:\/\/psgfans.fr\/index.php?rest_route=%2Fwp%2Fv2%2Ftags&post=878"}],"curies":[{"name":"wp","href":"https:\/\/api.w.org\/{rel}","templated":true}]}}