{"id":877,"date":"2014-03-03T13:31:00","date_gmt":"2014-03-03T12:31:00","guid":{"rendered":"https:\/\/psgfans.fr\/?p=877"},"modified":"2014-03-03T13:31:00","modified_gmt":"2014-03-03T12:31:00","slug":"blaise-matuidi-pas-de-raison-que-le-titre-nous-echappe","status":"publish","type":"post","link":"https:\/\/psgfans.fr\/?p=877","title":{"rendered":"Blaise Matuidi : \u00ab Pas de raison que le titre nous \u00e9chappe \u00bb"},"content":{"rendered":"<div style=\"clear: both; text-align: center;\"><a href=\"https:\/\/blogger.googleusercontent.com\/img\/b\/R29vZ2xl\/AVvXsEjTmCl5kGUh6GscoIMkspK_TOQfyDbpt-nvTb1f9Iu5OqoJ9H2IMGt-LEFC0s5cwy0nPdYYwnhNTgvyMLi-P2LAEYHKepLoKvmUHdV61NttEVWZaXIQfNUgjgk65_EbcwaG5ROXtGUljMI\/s1600\/512x342xgysnK.jpg.pagespeed.ic.4Zs7t_Cuja.jpg\" style=\"margin-left: 1em; margin-right: 1em;\"><img loading=\"lazy\" decoding=\"async\" border=\"0\" src=\"https:\/\/blogger.googleusercontent.com\/img\/b\/R29vZ2xl\/AVvXsEjTmCl5kGUh6GscoIMkspK_TOQfyDbpt-nvTb1f9Iu5OqoJ9H2IMGt-LEFC0s5cwy0nPdYYwnhNTgvyMLi-P2LAEYHKepLoKvmUHdV61NttEVWZaXIQfNUgjgk65_EbcwaG5ROXtGUljMI\/s1600\/512x342xgysnK.jpg.pagespeed.ic.4Zs7t_Cuja.jpg\" height=\"266\" width=\"400\" \/><\/a><\/div>\n<p>Les Parisiens ont quitt\u00e9 le Parc des Princes avec le sentiment du devoir accompli. Les huit points d&rsquo;avance sur Monaco leur offrent une marge \u00e9norme pour d\u00e9crocher leur deuxi\u00e8me titre de rang, le quatri\u00e8me de l&rsquo;histoire du PSG. Les hommes de Laurent Blanc se montrent confiants mais pr\u00e9f\u00e8rent rester&#8230; prudents \u00e0 onze journ\u00e9es de la fin du championnat \u00abNous ne sommes pas encore champions, insiste Salvatore Sirigu.<\/p>\n<p>La victoire de Saint-Etienne contre leur grand rival mon\u00e9gasque n&rsquo;a pourtant \u00e9chapp\u00e9 \u00e0 personne dans le groupe. \u00ab Cela reste un tr\u00e8s bon week-end avec la d\u00e9faite de Monaco, reconnait Thiago Motta. Nous sommes en bonne position mais il y a encore des points \u00e0 prendre. Si on fait le m\u00eame genre de match que face \u00e0 Marseille, cela devrait aller. \u00bb \u00abChaque \u00e9quipe donne le maximum face \u00e0 nous, donc il faut faire attention \u00e0 chaque rencontre, avance Maxwell, buteur lors de ce clasico. Avoir cette avance \u00e0 ce moment du championnat c&rsquo;est tr\u00e8s bien. Mais l&rsquo;\u00e9cart n&rsquo;est pas encore d\u00e9finitif. \u00bb \u00abC&rsquo;est vrai que c&rsquo;est un grand pas, abonde le pr\u00e9sident Nasser al-Khelaifi. On est sur la bonne voie mais il reste onze matchs. J&rsquo;esp\u00e8re qu&rsquo;on les gagnera tous ! \u00bb \u00ab Il ne faut pas s&rsquo;enflammer, plaide, lui, Blaise Matuidi. Tant que cela n&rsquo;est pas fait math\u00e9matiquement&#8230; Mais si on continue avec notre philosophie de jeu, il n&rsquo;y a pas de raison que le titre nous \u00e9chappe.\u00bb<\/p>\n<p>Ibrahimovic embraye : \u00ab Si on commet des erreurs, on le paiera, pr\u00e9vient le grand Zlatan. Si on continue comme \u00e7a, on sera champions en fin de saison. Huit points d&rsquo;avance, presque neuf avec le goal-average favorable, c&rsquo;est une grande \u00e9tape de franchi. Il faudrait que l&rsquo;on perde trois matchs et que Monaco gagne \u00e0 chaque fois. Il faut donc rester concentr\u00e9s pour garder notre rythme.\u00bb<\/p>\n<p>Source :&nbsp;leparisien.fr<\/p>\n","protected":false},"excerpt":{"rendered":"<p>Les Parisiens ont quitt\u00e9 le Parc des Princes avec le sentiment du devoir accompli. Les huit points d&rsquo;avance sur Monaco leur offrent une marge \u00e9norme pour d\u00e9crocher leur deuxi\u00e8me titre de rang, le quatri\u00e8me de l&rsquo;histoire du PSG. Les hommes de Laurent Blanc se montrent confiants mais pr\u00e9f\u00e8rent rester&#8230; prudents \u00e0 onze journ\u00e9es de la [&hellip;]<\/p>\n","protected":false},"author":2,"featured_media":0,"comment_status":"open","ping_status":"open","sticky":false,"template":"","format":"standard","meta":{"footnotes":""},"categories":[3],"tags":[],"class_list":{"0":"post-877","1":"post","2":"type-post","3":"status-publish","4":"format-standard","6":"category-news"},"yoast_head":"<!-- This site is optimized with the Yoast SEO plugin v27.4 - https:\/\/yoast.com\/product\/yoast-seo-wordpress\/ -->\n<title>Blaise Matuidi : \u00ab Pas de raison que le titre nous \u00e9chappe \u00bb - PSG FANS<\/title>\n<meta name=\"robots\" content=\"index, follow, max-snippet:-1, max-image-preview:large, max-video-preview:-1\" \/>\n<link rel=\"canonical\" href=\"https:\/\/psgfans.fr\/?p=877\" \/>\n<meta property=\"og:locale\" content=\"fr_FR\" \/>\n<meta property=\"og:type\" content=\"article\" \/>\n<meta property=\"og:title\" content=\"Blaise Matuidi : \u00ab Pas de raison que le titre nous \u00e9chappe \u00bb - PSG FANS\" \/>\n<meta property=\"og:description\" content=\"Les Parisiens ont quitt\u00e9 le Parc des Princes avec le sentiment du devoir accompli. Les huit points d&rsquo;avance sur Monaco leur offrent une marge \u00e9norme pour d\u00e9crocher leur deuxi\u00e8me titre de rang, le quatri\u00e8me de l&rsquo;histoire du PSG. Les hommes de Laurent Blanc se montrent confiants mais pr\u00e9f\u00e8rent rester&#8230; prudents \u00e0 onze journ\u00e9es de la [&hellip;]\" \/>\n<meta property=\"og:url\" content=\"https:\/\/psgfans.fr\/?p=877\" \/>\n<meta property=\"og:site_name\" content=\"PSG FANS\" \/>\n<meta property=\"article:published_time\" content=\"2014-03-03T12:31:00+00:00\" \/>\n<meta property=\"og:image\" content=\"https:\/\/blogger.googleusercontent.com\/img\/b\/R29vZ2xl\/AVvXsEjTmCl5kGUh6GscoIMkspK_TOQfyDbpt-nvTb1f9Iu5OqoJ9H2IMGt-LEFC0s5cwy0nPdYYwnhNTgvyMLi-P2LAEYHKepLoKvmUHdV61NttEVWZaXIQfNUgjgk65_EbcwaG5ROXtGUljMI\/s1600\/512x342xgysnK.jpg.pagespeed.ic.4Zs7t_Cuja.jpg\" \/>\n<meta name=\"author\" content=\"psgfans\" \/>\n<meta name=\"twitter:card\" content=\"summary_large_image\" \/>\n<meta name=\"twitter:label1\" content=\"\u00c9crit par\" \/>\n\t<meta name=\"twitter:data1\" content=\"psgfans\" \/>\n\t<meta name=\"twitter:label2\" content=\"Dur\u00e9e de lecture estim\u00e9e\" \/>\n\t<meta name=\"twitter:data2\" content=\"2 minutes\" \/>\n<script type=\"application\/ld+json\" class=\"yoast-schema-graph\">{\"@context\":\"https:\\\/\\\/schema.org\",\"@graph\":[{\"@type\":\"Article\",\"@id\":\"https:\\\/\\\/psgfans.fr\\\/?p=877#article\",\"isPartOf\":{\"@id\":\"https:\\\/\\\/psgfans.fr\\\/?p=877\"},\"author\":{\"name\":\"psgfans\",\"@id\":\"https:\\\/\\\/psgfans.fr\\\/#\\\/schema\\\/person\\\/be2237e7a0237af2f29cb344b3c55e6c\"},\"headline\":\"Blaise Matuidi : \u00ab Pas de raison que le titre nous \u00e9chappe \u00bb\",\"datePublished\":\"2014-03-03T12:31:00+00:00\",\"mainEntityOfPage\":{\"@id\":\"https:\\\/\\\/psgfans.fr\\\/?p=877\"},\"wordCount\":334,\"commentCount\":0,\"image\":{\"@id\":\"https:\\\/\\\/psgfans.fr\\\/?p=877#primaryimage\"},\"thumbnailUrl\":\"https:\\\/\\\/blogger.googleusercontent.com\\\/img\\\/b\\\/R29vZ2xl\\\/AVvXsEjTmCl5kGUh6GscoIMkspK_TOQfyDbpt-nvTb1f9Iu5OqoJ9H2IMGt-LEFC0s5cwy0nPdYYwnhNTgvyMLi-P2LAEYHKepLoKvmUHdV61NttEVWZaXIQfNUgjgk65_EbcwaG5ROXtGUljMI\\\/s1600\\\/512x342xgysnK.jpg.pagespeed.ic.4Zs7t_Cuja.jpg\",\"articleSection\":[\"News\"],\"inLanguage\":\"fr-FR\",\"potentialAction\":[{\"@type\":\"CommentAction\",\"name\":\"Comment\",\"target\":[\"https:\\\/\\\/psgfans.fr\\\/?p=877#respond\"]}]},{\"@type\":\"WebPage\",\"@id\":\"https:\\\/\\\/psgfans.fr\\\/?p=877\",\"url\":\"https:\\\/\\\/psgfans.fr\\\/?p=877\",\"name\":\"Blaise Matuidi : \u00ab Pas de raison que le titre nous \u00e9chappe \u00bb - PSG FANS\",\"isPartOf\":{\"@id\":\"https:\\\/\\\/psgfans.fr\\\/#website\"},\"primaryImageOfPage\":{\"@id\":\"https:\\\/\\\/psgfans.fr\\\/?p=877#primaryimage\"},\"image\":{\"@id\":\"https:\\\/\\\/psgfans.fr\\\/?p=877#primaryimage\"},\"thumbnailUrl\":\"https:\\\/\\\/blogger.googleusercontent.com\\\/img\\\/b\\\/R29vZ2xl\\\/AVvXsEjTmCl5kGUh6GscoIMkspK_TOQfyDbpt-nvTb1f9Iu5OqoJ9H2IMGt-LEFC0s5cwy0nPdYYwnhNTgvyMLi-P2LAEYHKepLoKvmUHdV61NttEVWZaXIQfNUgjgk65_EbcwaG5ROXtGUljMI\\\/s1600\\\/512x342xgysnK.jpg.pagespeed.ic.4Zs7t_Cuja.jpg\",\"datePublished\":\"2014-03-03T12:31:00+00:00\",\"author\":{\"@id\":\"https:\\\/\\\/psgfans.fr\\\/#\\\/schema\\\/person\\\/be2237e7a0237af2f29cb344b3c55e6c\"},\"breadcrumb\":{\"@id\":\"https:\\\/\\\/psgfans.fr\\\/?p=877#breadcrumb\"},\"inLanguage\":\"fr-FR\",\"potentialAction\":[{\"@type\":\"ReadAction\",\"target\":[\"https:\\\/\\\/psgfans.fr\\\/?p=877\"]}]},{\"@type\":\"ImageObject\",\"inLanguage\":\"fr-FR\",\"@id\":\"https:\\\/\\\/psgfans.fr\\\/?p=877#primaryimage\",\"url\":\"https:\\\/\\\/blogger.googleusercontent.com\\\/img\\\/b\\\/R29vZ2xl\\\/AVvXsEjTmCl5kGUh6GscoIMkspK_TOQfyDbpt-nvTb1f9Iu5OqoJ9H2IMGt-LEFC0s5cwy0nPdYYwnhNTgvyMLi-P2LAEYHKepLoKvmUHdV61NttEVWZaXIQfNUgjgk65_EbcwaG5ROXtGUljMI\\\/s1600\\\/512x342xgysnK.jpg.pagespeed.ic.4Zs7t_Cuja.jpg\",\"contentUrl\":\"https:\\\/\\\/blogger.googleusercontent.com\\\/img\\\/b\\\/R29vZ2xl\\\/AVvXsEjTmCl5kGUh6GscoIMkspK_TOQfyDbpt-nvTb1f9Iu5OqoJ9H2IMGt-LEFC0s5cwy0nPdYYwnhNTgvyMLi-P2LAEYHKepLoKvmUHdV61NttEVWZaXIQfNUgjgk65_EbcwaG5ROXtGUljMI\\\/s1600\\\/512x342xgysnK.jpg.pagespeed.ic.4Zs7t_Cuja.jpg\"},{\"@type\":\"BreadcrumbList\",\"@id\":\"https:\\\/\\\/psgfans.fr\\\/?p=877#breadcrumb\",\"itemListElement\":[{\"@type\":\"ListItem\",\"position\":1,\"name\":\"Accueil\",\"item\":\"https:\\\/\\\/psgfans.fr\\\/\"},{\"@type\":\"ListItem\",\"position\":2,\"name\":\"Blaise Matuidi : \u00ab Pas de raison que le titre nous \u00e9chappe \u00bb\"}]},{\"@type\":\"WebSite\",\"@id\":\"https:\\\/\\\/psgfans.fr\\\/#website\",\"url\":\"https:\\\/\\\/psgfans.fr\\\/\",\"name\":\"PSG FANS\",\"description\":\"Unit\u00e9, Passion, Victoire : Au C\u0153ur du Paris Saint-Germain!\",\"potentialAction\":[{\"@type\":\"SearchAction\",\"target\":{\"@type\":\"EntryPoint\",\"urlTemplate\":\"https:\\\/\\\/psgfans.fr\\\/?s={search_term_string}\"},\"query-input\":{\"@type\":\"PropertyValueSpecification\",\"valueRequired\":true,\"valueName\":\"search_term_string\"}}],\"inLanguage\":\"fr-FR\"},{\"@type\":\"Person\",\"@id\":\"https:\\\/\\\/psgfans.fr\\\/#\\\/schema\\\/person\\\/be2237e7a0237af2f29cb344b3c55e6c\",\"name\":\"psgfans\",\"image\":{\"@type\":\"ImageObject\",\"inLanguage\":\"fr-FR\",\"@id\":\"https:\\\/\\\/secure.gravatar.com\\\/avatar\\\/?s=96&d=mm&r=g\",\"url\":\"https:\\\/\\\/secure.gravatar.com\\\/avatar\\\/?s=96&d=mm&r=g\",\"contentUrl\":\"https:\\\/\\\/secure.gravatar.com\\\/avatar\\\/?s=96&d=mm&r=g\",\"caption\":\"psgfans\"},\"url\":\"https:\\\/\\\/psgfans.fr\\\/?author=2\"}]}<\/script>\n<!-- \/ Yoast SEO plugin. -->","yoast_head_json":{"title":"Blaise Matuidi : \u00ab Pas de raison que le titre nous \u00e9chappe \u00bb - PSG FANS","robots":{"index":"index","follow":"follow","max-snippet":"max-snippet:-1","max-image-preview":"max-image-preview:large","max-video-preview":"max-video-preview:-1"},"canonical":"https:\/\/psgfans.fr\/?p=877","og_locale":"fr_FR","og_type":"article","og_title":"Blaise Matuidi : \u00ab Pas de raison que le titre nous \u00e9chappe \u00bb - PSG FANS","og_description":"Les Parisiens ont quitt\u00e9 le Parc des Princes avec le sentiment du devoir accompli. Les huit points d&rsquo;avance sur Monaco leur offrent une marge \u00e9norme pour d\u00e9crocher leur deuxi\u00e8me titre de rang, le quatri\u00e8me de l&rsquo;histoire du PSG. Les hommes de Laurent Blanc se montrent confiants mais pr\u00e9f\u00e8rent rester&#8230; prudents \u00e0 onze journ\u00e9es de la [&hellip;]","og_url":"https:\/\/psgfans.fr\/?p=877","og_site_name":"PSG FANS","article_published_time":"2014-03-03T12:31:00+00:00","og_image":[{"url":"https:\/\/blogger.googleusercontent.com\/img\/b\/R29vZ2xl\/AVvXsEjTmCl5kGUh6GscoIMkspK_TOQfyDbpt-nvTb1f9Iu5OqoJ9H2IMGt-LEFC0s5cwy0nPdYYwnhNTgvyMLi-P2LAEYHKepLoKvmUHdV61NttEVWZaXIQfNUgjgk65_EbcwaG5ROXtGUljMI\/s1600\/512x342xgysnK.jpg.pagespeed.ic.4Zs7t_Cuja.jpg","type":"","width":"","height":""}],"author":"psgfans","twitter_card":"summary_large_image","twitter_misc":{"\u00c9crit par":"psgfans","Dur\u00e9e de lecture estim\u00e9e":"2 minutes"},"schema":{"@context":"https:\/\/schema.org","@graph":[{"@type":"Article","@id":"https:\/\/psgfans.fr\/?p=877#article","isPartOf":{"@id":"https:\/\/psgfans.fr\/?p=877"},"author":{"name":"psgfans","@id":"https:\/\/psgfans.fr\/#\/schema\/person\/be2237e7a0237af2f29cb344b3c55e6c"},"headline":"Blaise Matuidi : \u00ab Pas de raison que le titre nous \u00e9chappe \u00bb","datePublished":"2014-03-03T12:31:00+00:00","mainEntityOfPage":{"@id":"https:\/\/psgfans.fr\/?p=877"},"wordCount":334,"commentCount":0,"image":{"@id":"https:\/\/psgfans.fr\/?p=877#primaryimage"},"thumbnailUrl":"https:\/\/blogger.googleusercontent.com\/img\/b\/R29vZ2xl\/AVvXsEjTmCl5kGUh6GscoIMkspK_TOQfyDbpt-nvTb1f9Iu5OqoJ9H2IMGt-LEFC0s5cwy0nPdYYwnhNTgvyMLi-P2LAEYHKepLoKvmUHdV61NttEVWZaXIQfNUgjgk65_EbcwaG5ROXtGUljMI\/s1600\/512x342xgysnK.jpg.pagespeed.ic.4Zs7t_Cuja.jpg","articleSection":["News"],"inLanguage":"fr-FR","potentialAction":[{"@type":"CommentAction","name":"Comment","target":["https:\/\/psgfans.fr\/?p=877#respond"]}]},{"@type":"WebPage","@id":"https:\/\/psgfans.fr\/?p=877","url":"https:\/\/psgfans.fr\/?p=877","name":"Blaise Matuidi : \u00ab Pas de raison que le titre nous \u00e9chappe \u00bb - PSG FANS","isPartOf":{"@id":"https:\/\/psgfans.fr\/#website"},"primaryImageOfPage":{"@id":"https:\/\/psgfans.fr\/?p=877#primaryimage"},"image":{"@id":"https:\/\/psgfans.fr\/?p=877#primaryimage"},"thumbnailUrl":"https:\/\/blogger.googleusercontent.com\/img\/b\/R29vZ2xl\/AVvXsEjTmCl5kGUh6GscoIMkspK_TOQfyDbpt-nvTb1f9Iu5OqoJ9H2IMGt-LEFC0s5cwy0nPdYYwnhNTgvyMLi-P2LAEYHKepLoKvmUHdV61NttEVWZaXIQfNUgjgk65_EbcwaG5ROXtGUljMI\/s1600\/512x342xgysnK.jpg.pagespeed.ic.4Zs7t_Cuja.jpg","datePublished":"2014-03-03T12:31:00+00:00","author":{"@id":"https:\/\/psgfans.fr\/#\/schema\/person\/be2237e7a0237af2f29cb344b3c55e6c"},"breadcrumb":{"@id":"https:\/\/psgfans.fr\/?p=877#breadcrumb"},"inLanguage":"fr-FR","potentialAction":[{"@type":"ReadAction","target":["https:\/\/psgfans.fr\/?p=877"]}]},{"@type":"ImageObject","inLanguage":"fr-FR","@id":"https:\/\/psgfans.fr\/?p=877#primaryimage","url":"https:\/\/blogger.googleusercontent.com\/img\/b\/R29vZ2xl\/AVvXsEjTmCl5kGUh6GscoIMkspK_TOQfyDbpt-nvTb1f9Iu5OqoJ9H2IMGt-LEFC0s5cwy0nPdYYwnhNTgvyMLi-P2LAEYHKepLoKvmUHdV61NttEVWZaXIQfNUgjgk65_EbcwaG5ROXtGUljMI\/s1600\/512x342xgysnK.jpg.pagespeed.ic.4Zs7t_Cuja.jpg","contentUrl":"https:\/\/blogger.googleusercontent.com\/img\/b\/R29vZ2xl\/AVvXsEjTmCl5kGUh6GscoIMkspK_TOQfyDbpt-nvTb1f9Iu5OqoJ9H2IMGt-LEFC0s5cwy0nPdYYwnhNTgvyMLi-P2LAEYHKepLoKvmUHdV61NttEVWZaXIQfNUgjgk65_EbcwaG5ROXtGUljMI\/s1600\/512x342xgysnK.jpg.pagespeed.ic.4Zs7t_Cuja.jpg"},{"@type":"BreadcrumbList","@id":"https:\/\/psgfans.fr\/?p=877#breadcrumb","itemListElement":[{"@type":"ListItem","position":1,"name":"Accueil","item":"https:\/\/psgfans.fr\/"},{"@type":"ListItem","position":2,"name":"Blaise Matuidi : \u00ab Pas de raison que le titre nous \u00e9chappe \u00bb"}]},{"@type":"WebSite","@id":"https:\/\/psgfans.fr\/#website","url":"https:\/\/psgfans.fr\/","name":"PSG FANS","description":"Unit\u00e9, Passion, Victoire : Au C\u0153ur du Paris Saint-Germain!","potentialAction":[{"@type":"SearchAction","target":{"@type":"EntryPoint","urlTemplate":"https:\/\/psgfans.fr\/?s={search_term_string}"},"query-input":{"@type":"PropertyValueSpecification","valueRequired":true,"valueName":"search_term_string"}}],"inLanguage":"fr-FR"},{"@type":"Person","@id":"https:\/\/psgfans.fr\/#\/schema\/person\/be2237e7a0237af2f29cb344b3c55e6c","name":"psgfans","image":{"@type":"ImageObject","inLanguage":"fr-FR","@id":"https:\/\/secure.gravatar.com\/avatar\/?s=96&d=mm&r=g","url":"https:\/\/secure.gravatar.com\/avatar\/?s=96&d=mm&r=g","contentUrl":"https:\/\/secure.gravatar.com\/avatar\/?s=96&d=mm&r=g","caption":"psgfans"},"url":"https:\/\/psgfans.fr\/?author=2"}]}},"_links":{"self":[{"href":"https:\/\/psgfans.fr\/index.php?rest_route=\/wp\/v2\/posts\/877","targetHints":{"allow":["GET"]}}],"collection":[{"href":"https:\/\/psgfans.fr\/index.php?rest_route=\/wp\/v2\/posts"}],"about":[{"href":"https:\/\/psgfans.fr\/index.php?rest_route=\/wp\/v2\/types\/post"}],"author":[{"embeddable":true,"href":"https:\/\/psgfans.fr\/index.php?rest_route=\/wp\/v2\/users\/2"}],"replies":[{"embeddable":true,"href":"https:\/\/psgfans.fr\/index.php?rest_route=%2Fwp%2Fv2%2Fcomments&post=877"}],"version-history":[{"count":0,"href":"https:\/\/psgfans.fr\/index.php?rest_route=\/wp\/v2\/posts\/877\/revisions"}],"wp:attachment":[{"href":"https:\/\/psgfans.fr\/index.php?rest_route=%2Fwp%2Fv2%2Fmedia&parent=877"}],"wp:term":[{"taxonomy":"category","embeddable":true,"href":"https:\/\/psgfans.fr\/index.php?rest_route=%2Fwp%2Fv2%2Fcategories&post=877"},{"taxonomy":"post_tag","embeddable":true,"href":"https:\/\/psgfans.fr\/index.php?rest_route=%2Fwp%2Fv2%2Ftags&post=877"}],"curies":[{"name":"wp","href":"https:\/\/api.w.org\/{rel}","templated":true}]}}