{"id":874,"date":"2014-03-04T20:58:00","date_gmt":"2014-03-04T19:58:00","guid":{"rendered":"https:\/\/psgfans.fr\/?p=874"},"modified":"2014-03-04T20:58:00","modified_gmt":"2014-03-04T19:58:00","slug":"mercato-psg-cavani-quelles-solutions-soffrent-a-laurent-blanc","status":"publish","type":"post","link":"https:\/\/psgfans.fr\/?p=874","title":{"rendered":"Mercato &#8211; PSG : Cavani, quelles solutions s\u2019offrent \u00e0 Laurent Blanc ?"},"content":{"rendered":"<div dir=\"ltr\" style=\"text-align: left;\">\n<div style=\"clear: both; text-align: center;\"><a href=\"https:\/\/blogger.googleusercontent.com\/img\/b\/R29vZ2xl\/AVvXsEjWdsIPwXro3WqSxJcs87rLDlnWpB7aO2b5vSi6S7duetCmVlGoRV_PLgmVU8muLwa2snbEt-vTMa6GK1tM8vVnBomASCVgc1z6BrJnEk26nu5jF80tyZ0EzdUmbdb2enKXVVkOI5tYIYs\/s1600\/38935.jpg\" style=\"margin-left: 1em; margin-right: 1em;\"><img loading=\"lazy\" decoding=\"async\" border=\"0\" src=\"https:\/\/blogger.googleusercontent.com\/img\/b\/R29vZ2xl\/AVvXsEjWdsIPwXro3WqSxJcs87rLDlnWpB7aO2b5vSi6S7duetCmVlGoRV_PLgmVU8muLwa2snbEt-vTMa6GK1tM8vVnBomASCVgc1z6BrJnEk26nu5jF80tyZ0EzdUmbdb2enKXVVkOI5tYIYs\/s1600\/38935.jpg\" height=\"266\" width=\"400\" \/><\/a><\/div>\n<p>Edinson Cavani a effectu\u00e9 en retour en fanfare dimanche face \u00e0 l\u2019OM (2-0). Apr\u00e8s plus d\u2019un mois d\u2019absence, Cavani a marqu\u00e9 quelques minutes apr\u00e8s son entr\u00e9e en jeu. Tous les doutes autour de l\u2019Uruguayen ne sont toutefois pas lev\u00e9s\u2026 &nbsp;Explications.<\/p>\n<p>Absent depuis fin janvier, Edinson Cavani a retrouv\u00e9 les terrains, dimanche lors de PSG-OM (2-0). L\u2019attaquant du PSG a vite retrouv\u00e9 la faille. Cavani a inscrit son 14\u00e8me but en 22 matchs jou\u00e9s avec le PSG en Ligue 1 cette saison. Tr\u00e8s heureux apr\u00e8s son but, Cavani donne tout lorsqu\u2019il est sur le terrain. Mod\u00e8le d\u2019abn\u00e9gation sur le pr\u00e9, Edinson Cavani s\u2019interrogerait pourtant sur son avenir au PSG, lui qui a \u00e9t\u00e9 recrut\u00e9 64M d\u2019euros par le PSG \u00e0 Naples l\u2019\u00e9t\u00e9 dernier. Comme r\u00e9v\u00e9l\u00e9 par le 10 Sport d\u00e8s le mois de novembre 2013, Cavani n\u2019appr\u00e9cierait que moyennement d\u2019\u00e9voluer sur un c\u00f4t\u00e9 de l\u2019attaque parisienne. Les prochains mois vont \u00eatre tr\u00e8s importants pour les deux parties.<\/p>\n<p>\u00c0 DROITE, COMME DEPUIS LE D\u00c9BUT DE LA SAISON<br \/>Depuis le d\u00e9but de la saison, Laurent Blanc joue en 4-3-3 avec Marco Verratti, Blaise Matuidi et Thiago Motta dans l\u2019entrejeu. Un syst\u00e8me qui marche parfaitement mais qui contraint Laurent Blanc \u00e0 \u00ab exiler \u00bb Edinson Cavani ailier droit, Zlatan Ibrahimovic \u00e9tant incontournable dans l\u2019axe. Edinson Cavani n\u2019appr\u00e9cie pas sp\u00e9cialement de jouer \u00e0 droite mais il est performant \u00e0 ce poste. Cavani donne tout sur le terrain et Laurent Blanc n\u2019a aucune raison de modifier son sch\u00e9ma de jeu, m\u00eame pour faire plaisir \u00e0 la star uruguayenne. Pourquoi changer un syst\u00e8me qui marche et qui a fait ses preuves ? Le collectif avant tout.<\/p>\n<p>\u00c0 GAUCHE, AVEC L\u2019\u00c9CLOSION DE LUCAS<br \/>Edinson Cavani pourrait toutefois \u00eatre \u00ab balad\u00e9 \u00bb sur l\u2019autre aile avec l\u2019\u00e9closion du jeune br\u00e9silien Lucas. Depuis le d\u00e9but de la saison, personne ne s\u2019imposait sur l\u2019aile gauche. Ni Javier Pastore, ni Ezequiel Lavezzi, ni J\u00e9r\u00e9my M\u00e9nez, ni Lucas. Le jeune br\u00e9silien a toutefois marqu\u00e9 des points, notamment lors du Clasico, pendant l\u2019absence de Cavani \u00e0 droite. Il m\u00e9rite d\u2019\u00eatre revu \u00e0 son poste de pr\u00e9dilection. Cavani pourrait donc jouer ailier gauche, au poste o\u00f9 il a \u00e9t\u00e9 align\u00e9 lorsqu\u2019il est entr\u00e9 en jeu contre l\u2019OM. Cavani a marqu\u00e9 dans la foul\u00e9e\u2026 &nbsp;Un poste qui ne devrait pas sp\u00e9cialement le ravir. Cavani pourrait avoir l\u2019impression (l\u00e9gitime) d\u2019\u00eatre trimball\u00e9 de droite \u00e0 gauche. Mais le collectif prime.<\/p>\n<p>DANS L\u2019AXE AVEC IBRAHIMOVIC\u2026<br \/>La troisi\u00e8me solution serait d\u2019aligner Edinson Cavani dans l\u2019axe, avec Zlatan Ibrahimovic. Le probl\u00e8me, c\u2019est que Laurent Blanc tient \u00e9norm\u00e9ment \u00e0 son &nbsp;4-3-3. Paris d\u00e9gage une force collective et une ma\u00eetrise de tous les instants dans cette organisation. Laurent Blanc n\u2019a aucune raison d\u2019innover ou de risquer de d\u00e9s\u00e9quilibrer son \u00e9quipe. Il est tr\u00e8s peu probable que Blanc change de syst\u00e8me avant la fin de la saison. Le technicien doit donc impliquer au mieux Cavani tout en ne le frustrant pas. Car Manchester United et Chelsea sont \u00e0 l\u2019aff\u00fbt. Ces clubs ont des moyens. Et un certain Jos\u00e9 Mourinho sait se montrer tr\u00e8s persuasif&#8230;<\/p>\n<p>Source: Le10sport.com<\/p><\/div>\n","protected":false},"excerpt":{"rendered":"<p>Edinson Cavani a effectu\u00e9 en retour en fanfare dimanche face \u00e0 l\u2019OM (2-0). Apr\u00e8s plus d\u2019un mois d\u2019absence, Cavani a marqu\u00e9 quelques minutes apr\u00e8s son entr\u00e9e en jeu. Tous les doutes autour de l\u2019Uruguayen ne sont toutefois pas lev\u00e9s\u2026 &nbsp;Explications. Absent depuis fin janvier, Edinson Cavani a retrouv\u00e9 les terrains, dimanche lors de PSG-OM (2-0). [&hellip;]<\/p>\n","protected":false},"author":2,"featured_media":0,"comment_status":"open","ping_status":"open","sticky":false,"template":"","format":"standard","meta":{"footnotes":""},"categories":[3],"tags":[],"class_list":{"0":"post-874","1":"post","2":"type-post","3":"status-publish","4":"format-standard","6":"category-news"},"yoast_head":"<!-- This site is optimized with the Yoast SEO plugin v27.4 - https:\/\/yoast.com\/product\/yoast-seo-wordpress\/ -->\n<title>Mercato - PSG : Cavani, quelles solutions s\u2019offrent \u00e0 Laurent Blanc ? - PSG FANS<\/title>\n<meta name=\"robots\" content=\"index, follow, max-snippet:-1, max-image-preview:large, max-video-preview:-1\" \/>\n<link rel=\"canonical\" href=\"https:\/\/psgfans.fr\/?p=874\" \/>\n<meta property=\"og:locale\" content=\"fr_FR\" \/>\n<meta property=\"og:type\" content=\"article\" \/>\n<meta property=\"og:title\" content=\"Mercato - PSG : Cavani, quelles solutions s\u2019offrent \u00e0 Laurent Blanc ? - PSG FANS\" \/>\n<meta property=\"og:description\" content=\"Edinson Cavani a effectu\u00e9 en retour en fanfare dimanche face \u00e0 l\u2019OM (2-0). Apr\u00e8s plus d\u2019un mois d\u2019absence, Cavani a marqu\u00e9 quelques minutes apr\u00e8s son entr\u00e9e en jeu. Tous les doutes autour de l\u2019Uruguayen ne sont toutefois pas lev\u00e9s\u2026 &nbsp;Explications. Absent depuis fin janvier, Edinson Cavani a retrouv\u00e9 les terrains, dimanche lors de PSG-OM (2-0). [&hellip;]\" \/>\n<meta property=\"og:url\" content=\"https:\/\/psgfans.fr\/?p=874\" \/>\n<meta property=\"og:site_name\" content=\"PSG FANS\" \/>\n<meta property=\"article:published_time\" content=\"2014-03-04T19:58:00+00:00\" \/>\n<meta property=\"og:image\" content=\"https:\/\/blogger.googleusercontent.com\/img\/b\/R29vZ2xl\/AVvXsEjWdsIPwXro3WqSxJcs87rLDlnWpB7aO2b5vSi6S7duetCmVlGoRV_PLgmVU8muLwa2snbEt-vTMa6GK1tM8vVnBomASCVgc1z6BrJnEk26nu5jF80tyZ0EzdUmbdb2enKXVVkOI5tYIYs\/s1600\/38935.jpg\" \/>\n<meta name=\"author\" content=\"psgfans\" \/>\n<meta name=\"twitter:card\" content=\"summary_large_image\" \/>\n<meta name=\"twitter:label1\" content=\"\u00c9crit par\" \/>\n\t<meta name=\"twitter:data1\" content=\"psgfans\" \/>\n\t<meta name=\"twitter:label2\" content=\"Dur\u00e9e de lecture estim\u00e9e\" \/>\n\t<meta name=\"twitter:data2\" content=\"3 minutes\" \/>\n<script type=\"application\/ld+json\" class=\"yoast-schema-graph\">{\"@context\":\"https:\\\/\\\/schema.org\",\"@graph\":[{\"@type\":\"Article\",\"@id\":\"https:\\\/\\\/psgfans.fr\\\/?p=874#article\",\"isPartOf\":{\"@id\":\"https:\\\/\\\/psgfans.fr\\\/?p=874\"},\"author\":{\"name\":\"psgfans\",\"@id\":\"https:\\\/\\\/psgfans.fr\\\/#\\\/schema\\\/person\\\/be2237e7a0237af2f29cb344b3c55e6c\"},\"headline\":\"Mercato &#8211; PSG : Cavani, quelles solutions s\u2019offrent \u00e0 Laurent Blanc ?\",\"datePublished\":\"2014-03-04T19:58:00+00:00\",\"mainEntityOfPage\":{\"@id\":\"https:\\\/\\\/psgfans.fr\\\/?p=874\"},\"wordCount\":575,\"commentCount\":0,\"image\":{\"@id\":\"https:\\\/\\\/psgfans.fr\\\/?p=874#primaryimage\"},\"thumbnailUrl\":\"https:\\\/\\\/blogger.googleusercontent.com\\\/img\\\/b\\\/R29vZ2xl\\\/AVvXsEjWdsIPwXro3WqSxJcs87rLDlnWpB7aO2b5vSi6S7duetCmVlGoRV_PLgmVU8muLwa2snbEt-vTMa6GK1tM8vVnBomASCVgc1z6BrJnEk26nu5jF80tyZ0EzdUmbdb2enKXVVkOI5tYIYs\\\/s1600\\\/38935.jpg\",\"articleSection\":[\"News\"],\"inLanguage\":\"fr-FR\",\"potentialAction\":[{\"@type\":\"CommentAction\",\"name\":\"Comment\",\"target\":[\"https:\\\/\\\/psgfans.fr\\\/?p=874#respond\"]}]},{\"@type\":\"WebPage\",\"@id\":\"https:\\\/\\\/psgfans.fr\\\/?p=874\",\"url\":\"https:\\\/\\\/psgfans.fr\\\/?p=874\",\"name\":\"Mercato - PSG : Cavani, quelles solutions s\u2019offrent \u00e0 Laurent Blanc ? - PSG FANS\",\"isPartOf\":{\"@id\":\"https:\\\/\\\/psgfans.fr\\\/#website\"},\"primaryImageOfPage\":{\"@id\":\"https:\\\/\\\/psgfans.fr\\\/?p=874#primaryimage\"},\"image\":{\"@id\":\"https:\\\/\\\/psgfans.fr\\\/?p=874#primaryimage\"},\"thumbnailUrl\":\"https:\\\/\\\/blogger.googleusercontent.com\\\/img\\\/b\\\/R29vZ2xl\\\/AVvXsEjWdsIPwXro3WqSxJcs87rLDlnWpB7aO2b5vSi6S7duetCmVlGoRV_PLgmVU8muLwa2snbEt-vTMa6GK1tM8vVnBomASCVgc1z6BrJnEk26nu5jF80tyZ0EzdUmbdb2enKXVVkOI5tYIYs\\\/s1600\\\/38935.jpg\",\"datePublished\":\"2014-03-04T19:58:00+00:00\",\"author\":{\"@id\":\"https:\\\/\\\/psgfans.fr\\\/#\\\/schema\\\/person\\\/be2237e7a0237af2f29cb344b3c55e6c\"},\"breadcrumb\":{\"@id\":\"https:\\\/\\\/psgfans.fr\\\/?p=874#breadcrumb\"},\"inLanguage\":\"fr-FR\",\"potentialAction\":[{\"@type\":\"ReadAction\",\"target\":[\"https:\\\/\\\/psgfans.fr\\\/?p=874\"]}]},{\"@type\":\"ImageObject\",\"inLanguage\":\"fr-FR\",\"@id\":\"https:\\\/\\\/psgfans.fr\\\/?p=874#primaryimage\",\"url\":\"https:\\\/\\\/blogger.googleusercontent.com\\\/img\\\/b\\\/R29vZ2xl\\\/AVvXsEjWdsIPwXro3WqSxJcs87rLDlnWpB7aO2b5vSi6S7duetCmVlGoRV_PLgmVU8muLwa2snbEt-vTMa6GK1tM8vVnBomASCVgc1z6BrJnEk26nu5jF80tyZ0EzdUmbdb2enKXVVkOI5tYIYs\\\/s1600\\\/38935.jpg\",\"contentUrl\":\"https:\\\/\\\/blogger.googleusercontent.com\\\/img\\\/b\\\/R29vZ2xl\\\/AVvXsEjWdsIPwXro3WqSxJcs87rLDlnWpB7aO2b5vSi6S7duetCmVlGoRV_PLgmVU8muLwa2snbEt-vTMa6GK1tM8vVnBomASCVgc1z6BrJnEk26nu5jF80tyZ0EzdUmbdb2enKXVVkOI5tYIYs\\\/s1600\\\/38935.jpg\"},{\"@type\":\"BreadcrumbList\",\"@id\":\"https:\\\/\\\/psgfans.fr\\\/?p=874#breadcrumb\",\"itemListElement\":[{\"@type\":\"ListItem\",\"position\":1,\"name\":\"Accueil\",\"item\":\"https:\\\/\\\/psgfans.fr\\\/\"},{\"@type\":\"ListItem\",\"position\":2,\"name\":\"Mercato &#8211; PSG : Cavani, quelles solutions s\u2019offrent \u00e0 Laurent Blanc ?\"}]},{\"@type\":\"WebSite\",\"@id\":\"https:\\\/\\\/psgfans.fr\\\/#website\",\"url\":\"https:\\\/\\\/psgfans.fr\\\/\",\"name\":\"PSG FANS\",\"description\":\"Unit\u00e9, Passion, Victoire : Au C\u0153ur du Paris Saint-Germain!\",\"potentialAction\":[{\"@type\":\"SearchAction\",\"target\":{\"@type\":\"EntryPoint\",\"urlTemplate\":\"https:\\\/\\\/psgfans.fr\\\/?s={search_term_string}\"},\"query-input\":{\"@type\":\"PropertyValueSpecification\",\"valueRequired\":true,\"valueName\":\"search_term_string\"}}],\"inLanguage\":\"fr-FR\"},{\"@type\":\"Person\",\"@id\":\"https:\\\/\\\/psgfans.fr\\\/#\\\/schema\\\/person\\\/be2237e7a0237af2f29cb344b3c55e6c\",\"name\":\"psgfans\",\"image\":{\"@type\":\"ImageObject\",\"inLanguage\":\"fr-FR\",\"@id\":\"https:\\\/\\\/secure.gravatar.com\\\/avatar\\\/?s=96&d=mm&r=g\",\"url\":\"https:\\\/\\\/secure.gravatar.com\\\/avatar\\\/?s=96&d=mm&r=g\",\"contentUrl\":\"https:\\\/\\\/secure.gravatar.com\\\/avatar\\\/?s=96&d=mm&r=g\",\"caption\":\"psgfans\"},\"url\":\"https:\\\/\\\/psgfans.fr\\\/?author=2\"}]}<\/script>\n<!-- \/ Yoast SEO plugin. -->","yoast_head_json":{"title":"Mercato - PSG : Cavani, quelles solutions s\u2019offrent \u00e0 Laurent Blanc ? - PSG FANS","robots":{"index":"index","follow":"follow","max-snippet":"max-snippet:-1","max-image-preview":"max-image-preview:large","max-video-preview":"max-video-preview:-1"},"canonical":"https:\/\/psgfans.fr\/?p=874","og_locale":"fr_FR","og_type":"article","og_title":"Mercato - PSG : Cavani, quelles solutions s\u2019offrent \u00e0 Laurent Blanc ? - PSG FANS","og_description":"Edinson Cavani a effectu\u00e9 en retour en fanfare dimanche face \u00e0 l\u2019OM (2-0). Apr\u00e8s plus d\u2019un mois d\u2019absence, Cavani a marqu\u00e9 quelques minutes apr\u00e8s son entr\u00e9e en jeu. Tous les doutes autour de l\u2019Uruguayen ne sont toutefois pas lev\u00e9s\u2026 &nbsp;Explications. Absent depuis fin janvier, Edinson Cavani a retrouv\u00e9 les terrains, dimanche lors de PSG-OM (2-0). [&hellip;]","og_url":"https:\/\/psgfans.fr\/?p=874","og_site_name":"PSG FANS","article_published_time":"2014-03-04T19:58:00+00:00","og_image":[{"url":"https:\/\/blogger.googleusercontent.com\/img\/b\/R29vZ2xl\/AVvXsEjWdsIPwXro3WqSxJcs87rLDlnWpB7aO2b5vSi6S7duetCmVlGoRV_PLgmVU8muLwa2snbEt-vTMa6GK1tM8vVnBomASCVgc1z6BrJnEk26nu5jF80tyZ0EzdUmbdb2enKXVVkOI5tYIYs\/s1600\/38935.jpg","type":"","width":"","height":""}],"author":"psgfans","twitter_card":"summary_large_image","twitter_misc":{"\u00c9crit par":"psgfans","Dur\u00e9e de lecture estim\u00e9e":"3 minutes"},"schema":{"@context":"https:\/\/schema.org","@graph":[{"@type":"Article","@id":"https:\/\/psgfans.fr\/?p=874#article","isPartOf":{"@id":"https:\/\/psgfans.fr\/?p=874"},"author":{"name":"psgfans","@id":"https:\/\/psgfans.fr\/#\/schema\/person\/be2237e7a0237af2f29cb344b3c55e6c"},"headline":"Mercato &#8211; PSG : Cavani, quelles solutions s\u2019offrent \u00e0 Laurent Blanc ?","datePublished":"2014-03-04T19:58:00+00:00","mainEntityOfPage":{"@id":"https:\/\/psgfans.fr\/?p=874"},"wordCount":575,"commentCount":0,"image":{"@id":"https:\/\/psgfans.fr\/?p=874#primaryimage"},"thumbnailUrl":"https:\/\/blogger.googleusercontent.com\/img\/b\/R29vZ2xl\/AVvXsEjWdsIPwXro3WqSxJcs87rLDlnWpB7aO2b5vSi6S7duetCmVlGoRV_PLgmVU8muLwa2snbEt-vTMa6GK1tM8vVnBomASCVgc1z6BrJnEk26nu5jF80tyZ0EzdUmbdb2enKXVVkOI5tYIYs\/s1600\/38935.jpg","articleSection":["News"],"inLanguage":"fr-FR","potentialAction":[{"@type":"CommentAction","name":"Comment","target":["https:\/\/psgfans.fr\/?p=874#respond"]}]},{"@type":"WebPage","@id":"https:\/\/psgfans.fr\/?p=874","url":"https:\/\/psgfans.fr\/?p=874","name":"Mercato - PSG : Cavani, quelles solutions s\u2019offrent \u00e0 Laurent Blanc ? - PSG FANS","isPartOf":{"@id":"https:\/\/psgfans.fr\/#website"},"primaryImageOfPage":{"@id":"https:\/\/psgfans.fr\/?p=874#primaryimage"},"image":{"@id":"https:\/\/psgfans.fr\/?p=874#primaryimage"},"thumbnailUrl":"https:\/\/blogger.googleusercontent.com\/img\/b\/R29vZ2xl\/AVvXsEjWdsIPwXro3WqSxJcs87rLDlnWpB7aO2b5vSi6S7duetCmVlGoRV_PLgmVU8muLwa2snbEt-vTMa6GK1tM8vVnBomASCVgc1z6BrJnEk26nu5jF80tyZ0EzdUmbdb2enKXVVkOI5tYIYs\/s1600\/38935.jpg","datePublished":"2014-03-04T19:58:00+00:00","author":{"@id":"https:\/\/psgfans.fr\/#\/schema\/person\/be2237e7a0237af2f29cb344b3c55e6c"},"breadcrumb":{"@id":"https:\/\/psgfans.fr\/?p=874#breadcrumb"},"inLanguage":"fr-FR","potentialAction":[{"@type":"ReadAction","target":["https:\/\/psgfans.fr\/?p=874"]}]},{"@type":"ImageObject","inLanguage":"fr-FR","@id":"https:\/\/psgfans.fr\/?p=874#primaryimage","url":"https:\/\/blogger.googleusercontent.com\/img\/b\/R29vZ2xl\/AVvXsEjWdsIPwXro3WqSxJcs87rLDlnWpB7aO2b5vSi6S7duetCmVlGoRV_PLgmVU8muLwa2snbEt-vTMa6GK1tM8vVnBomASCVgc1z6BrJnEk26nu5jF80tyZ0EzdUmbdb2enKXVVkOI5tYIYs\/s1600\/38935.jpg","contentUrl":"https:\/\/blogger.googleusercontent.com\/img\/b\/R29vZ2xl\/AVvXsEjWdsIPwXro3WqSxJcs87rLDlnWpB7aO2b5vSi6S7duetCmVlGoRV_PLgmVU8muLwa2snbEt-vTMa6GK1tM8vVnBomASCVgc1z6BrJnEk26nu5jF80tyZ0EzdUmbdb2enKXVVkOI5tYIYs\/s1600\/38935.jpg"},{"@type":"BreadcrumbList","@id":"https:\/\/psgfans.fr\/?p=874#breadcrumb","itemListElement":[{"@type":"ListItem","position":1,"name":"Accueil","item":"https:\/\/psgfans.fr\/"},{"@type":"ListItem","position":2,"name":"Mercato &#8211; PSG : Cavani, quelles solutions s\u2019offrent \u00e0 Laurent Blanc ?"}]},{"@type":"WebSite","@id":"https:\/\/psgfans.fr\/#website","url":"https:\/\/psgfans.fr\/","name":"PSG FANS","description":"Unit\u00e9, Passion, Victoire : Au C\u0153ur du Paris Saint-Germain!","potentialAction":[{"@type":"SearchAction","target":{"@type":"EntryPoint","urlTemplate":"https:\/\/psgfans.fr\/?s={search_term_string}"},"query-input":{"@type":"PropertyValueSpecification","valueRequired":true,"valueName":"search_term_string"}}],"inLanguage":"fr-FR"},{"@type":"Person","@id":"https:\/\/psgfans.fr\/#\/schema\/person\/be2237e7a0237af2f29cb344b3c55e6c","name":"psgfans","image":{"@type":"ImageObject","inLanguage":"fr-FR","@id":"https:\/\/secure.gravatar.com\/avatar\/?s=96&d=mm&r=g","url":"https:\/\/secure.gravatar.com\/avatar\/?s=96&d=mm&r=g","contentUrl":"https:\/\/secure.gravatar.com\/avatar\/?s=96&d=mm&r=g","caption":"psgfans"},"url":"https:\/\/psgfans.fr\/?author=2"}]}},"_links":{"self":[{"href":"https:\/\/psgfans.fr\/index.php?rest_route=\/wp\/v2\/posts\/874","targetHints":{"allow":["GET"]}}],"collection":[{"href":"https:\/\/psgfans.fr\/index.php?rest_route=\/wp\/v2\/posts"}],"about":[{"href":"https:\/\/psgfans.fr\/index.php?rest_route=\/wp\/v2\/types\/post"}],"author":[{"embeddable":true,"href":"https:\/\/psgfans.fr\/index.php?rest_route=\/wp\/v2\/users\/2"}],"replies":[{"embeddable":true,"href":"https:\/\/psgfans.fr\/index.php?rest_route=%2Fwp%2Fv2%2Fcomments&post=874"}],"version-history":[{"count":0,"href":"https:\/\/psgfans.fr\/index.php?rest_route=\/wp\/v2\/posts\/874\/revisions"}],"wp:attachment":[{"href":"https:\/\/psgfans.fr\/index.php?rest_route=%2Fwp%2Fv2%2Fmedia&parent=874"}],"wp:term":[{"taxonomy":"category","embeddable":true,"href":"https:\/\/psgfans.fr\/index.php?rest_route=%2Fwp%2Fv2%2Fcategories&post=874"},{"taxonomy":"post_tag","embeddable":true,"href":"https:\/\/psgfans.fr\/index.php?rest_route=%2Fwp%2Fv2%2Ftags&post=874"}],"curies":[{"name":"wp","href":"https:\/\/api.w.org\/{rel}","templated":true}]}}