{"id":873,"date":"2014-03-04T21:11:00","date_gmt":"2014-03-04T20:11:00","guid":{"rendered":"https:\/\/psgfans.fr\/?p=873"},"modified":"2014-03-04T21:11:00","modified_gmt":"2014-03-04T20:11:00","slug":"mercato-psg-le-detail-qui-relance-les-dossiers-pjanic-et-benatia","status":"publish","type":"post","link":"https:\/\/psgfans.fr\/?p=873","title":{"rendered":"Mercato &#8211; PSG : Le d\u00e9tail qui relance les dossiers Pjanic et Benatia ?"},"content":{"rendered":"<div dir=\"ltr\" style=\"text-align: left;\">\n<div style=\"clear: both; text-align: center;\"><a href=\"https:\/\/blogger.googleusercontent.com\/img\/b\/R29vZ2xl\/AVvXsEibn66OsWhZzuCUwV1XIce99ktYRgQrBouQcbidHyx29W0fh40AQ4dcqjftuipaWegUWty-SCJWIcyP4DCqXYd-JSlWFWVXYP5KN2xCLwSATF25c-7KUkZgQmc-thnZLCPehKiXCLkmgGg\/s1600\/1.jpg\" style=\"margin-left: 1em; margin-right: 1em;\"><img loading=\"lazy\" decoding=\"async\" border=\"0\" src=\"https:\/\/blogger.googleusercontent.com\/img\/b\/R29vZ2xl\/AVvXsEibn66OsWhZzuCUwV1XIce99ktYRgQrBouQcbidHyx29W0fh40AQ4dcqjftuipaWegUWty-SCJWIcyP4DCqXYd-JSlWFWVXYP5KN2xCLwSATF25c-7KUkZgQmc-thnZLCPehKiXCLkmgGg\/s1600\/1.jpg\" height=\"300\" width=\"400\" \/><\/a><\/div>\n<p>Alors qu&rsquo;il tarderait \u00e0 trouver un accord avec l&rsquo;AS Rome, Miralem Pjanic a \u00e9t\u00e9 aper\u00e7u dans les tribunes du Parc des Princes dimanche. Mehdi Benatia, son co\u00e9quipier \u00e0 la Roma, a aussi assist\u00e9 au PSG-OM (2-0).<\/p>\n<p>Miralem Pjanic a-t-il fait une croix sur le PSG ? En fin de contrat avec l\u2019AS Rome en juin 2015, le Bosnien n\u2019aurait toujours pas prolong\u00e9 son contrat avec la Louve. Il devrait toutefois signer un nouveau bail prochainement. Celui-ci le lierait jusqu\u2019en juin 2018 aux Romains, assorti d\u2019un salaire annuel de 3 millions d&rsquo;euros et d\u2019une clause lib\u00e9ratoire de 30 millions d&rsquo;euros. Mais un \u00e9v\u00e9nement survenu pourrait venir tout chambouler&#8230;<\/p>\n<p>PJANIC ET BENATIA EN VISITE AU PARC DES PRINCES<br \/>A en croire La Gazzetta dello Sport, qui relaie l&rsquo;information sur son site internet lundi, les pr\u00e9sences conjugu\u00e9es de Miralem Pjanic et Mehdi Benatia -deux joueurs suivis- au Parc des Princes dimanche lors du succ\u00e8s du PSG contre l&rsquo;OM (2-0) en cl\u00f4ture de la 27e journ\u00e9e de Ligue 1 ont de quoi interroger. Si la presse transalpine ne fait pas l&rsquo;\u00e9cho d&rsquo;une avanc\u00e9e dans ces deux dossiers, le fait de voir les deux Romains en tribunes relancerait indiscutablement les sp\u00e9culations autour du mercato estival.<\/p>\n<p>\u00ab PARIS, C&rsquo;EST UNE DESTINATION QUI ME PLA\u00ceRAIT \u00bb<br \/>Interrog\u00e9 il y a quelques semaines sur l&rsquo;int\u00e9r\u00eat du PSG, pour sa personne, Miralem Pjanic avait assur\u00e9 \u00eatre touch\u00e9. \u00ab C\u2019est flatteur, et je suis bien s\u00fbr content d\u2019entendre \u00e7a, avait-il expliqu\u00e9. Les clubs savent plus de choses que moi \u00e0 ce sujet. Le PSG ? C\u2019est le seul club o\u00f9 j\u2019irais en France. Je suis \u00e0 l\u2019AS Rome, et je me sens tr\u00e8s bien ici. Paris, c\u2019est une destination qui me plairait. Je suis devenu un supporter de la Roma et s\u2019il doit y avoir transfert, il faudra que les trois parties soient d\u2019accord. \u00bb<\/p>\n<div>le10sport.com<\/div>\n<\/div>\n","protected":false},"excerpt":{"rendered":"<p>Alors qu&rsquo;il tarderait \u00e0 trouver un accord avec l&rsquo;AS Rome, Miralem Pjanic a \u00e9t\u00e9 aper\u00e7u dans les tribunes du Parc des Princes dimanche. Mehdi Benatia, son co\u00e9quipier \u00e0 la Roma, a aussi assist\u00e9 au PSG-OM (2-0). Miralem Pjanic a-t-il fait une croix sur le PSG ? En fin de contrat avec l\u2019AS Rome en juin [&hellip;]<\/p>\n","protected":false},"author":2,"featured_media":0,"comment_status":"open","ping_status":"open","sticky":false,"template":"","format":"standard","meta":{"footnotes":""},"categories":[3],"tags":[],"class_list":{"0":"post-873","1":"post","2":"type-post","3":"status-publish","4":"format-standard","6":"category-news"},"yoast_head":"<!-- This site is optimized with the Yoast SEO plugin v27.4 - https:\/\/yoast.com\/product\/yoast-seo-wordpress\/ -->\n<title>Mercato - PSG : Le d\u00e9tail qui relance les dossiers Pjanic et Benatia ? - PSG FANS<\/title>\n<meta name=\"robots\" content=\"index, follow, max-snippet:-1, max-image-preview:large, max-video-preview:-1\" \/>\n<link rel=\"canonical\" href=\"https:\/\/psgfans.fr\/?p=873\" \/>\n<meta property=\"og:locale\" content=\"fr_FR\" \/>\n<meta property=\"og:type\" content=\"article\" \/>\n<meta property=\"og:title\" content=\"Mercato - PSG : Le d\u00e9tail qui relance les dossiers Pjanic et Benatia ? - PSG FANS\" \/>\n<meta property=\"og:description\" content=\"Alors qu&rsquo;il tarderait \u00e0 trouver un accord avec l&rsquo;AS Rome, Miralem Pjanic a \u00e9t\u00e9 aper\u00e7u dans les tribunes du Parc des Princes dimanche. Mehdi Benatia, son co\u00e9quipier \u00e0 la Roma, a aussi assist\u00e9 au PSG-OM (2-0). Miralem Pjanic a-t-il fait une croix sur le PSG ? En fin de contrat avec l\u2019AS Rome en juin [&hellip;]\" \/>\n<meta property=\"og:url\" content=\"https:\/\/psgfans.fr\/?p=873\" \/>\n<meta property=\"og:site_name\" content=\"PSG FANS\" \/>\n<meta property=\"article:published_time\" content=\"2014-03-04T20:11:00+00:00\" \/>\n<meta property=\"og:image\" content=\"https:\/\/blogger.googleusercontent.com\/img\/b\/R29vZ2xl\/AVvXsEibn66OsWhZzuCUwV1XIce99ktYRgQrBouQcbidHyx29W0fh40AQ4dcqjftuipaWegUWty-SCJWIcyP4DCqXYd-JSlWFWVXYP5KN2xCLwSATF25c-7KUkZgQmc-thnZLCPehKiXCLkmgGg\/s1600\/1.jpg\" \/>\n<meta name=\"author\" content=\"psgfans\" \/>\n<meta name=\"twitter:card\" content=\"summary_large_image\" \/>\n<meta name=\"twitter:label1\" content=\"\u00c9crit par\" \/>\n\t<meta name=\"twitter:data1\" content=\"psgfans\" \/>\n\t<meta name=\"twitter:label2\" content=\"Dur\u00e9e de lecture estim\u00e9e\" \/>\n\t<meta name=\"twitter:data2\" content=\"2 minutes\" \/>\n<script type=\"application\/ld+json\" class=\"yoast-schema-graph\">{\"@context\":\"https:\\\/\\\/schema.org\",\"@graph\":[{\"@type\":\"Article\",\"@id\":\"https:\\\/\\\/psgfans.fr\\\/?p=873#article\",\"isPartOf\":{\"@id\":\"https:\\\/\\\/psgfans.fr\\\/?p=873\"},\"author\":{\"name\":\"psgfans\",\"@id\":\"https:\\\/\\\/psgfans.fr\\\/#\\\/schema\\\/person\\\/be2237e7a0237af2f29cb344b3c55e6c\"},\"headline\":\"Mercato &#8211; PSG : Le d\u00e9tail qui relance les dossiers Pjanic et Benatia ?\",\"datePublished\":\"2014-03-04T20:11:00+00:00\",\"mainEntityOfPage\":{\"@id\":\"https:\\\/\\\/psgfans.fr\\\/?p=873\"},\"wordCount\":344,\"commentCount\":0,\"image\":{\"@id\":\"https:\\\/\\\/psgfans.fr\\\/?p=873#primaryimage\"},\"thumbnailUrl\":\"https:\\\/\\\/blogger.googleusercontent.com\\\/img\\\/b\\\/R29vZ2xl\\\/AVvXsEibn66OsWhZzuCUwV1XIce99ktYRgQrBouQcbidHyx29W0fh40AQ4dcqjftuipaWegUWty-SCJWIcyP4DCqXYd-JSlWFWVXYP5KN2xCLwSATF25c-7KUkZgQmc-thnZLCPehKiXCLkmgGg\\\/s1600\\\/1.jpg\",\"articleSection\":[\"News\"],\"inLanguage\":\"fr-FR\",\"potentialAction\":[{\"@type\":\"CommentAction\",\"name\":\"Comment\",\"target\":[\"https:\\\/\\\/psgfans.fr\\\/?p=873#respond\"]}]},{\"@type\":\"WebPage\",\"@id\":\"https:\\\/\\\/psgfans.fr\\\/?p=873\",\"url\":\"https:\\\/\\\/psgfans.fr\\\/?p=873\",\"name\":\"Mercato - PSG : Le d\u00e9tail qui relance les dossiers Pjanic et Benatia ? - PSG FANS\",\"isPartOf\":{\"@id\":\"https:\\\/\\\/psgfans.fr\\\/#website\"},\"primaryImageOfPage\":{\"@id\":\"https:\\\/\\\/psgfans.fr\\\/?p=873#primaryimage\"},\"image\":{\"@id\":\"https:\\\/\\\/psgfans.fr\\\/?p=873#primaryimage\"},\"thumbnailUrl\":\"https:\\\/\\\/blogger.googleusercontent.com\\\/img\\\/b\\\/R29vZ2xl\\\/AVvXsEibn66OsWhZzuCUwV1XIce99ktYRgQrBouQcbidHyx29W0fh40AQ4dcqjftuipaWegUWty-SCJWIcyP4DCqXYd-JSlWFWVXYP5KN2xCLwSATF25c-7KUkZgQmc-thnZLCPehKiXCLkmgGg\\\/s1600\\\/1.jpg\",\"datePublished\":\"2014-03-04T20:11:00+00:00\",\"author\":{\"@id\":\"https:\\\/\\\/psgfans.fr\\\/#\\\/schema\\\/person\\\/be2237e7a0237af2f29cb344b3c55e6c\"},\"breadcrumb\":{\"@id\":\"https:\\\/\\\/psgfans.fr\\\/?p=873#breadcrumb\"},\"inLanguage\":\"fr-FR\",\"potentialAction\":[{\"@type\":\"ReadAction\",\"target\":[\"https:\\\/\\\/psgfans.fr\\\/?p=873\"]}]},{\"@type\":\"ImageObject\",\"inLanguage\":\"fr-FR\",\"@id\":\"https:\\\/\\\/psgfans.fr\\\/?p=873#primaryimage\",\"url\":\"https:\\\/\\\/blogger.googleusercontent.com\\\/img\\\/b\\\/R29vZ2xl\\\/AVvXsEibn66OsWhZzuCUwV1XIce99ktYRgQrBouQcbidHyx29W0fh40AQ4dcqjftuipaWegUWty-SCJWIcyP4DCqXYd-JSlWFWVXYP5KN2xCLwSATF25c-7KUkZgQmc-thnZLCPehKiXCLkmgGg\\\/s1600\\\/1.jpg\",\"contentUrl\":\"https:\\\/\\\/blogger.googleusercontent.com\\\/img\\\/b\\\/R29vZ2xl\\\/AVvXsEibn66OsWhZzuCUwV1XIce99ktYRgQrBouQcbidHyx29W0fh40AQ4dcqjftuipaWegUWty-SCJWIcyP4DCqXYd-JSlWFWVXYP5KN2xCLwSATF25c-7KUkZgQmc-thnZLCPehKiXCLkmgGg\\\/s1600\\\/1.jpg\"},{\"@type\":\"BreadcrumbList\",\"@id\":\"https:\\\/\\\/psgfans.fr\\\/?p=873#breadcrumb\",\"itemListElement\":[{\"@type\":\"ListItem\",\"position\":1,\"name\":\"Accueil\",\"item\":\"https:\\\/\\\/psgfans.fr\\\/\"},{\"@type\":\"ListItem\",\"position\":2,\"name\":\"Mercato &#8211; PSG : Le d\u00e9tail qui relance les dossiers Pjanic et Benatia ?\"}]},{\"@type\":\"WebSite\",\"@id\":\"https:\\\/\\\/psgfans.fr\\\/#website\",\"url\":\"https:\\\/\\\/psgfans.fr\\\/\",\"name\":\"PSG FANS\",\"description\":\"Unit\u00e9, Passion, Victoire : Au C\u0153ur du Paris Saint-Germain!\",\"potentialAction\":[{\"@type\":\"SearchAction\",\"target\":{\"@type\":\"EntryPoint\",\"urlTemplate\":\"https:\\\/\\\/psgfans.fr\\\/?s={search_term_string}\"},\"query-input\":{\"@type\":\"PropertyValueSpecification\",\"valueRequired\":true,\"valueName\":\"search_term_string\"}}],\"inLanguage\":\"fr-FR\"},{\"@type\":\"Person\",\"@id\":\"https:\\\/\\\/psgfans.fr\\\/#\\\/schema\\\/person\\\/be2237e7a0237af2f29cb344b3c55e6c\",\"name\":\"psgfans\",\"image\":{\"@type\":\"ImageObject\",\"inLanguage\":\"fr-FR\",\"@id\":\"https:\\\/\\\/secure.gravatar.com\\\/avatar\\\/?s=96&d=mm&r=g\",\"url\":\"https:\\\/\\\/secure.gravatar.com\\\/avatar\\\/?s=96&d=mm&r=g\",\"contentUrl\":\"https:\\\/\\\/secure.gravatar.com\\\/avatar\\\/?s=96&d=mm&r=g\",\"caption\":\"psgfans\"},\"url\":\"https:\\\/\\\/psgfans.fr\\\/?author=2\"}]}<\/script>\n<!-- \/ Yoast SEO plugin. -->","yoast_head_json":{"title":"Mercato - PSG : Le d\u00e9tail qui relance les dossiers Pjanic et Benatia ? - PSG FANS","robots":{"index":"index","follow":"follow","max-snippet":"max-snippet:-1","max-image-preview":"max-image-preview:large","max-video-preview":"max-video-preview:-1"},"canonical":"https:\/\/psgfans.fr\/?p=873","og_locale":"fr_FR","og_type":"article","og_title":"Mercato - PSG : Le d\u00e9tail qui relance les dossiers Pjanic et Benatia ? - PSG FANS","og_description":"Alors qu&rsquo;il tarderait \u00e0 trouver un accord avec l&rsquo;AS Rome, Miralem Pjanic a \u00e9t\u00e9 aper\u00e7u dans les tribunes du Parc des Princes dimanche. Mehdi Benatia, son co\u00e9quipier \u00e0 la Roma, a aussi assist\u00e9 au PSG-OM (2-0). Miralem Pjanic a-t-il fait une croix sur le PSG ? En fin de contrat avec l\u2019AS Rome en juin [&hellip;]","og_url":"https:\/\/psgfans.fr\/?p=873","og_site_name":"PSG FANS","article_published_time":"2014-03-04T20:11:00+00:00","og_image":[{"url":"https:\/\/blogger.googleusercontent.com\/img\/b\/R29vZ2xl\/AVvXsEibn66OsWhZzuCUwV1XIce99ktYRgQrBouQcbidHyx29W0fh40AQ4dcqjftuipaWegUWty-SCJWIcyP4DCqXYd-JSlWFWVXYP5KN2xCLwSATF25c-7KUkZgQmc-thnZLCPehKiXCLkmgGg\/s1600\/1.jpg","type":"","width":"","height":""}],"author":"psgfans","twitter_card":"summary_large_image","twitter_misc":{"\u00c9crit par":"psgfans","Dur\u00e9e de lecture estim\u00e9e":"2 minutes"},"schema":{"@context":"https:\/\/schema.org","@graph":[{"@type":"Article","@id":"https:\/\/psgfans.fr\/?p=873#article","isPartOf":{"@id":"https:\/\/psgfans.fr\/?p=873"},"author":{"name":"psgfans","@id":"https:\/\/psgfans.fr\/#\/schema\/person\/be2237e7a0237af2f29cb344b3c55e6c"},"headline":"Mercato &#8211; PSG : Le d\u00e9tail qui relance les dossiers Pjanic et Benatia ?","datePublished":"2014-03-04T20:11:00+00:00","mainEntityOfPage":{"@id":"https:\/\/psgfans.fr\/?p=873"},"wordCount":344,"commentCount":0,"image":{"@id":"https:\/\/psgfans.fr\/?p=873#primaryimage"},"thumbnailUrl":"https:\/\/blogger.googleusercontent.com\/img\/b\/R29vZ2xl\/AVvXsEibn66OsWhZzuCUwV1XIce99ktYRgQrBouQcbidHyx29W0fh40AQ4dcqjftuipaWegUWty-SCJWIcyP4DCqXYd-JSlWFWVXYP5KN2xCLwSATF25c-7KUkZgQmc-thnZLCPehKiXCLkmgGg\/s1600\/1.jpg","articleSection":["News"],"inLanguage":"fr-FR","potentialAction":[{"@type":"CommentAction","name":"Comment","target":["https:\/\/psgfans.fr\/?p=873#respond"]}]},{"@type":"WebPage","@id":"https:\/\/psgfans.fr\/?p=873","url":"https:\/\/psgfans.fr\/?p=873","name":"Mercato - PSG : Le d\u00e9tail qui relance les dossiers Pjanic et Benatia ? - PSG FANS","isPartOf":{"@id":"https:\/\/psgfans.fr\/#website"},"primaryImageOfPage":{"@id":"https:\/\/psgfans.fr\/?p=873#primaryimage"},"image":{"@id":"https:\/\/psgfans.fr\/?p=873#primaryimage"},"thumbnailUrl":"https:\/\/blogger.googleusercontent.com\/img\/b\/R29vZ2xl\/AVvXsEibn66OsWhZzuCUwV1XIce99ktYRgQrBouQcbidHyx29W0fh40AQ4dcqjftuipaWegUWty-SCJWIcyP4DCqXYd-JSlWFWVXYP5KN2xCLwSATF25c-7KUkZgQmc-thnZLCPehKiXCLkmgGg\/s1600\/1.jpg","datePublished":"2014-03-04T20:11:00+00:00","author":{"@id":"https:\/\/psgfans.fr\/#\/schema\/person\/be2237e7a0237af2f29cb344b3c55e6c"},"breadcrumb":{"@id":"https:\/\/psgfans.fr\/?p=873#breadcrumb"},"inLanguage":"fr-FR","potentialAction":[{"@type":"ReadAction","target":["https:\/\/psgfans.fr\/?p=873"]}]},{"@type":"ImageObject","inLanguage":"fr-FR","@id":"https:\/\/psgfans.fr\/?p=873#primaryimage","url":"https:\/\/blogger.googleusercontent.com\/img\/b\/R29vZ2xl\/AVvXsEibn66OsWhZzuCUwV1XIce99ktYRgQrBouQcbidHyx29W0fh40AQ4dcqjftuipaWegUWty-SCJWIcyP4DCqXYd-JSlWFWVXYP5KN2xCLwSATF25c-7KUkZgQmc-thnZLCPehKiXCLkmgGg\/s1600\/1.jpg","contentUrl":"https:\/\/blogger.googleusercontent.com\/img\/b\/R29vZ2xl\/AVvXsEibn66OsWhZzuCUwV1XIce99ktYRgQrBouQcbidHyx29W0fh40AQ4dcqjftuipaWegUWty-SCJWIcyP4DCqXYd-JSlWFWVXYP5KN2xCLwSATF25c-7KUkZgQmc-thnZLCPehKiXCLkmgGg\/s1600\/1.jpg"},{"@type":"BreadcrumbList","@id":"https:\/\/psgfans.fr\/?p=873#breadcrumb","itemListElement":[{"@type":"ListItem","position":1,"name":"Accueil","item":"https:\/\/psgfans.fr\/"},{"@type":"ListItem","position":2,"name":"Mercato &#8211; PSG : Le d\u00e9tail qui relance les dossiers Pjanic et Benatia ?"}]},{"@type":"WebSite","@id":"https:\/\/psgfans.fr\/#website","url":"https:\/\/psgfans.fr\/","name":"PSG FANS","description":"Unit\u00e9, Passion, Victoire : Au C\u0153ur du Paris Saint-Germain!","potentialAction":[{"@type":"SearchAction","target":{"@type":"EntryPoint","urlTemplate":"https:\/\/psgfans.fr\/?s={search_term_string}"},"query-input":{"@type":"PropertyValueSpecification","valueRequired":true,"valueName":"search_term_string"}}],"inLanguage":"fr-FR"},{"@type":"Person","@id":"https:\/\/psgfans.fr\/#\/schema\/person\/be2237e7a0237af2f29cb344b3c55e6c","name":"psgfans","image":{"@type":"ImageObject","inLanguage":"fr-FR","@id":"https:\/\/secure.gravatar.com\/avatar\/?s=96&d=mm&r=g","url":"https:\/\/secure.gravatar.com\/avatar\/?s=96&d=mm&r=g","contentUrl":"https:\/\/secure.gravatar.com\/avatar\/?s=96&d=mm&r=g","caption":"psgfans"},"url":"https:\/\/psgfans.fr\/?author=2"}]}},"_links":{"self":[{"href":"https:\/\/psgfans.fr\/index.php?rest_route=\/wp\/v2\/posts\/873","targetHints":{"allow":["GET"]}}],"collection":[{"href":"https:\/\/psgfans.fr\/index.php?rest_route=\/wp\/v2\/posts"}],"about":[{"href":"https:\/\/psgfans.fr\/index.php?rest_route=\/wp\/v2\/types\/post"}],"author":[{"embeddable":true,"href":"https:\/\/psgfans.fr\/index.php?rest_route=\/wp\/v2\/users\/2"}],"replies":[{"embeddable":true,"href":"https:\/\/psgfans.fr\/index.php?rest_route=%2Fwp%2Fv2%2Fcomments&post=873"}],"version-history":[{"count":0,"href":"https:\/\/psgfans.fr\/index.php?rest_route=\/wp\/v2\/posts\/873\/revisions"}],"wp:attachment":[{"href":"https:\/\/psgfans.fr\/index.php?rest_route=%2Fwp%2Fv2%2Fmedia&parent=873"}],"wp:term":[{"taxonomy":"category","embeddable":true,"href":"https:\/\/psgfans.fr\/index.php?rest_route=%2Fwp%2Fv2%2Fcategories&post=873"},{"taxonomy":"post_tag","embeddable":true,"href":"https:\/\/psgfans.fr\/index.php?rest_route=%2Fwp%2Fv2%2Ftags&post=873"}],"curies":[{"name":"wp","href":"https:\/\/api.w.org\/{rel}","templated":true}]}}