{"id":871,"date":"2014-03-06T01:29:00","date_gmt":"2014-03-06T00:29:00","guid":{"rendered":"https:\/\/psgfans.fr\/?p=871"},"modified":"2014-03-06T01:29:00","modified_gmt":"2014-03-06T00:29:00","slug":"matuidi-lhomme-du-match-france-pays-bas","status":"publish","type":"post","link":"https:\/\/psgfans.fr\/?p=871","title":{"rendered":"Matuidi  L\u2019homme du match : France &#8211; Pays-Bas"},"content":{"rendered":"<div style=\"clear: both; text-align: center;\"><a href=\"https:\/\/blogger.googleusercontent.com\/img\/b\/R29vZ2xl\/AVvXsEhu2Mlm-c31BPR7zzj8432DxabpCu1te0Oxhn7dDPztuf-r33FhKnZ-rDbKwsydtAW4hBQEYKAAU3gZgiTpQ0o0E-KG6IWZQTqysdfI7Xmn-iZ-NnUVVBSACXJSwJnwzuAA7H8A-SVoIKA\/s1600\/1.jpg\" style=\"margin-left: 1em; margin-right: 1em;\"><img decoding=\"async\" border=\"0\" src=\"https:\/\/blogger.googleusercontent.com\/img\/b\/R29vZ2xl\/AVvXsEhu2Mlm-c31BPR7zzj8432DxabpCu1te0Oxhn7dDPztuf-r33FhKnZ-rDbKwsydtAW4hBQEYKAAU3gZgiTpQ0o0E-KG6IWZQTqysdfI7Xmn-iZ-NnUVVBSACXJSwJnwzuAA7H8A-SVoIKA\/s400\/1.jpg\" \/><\/a><\/div>\n<p>L\u2019homme du match : Matuidi (8) : il ne le savait peut-\u00eatre pas avant ce match, mais son pied droit ne lui sert pas qu\u2019\u00e0 monter dans le bus ! En effet, le gaucher a vu son pied faible faire des ravages ce soir, pour le plus grand bonheur des supporters fran\u00e7ais. Auteur tout d\u2019abord d\u2019une passe d\u00e9cisive pour Benzema (32e), le joueur du Paris Saint-Germain a ensuite d\u00e9pass\u00e9 sa fonction, pour endosser le costume de buteur, d\u2019une reprise acrobatique de son mauvais pied, qui pourrait rappeler un geste digne d\u2019Ibrahimovic (41e). Et dire qu\u2019il s\u2019agit de son premier but en Bleu, difficile de faire mieux ! Bref, Matuidi a crev\u00e9 l\u2019\u00e9cran.<\/p>\n<p>Voila son Magnifique but :<\/p>\n<p><iframe loading=\"lazy\" allowfullscreen=\"\" frameborder=\"0\" height=\"350\" src=\"\/\/www.youtube.com\/embed\/wWGCpLElBVw\" width=\"620\"><\/iframe><\/p>\n","protected":false},"excerpt":{"rendered":"<p>L\u2019homme du match : Matuidi (8) : il ne le savait peut-\u00eatre pas avant ce match, mais son pied droit ne lui sert pas qu\u2019\u00e0 monter dans le bus ! En effet, le gaucher a vu son pied faible faire des ravages ce soir, pour le plus grand bonheur des supporters fran\u00e7ais. Auteur tout d\u2019abord [&hellip;]<\/p>\n","protected":false},"author":2,"featured_media":0,"comment_status":"open","ping_status":"open","sticky":false,"template":"","format":"standard","meta":{"footnotes":""},"categories":[3,25],"tags":[],"class_list":{"0":"post-871","1":"post","2":"type-post","3":"status-publish","4":"format-standard","6":"category-news","7":"category-video"},"yoast_head":"<!-- This site is optimized with the Yoast SEO plugin v27.4 - https:\/\/yoast.com\/product\/yoast-seo-wordpress\/ -->\n<title>Matuidi L\u2019homme du match : France - Pays-Bas - PSG FANS<\/title>\n<meta name=\"robots\" content=\"index, follow, max-snippet:-1, max-image-preview:large, max-video-preview:-1\" \/>\n<link rel=\"canonical\" href=\"https:\/\/psgfans.fr\/?p=871\" \/>\n<meta property=\"og:locale\" content=\"fr_FR\" \/>\n<meta property=\"og:type\" content=\"article\" \/>\n<meta property=\"og:title\" content=\"Matuidi L\u2019homme du match : France - Pays-Bas - PSG FANS\" \/>\n<meta property=\"og:description\" content=\"L\u2019homme du match : Matuidi (8) : il ne le savait peut-\u00eatre pas avant ce match, mais son pied droit ne lui sert pas qu\u2019\u00e0 monter dans le bus ! En effet, le gaucher a vu son pied faible faire des ravages ce soir, pour le plus grand bonheur des supporters fran\u00e7ais. Auteur tout d\u2019abord [&hellip;]\" \/>\n<meta property=\"og:url\" content=\"https:\/\/psgfans.fr\/?p=871\" \/>\n<meta property=\"og:site_name\" content=\"PSG FANS\" \/>\n<meta property=\"article:published_time\" content=\"2014-03-06T00:29:00+00:00\" \/>\n<meta property=\"og:image\" content=\"https:\/\/blogger.googleusercontent.com\/img\/b\/R29vZ2xl\/AVvXsEhu2Mlm-c31BPR7zzj8432DxabpCu1te0Oxhn7dDPztuf-r33FhKnZ-rDbKwsydtAW4hBQEYKAAU3gZgiTpQ0o0E-KG6IWZQTqysdfI7Xmn-iZ-NnUVVBSACXJSwJnwzuAA7H8A-SVoIKA\/s400\/1.jpg\" \/>\n<meta name=\"author\" content=\"psgfans\" \/>\n<meta name=\"twitter:card\" content=\"summary_large_image\" \/>\n<meta name=\"twitter:label1\" content=\"\u00c9crit par\" \/>\n\t<meta name=\"twitter:data1\" content=\"psgfans\" \/>\n\t<meta name=\"twitter:label2\" content=\"Dur\u00e9e de lecture estim\u00e9e\" \/>\n\t<meta name=\"twitter:data2\" content=\"1 minute\" \/>\n<script type=\"application\/ld+json\" class=\"yoast-schema-graph\">{\"@context\":\"https:\\\/\\\/schema.org\",\"@graph\":[{\"@type\":\"Article\",\"@id\":\"https:\\\/\\\/psgfans.fr\\\/?p=871#article\",\"isPartOf\":{\"@id\":\"https:\\\/\\\/psgfans.fr\\\/?p=871\"},\"author\":{\"name\":\"psgfans\",\"@id\":\"https:\\\/\\\/psgfans.fr\\\/#\\\/schema\\\/person\\\/be2237e7a0237af2f29cb344b3c55e6c\"},\"headline\":\"Matuidi L\u2019homme du match : France &#8211; Pays-Bas\",\"datePublished\":\"2014-03-06T00:29:00+00:00\",\"mainEntityOfPage\":{\"@id\":\"https:\\\/\\\/psgfans.fr\\\/?p=871\"},\"wordCount\":131,\"commentCount\":0,\"image\":{\"@id\":\"https:\\\/\\\/psgfans.fr\\\/?p=871#primaryimage\"},\"thumbnailUrl\":\"https:\\\/\\\/blogger.googleusercontent.com\\\/img\\\/b\\\/R29vZ2xl\\\/AVvXsEhu2Mlm-c31BPR7zzj8432DxabpCu1te0Oxhn7dDPztuf-r33FhKnZ-rDbKwsydtAW4hBQEYKAAU3gZgiTpQ0o0E-KG6IWZQTqysdfI7Xmn-iZ-NnUVVBSACXJSwJnwzuAA7H8A-SVoIKA\\\/s400\\\/1.jpg\",\"articleSection\":[\"News\",\"Video\"],\"inLanguage\":\"fr-FR\",\"potentialAction\":[{\"@type\":\"CommentAction\",\"name\":\"Comment\",\"target\":[\"https:\\\/\\\/psgfans.fr\\\/?p=871#respond\"]}]},{\"@type\":\"WebPage\",\"@id\":\"https:\\\/\\\/psgfans.fr\\\/?p=871\",\"url\":\"https:\\\/\\\/psgfans.fr\\\/?p=871\",\"name\":\"Matuidi L\u2019homme du match : France - Pays-Bas - PSG FANS\",\"isPartOf\":{\"@id\":\"https:\\\/\\\/psgfans.fr\\\/#website\"},\"primaryImageOfPage\":{\"@id\":\"https:\\\/\\\/psgfans.fr\\\/?p=871#primaryimage\"},\"image\":{\"@id\":\"https:\\\/\\\/psgfans.fr\\\/?p=871#primaryimage\"},\"thumbnailUrl\":\"https:\\\/\\\/blogger.googleusercontent.com\\\/img\\\/b\\\/R29vZ2xl\\\/AVvXsEhu2Mlm-c31BPR7zzj8432DxabpCu1te0Oxhn7dDPztuf-r33FhKnZ-rDbKwsydtAW4hBQEYKAAU3gZgiTpQ0o0E-KG6IWZQTqysdfI7Xmn-iZ-NnUVVBSACXJSwJnwzuAA7H8A-SVoIKA\\\/s400\\\/1.jpg\",\"datePublished\":\"2014-03-06T00:29:00+00:00\",\"author\":{\"@id\":\"https:\\\/\\\/psgfans.fr\\\/#\\\/schema\\\/person\\\/be2237e7a0237af2f29cb344b3c55e6c\"},\"breadcrumb\":{\"@id\":\"https:\\\/\\\/psgfans.fr\\\/?p=871#breadcrumb\"},\"inLanguage\":\"fr-FR\",\"potentialAction\":[{\"@type\":\"ReadAction\",\"target\":[\"https:\\\/\\\/psgfans.fr\\\/?p=871\"]}]},{\"@type\":\"ImageObject\",\"inLanguage\":\"fr-FR\",\"@id\":\"https:\\\/\\\/psgfans.fr\\\/?p=871#primaryimage\",\"url\":\"https:\\\/\\\/blogger.googleusercontent.com\\\/img\\\/b\\\/R29vZ2xl\\\/AVvXsEhu2Mlm-c31BPR7zzj8432DxabpCu1te0Oxhn7dDPztuf-r33FhKnZ-rDbKwsydtAW4hBQEYKAAU3gZgiTpQ0o0E-KG6IWZQTqysdfI7Xmn-iZ-NnUVVBSACXJSwJnwzuAA7H8A-SVoIKA\\\/s400\\\/1.jpg\",\"contentUrl\":\"https:\\\/\\\/blogger.googleusercontent.com\\\/img\\\/b\\\/R29vZ2xl\\\/AVvXsEhu2Mlm-c31BPR7zzj8432DxabpCu1te0Oxhn7dDPztuf-r33FhKnZ-rDbKwsydtAW4hBQEYKAAU3gZgiTpQ0o0E-KG6IWZQTqysdfI7Xmn-iZ-NnUVVBSACXJSwJnwzuAA7H8A-SVoIKA\\\/s400\\\/1.jpg\"},{\"@type\":\"BreadcrumbList\",\"@id\":\"https:\\\/\\\/psgfans.fr\\\/?p=871#breadcrumb\",\"itemListElement\":[{\"@type\":\"ListItem\",\"position\":1,\"name\":\"Accueil\",\"item\":\"https:\\\/\\\/psgfans.fr\\\/\"},{\"@type\":\"ListItem\",\"position\":2,\"name\":\"Matuidi L\u2019homme du match : France &#8211; Pays-Bas\"}]},{\"@type\":\"WebSite\",\"@id\":\"https:\\\/\\\/psgfans.fr\\\/#website\",\"url\":\"https:\\\/\\\/psgfans.fr\\\/\",\"name\":\"PSG FANS\",\"description\":\"Unit\u00e9, Passion, Victoire : Au C\u0153ur du Paris Saint-Germain!\",\"potentialAction\":[{\"@type\":\"SearchAction\",\"target\":{\"@type\":\"EntryPoint\",\"urlTemplate\":\"https:\\\/\\\/psgfans.fr\\\/?s={search_term_string}\"},\"query-input\":{\"@type\":\"PropertyValueSpecification\",\"valueRequired\":true,\"valueName\":\"search_term_string\"}}],\"inLanguage\":\"fr-FR\"},{\"@type\":\"Person\",\"@id\":\"https:\\\/\\\/psgfans.fr\\\/#\\\/schema\\\/person\\\/be2237e7a0237af2f29cb344b3c55e6c\",\"name\":\"psgfans\",\"image\":{\"@type\":\"ImageObject\",\"inLanguage\":\"fr-FR\",\"@id\":\"https:\\\/\\\/secure.gravatar.com\\\/avatar\\\/?s=96&d=mm&r=g\",\"url\":\"https:\\\/\\\/secure.gravatar.com\\\/avatar\\\/?s=96&d=mm&r=g\",\"contentUrl\":\"https:\\\/\\\/secure.gravatar.com\\\/avatar\\\/?s=96&d=mm&r=g\",\"caption\":\"psgfans\"},\"url\":\"https:\\\/\\\/psgfans.fr\\\/?author=2\"}]}<\/script>\n<!-- \/ Yoast SEO plugin. -->","yoast_head_json":{"title":"Matuidi L\u2019homme du match : France - Pays-Bas - PSG FANS","robots":{"index":"index","follow":"follow","max-snippet":"max-snippet:-1","max-image-preview":"max-image-preview:large","max-video-preview":"max-video-preview:-1"},"canonical":"https:\/\/psgfans.fr\/?p=871","og_locale":"fr_FR","og_type":"article","og_title":"Matuidi L\u2019homme du match : France - Pays-Bas - PSG FANS","og_description":"L\u2019homme du match : Matuidi (8) : il ne le savait peut-\u00eatre pas avant ce match, mais son pied droit ne lui sert pas qu\u2019\u00e0 monter dans le bus ! En effet, le gaucher a vu son pied faible faire des ravages ce soir, pour le plus grand bonheur des supporters fran\u00e7ais. Auteur tout d\u2019abord [&hellip;]","og_url":"https:\/\/psgfans.fr\/?p=871","og_site_name":"PSG FANS","article_published_time":"2014-03-06T00:29:00+00:00","og_image":[{"url":"https:\/\/blogger.googleusercontent.com\/img\/b\/R29vZ2xl\/AVvXsEhu2Mlm-c31BPR7zzj8432DxabpCu1te0Oxhn7dDPztuf-r33FhKnZ-rDbKwsydtAW4hBQEYKAAU3gZgiTpQ0o0E-KG6IWZQTqysdfI7Xmn-iZ-NnUVVBSACXJSwJnwzuAA7H8A-SVoIKA\/s400\/1.jpg","type":"","width":"","height":""}],"author":"psgfans","twitter_card":"summary_large_image","twitter_misc":{"\u00c9crit par":"psgfans","Dur\u00e9e de lecture estim\u00e9e":"1 minute"},"schema":{"@context":"https:\/\/schema.org","@graph":[{"@type":"Article","@id":"https:\/\/psgfans.fr\/?p=871#article","isPartOf":{"@id":"https:\/\/psgfans.fr\/?p=871"},"author":{"name":"psgfans","@id":"https:\/\/psgfans.fr\/#\/schema\/person\/be2237e7a0237af2f29cb344b3c55e6c"},"headline":"Matuidi L\u2019homme du match : France &#8211; Pays-Bas","datePublished":"2014-03-06T00:29:00+00:00","mainEntityOfPage":{"@id":"https:\/\/psgfans.fr\/?p=871"},"wordCount":131,"commentCount":0,"image":{"@id":"https:\/\/psgfans.fr\/?p=871#primaryimage"},"thumbnailUrl":"https:\/\/blogger.googleusercontent.com\/img\/b\/R29vZ2xl\/AVvXsEhu2Mlm-c31BPR7zzj8432DxabpCu1te0Oxhn7dDPztuf-r33FhKnZ-rDbKwsydtAW4hBQEYKAAU3gZgiTpQ0o0E-KG6IWZQTqysdfI7Xmn-iZ-NnUVVBSACXJSwJnwzuAA7H8A-SVoIKA\/s400\/1.jpg","articleSection":["News","Video"],"inLanguage":"fr-FR","potentialAction":[{"@type":"CommentAction","name":"Comment","target":["https:\/\/psgfans.fr\/?p=871#respond"]}]},{"@type":"WebPage","@id":"https:\/\/psgfans.fr\/?p=871","url":"https:\/\/psgfans.fr\/?p=871","name":"Matuidi L\u2019homme du match : France - Pays-Bas - PSG FANS","isPartOf":{"@id":"https:\/\/psgfans.fr\/#website"},"primaryImageOfPage":{"@id":"https:\/\/psgfans.fr\/?p=871#primaryimage"},"image":{"@id":"https:\/\/psgfans.fr\/?p=871#primaryimage"},"thumbnailUrl":"https:\/\/blogger.googleusercontent.com\/img\/b\/R29vZ2xl\/AVvXsEhu2Mlm-c31BPR7zzj8432DxabpCu1te0Oxhn7dDPztuf-r33FhKnZ-rDbKwsydtAW4hBQEYKAAU3gZgiTpQ0o0E-KG6IWZQTqysdfI7Xmn-iZ-NnUVVBSACXJSwJnwzuAA7H8A-SVoIKA\/s400\/1.jpg","datePublished":"2014-03-06T00:29:00+00:00","author":{"@id":"https:\/\/psgfans.fr\/#\/schema\/person\/be2237e7a0237af2f29cb344b3c55e6c"},"breadcrumb":{"@id":"https:\/\/psgfans.fr\/?p=871#breadcrumb"},"inLanguage":"fr-FR","potentialAction":[{"@type":"ReadAction","target":["https:\/\/psgfans.fr\/?p=871"]}]},{"@type":"ImageObject","inLanguage":"fr-FR","@id":"https:\/\/psgfans.fr\/?p=871#primaryimage","url":"https:\/\/blogger.googleusercontent.com\/img\/b\/R29vZ2xl\/AVvXsEhu2Mlm-c31BPR7zzj8432DxabpCu1te0Oxhn7dDPztuf-r33FhKnZ-rDbKwsydtAW4hBQEYKAAU3gZgiTpQ0o0E-KG6IWZQTqysdfI7Xmn-iZ-NnUVVBSACXJSwJnwzuAA7H8A-SVoIKA\/s400\/1.jpg","contentUrl":"https:\/\/blogger.googleusercontent.com\/img\/b\/R29vZ2xl\/AVvXsEhu2Mlm-c31BPR7zzj8432DxabpCu1te0Oxhn7dDPztuf-r33FhKnZ-rDbKwsydtAW4hBQEYKAAU3gZgiTpQ0o0E-KG6IWZQTqysdfI7Xmn-iZ-NnUVVBSACXJSwJnwzuAA7H8A-SVoIKA\/s400\/1.jpg"},{"@type":"BreadcrumbList","@id":"https:\/\/psgfans.fr\/?p=871#breadcrumb","itemListElement":[{"@type":"ListItem","position":1,"name":"Accueil","item":"https:\/\/psgfans.fr\/"},{"@type":"ListItem","position":2,"name":"Matuidi L\u2019homme du match : France &#8211; Pays-Bas"}]},{"@type":"WebSite","@id":"https:\/\/psgfans.fr\/#website","url":"https:\/\/psgfans.fr\/","name":"PSG FANS","description":"Unit\u00e9, Passion, Victoire : Au C\u0153ur du Paris Saint-Germain!","potentialAction":[{"@type":"SearchAction","target":{"@type":"EntryPoint","urlTemplate":"https:\/\/psgfans.fr\/?s={search_term_string}"},"query-input":{"@type":"PropertyValueSpecification","valueRequired":true,"valueName":"search_term_string"}}],"inLanguage":"fr-FR"},{"@type":"Person","@id":"https:\/\/psgfans.fr\/#\/schema\/person\/be2237e7a0237af2f29cb344b3c55e6c","name":"psgfans","image":{"@type":"ImageObject","inLanguage":"fr-FR","@id":"https:\/\/secure.gravatar.com\/avatar\/?s=96&d=mm&r=g","url":"https:\/\/secure.gravatar.com\/avatar\/?s=96&d=mm&r=g","contentUrl":"https:\/\/secure.gravatar.com\/avatar\/?s=96&d=mm&r=g","caption":"psgfans"},"url":"https:\/\/psgfans.fr\/?author=2"}]}},"_links":{"self":[{"href":"https:\/\/psgfans.fr\/index.php?rest_route=\/wp\/v2\/posts\/871","targetHints":{"allow":["GET"]}}],"collection":[{"href":"https:\/\/psgfans.fr\/index.php?rest_route=\/wp\/v2\/posts"}],"about":[{"href":"https:\/\/psgfans.fr\/index.php?rest_route=\/wp\/v2\/types\/post"}],"author":[{"embeddable":true,"href":"https:\/\/psgfans.fr\/index.php?rest_route=\/wp\/v2\/users\/2"}],"replies":[{"embeddable":true,"href":"https:\/\/psgfans.fr\/index.php?rest_route=%2Fwp%2Fv2%2Fcomments&post=871"}],"version-history":[{"count":0,"href":"https:\/\/psgfans.fr\/index.php?rest_route=\/wp\/v2\/posts\/871\/revisions"}],"wp:attachment":[{"href":"https:\/\/psgfans.fr\/index.php?rest_route=%2Fwp%2Fv2%2Fmedia&parent=871"}],"wp:term":[{"taxonomy":"category","embeddable":true,"href":"https:\/\/psgfans.fr\/index.php?rest_route=%2Fwp%2Fv2%2Fcategories&post=871"},{"taxonomy":"post_tag","embeddable":true,"href":"https:\/\/psgfans.fr\/index.php?rest_route=%2Fwp%2Fv2%2Ftags&post=871"}],"curies":[{"name":"wp","href":"https:\/\/api.w.org\/{rel}","templated":true}]}}