{"id":869,"date":"2014-03-20T17:16:00","date_gmt":"2014-03-20T16:16:00","guid":{"rendered":"https:\/\/psgfans.fr\/?p=869"},"modified":"2014-03-20T17:16:00","modified_gmt":"2014-03-20T16:16:00","slug":"ligue-des-champions-quelle-equipe-souhaitez-vous-que-le-psg-affronte-en-quarts","status":"publish","type":"post","link":"https:\/\/psgfans.fr\/?p=869","title":{"rendered":"Ligue des Champions: Quelle \u00e9quipe souhaitez-vous que le PSG affronte en quarts?"},"content":{"rendered":"<div style=\"clear: both; text-align: center;\"><a href=\"https:\/\/blogger.googleusercontent.com\/img\/b\/R29vZ2xl\/AVvXsEgiPfqog3osWZGu5GhVYU8Q5Ied_kf5cyDjmJ8VwR30nvgjmP7IIHMnW7ALDNXb76bAey4cAlpfc2ZtgUvDHcHYaV4beQxM2mFScF5XFb0vlC3UjlBWtaFwVNqVKHE5tZ8wERof_NUL6MA\/s1600\/3687947_psg-zlatan-silva_640x280.jpg\" style=\"margin-left: 1em; margin-right: 1em;\"><img loading=\"lazy\" decoding=\"async\" border=\"0\" src=\"https:\/\/blogger.googleusercontent.com\/img\/b\/R29vZ2xl\/AVvXsEgiPfqog3osWZGu5GhVYU8Q5Ied_kf5cyDjmJ8VwR30nvgjmP7IIHMnW7ALDNXb76bAey4cAlpfc2ZtgUvDHcHYaV4beQxM2mFScF5XFb0vlC3UjlBWtaFwVNqVKHE5tZ8wERof_NUL6MA\/s1600\/3687947_psg-zlatan-silva_640x280.jpg\" height=\"171\" width=\"400\" \/><\/a><\/div>\n<p><b>VOTRE AVIS &#8211; Barcelone pour Messi? Le Real pour Ronaldo? Manchester pour David Moyes?&#8230;<\/b><\/p>\n<p>Le PSG veut gagner la Ligue des Champions. Et le club est pr\u00eat \u00e0 mettre les moyens pour tirer le meilleur de ses joueurs. On \u00e9voque notamment d\u2019une prime d\u2019un million d\u2019euros n\u00e9goci\u00e9 par Zlatan Ibrahimovic en cas de sacre le 24 mai \u00e0 Lisbonne.<\/p>\n<p>Mais avant \u00e7a, il va falloir gagner des rencontres. Et pour le moment c\u2019est un quasi sans faute. Les Parisiens ont termin\u00e9 premiers de leur groupe avec quatre victoires, un nul et une d\u00e9faite avant d\u2019infliger une correction au Bayer Leverkusen, 6-1 sur l\u2019ensemble des deux matchs, en huiti\u00e8mes de finale.<\/p>\n<p>Tirage au sort vendredi \u00e0 12h<\/p>\n<p>Et vendredi 12h, le tirage au sort des quarts de finale des quarts de la C1 pourrait r\u00e9server du lourd aux parisiens. Car entre l\u2019Atl\u00e9tico Madrid, le Bayern Munich, le Borussia Dortmund, Chelsea, le FC Barcelone, Manchester United ou le Real Madrid, il n\u2019y a pas vraiment de petite \u00e9quipe.<\/p>\n<p>Source : 20minutes.fr<\/p>\n","protected":false},"excerpt":{"rendered":"<p>VOTRE AVIS &#8211; Barcelone pour Messi? Le Real pour Ronaldo? Manchester pour David Moyes?&#8230; Le PSG veut gagner la Ligue des Champions. Et le club est pr\u00eat \u00e0 mettre les moyens pour tirer le meilleur de ses joueurs. On \u00e9voque notamment d\u2019une prime d\u2019un million d\u2019euros n\u00e9goci\u00e9 par Zlatan Ibrahimovic en cas de sacre le [&hellip;]<\/p>\n","protected":false},"author":2,"featured_media":0,"comment_status":"open","ping_status":"open","sticky":false,"template":"","format":"standard","meta":{"footnotes":""},"categories":[3],"tags":[],"class_list":{"0":"post-869","1":"post","2":"type-post","3":"status-publish","4":"format-standard","6":"category-news"},"yoast_head":"<!-- This site is optimized with the Yoast SEO plugin v27.4 - https:\/\/yoast.com\/product\/yoast-seo-wordpress\/ -->\n<title>Ligue des Champions: Quelle \u00e9quipe souhaitez-vous que le PSG affronte en quarts? - PSG FANS<\/title>\n<meta name=\"robots\" content=\"index, follow, max-snippet:-1, max-image-preview:large, max-video-preview:-1\" \/>\n<link rel=\"canonical\" href=\"https:\/\/psgfans.fr\/?p=869\" \/>\n<meta property=\"og:locale\" content=\"fr_FR\" \/>\n<meta property=\"og:type\" content=\"article\" \/>\n<meta property=\"og:title\" content=\"Ligue des Champions: Quelle \u00e9quipe souhaitez-vous que le PSG affronte en quarts? - PSG FANS\" \/>\n<meta property=\"og:description\" content=\"VOTRE AVIS &#8211; Barcelone pour Messi? Le Real pour Ronaldo? Manchester pour David Moyes?&#8230; Le PSG veut gagner la Ligue des Champions. Et le club est pr\u00eat \u00e0 mettre les moyens pour tirer le meilleur de ses joueurs. On \u00e9voque notamment d\u2019une prime d\u2019un million d\u2019euros n\u00e9goci\u00e9 par Zlatan Ibrahimovic en cas de sacre le [&hellip;]\" \/>\n<meta property=\"og:url\" content=\"https:\/\/psgfans.fr\/?p=869\" \/>\n<meta property=\"og:site_name\" content=\"PSG FANS\" \/>\n<meta property=\"article:published_time\" content=\"2014-03-20T16:16:00+00:00\" \/>\n<meta property=\"og:image\" content=\"https:\/\/blogger.googleusercontent.com\/img\/b\/R29vZ2xl\/AVvXsEgiPfqog3osWZGu5GhVYU8Q5Ied_kf5cyDjmJ8VwR30nvgjmP7IIHMnW7ALDNXb76bAey4cAlpfc2ZtgUvDHcHYaV4beQxM2mFScF5XFb0vlC3UjlBWtaFwVNqVKHE5tZ8wERof_NUL6MA\/s1600\/3687947_psg-zlatan-silva_640x280.jpg\" \/>\n<meta name=\"author\" content=\"psgfans\" \/>\n<meta name=\"twitter:card\" content=\"summary_large_image\" \/>\n<meta name=\"twitter:label1\" content=\"\u00c9crit par\" \/>\n\t<meta name=\"twitter:data1\" content=\"psgfans\" \/>\n\t<meta name=\"twitter:label2\" content=\"Dur\u00e9e de lecture estim\u00e9e\" \/>\n\t<meta name=\"twitter:data2\" content=\"1 minute\" \/>\n<script type=\"application\/ld+json\" class=\"yoast-schema-graph\">{\"@context\":\"https:\\\/\\\/schema.org\",\"@graph\":[{\"@type\":\"Article\",\"@id\":\"https:\\\/\\\/psgfans.fr\\\/?p=869#article\",\"isPartOf\":{\"@id\":\"https:\\\/\\\/psgfans.fr\\\/?p=869\"},\"author\":{\"name\":\"psgfans\",\"@id\":\"https:\\\/\\\/psgfans.fr\\\/#\\\/schema\\\/person\\\/be2237e7a0237af2f29cb344b3c55e6c\"},\"headline\":\"Ligue des Champions: Quelle \u00e9quipe souhaitez-vous que le PSG affronte en quarts?\",\"datePublished\":\"2014-03-20T16:16:00+00:00\",\"mainEntityOfPage\":{\"@id\":\"https:\\\/\\\/psgfans.fr\\\/?p=869\"},\"wordCount\":191,\"commentCount\":0,\"image\":{\"@id\":\"https:\\\/\\\/psgfans.fr\\\/?p=869#primaryimage\"},\"thumbnailUrl\":\"https:\\\/\\\/blogger.googleusercontent.com\\\/img\\\/b\\\/R29vZ2xl\\\/AVvXsEgiPfqog3osWZGu5GhVYU8Q5Ied_kf5cyDjmJ8VwR30nvgjmP7IIHMnW7ALDNXb76bAey4cAlpfc2ZtgUvDHcHYaV4beQxM2mFScF5XFb0vlC3UjlBWtaFwVNqVKHE5tZ8wERof_NUL6MA\\\/s1600\\\/3687947_psg-zlatan-silva_640x280.jpg\",\"articleSection\":[\"News\"],\"inLanguage\":\"fr-FR\",\"potentialAction\":[{\"@type\":\"CommentAction\",\"name\":\"Comment\",\"target\":[\"https:\\\/\\\/psgfans.fr\\\/?p=869#respond\"]}]},{\"@type\":\"WebPage\",\"@id\":\"https:\\\/\\\/psgfans.fr\\\/?p=869\",\"url\":\"https:\\\/\\\/psgfans.fr\\\/?p=869\",\"name\":\"Ligue des Champions: Quelle \u00e9quipe souhaitez-vous que le PSG affronte en quarts? - PSG FANS\",\"isPartOf\":{\"@id\":\"https:\\\/\\\/psgfans.fr\\\/#website\"},\"primaryImageOfPage\":{\"@id\":\"https:\\\/\\\/psgfans.fr\\\/?p=869#primaryimage\"},\"image\":{\"@id\":\"https:\\\/\\\/psgfans.fr\\\/?p=869#primaryimage\"},\"thumbnailUrl\":\"https:\\\/\\\/blogger.googleusercontent.com\\\/img\\\/b\\\/R29vZ2xl\\\/AVvXsEgiPfqog3osWZGu5GhVYU8Q5Ied_kf5cyDjmJ8VwR30nvgjmP7IIHMnW7ALDNXb76bAey4cAlpfc2ZtgUvDHcHYaV4beQxM2mFScF5XFb0vlC3UjlBWtaFwVNqVKHE5tZ8wERof_NUL6MA\\\/s1600\\\/3687947_psg-zlatan-silva_640x280.jpg\",\"datePublished\":\"2014-03-20T16:16:00+00:00\",\"author\":{\"@id\":\"https:\\\/\\\/psgfans.fr\\\/#\\\/schema\\\/person\\\/be2237e7a0237af2f29cb344b3c55e6c\"},\"breadcrumb\":{\"@id\":\"https:\\\/\\\/psgfans.fr\\\/?p=869#breadcrumb\"},\"inLanguage\":\"fr-FR\",\"potentialAction\":[{\"@type\":\"ReadAction\",\"target\":[\"https:\\\/\\\/psgfans.fr\\\/?p=869\"]}]},{\"@type\":\"ImageObject\",\"inLanguage\":\"fr-FR\",\"@id\":\"https:\\\/\\\/psgfans.fr\\\/?p=869#primaryimage\",\"url\":\"https:\\\/\\\/blogger.googleusercontent.com\\\/img\\\/b\\\/R29vZ2xl\\\/AVvXsEgiPfqog3osWZGu5GhVYU8Q5Ied_kf5cyDjmJ8VwR30nvgjmP7IIHMnW7ALDNXb76bAey4cAlpfc2ZtgUvDHcHYaV4beQxM2mFScF5XFb0vlC3UjlBWtaFwVNqVKHE5tZ8wERof_NUL6MA\\\/s1600\\\/3687947_psg-zlatan-silva_640x280.jpg\",\"contentUrl\":\"https:\\\/\\\/blogger.googleusercontent.com\\\/img\\\/b\\\/R29vZ2xl\\\/AVvXsEgiPfqog3osWZGu5GhVYU8Q5Ied_kf5cyDjmJ8VwR30nvgjmP7IIHMnW7ALDNXb76bAey4cAlpfc2ZtgUvDHcHYaV4beQxM2mFScF5XFb0vlC3UjlBWtaFwVNqVKHE5tZ8wERof_NUL6MA\\\/s1600\\\/3687947_psg-zlatan-silva_640x280.jpg\"},{\"@type\":\"BreadcrumbList\",\"@id\":\"https:\\\/\\\/psgfans.fr\\\/?p=869#breadcrumb\",\"itemListElement\":[{\"@type\":\"ListItem\",\"position\":1,\"name\":\"Accueil\",\"item\":\"https:\\\/\\\/psgfans.fr\\\/\"},{\"@type\":\"ListItem\",\"position\":2,\"name\":\"Ligue des Champions: Quelle \u00e9quipe souhaitez-vous que le PSG affronte en quarts?\"}]},{\"@type\":\"WebSite\",\"@id\":\"https:\\\/\\\/psgfans.fr\\\/#website\",\"url\":\"https:\\\/\\\/psgfans.fr\\\/\",\"name\":\"PSG FANS\",\"description\":\"Unit\u00e9, Passion, Victoire : Au C\u0153ur du Paris Saint-Germain!\",\"potentialAction\":[{\"@type\":\"SearchAction\",\"target\":{\"@type\":\"EntryPoint\",\"urlTemplate\":\"https:\\\/\\\/psgfans.fr\\\/?s={search_term_string}\"},\"query-input\":{\"@type\":\"PropertyValueSpecification\",\"valueRequired\":true,\"valueName\":\"search_term_string\"}}],\"inLanguage\":\"fr-FR\"},{\"@type\":\"Person\",\"@id\":\"https:\\\/\\\/psgfans.fr\\\/#\\\/schema\\\/person\\\/be2237e7a0237af2f29cb344b3c55e6c\",\"name\":\"psgfans\",\"image\":{\"@type\":\"ImageObject\",\"inLanguage\":\"fr-FR\",\"@id\":\"https:\\\/\\\/secure.gravatar.com\\\/avatar\\\/?s=96&d=mm&r=g\",\"url\":\"https:\\\/\\\/secure.gravatar.com\\\/avatar\\\/?s=96&d=mm&r=g\",\"contentUrl\":\"https:\\\/\\\/secure.gravatar.com\\\/avatar\\\/?s=96&d=mm&r=g\",\"caption\":\"psgfans\"},\"url\":\"https:\\\/\\\/psgfans.fr\\\/?author=2\"}]}<\/script>\n<!-- \/ Yoast SEO plugin. -->","yoast_head_json":{"title":"Ligue des Champions: Quelle \u00e9quipe souhaitez-vous que le PSG affronte en quarts? - PSG FANS","robots":{"index":"index","follow":"follow","max-snippet":"max-snippet:-1","max-image-preview":"max-image-preview:large","max-video-preview":"max-video-preview:-1"},"canonical":"https:\/\/psgfans.fr\/?p=869","og_locale":"fr_FR","og_type":"article","og_title":"Ligue des Champions: Quelle \u00e9quipe souhaitez-vous que le PSG affronte en quarts? - PSG FANS","og_description":"VOTRE AVIS &#8211; Barcelone pour Messi? Le Real pour Ronaldo? Manchester pour David Moyes?&#8230; Le PSG veut gagner la Ligue des Champions. Et le club est pr\u00eat \u00e0 mettre les moyens pour tirer le meilleur de ses joueurs. On \u00e9voque notamment d\u2019une prime d\u2019un million d\u2019euros n\u00e9goci\u00e9 par Zlatan Ibrahimovic en cas de sacre le [&hellip;]","og_url":"https:\/\/psgfans.fr\/?p=869","og_site_name":"PSG FANS","article_published_time":"2014-03-20T16:16:00+00:00","og_image":[{"url":"https:\/\/blogger.googleusercontent.com\/img\/b\/R29vZ2xl\/AVvXsEgiPfqog3osWZGu5GhVYU8Q5Ied_kf5cyDjmJ8VwR30nvgjmP7IIHMnW7ALDNXb76bAey4cAlpfc2ZtgUvDHcHYaV4beQxM2mFScF5XFb0vlC3UjlBWtaFwVNqVKHE5tZ8wERof_NUL6MA\/s1600\/3687947_psg-zlatan-silva_640x280.jpg","type":"","width":"","height":""}],"author":"psgfans","twitter_card":"summary_large_image","twitter_misc":{"\u00c9crit par":"psgfans","Dur\u00e9e de lecture estim\u00e9e":"1 minute"},"schema":{"@context":"https:\/\/schema.org","@graph":[{"@type":"Article","@id":"https:\/\/psgfans.fr\/?p=869#article","isPartOf":{"@id":"https:\/\/psgfans.fr\/?p=869"},"author":{"name":"psgfans","@id":"https:\/\/psgfans.fr\/#\/schema\/person\/be2237e7a0237af2f29cb344b3c55e6c"},"headline":"Ligue des Champions: Quelle \u00e9quipe souhaitez-vous que le PSG affronte en quarts?","datePublished":"2014-03-20T16:16:00+00:00","mainEntityOfPage":{"@id":"https:\/\/psgfans.fr\/?p=869"},"wordCount":191,"commentCount":0,"image":{"@id":"https:\/\/psgfans.fr\/?p=869#primaryimage"},"thumbnailUrl":"https:\/\/blogger.googleusercontent.com\/img\/b\/R29vZ2xl\/AVvXsEgiPfqog3osWZGu5GhVYU8Q5Ied_kf5cyDjmJ8VwR30nvgjmP7IIHMnW7ALDNXb76bAey4cAlpfc2ZtgUvDHcHYaV4beQxM2mFScF5XFb0vlC3UjlBWtaFwVNqVKHE5tZ8wERof_NUL6MA\/s1600\/3687947_psg-zlatan-silva_640x280.jpg","articleSection":["News"],"inLanguage":"fr-FR","potentialAction":[{"@type":"CommentAction","name":"Comment","target":["https:\/\/psgfans.fr\/?p=869#respond"]}]},{"@type":"WebPage","@id":"https:\/\/psgfans.fr\/?p=869","url":"https:\/\/psgfans.fr\/?p=869","name":"Ligue des Champions: Quelle \u00e9quipe souhaitez-vous que le PSG affronte en quarts? - PSG FANS","isPartOf":{"@id":"https:\/\/psgfans.fr\/#website"},"primaryImageOfPage":{"@id":"https:\/\/psgfans.fr\/?p=869#primaryimage"},"image":{"@id":"https:\/\/psgfans.fr\/?p=869#primaryimage"},"thumbnailUrl":"https:\/\/blogger.googleusercontent.com\/img\/b\/R29vZ2xl\/AVvXsEgiPfqog3osWZGu5GhVYU8Q5Ied_kf5cyDjmJ8VwR30nvgjmP7IIHMnW7ALDNXb76bAey4cAlpfc2ZtgUvDHcHYaV4beQxM2mFScF5XFb0vlC3UjlBWtaFwVNqVKHE5tZ8wERof_NUL6MA\/s1600\/3687947_psg-zlatan-silva_640x280.jpg","datePublished":"2014-03-20T16:16:00+00:00","author":{"@id":"https:\/\/psgfans.fr\/#\/schema\/person\/be2237e7a0237af2f29cb344b3c55e6c"},"breadcrumb":{"@id":"https:\/\/psgfans.fr\/?p=869#breadcrumb"},"inLanguage":"fr-FR","potentialAction":[{"@type":"ReadAction","target":["https:\/\/psgfans.fr\/?p=869"]}]},{"@type":"ImageObject","inLanguage":"fr-FR","@id":"https:\/\/psgfans.fr\/?p=869#primaryimage","url":"https:\/\/blogger.googleusercontent.com\/img\/b\/R29vZ2xl\/AVvXsEgiPfqog3osWZGu5GhVYU8Q5Ied_kf5cyDjmJ8VwR30nvgjmP7IIHMnW7ALDNXb76bAey4cAlpfc2ZtgUvDHcHYaV4beQxM2mFScF5XFb0vlC3UjlBWtaFwVNqVKHE5tZ8wERof_NUL6MA\/s1600\/3687947_psg-zlatan-silva_640x280.jpg","contentUrl":"https:\/\/blogger.googleusercontent.com\/img\/b\/R29vZ2xl\/AVvXsEgiPfqog3osWZGu5GhVYU8Q5Ied_kf5cyDjmJ8VwR30nvgjmP7IIHMnW7ALDNXb76bAey4cAlpfc2ZtgUvDHcHYaV4beQxM2mFScF5XFb0vlC3UjlBWtaFwVNqVKHE5tZ8wERof_NUL6MA\/s1600\/3687947_psg-zlatan-silva_640x280.jpg"},{"@type":"BreadcrumbList","@id":"https:\/\/psgfans.fr\/?p=869#breadcrumb","itemListElement":[{"@type":"ListItem","position":1,"name":"Accueil","item":"https:\/\/psgfans.fr\/"},{"@type":"ListItem","position":2,"name":"Ligue des Champions: Quelle \u00e9quipe souhaitez-vous que le PSG affronte en quarts?"}]},{"@type":"WebSite","@id":"https:\/\/psgfans.fr\/#website","url":"https:\/\/psgfans.fr\/","name":"PSG FANS","description":"Unit\u00e9, Passion, Victoire : Au C\u0153ur du Paris Saint-Germain!","potentialAction":[{"@type":"SearchAction","target":{"@type":"EntryPoint","urlTemplate":"https:\/\/psgfans.fr\/?s={search_term_string}"},"query-input":{"@type":"PropertyValueSpecification","valueRequired":true,"valueName":"search_term_string"}}],"inLanguage":"fr-FR"},{"@type":"Person","@id":"https:\/\/psgfans.fr\/#\/schema\/person\/be2237e7a0237af2f29cb344b3c55e6c","name":"psgfans","image":{"@type":"ImageObject","inLanguage":"fr-FR","@id":"https:\/\/secure.gravatar.com\/avatar\/?s=96&d=mm&r=g","url":"https:\/\/secure.gravatar.com\/avatar\/?s=96&d=mm&r=g","contentUrl":"https:\/\/secure.gravatar.com\/avatar\/?s=96&d=mm&r=g","caption":"psgfans"},"url":"https:\/\/psgfans.fr\/?author=2"}]}},"_links":{"self":[{"href":"https:\/\/psgfans.fr\/index.php?rest_route=\/wp\/v2\/posts\/869","targetHints":{"allow":["GET"]}}],"collection":[{"href":"https:\/\/psgfans.fr\/index.php?rest_route=\/wp\/v2\/posts"}],"about":[{"href":"https:\/\/psgfans.fr\/index.php?rest_route=\/wp\/v2\/types\/post"}],"author":[{"embeddable":true,"href":"https:\/\/psgfans.fr\/index.php?rest_route=\/wp\/v2\/users\/2"}],"replies":[{"embeddable":true,"href":"https:\/\/psgfans.fr\/index.php?rest_route=%2Fwp%2Fv2%2Fcomments&post=869"}],"version-history":[{"count":0,"href":"https:\/\/psgfans.fr\/index.php?rest_route=\/wp\/v2\/posts\/869\/revisions"}],"wp:attachment":[{"href":"https:\/\/psgfans.fr\/index.php?rest_route=%2Fwp%2Fv2%2Fmedia&parent=869"}],"wp:term":[{"taxonomy":"category","embeddable":true,"href":"https:\/\/psgfans.fr\/index.php?rest_route=%2Fwp%2Fv2%2Fcategories&post=869"},{"taxonomy":"post_tag","embeddable":true,"href":"https:\/\/psgfans.fr\/index.php?rest_route=%2Fwp%2Fv2%2Ftags&post=869"}],"curies":[{"name":"wp","href":"https:\/\/api.w.org\/{rel}","templated":true}]}}