{"id":868,"date":"2014-03-20T23:28:00","date_gmt":"2014-03-20T22:28:00","guid":{"rendered":"https:\/\/psgfans.fr\/?p=868"},"modified":"2014-03-20T23:28:00","modified_gmt":"2014-03-20T22:28:00","slug":"mercato-un-nouveau-concurrent-serieux-pour-oscar","status":"publish","type":"post","link":"https:\/\/psgfans.fr\/?p=868","title":{"rendered":"Mercato &#8211; Un nouveau concurrent s\u00e9rieux pour Oscar ?"},"content":{"rendered":"<div style=\"clear: both; text-align: center;\"><a href=\"https:\/\/blogger.googleusercontent.com\/img\/b\/R29vZ2xl\/AVvXsEhEWsr4iYm7soAEksFW4Gu7e-gf7ZdV0UMW3sAX8_Nwr_K8CvJBLe83GfH3N-wT0RGTOUdEhJUd9iftL3MW4h6fBnwq3SOfdWAxFck4omgntjSW6UZ4wdPDslgw8qKsd0NsANC2g-jH_U8\/s1600\/97824-large.jpg\" style=\"margin-left: 1em; margin-right: 1em;\"><img loading=\"lazy\" decoding=\"async\" border=\"0\" src=\"https:\/\/blogger.googleusercontent.com\/img\/b\/R29vZ2xl\/AVvXsEhEWsr4iYm7soAEksFW4Gu7e-gf7ZdV0UMW3sAX8_Nwr_K8CvJBLe83GfH3N-wT0RGTOUdEhJUd9iftL3MW4h6fBnwq3SOfdWAxFck4omgntjSW6UZ4wdPDslgw8qKsd0NsANC2g-jH_U8\/s1600\/97824-large.jpg\" height=\"198\" width=\"400\" \/><\/a><\/div>\n<p>Suivi avec grande attention par le PSG pour la prochaine p\u00e9riode du march\u00e9 des transferts, Oscar serait aussi dans le collimateur de la Juventus Turin. Le milieu de Chelsea aurait \u00e9t\u00e9 supervis\u00e9 mardi en Ligue des Champions.<\/p>\n<p>Comme nous vous le r\u00e9v\u00e9lions dans Le 10 Sport mi-f\u00e9vier, le PSG cible plusieurs joueurs de Chelsea afin de se renforcer lors du prochain march\u00e9 des transferts estival. Apr\u00e8s avoir manqu\u00e9 Juan Mata cet hiver, les Parisiens regarderaient toujours avec insistance du c\u00f4t\u00e9 de Stamford Bridge. En plus d&rsquo;Hazard et de David Luiz, le club de la Capitale envisagerait d&rsquo;enr\u00f4ler Oscar. Mais le Br\u00e9silien serait aussi dans les petits papiers des plusieurs clubs sur le Vieux Continent. Dont un plus particuli\u00e8rement en Serie A.<\/p>\n<p>UN \u00c9MISSAIRE DE LA JUVE PR\u00c9SENT \u00c0 LONDRES ?<br \/>A en croire Sky Sport, dont l&rsquo;information est relay\u00e9e par TMW mercredi, un \u00e9missaire de la Juventus aurait assist\u00e9 au 8e de finale retour de la Ligue des Champions entre Chelsea et Galatasaray (2-0). L&rsquo;occasion pour lui d&rsquo;observer avec attention Oscar sur la pelouse de Stamford Bridge. Le Br\u00e9silien, qui pourrait faire l&rsquo;objet d&rsquo;une offre de 50 millions d&rsquo;euros du PSG, ne serait pas facile \u00e0 convaincre, lui est sous contrat jusqu&rsquo;en juin 2017.<\/p>\n<p>\u00ab LE MEILLEUR DEPUIS LE D\u00c9BUT DE LA SAISON \u00bb<br \/>Invit\u00e9 \u00e0 s&rsquo;exprimer sur l&rsquo;importance d&rsquo;Oscar dans le collectif de Chelsea, Jos\u00e9 Mourinho avait affirm\u00e9 qu&rsquo;il ne comptait pas s&rsquo;en s\u00e9parer. \u00ab Je veux construire avec Oscar en tant que num\u00e9ro 10. Je veux que les autres joueurs de l\u2019effectif s\u2019adaptent \u00e0 cette r\u00e9alit\u00e9 et apprennent \u00e0 faire des choses qu\u2019ils n\u2019\u00e9taient pas pr\u00eats \u00e0 faire avant. En ce moment, Oscar est mon titulaire, et si quelqu\u2019un me dit qu\u2019il n\u2019est pas le meilleur joueur de Chelsea depuis le d\u00e9but de la saison, je serais oblig\u00e9 de ne pas \u00eatre d\u2019accord avec lui. \u00bb<\/p>\n<p>Source : &nbsp;Le10Sport.com<\/p>\n","protected":false},"excerpt":{"rendered":"<p>Suivi avec grande attention par le PSG pour la prochaine p\u00e9riode du march\u00e9 des transferts, Oscar serait aussi dans le collimateur de la Juventus Turin. Le milieu de Chelsea aurait \u00e9t\u00e9 supervis\u00e9 mardi en Ligue des Champions. Comme nous vous le r\u00e9v\u00e9lions dans Le 10 Sport mi-f\u00e9vier, le PSG cible plusieurs joueurs de Chelsea afin [&hellip;]<\/p>\n","protected":false},"author":2,"featured_media":0,"comment_status":"open","ping_status":"open","sticky":false,"template":"","format":"standard","meta":{"footnotes":""},"categories":[3],"tags":[],"class_list":{"0":"post-868","1":"post","2":"type-post","3":"status-publish","4":"format-standard","6":"category-news"},"yoast_head":"<!-- This site is optimized with the Yoast SEO plugin v27.4 - https:\/\/yoast.com\/product\/yoast-seo-wordpress\/ -->\n<title>Mercato - Un nouveau concurrent s\u00e9rieux pour Oscar ? - PSG FANS<\/title>\n<meta name=\"robots\" content=\"index, follow, max-snippet:-1, max-image-preview:large, max-video-preview:-1\" \/>\n<link rel=\"canonical\" href=\"https:\/\/psgfans.fr\/?p=868\" \/>\n<meta property=\"og:locale\" content=\"fr_FR\" \/>\n<meta property=\"og:type\" content=\"article\" \/>\n<meta property=\"og:title\" content=\"Mercato - Un nouveau concurrent s\u00e9rieux pour Oscar ? - PSG FANS\" \/>\n<meta property=\"og:description\" content=\"Suivi avec grande attention par le PSG pour la prochaine p\u00e9riode du march\u00e9 des transferts, Oscar serait aussi dans le collimateur de la Juventus Turin. Le milieu de Chelsea aurait \u00e9t\u00e9 supervis\u00e9 mardi en Ligue des Champions. Comme nous vous le r\u00e9v\u00e9lions dans Le 10 Sport mi-f\u00e9vier, le PSG cible plusieurs joueurs de Chelsea afin [&hellip;]\" \/>\n<meta property=\"og:url\" content=\"https:\/\/psgfans.fr\/?p=868\" \/>\n<meta property=\"og:site_name\" content=\"PSG FANS\" \/>\n<meta property=\"article:published_time\" content=\"2014-03-20T22:28:00+00:00\" \/>\n<meta property=\"og:image\" content=\"https:\/\/blogger.googleusercontent.com\/img\/b\/R29vZ2xl\/AVvXsEhEWsr4iYm7soAEksFW4Gu7e-gf7ZdV0UMW3sAX8_Nwr_K8CvJBLe83GfH3N-wT0RGTOUdEhJUd9iftL3MW4h6fBnwq3SOfdWAxFck4omgntjSW6UZ4wdPDslgw8qKsd0NsANC2g-jH_U8\/s1600\/97824-large.jpg\" \/>\n<meta name=\"author\" content=\"psgfans\" \/>\n<meta name=\"twitter:card\" content=\"summary_large_image\" \/>\n<meta name=\"twitter:label1\" content=\"\u00c9crit par\" \/>\n\t<meta name=\"twitter:data1\" content=\"psgfans\" \/>\n\t<meta name=\"twitter:label2\" content=\"Dur\u00e9e de lecture estim\u00e9e\" \/>\n\t<meta name=\"twitter:data2\" content=\"2 minutes\" \/>\n<script type=\"application\/ld+json\" class=\"yoast-schema-graph\">{\"@context\":\"https:\\\/\\\/schema.org\",\"@graph\":[{\"@type\":\"Article\",\"@id\":\"https:\\\/\\\/psgfans.fr\\\/?p=868#article\",\"isPartOf\":{\"@id\":\"https:\\\/\\\/psgfans.fr\\\/?p=868\"},\"author\":{\"name\":\"psgfans\",\"@id\":\"https:\\\/\\\/psgfans.fr\\\/#\\\/schema\\\/person\\\/be2237e7a0237af2f29cb344b3c55e6c\"},\"headline\":\"Mercato &#8211; Un nouveau concurrent s\u00e9rieux pour Oscar ?\",\"datePublished\":\"2014-03-20T22:28:00+00:00\",\"mainEntityOfPage\":{\"@id\":\"https:\\\/\\\/psgfans.fr\\\/?p=868\"},\"wordCount\":347,\"commentCount\":0,\"image\":{\"@id\":\"https:\\\/\\\/psgfans.fr\\\/?p=868#primaryimage\"},\"thumbnailUrl\":\"https:\\\/\\\/blogger.googleusercontent.com\\\/img\\\/b\\\/R29vZ2xl\\\/AVvXsEhEWsr4iYm7soAEksFW4Gu7e-gf7ZdV0UMW3sAX8_Nwr_K8CvJBLe83GfH3N-wT0RGTOUdEhJUd9iftL3MW4h6fBnwq3SOfdWAxFck4omgntjSW6UZ4wdPDslgw8qKsd0NsANC2g-jH_U8\\\/s1600\\\/97824-large.jpg\",\"articleSection\":[\"News\"],\"inLanguage\":\"fr-FR\",\"potentialAction\":[{\"@type\":\"CommentAction\",\"name\":\"Comment\",\"target\":[\"https:\\\/\\\/psgfans.fr\\\/?p=868#respond\"]}]},{\"@type\":\"WebPage\",\"@id\":\"https:\\\/\\\/psgfans.fr\\\/?p=868\",\"url\":\"https:\\\/\\\/psgfans.fr\\\/?p=868\",\"name\":\"Mercato - Un nouveau concurrent s\u00e9rieux pour Oscar ? - PSG FANS\",\"isPartOf\":{\"@id\":\"https:\\\/\\\/psgfans.fr\\\/#website\"},\"primaryImageOfPage\":{\"@id\":\"https:\\\/\\\/psgfans.fr\\\/?p=868#primaryimage\"},\"image\":{\"@id\":\"https:\\\/\\\/psgfans.fr\\\/?p=868#primaryimage\"},\"thumbnailUrl\":\"https:\\\/\\\/blogger.googleusercontent.com\\\/img\\\/b\\\/R29vZ2xl\\\/AVvXsEhEWsr4iYm7soAEksFW4Gu7e-gf7ZdV0UMW3sAX8_Nwr_K8CvJBLe83GfH3N-wT0RGTOUdEhJUd9iftL3MW4h6fBnwq3SOfdWAxFck4omgntjSW6UZ4wdPDslgw8qKsd0NsANC2g-jH_U8\\\/s1600\\\/97824-large.jpg\",\"datePublished\":\"2014-03-20T22:28:00+00:00\",\"author\":{\"@id\":\"https:\\\/\\\/psgfans.fr\\\/#\\\/schema\\\/person\\\/be2237e7a0237af2f29cb344b3c55e6c\"},\"breadcrumb\":{\"@id\":\"https:\\\/\\\/psgfans.fr\\\/?p=868#breadcrumb\"},\"inLanguage\":\"fr-FR\",\"potentialAction\":[{\"@type\":\"ReadAction\",\"target\":[\"https:\\\/\\\/psgfans.fr\\\/?p=868\"]}]},{\"@type\":\"ImageObject\",\"inLanguage\":\"fr-FR\",\"@id\":\"https:\\\/\\\/psgfans.fr\\\/?p=868#primaryimage\",\"url\":\"https:\\\/\\\/blogger.googleusercontent.com\\\/img\\\/b\\\/R29vZ2xl\\\/AVvXsEhEWsr4iYm7soAEksFW4Gu7e-gf7ZdV0UMW3sAX8_Nwr_K8CvJBLe83GfH3N-wT0RGTOUdEhJUd9iftL3MW4h6fBnwq3SOfdWAxFck4omgntjSW6UZ4wdPDslgw8qKsd0NsANC2g-jH_U8\\\/s1600\\\/97824-large.jpg\",\"contentUrl\":\"https:\\\/\\\/blogger.googleusercontent.com\\\/img\\\/b\\\/R29vZ2xl\\\/AVvXsEhEWsr4iYm7soAEksFW4Gu7e-gf7ZdV0UMW3sAX8_Nwr_K8CvJBLe83GfH3N-wT0RGTOUdEhJUd9iftL3MW4h6fBnwq3SOfdWAxFck4omgntjSW6UZ4wdPDslgw8qKsd0NsANC2g-jH_U8\\\/s1600\\\/97824-large.jpg\"},{\"@type\":\"BreadcrumbList\",\"@id\":\"https:\\\/\\\/psgfans.fr\\\/?p=868#breadcrumb\",\"itemListElement\":[{\"@type\":\"ListItem\",\"position\":1,\"name\":\"Accueil\",\"item\":\"https:\\\/\\\/psgfans.fr\\\/\"},{\"@type\":\"ListItem\",\"position\":2,\"name\":\"Mercato &#8211; Un nouveau concurrent s\u00e9rieux pour Oscar ?\"}]},{\"@type\":\"WebSite\",\"@id\":\"https:\\\/\\\/psgfans.fr\\\/#website\",\"url\":\"https:\\\/\\\/psgfans.fr\\\/\",\"name\":\"PSG FANS\",\"description\":\"Unit\u00e9, Passion, Victoire : Au C\u0153ur du Paris Saint-Germain!\",\"potentialAction\":[{\"@type\":\"SearchAction\",\"target\":{\"@type\":\"EntryPoint\",\"urlTemplate\":\"https:\\\/\\\/psgfans.fr\\\/?s={search_term_string}\"},\"query-input\":{\"@type\":\"PropertyValueSpecification\",\"valueRequired\":true,\"valueName\":\"search_term_string\"}}],\"inLanguage\":\"fr-FR\"},{\"@type\":\"Person\",\"@id\":\"https:\\\/\\\/psgfans.fr\\\/#\\\/schema\\\/person\\\/be2237e7a0237af2f29cb344b3c55e6c\",\"name\":\"psgfans\",\"image\":{\"@type\":\"ImageObject\",\"inLanguage\":\"fr-FR\",\"@id\":\"https:\\\/\\\/secure.gravatar.com\\\/avatar\\\/?s=96&d=mm&r=g\",\"url\":\"https:\\\/\\\/secure.gravatar.com\\\/avatar\\\/?s=96&d=mm&r=g\",\"contentUrl\":\"https:\\\/\\\/secure.gravatar.com\\\/avatar\\\/?s=96&d=mm&r=g\",\"caption\":\"psgfans\"},\"url\":\"https:\\\/\\\/psgfans.fr\\\/?author=2\"}]}<\/script>\n<!-- \/ Yoast SEO plugin. -->","yoast_head_json":{"title":"Mercato - Un nouveau concurrent s\u00e9rieux pour Oscar ? - PSG FANS","robots":{"index":"index","follow":"follow","max-snippet":"max-snippet:-1","max-image-preview":"max-image-preview:large","max-video-preview":"max-video-preview:-1"},"canonical":"https:\/\/psgfans.fr\/?p=868","og_locale":"fr_FR","og_type":"article","og_title":"Mercato - Un nouveau concurrent s\u00e9rieux pour Oscar ? - PSG FANS","og_description":"Suivi avec grande attention par le PSG pour la prochaine p\u00e9riode du march\u00e9 des transferts, Oscar serait aussi dans le collimateur de la Juventus Turin. Le milieu de Chelsea aurait \u00e9t\u00e9 supervis\u00e9 mardi en Ligue des Champions. Comme nous vous le r\u00e9v\u00e9lions dans Le 10 Sport mi-f\u00e9vier, le PSG cible plusieurs joueurs de Chelsea afin [&hellip;]","og_url":"https:\/\/psgfans.fr\/?p=868","og_site_name":"PSG FANS","article_published_time":"2014-03-20T22:28:00+00:00","og_image":[{"url":"https:\/\/blogger.googleusercontent.com\/img\/b\/R29vZ2xl\/AVvXsEhEWsr4iYm7soAEksFW4Gu7e-gf7ZdV0UMW3sAX8_Nwr_K8CvJBLe83GfH3N-wT0RGTOUdEhJUd9iftL3MW4h6fBnwq3SOfdWAxFck4omgntjSW6UZ4wdPDslgw8qKsd0NsANC2g-jH_U8\/s1600\/97824-large.jpg","type":"","width":"","height":""}],"author":"psgfans","twitter_card":"summary_large_image","twitter_misc":{"\u00c9crit par":"psgfans","Dur\u00e9e de lecture estim\u00e9e":"2 minutes"},"schema":{"@context":"https:\/\/schema.org","@graph":[{"@type":"Article","@id":"https:\/\/psgfans.fr\/?p=868#article","isPartOf":{"@id":"https:\/\/psgfans.fr\/?p=868"},"author":{"name":"psgfans","@id":"https:\/\/psgfans.fr\/#\/schema\/person\/be2237e7a0237af2f29cb344b3c55e6c"},"headline":"Mercato &#8211; Un nouveau concurrent s\u00e9rieux pour Oscar ?","datePublished":"2014-03-20T22:28:00+00:00","mainEntityOfPage":{"@id":"https:\/\/psgfans.fr\/?p=868"},"wordCount":347,"commentCount":0,"image":{"@id":"https:\/\/psgfans.fr\/?p=868#primaryimage"},"thumbnailUrl":"https:\/\/blogger.googleusercontent.com\/img\/b\/R29vZ2xl\/AVvXsEhEWsr4iYm7soAEksFW4Gu7e-gf7ZdV0UMW3sAX8_Nwr_K8CvJBLe83GfH3N-wT0RGTOUdEhJUd9iftL3MW4h6fBnwq3SOfdWAxFck4omgntjSW6UZ4wdPDslgw8qKsd0NsANC2g-jH_U8\/s1600\/97824-large.jpg","articleSection":["News"],"inLanguage":"fr-FR","potentialAction":[{"@type":"CommentAction","name":"Comment","target":["https:\/\/psgfans.fr\/?p=868#respond"]}]},{"@type":"WebPage","@id":"https:\/\/psgfans.fr\/?p=868","url":"https:\/\/psgfans.fr\/?p=868","name":"Mercato - Un nouveau concurrent s\u00e9rieux pour Oscar ? - PSG FANS","isPartOf":{"@id":"https:\/\/psgfans.fr\/#website"},"primaryImageOfPage":{"@id":"https:\/\/psgfans.fr\/?p=868#primaryimage"},"image":{"@id":"https:\/\/psgfans.fr\/?p=868#primaryimage"},"thumbnailUrl":"https:\/\/blogger.googleusercontent.com\/img\/b\/R29vZ2xl\/AVvXsEhEWsr4iYm7soAEksFW4Gu7e-gf7ZdV0UMW3sAX8_Nwr_K8CvJBLe83GfH3N-wT0RGTOUdEhJUd9iftL3MW4h6fBnwq3SOfdWAxFck4omgntjSW6UZ4wdPDslgw8qKsd0NsANC2g-jH_U8\/s1600\/97824-large.jpg","datePublished":"2014-03-20T22:28:00+00:00","author":{"@id":"https:\/\/psgfans.fr\/#\/schema\/person\/be2237e7a0237af2f29cb344b3c55e6c"},"breadcrumb":{"@id":"https:\/\/psgfans.fr\/?p=868#breadcrumb"},"inLanguage":"fr-FR","potentialAction":[{"@type":"ReadAction","target":["https:\/\/psgfans.fr\/?p=868"]}]},{"@type":"ImageObject","inLanguage":"fr-FR","@id":"https:\/\/psgfans.fr\/?p=868#primaryimage","url":"https:\/\/blogger.googleusercontent.com\/img\/b\/R29vZ2xl\/AVvXsEhEWsr4iYm7soAEksFW4Gu7e-gf7ZdV0UMW3sAX8_Nwr_K8CvJBLe83GfH3N-wT0RGTOUdEhJUd9iftL3MW4h6fBnwq3SOfdWAxFck4omgntjSW6UZ4wdPDslgw8qKsd0NsANC2g-jH_U8\/s1600\/97824-large.jpg","contentUrl":"https:\/\/blogger.googleusercontent.com\/img\/b\/R29vZ2xl\/AVvXsEhEWsr4iYm7soAEksFW4Gu7e-gf7ZdV0UMW3sAX8_Nwr_K8CvJBLe83GfH3N-wT0RGTOUdEhJUd9iftL3MW4h6fBnwq3SOfdWAxFck4omgntjSW6UZ4wdPDslgw8qKsd0NsANC2g-jH_U8\/s1600\/97824-large.jpg"},{"@type":"BreadcrumbList","@id":"https:\/\/psgfans.fr\/?p=868#breadcrumb","itemListElement":[{"@type":"ListItem","position":1,"name":"Accueil","item":"https:\/\/psgfans.fr\/"},{"@type":"ListItem","position":2,"name":"Mercato &#8211; Un nouveau concurrent s\u00e9rieux pour Oscar ?"}]},{"@type":"WebSite","@id":"https:\/\/psgfans.fr\/#website","url":"https:\/\/psgfans.fr\/","name":"PSG FANS","description":"Unit\u00e9, Passion, Victoire : Au C\u0153ur du Paris Saint-Germain!","potentialAction":[{"@type":"SearchAction","target":{"@type":"EntryPoint","urlTemplate":"https:\/\/psgfans.fr\/?s={search_term_string}"},"query-input":{"@type":"PropertyValueSpecification","valueRequired":true,"valueName":"search_term_string"}}],"inLanguage":"fr-FR"},{"@type":"Person","@id":"https:\/\/psgfans.fr\/#\/schema\/person\/be2237e7a0237af2f29cb344b3c55e6c","name":"psgfans","image":{"@type":"ImageObject","inLanguage":"fr-FR","@id":"https:\/\/secure.gravatar.com\/avatar\/?s=96&d=mm&r=g","url":"https:\/\/secure.gravatar.com\/avatar\/?s=96&d=mm&r=g","contentUrl":"https:\/\/secure.gravatar.com\/avatar\/?s=96&d=mm&r=g","caption":"psgfans"},"url":"https:\/\/psgfans.fr\/?author=2"}]}},"_links":{"self":[{"href":"https:\/\/psgfans.fr\/index.php?rest_route=\/wp\/v2\/posts\/868","targetHints":{"allow":["GET"]}}],"collection":[{"href":"https:\/\/psgfans.fr\/index.php?rest_route=\/wp\/v2\/posts"}],"about":[{"href":"https:\/\/psgfans.fr\/index.php?rest_route=\/wp\/v2\/types\/post"}],"author":[{"embeddable":true,"href":"https:\/\/psgfans.fr\/index.php?rest_route=\/wp\/v2\/users\/2"}],"replies":[{"embeddable":true,"href":"https:\/\/psgfans.fr\/index.php?rest_route=%2Fwp%2Fv2%2Fcomments&post=868"}],"version-history":[{"count":0,"href":"https:\/\/psgfans.fr\/index.php?rest_route=\/wp\/v2\/posts\/868\/revisions"}],"wp:attachment":[{"href":"https:\/\/psgfans.fr\/index.php?rest_route=%2Fwp%2Fv2%2Fmedia&parent=868"}],"wp:term":[{"taxonomy":"category","embeddable":true,"href":"https:\/\/psgfans.fr\/index.php?rest_route=%2Fwp%2Fv2%2Fcategories&post=868"},{"taxonomy":"post_tag","embeddable":true,"href":"https:\/\/psgfans.fr\/index.php?rest_route=%2Fwp%2Fv2%2Ftags&post=868"}],"curies":[{"name":"wp","href":"https:\/\/api.w.org\/{rel}","templated":true}]}}