{"id":865,"date":"2014-03-21T02:06:00","date_gmt":"2014-03-21T01:06:00","guid":{"rendered":"https:\/\/psgfans.fr\/?p=865"},"modified":"2014-03-21T02:06:00","modified_gmt":"2014-03-21T01:06:00","slug":"le-psg-confronte-aux-quarts-les-plus-releves-de-lhistoire","status":"publish","type":"post","link":"https:\/\/psgfans.fr\/?p=865","title":{"rendered":"Le PSG confront\u00e9 aux quarts les plus relev\u00e9s de l\u2019histoire"},"content":{"rendered":"<div style=\"clear: both; text-align: center;\"><a href=\"https:\/\/blogger.googleusercontent.com\/img\/b\/R29vZ2xl\/AVvXsEivC3FTL5LzLe1fOhj5cY2Ty0weB7QAReIPy4WKlApGZmmY0jR90dGcsko7yq8VBLwWlzIgn1gKxdcQoiIiVNsSM_rQcdi8H6dnv5BP6EnVcGOIBhotq2pVK85HdcubsWOuBX8Xoaz9uQw\/s1600\/1.jpg\" style=\"margin-left: 1em; margin-right: 1em;\"><img loading=\"lazy\" decoding=\"async\" border=\"0\" src=\"https:\/\/blogger.googleusercontent.com\/img\/b\/R29vZ2xl\/AVvXsEivC3FTL5LzLe1fOhj5cY2Ty0weB7QAReIPy4WKlApGZmmY0jR90dGcsko7yq8VBLwWlzIgn1gKxdcQoiIiVNsSM_rQcdi8H6dnv5BP6EnVcGOIBhotq2pVK85HdcubsWOuBX8Xoaz9uQw\/s1600\/1.jpg\" height=\"225\" width=\"400\" \/><\/a><\/div>\n<p><b>Les quarts de finale de la C1 forment un cercle de plus en plus ferm\u00e9. Jamais un plateau n\u2019avait sembl\u00e9 aussi relev\u00e9 que cette ann\u00e9e. Plus que jamais, ils r\u00e9unissent la cr\u00e8me de la cr\u00e8me.<\/b><\/p>\n<div><\/div>\n<div>\n<div>Cette ann\u00e9e, la Ligue des champions ne r\u00e9pond qu\u2019\u00e0 une seule loi : celle du plus fort. Finies les \u00e9quipes surprises, les grosses cotes, les Shakhtar, l&rsquo;Apoel Nicosie ou CSKA Moscou. Non, en 2014, les quarts de finale ne r\u00e9unissent que la cr\u00e8me de la cr\u00e8me : les clubs les plus riches, ceux qui dominent leur championnat, ceux qui ont \u00e9cras\u00e9 la phase de poules, les meilleurs joueurs etc. Voil\u00e0 pourquoi cette \u00e9dition des quarts de finale peut \u00eatre consid\u00e9r\u00e9e comme la plus relev\u00e9e de l\u2019histoire r\u00e9cente. Et autant pr\u00e9venir le PSG d\u00e8s aujourd\u2019hui : il n\u2019y aura pas de bon tirage.<\/div>\n<div><\/div>\n<div>Six ont d\u00e9j\u00e0 gagn\u00e9 la C1, tous ont d\u00e9j\u00e0 une coupe d\u2019Europe au palmar\u00e8s<\/div>\n<div><\/div>\n<div>Du haut de ses quarts de finale, 23 Ligues des champions vous contemplent. Sur les huit clubs qualifi\u00e9s, six l\u2019ont d\u00e9j\u00e0 gagn\u00e9e. Un vrai plateau de rois o\u00f9 se sont invit\u00e9s l\u2019Atl\u00e9tico Madrid et le PSG, les deux seuls clubs \u00e0 ne pas avoir soulev\u00e9 la C1. Mais ils ont d\u00e9j\u00e0 inscrit leur nom au palmar\u00e8s d\u2019une comp\u00e9tition europ\u00e9enne : deux Ligues Europa pour les Espagnols (2010, 2012), la d\u00e9funte Coupe des Coupes pour les Fran\u00e7ais (1996). Ces quarts ne se sont ouverts qu\u2019\u00e0 des habitu\u00e9s.<\/div>\n<div><\/div>\n<div>Tous les premiers de groupe sont l\u00e0<\/div>\n<div><\/div>\n<div>C\u2019est une grande premi\u00e8re. Tous ceux qui ont domin\u00e9 leur groupe lors de la phase de poules seront pr\u00e9sents en quart de finale. Cette ann\u00e9e, les gros ne partagent pas. Pour le suspense, pri\u00e8re de repasser. Cette ann\u00e9e, la Ligue des champions applique une loi implacable : celle du plus fort.&nbsp;<\/div>\n<\/div>\n<div><\/div>\n<div>Source : eurosport.fr<\/div>\n","protected":false},"excerpt":{"rendered":"<p>Les quarts de finale de la C1 forment un cercle de plus en plus ferm\u00e9. Jamais un plateau n\u2019avait sembl\u00e9 aussi relev\u00e9 que cette ann\u00e9e. Plus que jamais, ils r\u00e9unissent la cr\u00e8me de la cr\u00e8me. Cette ann\u00e9e, la Ligue des champions ne r\u00e9pond qu\u2019\u00e0 une seule loi : celle du plus fort. Finies les \u00e9quipes [&hellip;]<\/p>\n","protected":false},"author":2,"featured_media":0,"comment_status":"open","ping_status":"open","sticky":false,"template":"","format":"standard","meta":{"footnotes":""},"categories":[3],"tags":[],"class_list":{"0":"post-865","1":"post","2":"type-post","3":"status-publish","4":"format-standard","6":"category-news"},"yoast_head":"<!-- This site is optimized with the Yoast SEO plugin v27.4 - https:\/\/yoast.com\/product\/yoast-seo-wordpress\/ -->\n<title>Le PSG confront\u00e9 aux quarts les plus relev\u00e9s de l\u2019histoire - PSG FANS<\/title>\n<meta name=\"robots\" content=\"index, follow, max-snippet:-1, max-image-preview:large, max-video-preview:-1\" \/>\n<link rel=\"canonical\" href=\"https:\/\/psgfans.fr\/?p=865\" \/>\n<meta property=\"og:locale\" content=\"fr_FR\" \/>\n<meta property=\"og:type\" content=\"article\" \/>\n<meta property=\"og:title\" content=\"Le PSG confront\u00e9 aux quarts les plus relev\u00e9s de l\u2019histoire - PSG FANS\" \/>\n<meta property=\"og:description\" content=\"Les quarts de finale de la C1 forment un cercle de plus en plus ferm\u00e9. Jamais un plateau n\u2019avait sembl\u00e9 aussi relev\u00e9 que cette ann\u00e9e. Plus que jamais, ils r\u00e9unissent la cr\u00e8me de la cr\u00e8me. Cette ann\u00e9e, la Ligue des champions ne r\u00e9pond qu\u2019\u00e0 une seule loi : celle du plus fort. Finies les \u00e9quipes [&hellip;]\" \/>\n<meta property=\"og:url\" content=\"https:\/\/psgfans.fr\/?p=865\" \/>\n<meta property=\"og:site_name\" content=\"PSG FANS\" \/>\n<meta property=\"article:published_time\" content=\"2014-03-21T01:06:00+00:00\" \/>\n<meta property=\"og:image\" content=\"https:\/\/blogger.googleusercontent.com\/img\/b\/R29vZ2xl\/AVvXsEivC3FTL5LzLe1fOhj5cY2Ty0weB7QAReIPy4WKlApGZmmY0jR90dGcsko7yq8VBLwWlzIgn1gKxdcQoiIiVNsSM_rQcdi8H6dnv5BP6EnVcGOIBhotq2pVK85HdcubsWOuBX8Xoaz9uQw\/s1600\/1.jpg\" \/>\n<meta name=\"author\" content=\"psgfans\" \/>\n<meta name=\"twitter:card\" content=\"summary_large_image\" \/>\n<meta name=\"twitter:label1\" content=\"\u00c9crit par\" \/>\n\t<meta name=\"twitter:data1\" content=\"psgfans\" \/>\n\t<meta name=\"twitter:label2\" content=\"Dur\u00e9e de lecture estim\u00e9e\" \/>\n\t<meta name=\"twitter:data2\" content=\"2 minutes\" \/>\n<script type=\"application\/ld+json\" class=\"yoast-schema-graph\">{\"@context\":\"https:\\\/\\\/schema.org\",\"@graph\":[{\"@type\":\"Article\",\"@id\":\"https:\\\/\\\/psgfans.fr\\\/?p=865#article\",\"isPartOf\":{\"@id\":\"https:\\\/\\\/psgfans.fr\\\/?p=865\"},\"author\":{\"name\":\"psgfans\",\"@id\":\"https:\\\/\\\/psgfans.fr\\\/#\\\/schema\\\/person\\\/be2237e7a0237af2f29cb344b3c55e6c\"},\"headline\":\"Le PSG confront\u00e9 aux quarts les plus relev\u00e9s de l\u2019histoire\",\"datePublished\":\"2014-03-21T01:06:00+00:00\",\"mainEntityOfPage\":{\"@id\":\"https:\\\/\\\/psgfans.fr\\\/?p=865\"},\"wordCount\":345,\"commentCount\":0,\"image\":{\"@id\":\"https:\\\/\\\/psgfans.fr\\\/?p=865#primaryimage\"},\"thumbnailUrl\":\"https:\\\/\\\/blogger.googleusercontent.com\\\/img\\\/b\\\/R29vZ2xl\\\/AVvXsEivC3FTL5LzLe1fOhj5cY2Ty0weB7QAReIPy4WKlApGZmmY0jR90dGcsko7yq8VBLwWlzIgn1gKxdcQoiIiVNsSM_rQcdi8H6dnv5BP6EnVcGOIBhotq2pVK85HdcubsWOuBX8Xoaz9uQw\\\/s1600\\\/1.jpg\",\"articleSection\":[\"News\"],\"inLanguage\":\"fr-FR\",\"potentialAction\":[{\"@type\":\"CommentAction\",\"name\":\"Comment\",\"target\":[\"https:\\\/\\\/psgfans.fr\\\/?p=865#respond\"]}]},{\"@type\":\"WebPage\",\"@id\":\"https:\\\/\\\/psgfans.fr\\\/?p=865\",\"url\":\"https:\\\/\\\/psgfans.fr\\\/?p=865\",\"name\":\"Le PSG confront\u00e9 aux quarts les plus relev\u00e9s de l\u2019histoire - PSG FANS\",\"isPartOf\":{\"@id\":\"https:\\\/\\\/psgfans.fr\\\/#website\"},\"primaryImageOfPage\":{\"@id\":\"https:\\\/\\\/psgfans.fr\\\/?p=865#primaryimage\"},\"image\":{\"@id\":\"https:\\\/\\\/psgfans.fr\\\/?p=865#primaryimage\"},\"thumbnailUrl\":\"https:\\\/\\\/blogger.googleusercontent.com\\\/img\\\/b\\\/R29vZ2xl\\\/AVvXsEivC3FTL5LzLe1fOhj5cY2Ty0weB7QAReIPy4WKlApGZmmY0jR90dGcsko7yq8VBLwWlzIgn1gKxdcQoiIiVNsSM_rQcdi8H6dnv5BP6EnVcGOIBhotq2pVK85HdcubsWOuBX8Xoaz9uQw\\\/s1600\\\/1.jpg\",\"datePublished\":\"2014-03-21T01:06:00+00:00\",\"author\":{\"@id\":\"https:\\\/\\\/psgfans.fr\\\/#\\\/schema\\\/person\\\/be2237e7a0237af2f29cb344b3c55e6c\"},\"breadcrumb\":{\"@id\":\"https:\\\/\\\/psgfans.fr\\\/?p=865#breadcrumb\"},\"inLanguage\":\"fr-FR\",\"potentialAction\":[{\"@type\":\"ReadAction\",\"target\":[\"https:\\\/\\\/psgfans.fr\\\/?p=865\"]}]},{\"@type\":\"ImageObject\",\"inLanguage\":\"fr-FR\",\"@id\":\"https:\\\/\\\/psgfans.fr\\\/?p=865#primaryimage\",\"url\":\"https:\\\/\\\/blogger.googleusercontent.com\\\/img\\\/b\\\/R29vZ2xl\\\/AVvXsEivC3FTL5LzLe1fOhj5cY2Ty0weB7QAReIPy4WKlApGZmmY0jR90dGcsko7yq8VBLwWlzIgn1gKxdcQoiIiVNsSM_rQcdi8H6dnv5BP6EnVcGOIBhotq2pVK85HdcubsWOuBX8Xoaz9uQw\\\/s1600\\\/1.jpg\",\"contentUrl\":\"https:\\\/\\\/blogger.googleusercontent.com\\\/img\\\/b\\\/R29vZ2xl\\\/AVvXsEivC3FTL5LzLe1fOhj5cY2Ty0weB7QAReIPy4WKlApGZmmY0jR90dGcsko7yq8VBLwWlzIgn1gKxdcQoiIiVNsSM_rQcdi8H6dnv5BP6EnVcGOIBhotq2pVK85HdcubsWOuBX8Xoaz9uQw\\\/s1600\\\/1.jpg\"},{\"@type\":\"BreadcrumbList\",\"@id\":\"https:\\\/\\\/psgfans.fr\\\/?p=865#breadcrumb\",\"itemListElement\":[{\"@type\":\"ListItem\",\"position\":1,\"name\":\"Accueil\",\"item\":\"https:\\\/\\\/psgfans.fr\\\/\"},{\"@type\":\"ListItem\",\"position\":2,\"name\":\"Le PSG confront\u00e9 aux quarts les plus relev\u00e9s de l\u2019histoire\"}]},{\"@type\":\"WebSite\",\"@id\":\"https:\\\/\\\/psgfans.fr\\\/#website\",\"url\":\"https:\\\/\\\/psgfans.fr\\\/\",\"name\":\"PSG FANS\",\"description\":\"Unit\u00e9, Passion, Victoire : Au C\u0153ur du Paris Saint-Germain!\",\"potentialAction\":[{\"@type\":\"SearchAction\",\"target\":{\"@type\":\"EntryPoint\",\"urlTemplate\":\"https:\\\/\\\/psgfans.fr\\\/?s={search_term_string}\"},\"query-input\":{\"@type\":\"PropertyValueSpecification\",\"valueRequired\":true,\"valueName\":\"search_term_string\"}}],\"inLanguage\":\"fr-FR\"},{\"@type\":\"Person\",\"@id\":\"https:\\\/\\\/psgfans.fr\\\/#\\\/schema\\\/person\\\/be2237e7a0237af2f29cb344b3c55e6c\",\"name\":\"psgfans\",\"image\":{\"@type\":\"ImageObject\",\"inLanguage\":\"fr-FR\",\"@id\":\"https:\\\/\\\/secure.gravatar.com\\\/avatar\\\/?s=96&d=mm&r=g\",\"url\":\"https:\\\/\\\/secure.gravatar.com\\\/avatar\\\/?s=96&d=mm&r=g\",\"contentUrl\":\"https:\\\/\\\/secure.gravatar.com\\\/avatar\\\/?s=96&d=mm&r=g\",\"caption\":\"psgfans\"},\"url\":\"https:\\\/\\\/psgfans.fr\\\/?author=2\"}]}<\/script>\n<!-- \/ Yoast SEO plugin. -->","yoast_head_json":{"title":"Le PSG confront\u00e9 aux quarts les plus relev\u00e9s de l\u2019histoire - PSG FANS","robots":{"index":"index","follow":"follow","max-snippet":"max-snippet:-1","max-image-preview":"max-image-preview:large","max-video-preview":"max-video-preview:-1"},"canonical":"https:\/\/psgfans.fr\/?p=865","og_locale":"fr_FR","og_type":"article","og_title":"Le PSG confront\u00e9 aux quarts les plus relev\u00e9s de l\u2019histoire - PSG FANS","og_description":"Les quarts de finale de la C1 forment un cercle de plus en plus ferm\u00e9. Jamais un plateau n\u2019avait sembl\u00e9 aussi relev\u00e9 que cette ann\u00e9e. Plus que jamais, ils r\u00e9unissent la cr\u00e8me de la cr\u00e8me. Cette ann\u00e9e, la Ligue des champions ne r\u00e9pond qu\u2019\u00e0 une seule loi : celle du plus fort. Finies les \u00e9quipes [&hellip;]","og_url":"https:\/\/psgfans.fr\/?p=865","og_site_name":"PSG FANS","article_published_time":"2014-03-21T01:06:00+00:00","og_image":[{"url":"https:\/\/blogger.googleusercontent.com\/img\/b\/R29vZ2xl\/AVvXsEivC3FTL5LzLe1fOhj5cY2Ty0weB7QAReIPy4WKlApGZmmY0jR90dGcsko7yq8VBLwWlzIgn1gKxdcQoiIiVNsSM_rQcdi8H6dnv5BP6EnVcGOIBhotq2pVK85HdcubsWOuBX8Xoaz9uQw\/s1600\/1.jpg","type":"","width":"","height":""}],"author":"psgfans","twitter_card":"summary_large_image","twitter_misc":{"\u00c9crit par":"psgfans","Dur\u00e9e de lecture estim\u00e9e":"2 minutes"},"schema":{"@context":"https:\/\/schema.org","@graph":[{"@type":"Article","@id":"https:\/\/psgfans.fr\/?p=865#article","isPartOf":{"@id":"https:\/\/psgfans.fr\/?p=865"},"author":{"name":"psgfans","@id":"https:\/\/psgfans.fr\/#\/schema\/person\/be2237e7a0237af2f29cb344b3c55e6c"},"headline":"Le PSG confront\u00e9 aux quarts les plus relev\u00e9s de l\u2019histoire","datePublished":"2014-03-21T01:06:00+00:00","mainEntityOfPage":{"@id":"https:\/\/psgfans.fr\/?p=865"},"wordCount":345,"commentCount":0,"image":{"@id":"https:\/\/psgfans.fr\/?p=865#primaryimage"},"thumbnailUrl":"https:\/\/blogger.googleusercontent.com\/img\/b\/R29vZ2xl\/AVvXsEivC3FTL5LzLe1fOhj5cY2Ty0weB7QAReIPy4WKlApGZmmY0jR90dGcsko7yq8VBLwWlzIgn1gKxdcQoiIiVNsSM_rQcdi8H6dnv5BP6EnVcGOIBhotq2pVK85HdcubsWOuBX8Xoaz9uQw\/s1600\/1.jpg","articleSection":["News"],"inLanguage":"fr-FR","potentialAction":[{"@type":"CommentAction","name":"Comment","target":["https:\/\/psgfans.fr\/?p=865#respond"]}]},{"@type":"WebPage","@id":"https:\/\/psgfans.fr\/?p=865","url":"https:\/\/psgfans.fr\/?p=865","name":"Le PSG confront\u00e9 aux quarts les plus relev\u00e9s de l\u2019histoire - PSG FANS","isPartOf":{"@id":"https:\/\/psgfans.fr\/#website"},"primaryImageOfPage":{"@id":"https:\/\/psgfans.fr\/?p=865#primaryimage"},"image":{"@id":"https:\/\/psgfans.fr\/?p=865#primaryimage"},"thumbnailUrl":"https:\/\/blogger.googleusercontent.com\/img\/b\/R29vZ2xl\/AVvXsEivC3FTL5LzLe1fOhj5cY2Ty0weB7QAReIPy4WKlApGZmmY0jR90dGcsko7yq8VBLwWlzIgn1gKxdcQoiIiVNsSM_rQcdi8H6dnv5BP6EnVcGOIBhotq2pVK85HdcubsWOuBX8Xoaz9uQw\/s1600\/1.jpg","datePublished":"2014-03-21T01:06:00+00:00","author":{"@id":"https:\/\/psgfans.fr\/#\/schema\/person\/be2237e7a0237af2f29cb344b3c55e6c"},"breadcrumb":{"@id":"https:\/\/psgfans.fr\/?p=865#breadcrumb"},"inLanguage":"fr-FR","potentialAction":[{"@type":"ReadAction","target":["https:\/\/psgfans.fr\/?p=865"]}]},{"@type":"ImageObject","inLanguage":"fr-FR","@id":"https:\/\/psgfans.fr\/?p=865#primaryimage","url":"https:\/\/blogger.googleusercontent.com\/img\/b\/R29vZ2xl\/AVvXsEivC3FTL5LzLe1fOhj5cY2Ty0weB7QAReIPy4WKlApGZmmY0jR90dGcsko7yq8VBLwWlzIgn1gKxdcQoiIiVNsSM_rQcdi8H6dnv5BP6EnVcGOIBhotq2pVK85HdcubsWOuBX8Xoaz9uQw\/s1600\/1.jpg","contentUrl":"https:\/\/blogger.googleusercontent.com\/img\/b\/R29vZ2xl\/AVvXsEivC3FTL5LzLe1fOhj5cY2Ty0weB7QAReIPy4WKlApGZmmY0jR90dGcsko7yq8VBLwWlzIgn1gKxdcQoiIiVNsSM_rQcdi8H6dnv5BP6EnVcGOIBhotq2pVK85HdcubsWOuBX8Xoaz9uQw\/s1600\/1.jpg"},{"@type":"BreadcrumbList","@id":"https:\/\/psgfans.fr\/?p=865#breadcrumb","itemListElement":[{"@type":"ListItem","position":1,"name":"Accueil","item":"https:\/\/psgfans.fr\/"},{"@type":"ListItem","position":2,"name":"Le PSG confront\u00e9 aux quarts les plus relev\u00e9s de l\u2019histoire"}]},{"@type":"WebSite","@id":"https:\/\/psgfans.fr\/#website","url":"https:\/\/psgfans.fr\/","name":"PSG FANS","description":"Unit\u00e9, Passion, Victoire : Au C\u0153ur du Paris Saint-Germain!","potentialAction":[{"@type":"SearchAction","target":{"@type":"EntryPoint","urlTemplate":"https:\/\/psgfans.fr\/?s={search_term_string}"},"query-input":{"@type":"PropertyValueSpecification","valueRequired":true,"valueName":"search_term_string"}}],"inLanguage":"fr-FR"},{"@type":"Person","@id":"https:\/\/psgfans.fr\/#\/schema\/person\/be2237e7a0237af2f29cb344b3c55e6c","name":"psgfans","image":{"@type":"ImageObject","inLanguage":"fr-FR","@id":"https:\/\/secure.gravatar.com\/avatar\/?s=96&d=mm&r=g","url":"https:\/\/secure.gravatar.com\/avatar\/?s=96&d=mm&r=g","contentUrl":"https:\/\/secure.gravatar.com\/avatar\/?s=96&d=mm&r=g","caption":"psgfans"},"url":"https:\/\/psgfans.fr\/?author=2"}]}},"_links":{"self":[{"href":"https:\/\/psgfans.fr\/index.php?rest_route=\/wp\/v2\/posts\/865","targetHints":{"allow":["GET"]}}],"collection":[{"href":"https:\/\/psgfans.fr\/index.php?rest_route=\/wp\/v2\/posts"}],"about":[{"href":"https:\/\/psgfans.fr\/index.php?rest_route=\/wp\/v2\/types\/post"}],"author":[{"embeddable":true,"href":"https:\/\/psgfans.fr\/index.php?rest_route=\/wp\/v2\/users\/2"}],"replies":[{"embeddable":true,"href":"https:\/\/psgfans.fr\/index.php?rest_route=%2Fwp%2Fv2%2Fcomments&post=865"}],"version-history":[{"count":0,"href":"https:\/\/psgfans.fr\/index.php?rest_route=\/wp\/v2\/posts\/865\/revisions"}],"wp:attachment":[{"href":"https:\/\/psgfans.fr\/index.php?rest_route=%2Fwp%2Fv2%2Fmedia&parent=865"}],"wp:term":[{"taxonomy":"category","embeddable":true,"href":"https:\/\/psgfans.fr\/index.php?rest_route=%2Fwp%2Fv2%2Fcategories&post=865"},{"taxonomy":"post_tag","embeddable":true,"href":"https:\/\/psgfans.fr\/index.php?rest_route=%2Fwp%2Fv2%2Ftags&post=865"}],"curies":[{"name":"wp","href":"https:\/\/api.w.org\/{rel}","templated":true}]}}