{"id":862,"date":"2014-03-21T12:28:00","date_gmt":"2014-03-21T11:28:00","guid":{"rendered":"https:\/\/psgfans.fr\/?p=862"},"modified":"2014-03-21T12:28:00","modified_gmt":"2014-03-21T11:28:00","slug":"lorient-psg-entraineur-contre-manager","status":"publish","type":"post","link":"https:\/\/psgfans.fr\/?p=862","title":{"rendered":"Lorient-PSG, entra\u00eeneur contre manager"},"content":{"rendered":"<div style=\"clear: both; text-align: center;\"><a href=\"https:\/\/blogger.googleusercontent.com\/img\/b\/R29vZ2xl\/AVvXsEhWt151XMUqEj-tRkPNLtBr0eZ7C-44-O-zBkEYSu_tqjKNLtA-Y1FxMJOFncmU-NS3qfZ48NbhSr442tBoTpjNmPp3mKuE_7MCpyChn8ZlvSNg95_o8Fcq77xIoVNnkcQDGKtuCdSbpBk\/s1600\/1.jpg\" style=\"margin-left: 1em; margin-right: 1em;\"><img loading=\"lazy\" decoding=\"async\" border=\"0\" src=\"https:\/\/blogger.googleusercontent.com\/img\/b\/R29vZ2xl\/AVvXsEhWt151XMUqEj-tRkPNLtBr0eZ7C-44-O-zBkEYSu_tqjKNLtA-Y1FxMJOFncmU-NS3qfZ48NbhSr442tBoTpjNmPp3mKuE_7MCpyChn8ZlvSNg95_o8Fcq77xIoVNnkcQDGKtuCdSbpBk\/s1600\/1.jpg\" height=\"200\" width=\"400\" \/><\/a><\/div>\n<p><b>Lorient (11\u00e8me), moribond en 2014, accueille Paris (1er) au Moustoir en match avanc\u00e9 de la 30\u00e8me journ\u00e9e de Ligue 1, ce soir (20h30). Avec deux approches diff\u00e9rentes du m\u00e9tier d\u2019entra\u00eeneur qui s\u2019affrontent.<\/b><\/p>\n<p>\u00ab\u00a0Il y a des entra\u00eeneurs qui n\u2019entra\u00eenent pas, comme Laurent Blanc, et c\u2019est un mod\u00e8le qui ne me pla\u00eet pas\u00a0\u00bb, d\u00e9clare Christian Gourcuff au JDD. \u00ab\u00a0Il a pass\u00e9 ses dipl\u00f4mes d\u2019entra\u00eeneur il y a trente ans, lui r\u00e9torque le manager Blanc. Il devrait les repasser maintenant et il s\u2019apercevrait que le m\u00e9tier a \u00e9volu\u00e9.\u00a0\u00bb Recette\u00a0\u00bbold school\u00a0\u00bb contre m\u00e9thode \u00ab\u00a0moderne\u00a0\u00bb, ce d\u00e9bat a fait monter la tension avant cette rencontre. Les deux hommes se serreront bien la main avant le coup d\u2019envoi et apr\u00e8s le match. Car malgr\u00e9 ce petit \u00e9change verbal par voie de presse, le Breton et le C\u00e9venol s\u2019appr\u00e9cient, du temps o\u00f9 le champion du monde 1998 entra\u00eenait (ou manageait) Bordeaux (2007-2010) et le fils de Christian, Yoann Gourcuff. Ce qui l\u2019agace plut\u00f4t, c\u2019est que la presse s\u2019int\u00e9resse autant \u00e0 lui avant le match. \u00ab\u00a0Aujourd\u2019hui, on parle plus de moi que du PSG, c\u2019est sympa\u00a0\u00bb, s\u2019amuse t-il.<br \/>Apr\u00e8s la pol\u00e9mique avec Blanc, Gourcuff a r\u00e9uni la presse chez lui mardi pour commenter sa d\u00e9cision de ne pas prolonger son contrat \u00e0 la t\u00eate du club breton. Une proposition de deux ans suppl\u00e9mentaires pourtant formul\u00e9e par son pr\u00e9sident, Lo\u00efc F\u00e9ry, mais que l\u2019entra\u00eeneur lorientais a refus\u00e9. Apr\u00e8s 25 ans pass\u00e9s sur le banc des Merlus (1982-1986, 1991-2001 et 2003-2014), une page se tourne dans l\u2019histoire du club. Nul doute qu\u2019il voudra y \u00e9crire encore quelques beaux passages en lettres d\u2019or. A commencer par ce choc des cultures contre le PSG de Laurent Blanc. Pour affronter le club parisien, Gourcuff devra n\u00e9anmoins se passer de son attaquant guin\u00e9en Sadio Diallo, qui souffre d\u2019une \u00e9longation aux adducteurs. L\u2019ancien du PSG Gr\u00e9gory Bourillon (gastro-ent\u00e9rite), Gilles Sunu (quadriceps) et Maxime Barthelm\u00e9 (ligament crois\u00e9 du genou gauche) sont aussi sur le flanc. Par contre, Wesley Lautoa (fatigue) et Vincent Aboubakar (genou) sont de retour.<br \/>Ibrahimovic ne s&rsquo;arr\u00eate jamais<br \/>Auteur de 12 buts cette saison en 28 matchs, l\u2019attaquant camerounais reste bien loin des 27 buts en 23 matchs de Zlatan Ibrahimovic. En inscrivant un doubl\u00e9 contre Saint-Etienne (2-0) dimanche dernier, il a battu le record du club du nombre de buts sur une saison toutes comp\u00e9titions confondues, d\u00e9passant les 39 r\u00e9alisations de Carlos Bianchi en 1978. \u00ab Le plus important \u00e9tait de gagner ce match, cet honneur est juste un bonus \u00bb, reconna\u00eet le Su\u00e9dois, peu habitu\u00e9 \u00e0 tant de modestie. \u00ab\u00a0Depuis cette saison, cette \u00e9quipe a aussi un style de jeu qui lui est propre avec une tr\u00e8s forte possession du ballon qui lui permet de bien g\u00e9rer ses rencontres de bout en bout, analyse Kevin Monnet-Paquet, l\u2019attaquant lorientais. Pour moi, le PSG n\u2019a pas d\u2019\u00e9quivalent en France sur le plan technique. Il le d\u00e9montre journ\u00e9e apr\u00e8s journ\u00e9e, avec des joueurs de classe internationale et un gros collectif notamment au milieu de terrain.\u00a0\u00bb<br \/>Un milieu qui pourra finalement compter sur Yohan Cabaye, victime de douleurs dorsales contre les Verts et rest\u00e9 en soins ost\u00e9opathiques en d\u00e9but de semaine. Marco Verratti r\u00e9cup\u00e8rera n\u00e9anmoins sa place dans l\u2019entrejeu. Gr\u00e9gory Van der Wiel (genou) est lui toujours absent. Dans un stade du Moustoir o\u00f9 ils n\u2019ont plus perdu depuis la saison 2007-2008 (0-1), les Parisiens voudront se rapprocher encore un peu plus du titre, eux qui comptent huit points d\u2019avance sur Monaco. Comme pour prouver que la m\u00e9thode Blanc fonctionne aussi.<\/p>\n<p>Source :&nbsp;francetvsport.fr<\/p>\n","protected":false},"excerpt":{"rendered":"<p>Lorient (11\u00e8me), moribond en 2014, accueille Paris (1er) au Moustoir en match avanc\u00e9 de la 30\u00e8me journ\u00e9e de Ligue 1, ce soir (20h30). Avec deux approches diff\u00e9rentes du m\u00e9tier d\u2019entra\u00eeneur qui s\u2019affrontent. \u00ab\u00a0Il y a des entra\u00eeneurs qui n\u2019entra\u00eenent pas, comme Laurent Blanc, et c\u2019est un mod\u00e8le qui ne me pla\u00eet pas\u00a0\u00bb, d\u00e9clare Christian Gourcuff [&hellip;]<\/p>\n","protected":false},"author":2,"featured_media":0,"comment_status":"open","ping_status":"open","sticky":false,"template":"","format":"standard","meta":{"footnotes":""},"categories":[3],"tags":[],"class_list":{"0":"post-862","1":"post","2":"type-post","3":"status-publish","4":"format-standard","6":"category-news"},"yoast_head":"<!-- This site is optimized with the Yoast SEO plugin v27.4 - https:\/\/yoast.com\/product\/yoast-seo-wordpress\/ -->\n<title>Lorient-PSG, entra\u00eeneur contre manager - PSG FANS<\/title>\n<meta name=\"robots\" content=\"index, follow, max-snippet:-1, max-image-preview:large, max-video-preview:-1\" \/>\n<link rel=\"canonical\" href=\"https:\/\/psgfans.fr\/?p=862\" \/>\n<meta property=\"og:locale\" content=\"fr_FR\" \/>\n<meta property=\"og:type\" content=\"article\" \/>\n<meta property=\"og:title\" content=\"Lorient-PSG, entra\u00eeneur contre manager - PSG FANS\" \/>\n<meta property=\"og:description\" content=\"Lorient (11\u00e8me), moribond en 2014, accueille Paris (1er) au Moustoir en match avanc\u00e9 de la 30\u00e8me journ\u00e9e de Ligue 1, ce soir (20h30). Avec deux approches diff\u00e9rentes du m\u00e9tier d\u2019entra\u00eeneur qui s\u2019affrontent. \u00ab\u00a0Il y a des entra\u00eeneurs qui n\u2019entra\u00eenent pas, comme Laurent Blanc, et c\u2019est un mod\u00e8le qui ne me pla\u00eet pas\u00a0\u00bb, d\u00e9clare Christian Gourcuff [&hellip;]\" \/>\n<meta property=\"og:url\" content=\"https:\/\/psgfans.fr\/?p=862\" \/>\n<meta property=\"og:site_name\" content=\"PSG FANS\" \/>\n<meta property=\"article:published_time\" content=\"2014-03-21T11:28:00+00:00\" \/>\n<meta property=\"og:image\" content=\"https:\/\/blogger.googleusercontent.com\/img\/b\/R29vZ2xl\/AVvXsEhWt151XMUqEj-tRkPNLtBr0eZ7C-44-O-zBkEYSu_tqjKNLtA-Y1FxMJOFncmU-NS3qfZ48NbhSr442tBoTpjNmPp3mKuE_7MCpyChn8ZlvSNg95_o8Fcq77xIoVNnkcQDGKtuCdSbpBk\/s1600\/1.jpg\" \/>\n<meta name=\"author\" content=\"psgfans\" \/>\n<meta name=\"twitter:card\" content=\"summary_large_image\" \/>\n<meta name=\"twitter:label1\" content=\"\u00c9crit par\" \/>\n\t<meta name=\"twitter:data1\" content=\"psgfans\" \/>\n\t<meta name=\"twitter:label2\" content=\"Dur\u00e9e de lecture estim\u00e9e\" \/>\n\t<meta name=\"twitter:data2\" content=\"3 minutes\" \/>\n<script type=\"application\/ld+json\" class=\"yoast-schema-graph\">{\"@context\":\"https:\\\/\\\/schema.org\",\"@graph\":[{\"@type\":\"Article\",\"@id\":\"https:\\\/\\\/psgfans.fr\\\/?p=862#article\",\"isPartOf\":{\"@id\":\"https:\\\/\\\/psgfans.fr\\\/?p=862\"},\"author\":{\"name\":\"psgfans\",\"@id\":\"https:\\\/\\\/psgfans.fr\\\/#\\\/schema\\\/person\\\/be2237e7a0237af2f29cb344b3c55e6c\"},\"headline\":\"Lorient-PSG, entra\u00eeneur contre manager\",\"datePublished\":\"2014-03-21T11:28:00+00:00\",\"mainEntityOfPage\":{\"@id\":\"https:\\\/\\\/psgfans.fr\\\/?p=862\"},\"wordCount\":656,\"commentCount\":0,\"image\":{\"@id\":\"https:\\\/\\\/psgfans.fr\\\/?p=862#primaryimage\"},\"thumbnailUrl\":\"https:\\\/\\\/blogger.googleusercontent.com\\\/img\\\/b\\\/R29vZ2xl\\\/AVvXsEhWt151XMUqEj-tRkPNLtBr0eZ7C-44-O-zBkEYSu_tqjKNLtA-Y1FxMJOFncmU-NS3qfZ48NbhSr442tBoTpjNmPp3mKuE_7MCpyChn8ZlvSNg95_o8Fcq77xIoVNnkcQDGKtuCdSbpBk\\\/s1600\\\/1.jpg\",\"articleSection\":[\"News\"],\"inLanguage\":\"fr-FR\",\"potentialAction\":[{\"@type\":\"CommentAction\",\"name\":\"Comment\",\"target\":[\"https:\\\/\\\/psgfans.fr\\\/?p=862#respond\"]}]},{\"@type\":\"WebPage\",\"@id\":\"https:\\\/\\\/psgfans.fr\\\/?p=862\",\"url\":\"https:\\\/\\\/psgfans.fr\\\/?p=862\",\"name\":\"Lorient-PSG, entra\u00eeneur contre manager - PSG FANS\",\"isPartOf\":{\"@id\":\"https:\\\/\\\/psgfans.fr\\\/#website\"},\"primaryImageOfPage\":{\"@id\":\"https:\\\/\\\/psgfans.fr\\\/?p=862#primaryimage\"},\"image\":{\"@id\":\"https:\\\/\\\/psgfans.fr\\\/?p=862#primaryimage\"},\"thumbnailUrl\":\"https:\\\/\\\/blogger.googleusercontent.com\\\/img\\\/b\\\/R29vZ2xl\\\/AVvXsEhWt151XMUqEj-tRkPNLtBr0eZ7C-44-O-zBkEYSu_tqjKNLtA-Y1FxMJOFncmU-NS3qfZ48NbhSr442tBoTpjNmPp3mKuE_7MCpyChn8ZlvSNg95_o8Fcq77xIoVNnkcQDGKtuCdSbpBk\\\/s1600\\\/1.jpg\",\"datePublished\":\"2014-03-21T11:28:00+00:00\",\"author\":{\"@id\":\"https:\\\/\\\/psgfans.fr\\\/#\\\/schema\\\/person\\\/be2237e7a0237af2f29cb344b3c55e6c\"},\"breadcrumb\":{\"@id\":\"https:\\\/\\\/psgfans.fr\\\/?p=862#breadcrumb\"},\"inLanguage\":\"fr-FR\",\"potentialAction\":[{\"@type\":\"ReadAction\",\"target\":[\"https:\\\/\\\/psgfans.fr\\\/?p=862\"]}]},{\"@type\":\"ImageObject\",\"inLanguage\":\"fr-FR\",\"@id\":\"https:\\\/\\\/psgfans.fr\\\/?p=862#primaryimage\",\"url\":\"https:\\\/\\\/blogger.googleusercontent.com\\\/img\\\/b\\\/R29vZ2xl\\\/AVvXsEhWt151XMUqEj-tRkPNLtBr0eZ7C-44-O-zBkEYSu_tqjKNLtA-Y1FxMJOFncmU-NS3qfZ48NbhSr442tBoTpjNmPp3mKuE_7MCpyChn8ZlvSNg95_o8Fcq77xIoVNnkcQDGKtuCdSbpBk\\\/s1600\\\/1.jpg\",\"contentUrl\":\"https:\\\/\\\/blogger.googleusercontent.com\\\/img\\\/b\\\/R29vZ2xl\\\/AVvXsEhWt151XMUqEj-tRkPNLtBr0eZ7C-44-O-zBkEYSu_tqjKNLtA-Y1FxMJOFncmU-NS3qfZ48NbhSr442tBoTpjNmPp3mKuE_7MCpyChn8ZlvSNg95_o8Fcq77xIoVNnkcQDGKtuCdSbpBk\\\/s1600\\\/1.jpg\"},{\"@type\":\"BreadcrumbList\",\"@id\":\"https:\\\/\\\/psgfans.fr\\\/?p=862#breadcrumb\",\"itemListElement\":[{\"@type\":\"ListItem\",\"position\":1,\"name\":\"Accueil\",\"item\":\"https:\\\/\\\/psgfans.fr\\\/\"},{\"@type\":\"ListItem\",\"position\":2,\"name\":\"Lorient-PSG, entra\u00eeneur contre manager\"}]},{\"@type\":\"WebSite\",\"@id\":\"https:\\\/\\\/psgfans.fr\\\/#website\",\"url\":\"https:\\\/\\\/psgfans.fr\\\/\",\"name\":\"PSG FANS\",\"description\":\"Unit\u00e9, Passion, Victoire : Au C\u0153ur du Paris Saint-Germain!\",\"potentialAction\":[{\"@type\":\"SearchAction\",\"target\":{\"@type\":\"EntryPoint\",\"urlTemplate\":\"https:\\\/\\\/psgfans.fr\\\/?s={search_term_string}\"},\"query-input\":{\"@type\":\"PropertyValueSpecification\",\"valueRequired\":true,\"valueName\":\"search_term_string\"}}],\"inLanguage\":\"fr-FR\"},{\"@type\":\"Person\",\"@id\":\"https:\\\/\\\/psgfans.fr\\\/#\\\/schema\\\/person\\\/be2237e7a0237af2f29cb344b3c55e6c\",\"name\":\"psgfans\",\"image\":{\"@type\":\"ImageObject\",\"inLanguage\":\"fr-FR\",\"@id\":\"https:\\\/\\\/secure.gravatar.com\\\/avatar\\\/?s=96&d=mm&r=g\",\"url\":\"https:\\\/\\\/secure.gravatar.com\\\/avatar\\\/?s=96&d=mm&r=g\",\"contentUrl\":\"https:\\\/\\\/secure.gravatar.com\\\/avatar\\\/?s=96&d=mm&r=g\",\"caption\":\"psgfans\"},\"url\":\"https:\\\/\\\/psgfans.fr\\\/?author=2\"}]}<\/script>\n<!-- \/ Yoast SEO plugin. -->","yoast_head_json":{"title":"Lorient-PSG, entra\u00eeneur contre manager - PSG FANS","robots":{"index":"index","follow":"follow","max-snippet":"max-snippet:-1","max-image-preview":"max-image-preview:large","max-video-preview":"max-video-preview:-1"},"canonical":"https:\/\/psgfans.fr\/?p=862","og_locale":"fr_FR","og_type":"article","og_title":"Lorient-PSG, entra\u00eeneur contre manager - PSG FANS","og_description":"Lorient (11\u00e8me), moribond en 2014, accueille Paris (1er) au Moustoir en match avanc\u00e9 de la 30\u00e8me journ\u00e9e de Ligue 1, ce soir (20h30). Avec deux approches diff\u00e9rentes du m\u00e9tier d\u2019entra\u00eeneur qui s\u2019affrontent. \u00ab\u00a0Il y a des entra\u00eeneurs qui n\u2019entra\u00eenent pas, comme Laurent Blanc, et c\u2019est un mod\u00e8le qui ne me pla\u00eet pas\u00a0\u00bb, d\u00e9clare Christian Gourcuff [&hellip;]","og_url":"https:\/\/psgfans.fr\/?p=862","og_site_name":"PSG FANS","article_published_time":"2014-03-21T11:28:00+00:00","og_image":[{"url":"https:\/\/blogger.googleusercontent.com\/img\/b\/R29vZ2xl\/AVvXsEhWt151XMUqEj-tRkPNLtBr0eZ7C-44-O-zBkEYSu_tqjKNLtA-Y1FxMJOFncmU-NS3qfZ48NbhSr442tBoTpjNmPp3mKuE_7MCpyChn8ZlvSNg95_o8Fcq77xIoVNnkcQDGKtuCdSbpBk\/s1600\/1.jpg","type":"","width":"","height":""}],"author":"psgfans","twitter_card":"summary_large_image","twitter_misc":{"\u00c9crit par":"psgfans","Dur\u00e9e de lecture estim\u00e9e":"3 minutes"},"schema":{"@context":"https:\/\/schema.org","@graph":[{"@type":"Article","@id":"https:\/\/psgfans.fr\/?p=862#article","isPartOf":{"@id":"https:\/\/psgfans.fr\/?p=862"},"author":{"name":"psgfans","@id":"https:\/\/psgfans.fr\/#\/schema\/person\/be2237e7a0237af2f29cb344b3c55e6c"},"headline":"Lorient-PSG, entra\u00eeneur contre manager","datePublished":"2014-03-21T11:28:00+00:00","mainEntityOfPage":{"@id":"https:\/\/psgfans.fr\/?p=862"},"wordCount":656,"commentCount":0,"image":{"@id":"https:\/\/psgfans.fr\/?p=862#primaryimage"},"thumbnailUrl":"https:\/\/blogger.googleusercontent.com\/img\/b\/R29vZ2xl\/AVvXsEhWt151XMUqEj-tRkPNLtBr0eZ7C-44-O-zBkEYSu_tqjKNLtA-Y1FxMJOFncmU-NS3qfZ48NbhSr442tBoTpjNmPp3mKuE_7MCpyChn8ZlvSNg95_o8Fcq77xIoVNnkcQDGKtuCdSbpBk\/s1600\/1.jpg","articleSection":["News"],"inLanguage":"fr-FR","potentialAction":[{"@type":"CommentAction","name":"Comment","target":["https:\/\/psgfans.fr\/?p=862#respond"]}]},{"@type":"WebPage","@id":"https:\/\/psgfans.fr\/?p=862","url":"https:\/\/psgfans.fr\/?p=862","name":"Lorient-PSG, entra\u00eeneur contre manager - PSG FANS","isPartOf":{"@id":"https:\/\/psgfans.fr\/#website"},"primaryImageOfPage":{"@id":"https:\/\/psgfans.fr\/?p=862#primaryimage"},"image":{"@id":"https:\/\/psgfans.fr\/?p=862#primaryimage"},"thumbnailUrl":"https:\/\/blogger.googleusercontent.com\/img\/b\/R29vZ2xl\/AVvXsEhWt151XMUqEj-tRkPNLtBr0eZ7C-44-O-zBkEYSu_tqjKNLtA-Y1FxMJOFncmU-NS3qfZ48NbhSr442tBoTpjNmPp3mKuE_7MCpyChn8ZlvSNg95_o8Fcq77xIoVNnkcQDGKtuCdSbpBk\/s1600\/1.jpg","datePublished":"2014-03-21T11:28:00+00:00","author":{"@id":"https:\/\/psgfans.fr\/#\/schema\/person\/be2237e7a0237af2f29cb344b3c55e6c"},"breadcrumb":{"@id":"https:\/\/psgfans.fr\/?p=862#breadcrumb"},"inLanguage":"fr-FR","potentialAction":[{"@type":"ReadAction","target":["https:\/\/psgfans.fr\/?p=862"]}]},{"@type":"ImageObject","inLanguage":"fr-FR","@id":"https:\/\/psgfans.fr\/?p=862#primaryimage","url":"https:\/\/blogger.googleusercontent.com\/img\/b\/R29vZ2xl\/AVvXsEhWt151XMUqEj-tRkPNLtBr0eZ7C-44-O-zBkEYSu_tqjKNLtA-Y1FxMJOFncmU-NS3qfZ48NbhSr442tBoTpjNmPp3mKuE_7MCpyChn8ZlvSNg95_o8Fcq77xIoVNnkcQDGKtuCdSbpBk\/s1600\/1.jpg","contentUrl":"https:\/\/blogger.googleusercontent.com\/img\/b\/R29vZ2xl\/AVvXsEhWt151XMUqEj-tRkPNLtBr0eZ7C-44-O-zBkEYSu_tqjKNLtA-Y1FxMJOFncmU-NS3qfZ48NbhSr442tBoTpjNmPp3mKuE_7MCpyChn8ZlvSNg95_o8Fcq77xIoVNnkcQDGKtuCdSbpBk\/s1600\/1.jpg"},{"@type":"BreadcrumbList","@id":"https:\/\/psgfans.fr\/?p=862#breadcrumb","itemListElement":[{"@type":"ListItem","position":1,"name":"Accueil","item":"https:\/\/psgfans.fr\/"},{"@type":"ListItem","position":2,"name":"Lorient-PSG, entra\u00eeneur contre manager"}]},{"@type":"WebSite","@id":"https:\/\/psgfans.fr\/#website","url":"https:\/\/psgfans.fr\/","name":"PSG FANS","description":"Unit\u00e9, Passion, Victoire : Au C\u0153ur du Paris Saint-Germain!","potentialAction":[{"@type":"SearchAction","target":{"@type":"EntryPoint","urlTemplate":"https:\/\/psgfans.fr\/?s={search_term_string}"},"query-input":{"@type":"PropertyValueSpecification","valueRequired":true,"valueName":"search_term_string"}}],"inLanguage":"fr-FR"},{"@type":"Person","@id":"https:\/\/psgfans.fr\/#\/schema\/person\/be2237e7a0237af2f29cb344b3c55e6c","name":"psgfans","image":{"@type":"ImageObject","inLanguage":"fr-FR","@id":"https:\/\/secure.gravatar.com\/avatar\/?s=96&d=mm&r=g","url":"https:\/\/secure.gravatar.com\/avatar\/?s=96&d=mm&r=g","contentUrl":"https:\/\/secure.gravatar.com\/avatar\/?s=96&d=mm&r=g","caption":"psgfans"},"url":"https:\/\/psgfans.fr\/?author=2"}]}},"_links":{"self":[{"href":"https:\/\/psgfans.fr\/index.php?rest_route=\/wp\/v2\/posts\/862","targetHints":{"allow":["GET"]}}],"collection":[{"href":"https:\/\/psgfans.fr\/index.php?rest_route=\/wp\/v2\/posts"}],"about":[{"href":"https:\/\/psgfans.fr\/index.php?rest_route=\/wp\/v2\/types\/post"}],"author":[{"embeddable":true,"href":"https:\/\/psgfans.fr\/index.php?rest_route=\/wp\/v2\/users\/2"}],"replies":[{"embeddable":true,"href":"https:\/\/psgfans.fr\/index.php?rest_route=%2Fwp%2Fv2%2Fcomments&post=862"}],"version-history":[{"count":0,"href":"https:\/\/psgfans.fr\/index.php?rest_route=\/wp\/v2\/posts\/862\/revisions"}],"wp:attachment":[{"href":"https:\/\/psgfans.fr\/index.php?rest_route=%2Fwp%2Fv2%2Fmedia&parent=862"}],"wp:term":[{"taxonomy":"category","embeddable":true,"href":"https:\/\/psgfans.fr\/index.php?rest_route=%2Fwp%2Fv2%2Fcategories&post=862"},{"taxonomy":"post_tag","embeddable":true,"href":"https:\/\/psgfans.fr\/index.php?rest_route=%2Fwp%2Fv2%2Ftags&post=862"}],"curies":[{"name":"wp","href":"https:\/\/api.w.org\/{rel}","templated":true}]}}