{"id":855,"date":"2014-03-22T19:56:00","date_gmt":"2014-03-22T18:56:00","guid":{"rendered":"https:\/\/psgfans.fr\/?p=855"},"modified":"2014-03-22T19:56:00","modified_gmt":"2014-03-22T18:56:00","slug":"lorient-psg-alexandre-est-reparti-avec-le-maillot-de-zlatan","status":"publish","type":"post","link":"https:\/\/psgfans.fr\/?p=855","title":{"rendered":"Lorient &#8211; PSG : Alexandre est reparti avec le maillot de Zlatan"},"content":{"rendered":"<div style=\"clear: both; text-align: center;\"><a href=\"https:\/\/blogger.googleusercontent.com\/img\/b\/R29vZ2xl\/AVvXsEgiRjy0LKYuWfiXKhqeewP67tsRbDcTscu8NRlSbp5txutA8XQ0l4cLHFByLeZyDjL0NXaM6qpiMKiwqfWXHkbyMDmHFKsbKQMb9nhxjjw9m1IAxi78RVJeBQJ6-3pxNwXaMtczbmbXPTQ\/s1600\/lorient-psg-alexandre-est-reparti-avec-le-maillot-de-zlatan.jpg\" style=\"margin-left: 1em; margin-right: 1em;\"><img loading=\"lazy\" decoding=\"async\" border=\"0\" src=\"https:\/\/blogger.googleusercontent.com\/img\/b\/R29vZ2xl\/AVvXsEgiRjy0LKYuWfiXKhqeewP67tsRbDcTscu8NRlSbp5txutA8XQ0l4cLHFByLeZyDjL0NXaM6qpiMKiwqfWXHkbyMDmHFKsbKQMb9nhxjjw9m1IAxi78RVJeBQJ6-3pxNwXaMtczbmbXPTQ\/s400\/lorient-psg-alexandre-est-reparti-avec-le-maillot-de-zlatan.jpg\" height=\"225\" width=\"400\" \/><\/a><\/div>\n<div style=\"clear: both; text-align: center;\"><\/div>\n<p><b>Un adolescent est parvenu, non sans mal, \u00e0 r\u00e9cup\u00e9rer le maillot de Zlatan Ibrahimovic, vendredi soir au stade du Moustoir, \u00e0 l&rsquo;issue du match Lorient &#8211; PSG.<\/b><\/p>\n<p>Il se pr\u00e9nomme Alexandre et son visage fait le tour du web et des t\u00e9l\u00e9visions depuis vendredi soir.<br \/>Glissade et bisou<br \/>Cet adolescent a p\u00e9n\u00e9tr\u00e9 sur la pelouse synth\u00e9tique du stade du Moustoir, au coup de sifflet du match de Ligue 1 entre Lorient et le PSG pour aller sauter au cou de la star du club parisien, le Su\u00e9dois Zlatan Ibrahimovic.<\/p>\n<div><\/div>\n<div>\n<div>Un peu surpris par la glissade du jeune homme, l&rsquo;attaquant du Paris Saint-Germain a accept\u00e9 de lui donner son maillot et a re\u00e7u une accolade et un bisou en guise de remerciement.<\/div>\n<div><\/div>\n<div><b>Plaqu\u00e9 au sol<\/b><\/div>\n<div><\/div>\n<div>La suite a \u00e9t\u00e9 plus compliqu\u00e9e pour Alexandre qui, entr\u00e9 sur le terrain sans en avoir le droit, a \u00e9t\u00e9 intercept\u00e9 par les stadiers. Ces derniers l&rsquo;ont plaqu\u00e9 au sol devant une centaine de t\u00e9moins en col\u00e8re.<\/div>\n<div><\/div>\n<div><b>Pour un ami d\u00e9c\u00e9d\u00e9<\/b><\/div>\n<div><\/div>\n<div>Ce samedi, l&rsquo;adolescent s&rsquo;est confi\u00e9 \u00e0 la radio RTL. Il dit avoir re\u00e7u un coup avant d&rsquo;\u00eatre conduit au commissariat de police, o\u00f9 il a pass\u00e9 \u00ab une demi-heure en garde \u00e0 vue \u00bb.<\/div>\n<div><\/div>\n<div>Laiss\u00e9 libre, sans poursuite, Alexandre est rentr\u00e9 chez lui&#8230; avec le maillot de Zlatan. Un maillot qu&rsquo;il ira d\u00e9poser sur la tombe d&rsquo;un ami disparu il y a deux ans et demi, qui \u00e9tait fan du PSG.<\/div>\n<\/div>\n<div><\/div>\n<div>Video :<\/div>\n<div><\/div>\n<p><iframe loading=\"lazy\" allowfullscreen=\"\" frameborder=\"0\" height=\"350\" src=\"\/\/www.youtube.com\/embed\/K3pVKI73gkM\" width=\"620\"><\/iframe><\/p>\n","protected":false},"excerpt":{"rendered":"<p>Un adolescent est parvenu, non sans mal, \u00e0 r\u00e9cup\u00e9rer le maillot de Zlatan Ibrahimovic, vendredi soir au stade du Moustoir, \u00e0 l&rsquo;issue du match Lorient &#8211; PSG. Il se pr\u00e9nomme Alexandre et son visage fait le tour du web et des t\u00e9l\u00e9visions depuis vendredi soir.Glissade et bisouCet adolescent a p\u00e9n\u00e9tr\u00e9 sur la pelouse synth\u00e9tique du [&hellip;]<\/p>\n","protected":false},"author":2,"featured_media":0,"comment_status":"open","ping_status":"open","sticky":false,"template":"","format":"standard","meta":{"footnotes":""},"categories":[4,25],"tags":[],"class_list":{"0":"post-855","1":"post","2":"type-post","3":"status-publish","4":"format-standard","6":"category-photos","7":"category-video"},"yoast_head":"<!-- This site is optimized with the Yoast SEO plugin v27.4 - https:\/\/yoast.com\/product\/yoast-seo-wordpress\/ -->\n<title>Lorient - PSG : Alexandre est reparti avec le maillot de Zlatan - PSG FANS<\/title>\n<meta name=\"robots\" content=\"index, follow, max-snippet:-1, max-image-preview:large, max-video-preview:-1\" \/>\n<link rel=\"canonical\" href=\"https:\/\/psgfans.fr\/?p=855\" \/>\n<meta property=\"og:locale\" content=\"fr_FR\" \/>\n<meta property=\"og:type\" content=\"article\" \/>\n<meta property=\"og:title\" content=\"Lorient - PSG : Alexandre est reparti avec le maillot de Zlatan - PSG FANS\" \/>\n<meta property=\"og:description\" content=\"Un adolescent est parvenu, non sans mal, \u00e0 r\u00e9cup\u00e9rer le maillot de Zlatan Ibrahimovic, vendredi soir au stade du Moustoir, \u00e0 l&rsquo;issue du match Lorient &#8211; PSG. Il se pr\u00e9nomme Alexandre et son visage fait le tour du web et des t\u00e9l\u00e9visions depuis vendredi soir.Glissade et bisouCet adolescent a p\u00e9n\u00e9tr\u00e9 sur la pelouse synth\u00e9tique du [&hellip;]\" \/>\n<meta property=\"og:url\" content=\"https:\/\/psgfans.fr\/?p=855\" \/>\n<meta property=\"og:site_name\" content=\"PSG FANS\" \/>\n<meta property=\"article:published_time\" content=\"2014-03-22T18:56:00+00:00\" \/>\n<meta property=\"og:image\" content=\"https:\/\/blogger.googleusercontent.com\/img\/b\/R29vZ2xl\/AVvXsEgiRjy0LKYuWfiXKhqeewP67tsRbDcTscu8NRlSbp5txutA8XQ0l4cLHFByLeZyDjL0NXaM6qpiMKiwqfWXHkbyMDmHFKsbKQMb9nhxjjw9m1IAxi78RVJeBQJ6-3pxNwXaMtczbmbXPTQ\/s400\/lorient-psg-alexandre-est-reparti-avec-le-maillot-de-zlatan.jpg\" \/>\n<meta name=\"author\" content=\"psgfans\" \/>\n<meta name=\"twitter:card\" content=\"summary_large_image\" \/>\n<meta name=\"twitter:label1\" content=\"\u00c9crit par\" \/>\n\t<meta name=\"twitter:data1\" content=\"psgfans\" \/>\n\t<meta name=\"twitter:label2\" content=\"Dur\u00e9e de lecture estim\u00e9e\" \/>\n\t<meta name=\"twitter:data2\" content=\"1 minute\" \/>\n<script type=\"application\/ld+json\" class=\"yoast-schema-graph\">{\"@context\":\"https:\\\/\\\/schema.org\",\"@graph\":[{\"@type\":\"Article\",\"@id\":\"https:\\\/\\\/psgfans.fr\\\/?p=855#article\",\"isPartOf\":{\"@id\":\"https:\\\/\\\/psgfans.fr\\\/?p=855\"},\"author\":{\"name\":\"psgfans\",\"@id\":\"https:\\\/\\\/psgfans.fr\\\/#\\\/schema\\\/person\\\/be2237e7a0237af2f29cb344b3c55e6c\"},\"headline\":\"Lorient &#8211; PSG : Alexandre est reparti avec le maillot de Zlatan\",\"datePublished\":\"2014-03-22T18:56:00+00:00\",\"mainEntityOfPage\":{\"@id\":\"https:\\\/\\\/psgfans.fr\\\/?p=855\"},\"wordCount\":265,\"commentCount\":0,\"image\":{\"@id\":\"https:\\\/\\\/psgfans.fr\\\/?p=855#primaryimage\"},\"thumbnailUrl\":\"https:\\\/\\\/blogger.googleusercontent.com\\\/img\\\/b\\\/R29vZ2xl\\\/AVvXsEgiRjy0LKYuWfiXKhqeewP67tsRbDcTscu8NRlSbp5txutA8XQ0l4cLHFByLeZyDjL0NXaM6qpiMKiwqfWXHkbyMDmHFKsbKQMb9nhxjjw9m1IAxi78RVJeBQJ6-3pxNwXaMtczbmbXPTQ\\\/s400\\\/lorient-psg-alexandre-est-reparti-avec-le-maillot-de-zlatan.jpg\",\"articleSection\":[\"Photos\",\"Video\"],\"inLanguage\":\"fr-FR\",\"potentialAction\":[{\"@type\":\"CommentAction\",\"name\":\"Comment\",\"target\":[\"https:\\\/\\\/psgfans.fr\\\/?p=855#respond\"]}]},{\"@type\":\"WebPage\",\"@id\":\"https:\\\/\\\/psgfans.fr\\\/?p=855\",\"url\":\"https:\\\/\\\/psgfans.fr\\\/?p=855\",\"name\":\"Lorient - PSG : Alexandre est reparti avec le maillot de Zlatan - PSG FANS\",\"isPartOf\":{\"@id\":\"https:\\\/\\\/psgfans.fr\\\/#website\"},\"primaryImageOfPage\":{\"@id\":\"https:\\\/\\\/psgfans.fr\\\/?p=855#primaryimage\"},\"image\":{\"@id\":\"https:\\\/\\\/psgfans.fr\\\/?p=855#primaryimage\"},\"thumbnailUrl\":\"https:\\\/\\\/blogger.googleusercontent.com\\\/img\\\/b\\\/R29vZ2xl\\\/AVvXsEgiRjy0LKYuWfiXKhqeewP67tsRbDcTscu8NRlSbp5txutA8XQ0l4cLHFByLeZyDjL0NXaM6qpiMKiwqfWXHkbyMDmHFKsbKQMb9nhxjjw9m1IAxi78RVJeBQJ6-3pxNwXaMtczbmbXPTQ\\\/s400\\\/lorient-psg-alexandre-est-reparti-avec-le-maillot-de-zlatan.jpg\",\"datePublished\":\"2014-03-22T18:56:00+00:00\",\"author\":{\"@id\":\"https:\\\/\\\/psgfans.fr\\\/#\\\/schema\\\/person\\\/be2237e7a0237af2f29cb344b3c55e6c\"},\"breadcrumb\":{\"@id\":\"https:\\\/\\\/psgfans.fr\\\/?p=855#breadcrumb\"},\"inLanguage\":\"fr-FR\",\"potentialAction\":[{\"@type\":\"ReadAction\",\"target\":[\"https:\\\/\\\/psgfans.fr\\\/?p=855\"]}]},{\"@type\":\"ImageObject\",\"inLanguage\":\"fr-FR\",\"@id\":\"https:\\\/\\\/psgfans.fr\\\/?p=855#primaryimage\",\"url\":\"https:\\\/\\\/blogger.googleusercontent.com\\\/img\\\/b\\\/R29vZ2xl\\\/AVvXsEgiRjy0LKYuWfiXKhqeewP67tsRbDcTscu8NRlSbp5txutA8XQ0l4cLHFByLeZyDjL0NXaM6qpiMKiwqfWXHkbyMDmHFKsbKQMb9nhxjjw9m1IAxi78RVJeBQJ6-3pxNwXaMtczbmbXPTQ\\\/s400\\\/lorient-psg-alexandre-est-reparti-avec-le-maillot-de-zlatan.jpg\",\"contentUrl\":\"https:\\\/\\\/blogger.googleusercontent.com\\\/img\\\/b\\\/R29vZ2xl\\\/AVvXsEgiRjy0LKYuWfiXKhqeewP67tsRbDcTscu8NRlSbp5txutA8XQ0l4cLHFByLeZyDjL0NXaM6qpiMKiwqfWXHkbyMDmHFKsbKQMb9nhxjjw9m1IAxi78RVJeBQJ6-3pxNwXaMtczbmbXPTQ\\\/s400\\\/lorient-psg-alexandre-est-reparti-avec-le-maillot-de-zlatan.jpg\"},{\"@type\":\"BreadcrumbList\",\"@id\":\"https:\\\/\\\/psgfans.fr\\\/?p=855#breadcrumb\",\"itemListElement\":[{\"@type\":\"ListItem\",\"position\":1,\"name\":\"Accueil\",\"item\":\"https:\\\/\\\/psgfans.fr\\\/\"},{\"@type\":\"ListItem\",\"position\":2,\"name\":\"Lorient &#8211; PSG : Alexandre est reparti avec le maillot de Zlatan\"}]},{\"@type\":\"WebSite\",\"@id\":\"https:\\\/\\\/psgfans.fr\\\/#website\",\"url\":\"https:\\\/\\\/psgfans.fr\\\/\",\"name\":\"PSG FANS\",\"description\":\"Unit\u00e9, Passion, Victoire : Au C\u0153ur du Paris Saint-Germain!\",\"potentialAction\":[{\"@type\":\"SearchAction\",\"target\":{\"@type\":\"EntryPoint\",\"urlTemplate\":\"https:\\\/\\\/psgfans.fr\\\/?s={search_term_string}\"},\"query-input\":{\"@type\":\"PropertyValueSpecification\",\"valueRequired\":true,\"valueName\":\"search_term_string\"}}],\"inLanguage\":\"fr-FR\"},{\"@type\":\"Person\",\"@id\":\"https:\\\/\\\/psgfans.fr\\\/#\\\/schema\\\/person\\\/be2237e7a0237af2f29cb344b3c55e6c\",\"name\":\"psgfans\",\"image\":{\"@type\":\"ImageObject\",\"inLanguage\":\"fr-FR\",\"@id\":\"https:\\\/\\\/secure.gravatar.com\\\/avatar\\\/?s=96&d=mm&r=g\",\"url\":\"https:\\\/\\\/secure.gravatar.com\\\/avatar\\\/?s=96&d=mm&r=g\",\"contentUrl\":\"https:\\\/\\\/secure.gravatar.com\\\/avatar\\\/?s=96&d=mm&r=g\",\"caption\":\"psgfans\"},\"url\":\"https:\\\/\\\/psgfans.fr\\\/?author=2\"}]}<\/script>\n<!-- \/ Yoast SEO plugin. -->","yoast_head_json":{"title":"Lorient - PSG : Alexandre est reparti avec le maillot de Zlatan - PSG FANS","robots":{"index":"index","follow":"follow","max-snippet":"max-snippet:-1","max-image-preview":"max-image-preview:large","max-video-preview":"max-video-preview:-1"},"canonical":"https:\/\/psgfans.fr\/?p=855","og_locale":"fr_FR","og_type":"article","og_title":"Lorient - PSG : Alexandre est reparti avec le maillot de Zlatan - PSG FANS","og_description":"Un adolescent est parvenu, non sans mal, \u00e0 r\u00e9cup\u00e9rer le maillot de Zlatan Ibrahimovic, vendredi soir au stade du Moustoir, \u00e0 l&rsquo;issue du match Lorient &#8211; PSG. Il se pr\u00e9nomme Alexandre et son visage fait le tour du web et des t\u00e9l\u00e9visions depuis vendredi soir.Glissade et bisouCet adolescent a p\u00e9n\u00e9tr\u00e9 sur la pelouse synth\u00e9tique du [&hellip;]","og_url":"https:\/\/psgfans.fr\/?p=855","og_site_name":"PSG FANS","article_published_time":"2014-03-22T18:56:00+00:00","og_image":[{"url":"https:\/\/blogger.googleusercontent.com\/img\/b\/R29vZ2xl\/AVvXsEgiRjy0LKYuWfiXKhqeewP67tsRbDcTscu8NRlSbp5txutA8XQ0l4cLHFByLeZyDjL0NXaM6qpiMKiwqfWXHkbyMDmHFKsbKQMb9nhxjjw9m1IAxi78RVJeBQJ6-3pxNwXaMtczbmbXPTQ\/s400\/lorient-psg-alexandre-est-reparti-avec-le-maillot-de-zlatan.jpg","type":"","width":"","height":""}],"author":"psgfans","twitter_card":"summary_large_image","twitter_misc":{"\u00c9crit par":"psgfans","Dur\u00e9e de lecture estim\u00e9e":"1 minute"},"schema":{"@context":"https:\/\/schema.org","@graph":[{"@type":"Article","@id":"https:\/\/psgfans.fr\/?p=855#article","isPartOf":{"@id":"https:\/\/psgfans.fr\/?p=855"},"author":{"name":"psgfans","@id":"https:\/\/psgfans.fr\/#\/schema\/person\/be2237e7a0237af2f29cb344b3c55e6c"},"headline":"Lorient &#8211; PSG : Alexandre est reparti avec le maillot de Zlatan","datePublished":"2014-03-22T18:56:00+00:00","mainEntityOfPage":{"@id":"https:\/\/psgfans.fr\/?p=855"},"wordCount":265,"commentCount":0,"image":{"@id":"https:\/\/psgfans.fr\/?p=855#primaryimage"},"thumbnailUrl":"https:\/\/blogger.googleusercontent.com\/img\/b\/R29vZ2xl\/AVvXsEgiRjy0LKYuWfiXKhqeewP67tsRbDcTscu8NRlSbp5txutA8XQ0l4cLHFByLeZyDjL0NXaM6qpiMKiwqfWXHkbyMDmHFKsbKQMb9nhxjjw9m1IAxi78RVJeBQJ6-3pxNwXaMtczbmbXPTQ\/s400\/lorient-psg-alexandre-est-reparti-avec-le-maillot-de-zlatan.jpg","articleSection":["Photos","Video"],"inLanguage":"fr-FR","potentialAction":[{"@type":"CommentAction","name":"Comment","target":["https:\/\/psgfans.fr\/?p=855#respond"]}]},{"@type":"WebPage","@id":"https:\/\/psgfans.fr\/?p=855","url":"https:\/\/psgfans.fr\/?p=855","name":"Lorient - PSG : Alexandre est reparti avec le maillot de Zlatan - PSG FANS","isPartOf":{"@id":"https:\/\/psgfans.fr\/#website"},"primaryImageOfPage":{"@id":"https:\/\/psgfans.fr\/?p=855#primaryimage"},"image":{"@id":"https:\/\/psgfans.fr\/?p=855#primaryimage"},"thumbnailUrl":"https:\/\/blogger.googleusercontent.com\/img\/b\/R29vZ2xl\/AVvXsEgiRjy0LKYuWfiXKhqeewP67tsRbDcTscu8NRlSbp5txutA8XQ0l4cLHFByLeZyDjL0NXaM6qpiMKiwqfWXHkbyMDmHFKsbKQMb9nhxjjw9m1IAxi78RVJeBQJ6-3pxNwXaMtczbmbXPTQ\/s400\/lorient-psg-alexandre-est-reparti-avec-le-maillot-de-zlatan.jpg","datePublished":"2014-03-22T18:56:00+00:00","author":{"@id":"https:\/\/psgfans.fr\/#\/schema\/person\/be2237e7a0237af2f29cb344b3c55e6c"},"breadcrumb":{"@id":"https:\/\/psgfans.fr\/?p=855#breadcrumb"},"inLanguage":"fr-FR","potentialAction":[{"@type":"ReadAction","target":["https:\/\/psgfans.fr\/?p=855"]}]},{"@type":"ImageObject","inLanguage":"fr-FR","@id":"https:\/\/psgfans.fr\/?p=855#primaryimage","url":"https:\/\/blogger.googleusercontent.com\/img\/b\/R29vZ2xl\/AVvXsEgiRjy0LKYuWfiXKhqeewP67tsRbDcTscu8NRlSbp5txutA8XQ0l4cLHFByLeZyDjL0NXaM6qpiMKiwqfWXHkbyMDmHFKsbKQMb9nhxjjw9m1IAxi78RVJeBQJ6-3pxNwXaMtczbmbXPTQ\/s400\/lorient-psg-alexandre-est-reparti-avec-le-maillot-de-zlatan.jpg","contentUrl":"https:\/\/blogger.googleusercontent.com\/img\/b\/R29vZ2xl\/AVvXsEgiRjy0LKYuWfiXKhqeewP67tsRbDcTscu8NRlSbp5txutA8XQ0l4cLHFByLeZyDjL0NXaM6qpiMKiwqfWXHkbyMDmHFKsbKQMb9nhxjjw9m1IAxi78RVJeBQJ6-3pxNwXaMtczbmbXPTQ\/s400\/lorient-psg-alexandre-est-reparti-avec-le-maillot-de-zlatan.jpg"},{"@type":"BreadcrumbList","@id":"https:\/\/psgfans.fr\/?p=855#breadcrumb","itemListElement":[{"@type":"ListItem","position":1,"name":"Accueil","item":"https:\/\/psgfans.fr\/"},{"@type":"ListItem","position":2,"name":"Lorient &#8211; PSG : Alexandre est reparti avec le maillot de Zlatan"}]},{"@type":"WebSite","@id":"https:\/\/psgfans.fr\/#website","url":"https:\/\/psgfans.fr\/","name":"PSG FANS","description":"Unit\u00e9, Passion, Victoire : Au C\u0153ur du Paris Saint-Germain!","potentialAction":[{"@type":"SearchAction","target":{"@type":"EntryPoint","urlTemplate":"https:\/\/psgfans.fr\/?s={search_term_string}"},"query-input":{"@type":"PropertyValueSpecification","valueRequired":true,"valueName":"search_term_string"}}],"inLanguage":"fr-FR"},{"@type":"Person","@id":"https:\/\/psgfans.fr\/#\/schema\/person\/be2237e7a0237af2f29cb344b3c55e6c","name":"psgfans","image":{"@type":"ImageObject","inLanguage":"fr-FR","@id":"https:\/\/secure.gravatar.com\/avatar\/?s=96&d=mm&r=g","url":"https:\/\/secure.gravatar.com\/avatar\/?s=96&d=mm&r=g","contentUrl":"https:\/\/secure.gravatar.com\/avatar\/?s=96&d=mm&r=g","caption":"psgfans"},"url":"https:\/\/psgfans.fr\/?author=2"}]}},"_links":{"self":[{"href":"https:\/\/psgfans.fr\/index.php?rest_route=\/wp\/v2\/posts\/855","targetHints":{"allow":["GET"]}}],"collection":[{"href":"https:\/\/psgfans.fr\/index.php?rest_route=\/wp\/v2\/posts"}],"about":[{"href":"https:\/\/psgfans.fr\/index.php?rest_route=\/wp\/v2\/types\/post"}],"author":[{"embeddable":true,"href":"https:\/\/psgfans.fr\/index.php?rest_route=\/wp\/v2\/users\/2"}],"replies":[{"embeddable":true,"href":"https:\/\/psgfans.fr\/index.php?rest_route=%2Fwp%2Fv2%2Fcomments&post=855"}],"version-history":[{"count":0,"href":"https:\/\/psgfans.fr\/index.php?rest_route=\/wp\/v2\/posts\/855\/revisions"}],"wp:attachment":[{"href":"https:\/\/psgfans.fr\/index.php?rest_route=%2Fwp%2Fv2%2Fmedia&parent=855"}],"wp:term":[{"taxonomy":"category","embeddable":true,"href":"https:\/\/psgfans.fr\/index.php?rest_route=%2Fwp%2Fv2%2Fcategories&post=855"},{"taxonomy":"post_tag","embeddable":true,"href":"https:\/\/psgfans.fr\/index.php?rest_route=%2Fwp%2Fv2%2Ftags&post=855"}],"curies":[{"name":"wp","href":"https:\/\/api.w.org\/{rel}","templated":true}]}}