{"id":853,"date":"2014-03-23T00:44:00","date_gmt":"2014-03-22T23:44:00","guid":{"rendered":"https:\/\/psgfans.fr\/?p=853"},"modified":"2014-03-23T00:44:00","modified_gmt":"2014-03-22T23:44:00","slug":"fracture-de-los-zygomatique-pour-thiago-silva","status":"publish","type":"post","link":"https:\/\/psgfans.fr\/?p=853","title":{"rendered":"Fracture de l\u2019os zygomatique pour Thiago Silva"},"content":{"rendered":"<div style=\"clear: both; text-align: center;\"><a href=\"https:\/\/blogger.googleusercontent.com\/img\/b\/R29vZ2xl\/AVvXsEhf8VQi6R3QkREh0fKKdewfXWS-HLMILSpyOgv5SU3Flsqr8boTjMPetFFFx_MfPiQwFmTEueYv2PejskJw-StNibqU0Se4JqjwzEBkRYw5GpMEhfDXzParVkfy7ozU80r3bCncVjInQMU\/s1600\/barcelone-pret-a-stopper-son-recrutement-pour-prendre-thiago-silva-au-psg-iconsport_noe_050513_05_8859981.jpg\" style=\"margin-left: 1em; margin-right: 1em;\"><img loading=\"lazy\" decoding=\"async\" border=\"0\" src=\"https:\/\/blogger.googleusercontent.com\/img\/b\/R29vZ2xl\/AVvXsEhf8VQi6R3QkREh0fKKdewfXWS-HLMILSpyOgv5SU3Flsqr8boTjMPetFFFx_MfPiQwFmTEueYv2PejskJw-StNibqU0Se4JqjwzEBkRYw5GpMEhfDXzParVkfy7ozU80r3bCncVjInQMU\/s1600\/barcelone-pret-a-stopper-son-recrutement-pour-prendre-thiago-silva-au-psg-iconsport_noe_050513_05_8859981.jpg\" height=\"266\" width=\"400\" \/><\/a><\/div>\n<p><\/p>\n<div style=\"text-align: center;\"><b>Thiago Silva, le d\u00e9fenseur et capitaine du PSG, s&rsquo;est bless\u00e9 face \u00e0 Lorient et souffre d&rsquo;une fracture du zygomatique.<\/b><\/div>\n<p>Thiago Silva, sorti vendredi soir pendant le match \u00e0 Lorient (victoire 1-0) pour une blessure au visage souffre d\u2019une fracture de l\u2019os zygomatique gauche avec enfoncement mod\u00e9r\u00e9. Selon le club, cette blessure de son capitaine ne devrait pas n\u00e9cessiter d\u2019op\u00e9ration.<\/p>\n<p>\u00abLa dur\u00e9e d\u2019indisponibilit\u00e9 va d\u00e9pendre de l\u2019\u00e9volution des douleurs dans les prochains jours, explique le PSG dans un communiqu\u00e9.<br \/>Sa participation au quart de finale de la Ligue des Champions (NDLR: le 2 avril) ne devrait pas \u00eatre compromise.\u00bb<\/p>\n<p>Source :&nbsp;leparisien.fr<\/p>\n","protected":false},"excerpt":{"rendered":"<p>Thiago Silva, le d\u00e9fenseur et capitaine du PSG, s&rsquo;est bless\u00e9 face \u00e0 Lorient et souffre d&rsquo;une fracture du zygomatique. Thiago Silva, sorti vendredi soir pendant le match \u00e0 Lorient (victoire 1-0) pour une blessure au visage souffre d\u2019une fracture de l\u2019os zygomatique gauche avec enfoncement mod\u00e9r\u00e9. Selon le club, cette blessure de son capitaine ne [&hellip;]<\/p>\n","protected":false},"author":2,"featured_media":0,"comment_status":"open","ping_status":"open","sticky":false,"template":"","format":"standard","meta":{"footnotes":""},"categories":[3],"tags":[],"class_list":{"0":"post-853","1":"post","2":"type-post","3":"status-publish","4":"format-standard","6":"category-news"},"yoast_head":"<!-- This site is optimized with the Yoast SEO plugin v27.4 - https:\/\/yoast.com\/product\/yoast-seo-wordpress\/ -->\n<title>Fracture de l\u2019os zygomatique pour Thiago Silva - PSG FANS<\/title>\n<meta name=\"robots\" content=\"index, follow, max-snippet:-1, max-image-preview:large, max-video-preview:-1\" \/>\n<link rel=\"canonical\" href=\"https:\/\/psgfans.fr\/?p=853\" \/>\n<meta property=\"og:locale\" content=\"fr_FR\" \/>\n<meta property=\"og:type\" content=\"article\" \/>\n<meta property=\"og:title\" content=\"Fracture de l\u2019os zygomatique pour Thiago Silva - PSG FANS\" \/>\n<meta property=\"og:description\" content=\"Thiago Silva, le d\u00e9fenseur et capitaine du PSG, s&rsquo;est bless\u00e9 face \u00e0 Lorient et souffre d&rsquo;une fracture du zygomatique. Thiago Silva, sorti vendredi soir pendant le match \u00e0 Lorient (victoire 1-0) pour une blessure au visage souffre d\u2019une fracture de l\u2019os zygomatique gauche avec enfoncement mod\u00e9r\u00e9. Selon le club, cette blessure de son capitaine ne [&hellip;]\" \/>\n<meta property=\"og:url\" content=\"https:\/\/psgfans.fr\/?p=853\" \/>\n<meta property=\"og:site_name\" content=\"PSG FANS\" \/>\n<meta property=\"article:published_time\" content=\"2014-03-22T23:44:00+00:00\" \/>\n<meta property=\"og:image\" content=\"https:\/\/blogger.googleusercontent.com\/img\/b\/R29vZ2xl\/AVvXsEhf8VQi6R3QkREh0fKKdewfXWS-HLMILSpyOgv5SU3Flsqr8boTjMPetFFFx_MfPiQwFmTEueYv2PejskJw-StNibqU0Se4JqjwzEBkRYw5GpMEhfDXzParVkfy7ozU80r3bCncVjInQMU\/s1600\/barcelone-pret-a-stopper-son-recrutement-pour-prendre-thiago-silva-au-psg-iconsport_noe_050513_05_8859981.jpg\" \/>\n<meta name=\"author\" content=\"psgfans\" \/>\n<meta name=\"twitter:card\" content=\"summary_large_image\" \/>\n<meta name=\"twitter:label1\" content=\"\u00c9crit par\" \/>\n\t<meta name=\"twitter:data1\" content=\"psgfans\" \/>\n\t<meta name=\"twitter:label2\" content=\"Dur\u00e9e de lecture estim\u00e9e\" \/>\n\t<meta name=\"twitter:data2\" content=\"1 minute\" \/>\n<script type=\"application\/ld+json\" class=\"yoast-schema-graph\">{\"@context\":\"https:\\\/\\\/schema.org\",\"@graph\":[{\"@type\":\"Article\",\"@id\":\"https:\\\/\\\/psgfans.fr\\\/?p=853#article\",\"isPartOf\":{\"@id\":\"https:\\\/\\\/psgfans.fr\\\/?p=853\"},\"author\":{\"name\":\"psgfans\",\"@id\":\"https:\\\/\\\/psgfans.fr\\\/#\\\/schema\\\/person\\\/be2237e7a0237af2f29cb344b3c55e6c\"},\"headline\":\"Fracture de l\u2019os zygomatique pour Thiago Silva\",\"datePublished\":\"2014-03-22T23:44:00+00:00\",\"mainEntityOfPage\":{\"@id\":\"https:\\\/\\\/psgfans.fr\\\/?p=853\"},\"wordCount\":120,\"commentCount\":0,\"image\":{\"@id\":\"https:\\\/\\\/psgfans.fr\\\/?p=853#primaryimage\"},\"thumbnailUrl\":\"https:\\\/\\\/blogger.googleusercontent.com\\\/img\\\/b\\\/R29vZ2xl\\\/AVvXsEhf8VQi6R3QkREh0fKKdewfXWS-HLMILSpyOgv5SU3Flsqr8boTjMPetFFFx_MfPiQwFmTEueYv2PejskJw-StNibqU0Se4JqjwzEBkRYw5GpMEhfDXzParVkfy7ozU80r3bCncVjInQMU\\\/s1600\\\/barcelone-pret-a-stopper-son-recrutement-pour-prendre-thiago-silva-au-psg-iconsport_noe_050513_05_8859981.jpg\",\"articleSection\":[\"News\"],\"inLanguage\":\"fr-FR\",\"potentialAction\":[{\"@type\":\"CommentAction\",\"name\":\"Comment\",\"target\":[\"https:\\\/\\\/psgfans.fr\\\/?p=853#respond\"]}]},{\"@type\":\"WebPage\",\"@id\":\"https:\\\/\\\/psgfans.fr\\\/?p=853\",\"url\":\"https:\\\/\\\/psgfans.fr\\\/?p=853\",\"name\":\"Fracture de l\u2019os zygomatique pour Thiago Silva - PSG FANS\",\"isPartOf\":{\"@id\":\"https:\\\/\\\/psgfans.fr\\\/#website\"},\"primaryImageOfPage\":{\"@id\":\"https:\\\/\\\/psgfans.fr\\\/?p=853#primaryimage\"},\"image\":{\"@id\":\"https:\\\/\\\/psgfans.fr\\\/?p=853#primaryimage\"},\"thumbnailUrl\":\"https:\\\/\\\/blogger.googleusercontent.com\\\/img\\\/b\\\/R29vZ2xl\\\/AVvXsEhf8VQi6R3QkREh0fKKdewfXWS-HLMILSpyOgv5SU3Flsqr8boTjMPetFFFx_MfPiQwFmTEueYv2PejskJw-StNibqU0Se4JqjwzEBkRYw5GpMEhfDXzParVkfy7ozU80r3bCncVjInQMU\\\/s1600\\\/barcelone-pret-a-stopper-son-recrutement-pour-prendre-thiago-silva-au-psg-iconsport_noe_050513_05_8859981.jpg\",\"datePublished\":\"2014-03-22T23:44:00+00:00\",\"author\":{\"@id\":\"https:\\\/\\\/psgfans.fr\\\/#\\\/schema\\\/person\\\/be2237e7a0237af2f29cb344b3c55e6c\"},\"breadcrumb\":{\"@id\":\"https:\\\/\\\/psgfans.fr\\\/?p=853#breadcrumb\"},\"inLanguage\":\"fr-FR\",\"potentialAction\":[{\"@type\":\"ReadAction\",\"target\":[\"https:\\\/\\\/psgfans.fr\\\/?p=853\"]}]},{\"@type\":\"ImageObject\",\"inLanguage\":\"fr-FR\",\"@id\":\"https:\\\/\\\/psgfans.fr\\\/?p=853#primaryimage\",\"url\":\"https:\\\/\\\/blogger.googleusercontent.com\\\/img\\\/b\\\/R29vZ2xl\\\/AVvXsEhf8VQi6R3QkREh0fKKdewfXWS-HLMILSpyOgv5SU3Flsqr8boTjMPetFFFx_MfPiQwFmTEueYv2PejskJw-StNibqU0Se4JqjwzEBkRYw5GpMEhfDXzParVkfy7ozU80r3bCncVjInQMU\\\/s1600\\\/barcelone-pret-a-stopper-son-recrutement-pour-prendre-thiago-silva-au-psg-iconsport_noe_050513_05_8859981.jpg\",\"contentUrl\":\"https:\\\/\\\/blogger.googleusercontent.com\\\/img\\\/b\\\/R29vZ2xl\\\/AVvXsEhf8VQi6R3QkREh0fKKdewfXWS-HLMILSpyOgv5SU3Flsqr8boTjMPetFFFx_MfPiQwFmTEueYv2PejskJw-StNibqU0Se4JqjwzEBkRYw5GpMEhfDXzParVkfy7ozU80r3bCncVjInQMU\\\/s1600\\\/barcelone-pret-a-stopper-son-recrutement-pour-prendre-thiago-silva-au-psg-iconsport_noe_050513_05_8859981.jpg\"},{\"@type\":\"BreadcrumbList\",\"@id\":\"https:\\\/\\\/psgfans.fr\\\/?p=853#breadcrumb\",\"itemListElement\":[{\"@type\":\"ListItem\",\"position\":1,\"name\":\"Accueil\",\"item\":\"https:\\\/\\\/psgfans.fr\\\/\"},{\"@type\":\"ListItem\",\"position\":2,\"name\":\"Fracture de l\u2019os zygomatique pour Thiago Silva\"}]},{\"@type\":\"WebSite\",\"@id\":\"https:\\\/\\\/psgfans.fr\\\/#website\",\"url\":\"https:\\\/\\\/psgfans.fr\\\/\",\"name\":\"PSG FANS\",\"description\":\"Unit\u00e9, Passion, Victoire : Au C\u0153ur du Paris Saint-Germain!\",\"potentialAction\":[{\"@type\":\"SearchAction\",\"target\":{\"@type\":\"EntryPoint\",\"urlTemplate\":\"https:\\\/\\\/psgfans.fr\\\/?s={search_term_string}\"},\"query-input\":{\"@type\":\"PropertyValueSpecification\",\"valueRequired\":true,\"valueName\":\"search_term_string\"}}],\"inLanguage\":\"fr-FR\"},{\"@type\":\"Person\",\"@id\":\"https:\\\/\\\/psgfans.fr\\\/#\\\/schema\\\/person\\\/be2237e7a0237af2f29cb344b3c55e6c\",\"name\":\"psgfans\",\"image\":{\"@type\":\"ImageObject\",\"inLanguage\":\"fr-FR\",\"@id\":\"https:\\\/\\\/secure.gravatar.com\\\/avatar\\\/?s=96&d=mm&r=g\",\"url\":\"https:\\\/\\\/secure.gravatar.com\\\/avatar\\\/?s=96&d=mm&r=g\",\"contentUrl\":\"https:\\\/\\\/secure.gravatar.com\\\/avatar\\\/?s=96&d=mm&r=g\",\"caption\":\"psgfans\"},\"url\":\"https:\\\/\\\/psgfans.fr\\\/?author=2\"}]}<\/script>\n<!-- \/ Yoast SEO plugin. -->","yoast_head_json":{"title":"Fracture de l\u2019os zygomatique pour Thiago Silva - PSG FANS","robots":{"index":"index","follow":"follow","max-snippet":"max-snippet:-1","max-image-preview":"max-image-preview:large","max-video-preview":"max-video-preview:-1"},"canonical":"https:\/\/psgfans.fr\/?p=853","og_locale":"fr_FR","og_type":"article","og_title":"Fracture de l\u2019os zygomatique pour Thiago Silva - PSG FANS","og_description":"Thiago Silva, le d\u00e9fenseur et capitaine du PSG, s&rsquo;est bless\u00e9 face \u00e0 Lorient et souffre d&rsquo;une fracture du zygomatique. Thiago Silva, sorti vendredi soir pendant le match \u00e0 Lorient (victoire 1-0) pour une blessure au visage souffre d\u2019une fracture de l\u2019os zygomatique gauche avec enfoncement mod\u00e9r\u00e9. Selon le club, cette blessure de son capitaine ne [&hellip;]","og_url":"https:\/\/psgfans.fr\/?p=853","og_site_name":"PSG FANS","article_published_time":"2014-03-22T23:44:00+00:00","og_image":[{"url":"https:\/\/blogger.googleusercontent.com\/img\/b\/R29vZ2xl\/AVvXsEhf8VQi6R3QkREh0fKKdewfXWS-HLMILSpyOgv5SU3Flsqr8boTjMPetFFFx_MfPiQwFmTEueYv2PejskJw-StNibqU0Se4JqjwzEBkRYw5GpMEhfDXzParVkfy7ozU80r3bCncVjInQMU\/s1600\/barcelone-pret-a-stopper-son-recrutement-pour-prendre-thiago-silva-au-psg-iconsport_noe_050513_05_8859981.jpg","type":"","width":"","height":""}],"author":"psgfans","twitter_card":"summary_large_image","twitter_misc":{"\u00c9crit par":"psgfans","Dur\u00e9e de lecture estim\u00e9e":"1 minute"},"schema":{"@context":"https:\/\/schema.org","@graph":[{"@type":"Article","@id":"https:\/\/psgfans.fr\/?p=853#article","isPartOf":{"@id":"https:\/\/psgfans.fr\/?p=853"},"author":{"name":"psgfans","@id":"https:\/\/psgfans.fr\/#\/schema\/person\/be2237e7a0237af2f29cb344b3c55e6c"},"headline":"Fracture de l\u2019os zygomatique pour Thiago Silva","datePublished":"2014-03-22T23:44:00+00:00","mainEntityOfPage":{"@id":"https:\/\/psgfans.fr\/?p=853"},"wordCount":120,"commentCount":0,"image":{"@id":"https:\/\/psgfans.fr\/?p=853#primaryimage"},"thumbnailUrl":"https:\/\/blogger.googleusercontent.com\/img\/b\/R29vZ2xl\/AVvXsEhf8VQi6R3QkREh0fKKdewfXWS-HLMILSpyOgv5SU3Flsqr8boTjMPetFFFx_MfPiQwFmTEueYv2PejskJw-StNibqU0Se4JqjwzEBkRYw5GpMEhfDXzParVkfy7ozU80r3bCncVjInQMU\/s1600\/barcelone-pret-a-stopper-son-recrutement-pour-prendre-thiago-silva-au-psg-iconsport_noe_050513_05_8859981.jpg","articleSection":["News"],"inLanguage":"fr-FR","potentialAction":[{"@type":"CommentAction","name":"Comment","target":["https:\/\/psgfans.fr\/?p=853#respond"]}]},{"@type":"WebPage","@id":"https:\/\/psgfans.fr\/?p=853","url":"https:\/\/psgfans.fr\/?p=853","name":"Fracture de l\u2019os zygomatique pour Thiago Silva - PSG FANS","isPartOf":{"@id":"https:\/\/psgfans.fr\/#website"},"primaryImageOfPage":{"@id":"https:\/\/psgfans.fr\/?p=853#primaryimage"},"image":{"@id":"https:\/\/psgfans.fr\/?p=853#primaryimage"},"thumbnailUrl":"https:\/\/blogger.googleusercontent.com\/img\/b\/R29vZ2xl\/AVvXsEhf8VQi6R3QkREh0fKKdewfXWS-HLMILSpyOgv5SU3Flsqr8boTjMPetFFFx_MfPiQwFmTEueYv2PejskJw-StNibqU0Se4JqjwzEBkRYw5GpMEhfDXzParVkfy7ozU80r3bCncVjInQMU\/s1600\/barcelone-pret-a-stopper-son-recrutement-pour-prendre-thiago-silva-au-psg-iconsport_noe_050513_05_8859981.jpg","datePublished":"2014-03-22T23:44:00+00:00","author":{"@id":"https:\/\/psgfans.fr\/#\/schema\/person\/be2237e7a0237af2f29cb344b3c55e6c"},"breadcrumb":{"@id":"https:\/\/psgfans.fr\/?p=853#breadcrumb"},"inLanguage":"fr-FR","potentialAction":[{"@type":"ReadAction","target":["https:\/\/psgfans.fr\/?p=853"]}]},{"@type":"ImageObject","inLanguage":"fr-FR","@id":"https:\/\/psgfans.fr\/?p=853#primaryimage","url":"https:\/\/blogger.googleusercontent.com\/img\/b\/R29vZ2xl\/AVvXsEhf8VQi6R3QkREh0fKKdewfXWS-HLMILSpyOgv5SU3Flsqr8boTjMPetFFFx_MfPiQwFmTEueYv2PejskJw-StNibqU0Se4JqjwzEBkRYw5GpMEhfDXzParVkfy7ozU80r3bCncVjInQMU\/s1600\/barcelone-pret-a-stopper-son-recrutement-pour-prendre-thiago-silva-au-psg-iconsport_noe_050513_05_8859981.jpg","contentUrl":"https:\/\/blogger.googleusercontent.com\/img\/b\/R29vZ2xl\/AVvXsEhf8VQi6R3QkREh0fKKdewfXWS-HLMILSpyOgv5SU3Flsqr8boTjMPetFFFx_MfPiQwFmTEueYv2PejskJw-StNibqU0Se4JqjwzEBkRYw5GpMEhfDXzParVkfy7ozU80r3bCncVjInQMU\/s1600\/barcelone-pret-a-stopper-son-recrutement-pour-prendre-thiago-silva-au-psg-iconsport_noe_050513_05_8859981.jpg"},{"@type":"BreadcrumbList","@id":"https:\/\/psgfans.fr\/?p=853#breadcrumb","itemListElement":[{"@type":"ListItem","position":1,"name":"Accueil","item":"https:\/\/psgfans.fr\/"},{"@type":"ListItem","position":2,"name":"Fracture de l\u2019os zygomatique pour Thiago Silva"}]},{"@type":"WebSite","@id":"https:\/\/psgfans.fr\/#website","url":"https:\/\/psgfans.fr\/","name":"PSG FANS","description":"Unit\u00e9, Passion, Victoire : Au C\u0153ur du Paris Saint-Germain!","potentialAction":[{"@type":"SearchAction","target":{"@type":"EntryPoint","urlTemplate":"https:\/\/psgfans.fr\/?s={search_term_string}"},"query-input":{"@type":"PropertyValueSpecification","valueRequired":true,"valueName":"search_term_string"}}],"inLanguage":"fr-FR"},{"@type":"Person","@id":"https:\/\/psgfans.fr\/#\/schema\/person\/be2237e7a0237af2f29cb344b3c55e6c","name":"psgfans","image":{"@type":"ImageObject","inLanguage":"fr-FR","@id":"https:\/\/secure.gravatar.com\/avatar\/?s=96&d=mm&r=g","url":"https:\/\/secure.gravatar.com\/avatar\/?s=96&d=mm&r=g","contentUrl":"https:\/\/secure.gravatar.com\/avatar\/?s=96&d=mm&r=g","caption":"psgfans"},"url":"https:\/\/psgfans.fr\/?author=2"}]}},"_links":{"self":[{"href":"https:\/\/psgfans.fr\/index.php?rest_route=\/wp\/v2\/posts\/853","targetHints":{"allow":["GET"]}}],"collection":[{"href":"https:\/\/psgfans.fr\/index.php?rest_route=\/wp\/v2\/posts"}],"about":[{"href":"https:\/\/psgfans.fr\/index.php?rest_route=\/wp\/v2\/types\/post"}],"author":[{"embeddable":true,"href":"https:\/\/psgfans.fr\/index.php?rest_route=\/wp\/v2\/users\/2"}],"replies":[{"embeddable":true,"href":"https:\/\/psgfans.fr\/index.php?rest_route=%2Fwp%2Fv2%2Fcomments&post=853"}],"version-history":[{"count":0,"href":"https:\/\/psgfans.fr\/index.php?rest_route=\/wp\/v2\/posts\/853\/revisions"}],"wp:attachment":[{"href":"https:\/\/psgfans.fr\/index.php?rest_route=%2Fwp%2Fv2%2Fmedia&parent=853"}],"wp:term":[{"taxonomy":"category","embeddable":true,"href":"https:\/\/psgfans.fr\/index.php?rest_route=%2Fwp%2Fv2%2Fcategories&post=853"},{"taxonomy":"post_tag","embeddable":true,"href":"https:\/\/psgfans.fr\/index.php?rest_route=%2Fwp%2Fv2%2Ftags&post=853"}],"curies":[{"name":"wp","href":"https:\/\/api.w.org\/{rel}","templated":true}]}}