{"id":850,"date":"2014-03-25T02:00:00","date_gmt":"2014-03-25T01:00:00","guid":{"rendered":"https:\/\/psgfans.fr\/?p=850"},"modified":"2014-03-25T02:00:00","modified_gmt":"2014-03-25T01:00:00","slug":"voici-le-nouveau-visage-du-parc","status":"publish","type":"post","link":"https:\/\/psgfans.fr\/?p=850","title":{"rendered":"Voici le nouveau visage du Parc"},"content":{"rendered":"<div style=\"clear: both; text-align: center;\"><a href=\"https:\/\/blogger.googleusercontent.com\/img\/b\/R29vZ2xl\/AVvXsEj8PAxxU9F-ug6Nu9ldeDovfjaiMT3Zd00YugtvkP8pZKF7OaP7KtjSYPtvRDsbK59CdN1Xy8td1jiQjvj6gH_u_-NqW_33G6ToGUoV8aekybhyphenhyphenrUQB0O0XKfIXRjuR3z_T0-GeshkzlEc\/s1600\/ATA7JKrF_Pw.jpg\" style=\"margin-left: 1em; margin-right: 1em;\"><img loading=\"lazy\" decoding=\"async\" border=\"0\" src=\"https:\/\/blogger.googleusercontent.com\/img\/b\/R29vZ2xl\/AVvXsEj8PAxxU9F-ug6Nu9ldeDovfjaiMT3Zd00YugtvkP8pZKF7OaP7KtjSYPtvRDsbK59CdN1Xy8td1jiQjvj6gH_u_-NqW_33G6ToGUoV8aekybhyphenhyphenrUQB0O0XKfIXRjuR3z_T0-GeshkzlEc\/s1600\/ATA7JKrF_Pw.jpg\" height=\"191\" width=\"400\" \/><\/a><\/div>\n<p>Mercredi, l&rsquo;auditoire a \u00e9t\u00e9 bluff\u00e9. Autant les salari\u00e9s du PSG qu&rsquo;Ibrahimovic et ses partenaires, tous r\u00e9unis en s\u00e9minaire sur le campus de HEC \u00e0 Jouy-en-Josas (Yvelines). La direction du PSG a profit\u00e9 de l&rsquo;occasion pour projeter un clip de pr\u00e9sentation du futur Parc des Princes pour la saison 2015-2016. Certains privil\u00e9gi\u00e9s, comme le judoka Teddy Riner, avaient pu d\u00e9couvrir en avant-premi\u00e8re le petit film, de 3 minutes et 21 secondes, rythm\u00e9 par une musique de Coldplay et r\u00e9alis\u00e9 par le cabinet d&rsquo;architecture InIMAGEnable.<\/p>\n<div style=\"clear: both; text-align: center;\"><a href=\"https:\/\/blogger.googleusercontent.com\/img\/b\/R29vZ2xl\/AVvXsEiRjzkcGOaFbz2TzBOyR-NUNoyuhSSfGpsidL0gWXZfeIqxJZf8bfZPfi2BU0dr8dr4nYotTRfRWT0egwP-lLdg3tYgRboFJ0-SsnvXaYzou6xiFnG7anVXcd5ESHYm-VUxPFleQYiqk8Y\/s1600\/3701735_11-0-4216050896_640x280.jpg\" style=\"clear: left; float: left; margin-bottom: 1em; margin-right: 1em;\"><img loading=\"lazy\" decoding=\"async\" border=\"0\" src=\"https:\/\/blogger.googleusercontent.com\/img\/b\/R29vZ2xl\/AVvXsEiRjzkcGOaFbz2TzBOyR-NUNoyuhSSfGpsidL0gWXZfeIqxJZf8bfZPfi2BU0dr8dr4nYotTRfRWT0egwP-lLdg3tYgRboFJ0-SsnvXaYzou6xiFnG7anVXcd5ESHYm-VUxPFleQYiqk8Y\/s1600\/3701735_11-0-4216050896_640x280.jpg\" height=\"140\" width=\"320\" \/><\/a><\/div>\n<p>Une fois r\u00e9nov\u00e9e, l&rsquo;enceinte parisienne sera superbe, ultra design et moderne. Elle comptera 47 000 places &#8212; les dirigeants parisiens esp\u00e8rent toujours pouvoir porter sa capacit\u00e9 \u00e0 60 000 apr\u00e8s l&rsquo;Euro 2016, comme ils l&rsquo;ont rappel\u00e9 mercredi devant les employ\u00e9s &#8212; mais aussi 4 500 si\u00e8ges VIP, une multitude de salons de r\u00e9ception et un restaurant. Le grand public ne sera pas oubli\u00e9 et b\u00e9n\u00e9ficiera lui aussi d&rsquo;espaces r\u00e9am\u00e9nag\u00e9s et de meilleures conditions d&rsquo;accueil.<\/p>\n<p>L&rsquo;objectif de ces travaux d&rsquo;un montant de 75 M\u20ac hors taxes (financ\u00e9s par le club) est de rapprocher le PSG des standards des grands clubs europ\u00e9ens.<br \/>Les loges que proposera le PSG<\/p>\n<div style=\"clear: both; text-align: center;\"><a href=\"https:\/\/blogger.googleusercontent.com\/img\/b\/R29vZ2xl\/AVvXsEhFMJ6ZmStCkx-K2-BTw3681s6JhxotJTtBLgn1Xd0yaIbNN-0kPiRNfHDVyb2qxSqvFsJTzbfBY2n2nnH0wgbre4hRMEGftR6qF6qvnKRLNTYEuKyoEqu4J3Q_BdkO5xcOcPwBAZJY4hE\/s1600\/3704339_parcloges.jpg\" style=\"margin-left: 1em; margin-right: 1em;\"><img loading=\"lazy\" decoding=\"async\" border=\"0\" src=\"https:\/\/blogger.googleusercontent.com\/img\/b\/R29vZ2xl\/AVvXsEhFMJ6ZmStCkx-K2-BTw3681s6JhxotJTtBLgn1Xd0yaIbNN-0kPiRNfHDVyb2qxSqvFsJTzbfBY2n2nnH0wgbre4hRMEGftR6qF6qvnKRLNTYEuKyoEqu4J3Q_BdkO5xcOcPwBAZJY4hE\/s1600\/3704339_parcloges.jpg\" height=\"217\" width=\"400\" \/><\/a><\/div>\n<p>Source :&nbsp;leparisien.fr<\/p>\n","protected":false},"excerpt":{"rendered":"<p>Mercredi, l&rsquo;auditoire a \u00e9t\u00e9 bluff\u00e9. Autant les salari\u00e9s du PSG qu&rsquo;Ibrahimovic et ses partenaires, tous r\u00e9unis en s\u00e9minaire sur le campus de HEC \u00e0 Jouy-en-Josas (Yvelines). La direction du PSG a profit\u00e9 de l&rsquo;occasion pour projeter un clip de pr\u00e9sentation du futur Parc des Princes pour la saison 2015-2016. Certains privil\u00e9gi\u00e9s, comme le judoka Teddy [&hellip;]<\/p>\n","protected":false},"author":2,"featured_media":0,"comment_status":"open","ping_status":"open","sticky":false,"template":"","format":"standard","meta":{"footnotes":""},"categories":[3,4],"tags":[],"class_list":{"0":"post-850","1":"post","2":"type-post","3":"status-publish","4":"format-standard","6":"category-news","7":"category-photos"},"yoast_head":"<!-- This site is optimized with the Yoast SEO plugin v27.4 - https:\/\/yoast.com\/product\/yoast-seo-wordpress\/ -->\n<title>Voici le nouveau visage du Parc - PSG FANS<\/title>\n<meta name=\"robots\" content=\"index, follow, max-snippet:-1, max-image-preview:large, max-video-preview:-1\" \/>\n<link rel=\"canonical\" href=\"https:\/\/psgfans.fr\/?p=850\" \/>\n<meta property=\"og:locale\" content=\"fr_FR\" \/>\n<meta property=\"og:type\" content=\"article\" \/>\n<meta property=\"og:title\" content=\"Voici le nouveau visage du Parc - PSG FANS\" \/>\n<meta property=\"og:description\" content=\"Mercredi, l&rsquo;auditoire a \u00e9t\u00e9 bluff\u00e9. Autant les salari\u00e9s du PSG qu&rsquo;Ibrahimovic et ses partenaires, tous r\u00e9unis en s\u00e9minaire sur le campus de HEC \u00e0 Jouy-en-Josas (Yvelines). La direction du PSG a profit\u00e9 de l&rsquo;occasion pour projeter un clip de pr\u00e9sentation du futur Parc des Princes pour la saison 2015-2016. Certains privil\u00e9gi\u00e9s, comme le judoka Teddy [&hellip;]\" \/>\n<meta property=\"og:url\" content=\"https:\/\/psgfans.fr\/?p=850\" \/>\n<meta property=\"og:site_name\" content=\"PSG FANS\" \/>\n<meta property=\"article:published_time\" content=\"2014-03-25T01:00:00+00:00\" \/>\n<meta property=\"og:image\" content=\"https:\/\/blogger.googleusercontent.com\/img\/b\/R29vZ2xl\/AVvXsEj8PAxxU9F-ug6Nu9ldeDovfjaiMT3Zd00YugtvkP8pZKF7OaP7KtjSYPtvRDsbK59CdN1Xy8td1jiQjvj6gH_u_-NqW_33G6ToGUoV8aekybhyphenhyphenrUQB0O0XKfIXRjuR3z_T0-GeshkzlEc\/s1600\/ATA7JKrF_Pw.jpg\" \/>\n<meta name=\"author\" content=\"psgfans\" \/>\n<meta name=\"twitter:card\" content=\"summary_large_image\" \/>\n<meta name=\"twitter:label1\" content=\"\u00c9crit par\" \/>\n\t<meta name=\"twitter:data1\" content=\"psgfans\" \/>\n\t<meta name=\"twitter:label2\" content=\"Dur\u00e9e de lecture estim\u00e9e\" \/>\n\t<meta name=\"twitter:data2\" content=\"1 minute\" \/>\n<script type=\"application\/ld+json\" class=\"yoast-schema-graph\">{\"@context\":\"https:\\\/\\\/schema.org\",\"@graph\":[{\"@type\":\"Article\",\"@id\":\"https:\\\/\\\/psgfans.fr\\\/?p=850#article\",\"isPartOf\":{\"@id\":\"https:\\\/\\\/psgfans.fr\\\/?p=850\"},\"author\":{\"name\":\"psgfans\",\"@id\":\"https:\\\/\\\/psgfans.fr\\\/#\\\/schema\\\/person\\\/be2237e7a0237af2f29cb344b3c55e6c\"},\"headline\":\"Voici le nouveau visage du Parc\",\"datePublished\":\"2014-03-25T01:00:00+00:00\",\"mainEntityOfPage\":{\"@id\":\"https:\\\/\\\/psgfans.fr\\\/?p=850\"},\"wordCount\":221,\"commentCount\":0,\"image\":{\"@id\":\"https:\\\/\\\/psgfans.fr\\\/?p=850#primaryimage\"},\"thumbnailUrl\":\"https:\\\/\\\/blogger.googleusercontent.com\\\/img\\\/b\\\/R29vZ2xl\\\/AVvXsEj8PAxxU9F-ug6Nu9ldeDovfjaiMT3Zd00YugtvkP8pZKF7OaP7KtjSYPtvRDsbK59CdN1Xy8td1jiQjvj6gH_u_-NqW_33G6ToGUoV8aekybhyphenhyphenrUQB0O0XKfIXRjuR3z_T0-GeshkzlEc\\\/s1600\\\/ATA7JKrF_Pw.jpg\",\"articleSection\":[\"News\",\"Photos\"],\"inLanguage\":\"fr-FR\",\"potentialAction\":[{\"@type\":\"CommentAction\",\"name\":\"Comment\",\"target\":[\"https:\\\/\\\/psgfans.fr\\\/?p=850#respond\"]}]},{\"@type\":\"WebPage\",\"@id\":\"https:\\\/\\\/psgfans.fr\\\/?p=850\",\"url\":\"https:\\\/\\\/psgfans.fr\\\/?p=850\",\"name\":\"Voici le nouveau visage du Parc - PSG FANS\",\"isPartOf\":{\"@id\":\"https:\\\/\\\/psgfans.fr\\\/#website\"},\"primaryImageOfPage\":{\"@id\":\"https:\\\/\\\/psgfans.fr\\\/?p=850#primaryimage\"},\"image\":{\"@id\":\"https:\\\/\\\/psgfans.fr\\\/?p=850#primaryimage\"},\"thumbnailUrl\":\"https:\\\/\\\/blogger.googleusercontent.com\\\/img\\\/b\\\/R29vZ2xl\\\/AVvXsEj8PAxxU9F-ug6Nu9ldeDovfjaiMT3Zd00YugtvkP8pZKF7OaP7KtjSYPtvRDsbK59CdN1Xy8td1jiQjvj6gH_u_-NqW_33G6ToGUoV8aekybhyphenhyphenrUQB0O0XKfIXRjuR3z_T0-GeshkzlEc\\\/s1600\\\/ATA7JKrF_Pw.jpg\",\"datePublished\":\"2014-03-25T01:00:00+00:00\",\"author\":{\"@id\":\"https:\\\/\\\/psgfans.fr\\\/#\\\/schema\\\/person\\\/be2237e7a0237af2f29cb344b3c55e6c\"},\"breadcrumb\":{\"@id\":\"https:\\\/\\\/psgfans.fr\\\/?p=850#breadcrumb\"},\"inLanguage\":\"fr-FR\",\"potentialAction\":[{\"@type\":\"ReadAction\",\"target\":[\"https:\\\/\\\/psgfans.fr\\\/?p=850\"]}]},{\"@type\":\"ImageObject\",\"inLanguage\":\"fr-FR\",\"@id\":\"https:\\\/\\\/psgfans.fr\\\/?p=850#primaryimage\",\"url\":\"https:\\\/\\\/blogger.googleusercontent.com\\\/img\\\/b\\\/R29vZ2xl\\\/AVvXsEj8PAxxU9F-ug6Nu9ldeDovfjaiMT3Zd00YugtvkP8pZKF7OaP7KtjSYPtvRDsbK59CdN1Xy8td1jiQjvj6gH_u_-NqW_33G6ToGUoV8aekybhyphenhyphenrUQB0O0XKfIXRjuR3z_T0-GeshkzlEc\\\/s1600\\\/ATA7JKrF_Pw.jpg\",\"contentUrl\":\"https:\\\/\\\/blogger.googleusercontent.com\\\/img\\\/b\\\/R29vZ2xl\\\/AVvXsEj8PAxxU9F-ug6Nu9ldeDovfjaiMT3Zd00YugtvkP8pZKF7OaP7KtjSYPtvRDsbK59CdN1Xy8td1jiQjvj6gH_u_-NqW_33G6ToGUoV8aekybhyphenhyphenrUQB0O0XKfIXRjuR3z_T0-GeshkzlEc\\\/s1600\\\/ATA7JKrF_Pw.jpg\"},{\"@type\":\"BreadcrumbList\",\"@id\":\"https:\\\/\\\/psgfans.fr\\\/?p=850#breadcrumb\",\"itemListElement\":[{\"@type\":\"ListItem\",\"position\":1,\"name\":\"Accueil\",\"item\":\"https:\\\/\\\/psgfans.fr\\\/\"},{\"@type\":\"ListItem\",\"position\":2,\"name\":\"Voici le nouveau visage du Parc\"}]},{\"@type\":\"WebSite\",\"@id\":\"https:\\\/\\\/psgfans.fr\\\/#website\",\"url\":\"https:\\\/\\\/psgfans.fr\\\/\",\"name\":\"PSG FANS\",\"description\":\"Unit\u00e9, Passion, Victoire : Au C\u0153ur du Paris Saint-Germain!\",\"potentialAction\":[{\"@type\":\"SearchAction\",\"target\":{\"@type\":\"EntryPoint\",\"urlTemplate\":\"https:\\\/\\\/psgfans.fr\\\/?s={search_term_string}\"},\"query-input\":{\"@type\":\"PropertyValueSpecification\",\"valueRequired\":true,\"valueName\":\"search_term_string\"}}],\"inLanguage\":\"fr-FR\"},{\"@type\":\"Person\",\"@id\":\"https:\\\/\\\/psgfans.fr\\\/#\\\/schema\\\/person\\\/be2237e7a0237af2f29cb344b3c55e6c\",\"name\":\"psgfans\",\"image\":{\"@type\":\"ImageObject\",\"inLanguage\":\"fr-FR\",\"@id\":\"https:\\\/\\\/secure.gravatar.com\\\/avatar\\\/?s=96&d=mm&r=g\",\"url\":\"https:\\\/\\\/secure.gravatar.com\\\/avatar\\\/?s=96&d=mm&r=g\",\"contentUrl\":\"https:\\\/\\\/secure.gravatar.com\\\/avatar\\\/?s=96&d=mm&r=g\",\"caption\":\"psgfans\"},\"url\":\"https:\\\/\\\/psgfans.fr\\\/?author=2\"}]}<\/script>\n<!-- \/ Yoast SEO plugin. -->","yoast_head_json":{"title":"Voici le nouveau visage du Parc - PSG FANS","robots":{"index":"index","follow":"follow","max-snippet":"max-snippet:-1","max-image-preview":"max-image-preview:large","max-video-preview":"max-video-preview:-1"},"canonical":"https:\/\/psgfans.fr\/?p=850","og_locale":"fr_FR","og_type":"article","og_title":"Voici le nouveau visage du Parc - PSG FANS","og_description":"Mercredi, l&rsquo;auditoire a \u00e9t\u00e9 bluff\u00e9. Autant les salari\u00e9s du PSG qu&rsquo;Ibrahimovic et ses partenaires, tous r\u00e9unis en s\u00e9minaire sur le campus de HEC \u00e0 Jouy-en-Josas (Yvelines). La direction du PSG a profit\u00e9 de l&rsquo;occasion pour projeter un clip de pr\u00e9sentation du futur Parc des Princes pour la saison 2015-2016. Certains privil\u00e9gi\u00e9s, comme le judoka Teddy [&hellip;]","og_url":"https:\/\/psgfans.fr\/?p=850","og_site_name":"PSG FANS","article_published_time":"2014-03-25T01:00:00+00:00","og_image":[{"url":"https:\/\/blogger.googleusercontent.com\/img\/b\/R29vZ2xl\/AVvXsEj8PAxxU9F-ug6Nu9ldeDovfjaiMT3Zd00YugtvkP8pZKF7OaP7KtjSYPtvRDsbK59CdN1Xy8td1jiQjvj6gH_u_-NqW_33G6ToGUoV8aekybhyphenhyphenrUQB0O0XKfIXRjuR3z_T0-GeshkzlEc\/s1600\/ATA7JKrF_Pw.jpg","type":"","width":"","height":""}],"author":"psgfans","twitter_card":"summary_large_image","twitter_misc":{"\u00c9crit par":"psgfans","Dur\u00e9e de lecture estim\u00e9e":"1 minute"},"schema":{"@context":"https:\/\/schema.org","@graph":[{"@type":"Article","@id":"https:\/\/psgfans.fr\/?p=850#article","isPartOf":{"@id":"https:\/\/psgfans.fr\/?p=850"},"author":{"name":"psgfans","@id":"https:\/\/psgfans.fr\/#\/schema\/person\/be2237e7a0237af2f29cb344b3c55e6c"},"headline":"Voici le nouveau visage du Parc","datePublished":"2014-03-25T01:00:00+00:00","mainEntityOfPage":{"@id":"https:\/\/psgfans.fr\/?p=850"},"wordCount":221,"commentCount":0,"image":{"@id":"https:\/\/psgfans.fr\/?p=850#primaryimage"},"thumbnailUrl":"https:\/\/blogger.googleusercontent.com\/img\/b\/R29vZ2xl\/AVvXsEj8PAxxU9F-ug6Nu9ldeDovfjaiMT3Zd00YugtvkP8pZKF7OaP7KtjSYPtvRDsbK59CdN1Xy8td1jiQjvj6gH_u_-NqW_33G6ToGUoV8aekybhyphenhyphenrUQB0O0XKfIXRjuR3z_T0-GeshkzlEc\/s1600\/ATA7JKrF_Pw.jpg","articleSection":["News","Photos"],"inLanguage":"fr-FR","potentialAction":[{"@type":"CommentAction","name":"Comment","target":["https:\/\/psgfans.fr\/?p=850#respond"]}]},{"@type":"WebPage","@id":"https:\/\/psgfans.fr\/?p=850","url":"https:\/\/psgfans.fr\/?p=850","name":"Voici le nouveau visage du Parc - PSG FANS","isPartOf":{"@id":"https:\/\/psgfans.fr\/#website"},"primaryImageOfPage":{"@id":"https:\/\/psgfans.fr\/?p=850#primaryimage"},"image":{"@id":"https:\/\/psgfans.fr\/?p=850#primaryimage"},"thumbnailUrl":"https:\/\/blogger.googleusercontent.com\/img\/b\/R29vZ2xl\/AVvXsEj8PAxxU9F-ug6Nu9ldeDovfjaiMT3Zd00YugtvkP8pZKF7OaP7KtjSYPtvRDsbK59CdN1Xy8td1jiQjvj6gH_u_-NqW_33G6ToGUoV8aekybhyphenhyphenrUQB0O0XKfIXRjuR3z_T0-GeshkzlEc\/s1600\/ATA7JKrF_Pw.jpg","datePublished":"2014-03-25T01:00:00+00:00","author":{"@id":"https:\/\/psgfans.fr\/#\/schema\/person\/be2237e7a0237af2f29cb344b3c55e6c"},"breadcrumb":{"@id":"https:\/\/psgfans.fr\/?p=850#breadcrumb"},"inLanguage":"fr-FR","potentialAction":[{"@type":"ReadAction","target":["https:\/\/psgfans.fr\/?p=850"]}]},{"@type":"ImageObject","inLanguage":"fr-FR","@id":"https:\/\/psgfans.fr\/?p=850#primaryimage","url":"https:\/\/blogger.googleusercontent.com\/img\/b\/R29vZ2xl\/AVvXsEj8PAxxU9F-ug6Nu9ldeDovfjaiMT3Zd00YugtvkP8pZKF7OaP7KtjSYPtvRDsbK59CdN1Xy8td1jiQjvj6gH_u_-NqW_33G6ToGUoV8aekybhyphenhyphenrUQB0O0XKfIXRjuR3z_T0-GeshkzlEc\/s1600\/ATA7JKrF_Pw.jpg","contentUrl":"https:\/\/blogger.googleusercontent.com\/img\/b\/R29vZ2xl\/AVvXsEj8PAxxU9F-ug6Nu9ldeDovfjaiMT3Zd00YugtvkP8pZKF7OaP7KtjSYPtvRDsbK59CdN1Xy8td1jiQjvj6gH_u_-NqW_33G6ToGUoV8aekybhyphenhyphenrUQB0O0XKfIXRjuR3z_T0-GeshkzlEc\/s1600\/ATA7JKrF_Pw.jpg"},{"@type":"BreadcrumbList","@id":"https:\/\/psgfans.fr\/?p=850#breadcrumb","itemListElement":[{"@type":"ListItem","position":1,"name":"Accueil","item":"https:\/\/psgfans.fr\/"},{"@type":"ListItem","position":2,"name":"Voici le nouveau visage du Parc"}]},{"@type":"WebSite","@id":"https:\/\/psgfans.fr\/#website","url":"https:\/\/psgfans.fr\/","name":"PSG FANS","description":"Unit\u00e9, Passion, Victoire : Au C\u0153ur du Paris Saint-Germain!","potentialAction":[{"@type":"SearchAction","target":{"@type":"EntryPoint","urlTemplate":"https:\/\/psgfans.fr\/?s={search_term_string}"},"query-input":{"@type":"PropertyValueSpecification","valueRequired":true,"valueName":"search_term_string"}}],"inLanguage":"fr-FR"},{"@type":"Person","@id":"https:\/\/psgfans.fr\/#\/schema\/person\/be2237e7a0237af2f29cb344b3c55e6c","name":"psgfans","image":{"@type":"ImageObject","inLanguage":"fr-FR","@id":"https:\/\/secure.gravatar.com\/avatar\/?s=96&d=mm&r=g","url":"https:\/\/secure.gravatar.com\/avatar\/?s=96&d=mm&r=g","contentUrl":"https:\/\/secure.gravatar.com\/avatar\/?s=96&d=mm&r=g","caption":"psgfans"},"url":"https:\/\/psgfans.fr\/?author=2"}]}},"_links":{"self":[{"href":"https:\/\/psgfans.fr\/index.php?rest_route=\/wp\/v2\/posts\/850","targetHints":{"allow":["GET"]}}],"collection":[{"href":"https:\/\/psgfans.fr\/index.php?rest_route=\/wp\/v2\/posts"}],"about":[{"href":"https:\/\/psgfans.fr\/index.php?rest_route=\/wp\/v2\/types\/post"}],"author":[{"embeddable":true,"href":"https:\/\/psgfans.fr\/index.php?rest_route=\/wp\/v2\/users\/2"}],"replies":[{"embeddable":true,"href":"https:\/\/psgfans.fr\/index.php?rest_route=%2Fwp%2Fv2%2Fcomments&post=850"}],"version-history":[{"count":0,"href":"https:\/\/psgfans.fr\/index.php?rest_route=\/wp\/v2\/posts\/850\/revisions"}],"wp:attachment":[{"href":"https:\/\/psgfans.fr\/index.php?rest_route=%2Fwp%2Fv2%2Fmedia&parent=850"}],"wp:term":[{"taxonomy":"category","embeddable":true,"href":"https:\/\/psgfans.fr\/index.php?rest_route=%2Fwp%2Fv2%2Fcategories&post=850"},{"taxonomy":"post_tag","embeddable":true,"href":"https:\/\/psgfans.fr\/index.php?rest_route=%2Fwp%2Fv2%2Ftags&post=850"}],"curies":[{"name":"wp","href":"https:\/\/api.w.org\/{rel}","templated":true}]}}