{"id":847,"date":"2014-03-26T01:48:00","date_gmt":"2014-03-26T00:48:00","guid":{"rendered":"https:\/\/psgfans.fr\/?p=847"},"modified":"2014-03-26T01:48:00","modified_gmt":"2014-03-26T00:48:00","slug":"marquinhos-un-homme-transforme","status":"publish","type":"post","link":"https:\/\/psgfans.fr\/?p=847","title":{"rendered":"Marquinhos, un homme transform\u00e9"},"content":{"rendered":"<div dir=\"ltr\" style=\"text-align: left;\">\n<div style=\"clear: both; text-align: center;\"><a href=\"https:\/\/blogger.googleusercontent.com\/img\/b\/R29vZ2xl\/AVvXsEi-pMjjAlL63LP5j3b2B4d3VdsWQuo87DCwPuVX-BmROx7XYyQWGLDlmqpFqIJHEikRFUNpjWxpHpaApZp9L27m5iLsmz8mDT1_BjI3esdtLomfLAUFwUG7rylIOTGrrI6J1RnEmt70e6Q\/s1600\/article_marquinhos.jpg\" style=\"margin-left: 1em; margin-right: 1em;\"><img loading=\"lazy\" decoding=\"async\" border=\"0\" src=\"https:\/\/blogger.googleusercontent.com\/img\/b\/R29vZ2xl\/AVvXsEi-pMjjAlL63LP5j3b2B4d3VdsWQuo87DCwPuVX-BmROx7XYyQWGLDlmqpFqIJHEikRFUNpjWxpHpaApZp9L27m5iLsmz8mDT1_BjI3esdtLomfLAUFwUG7rylIOTGrrI6J1RnEmt70e6Q\/s1600\/article_marquinhos.jpg\" height=\"258\" width=\"400\" \/><\/a><\/div>\n<p>L&rsquo;amour lui donne des ailes. Marquinhos, 19 ans, vit une histoire passionn\u00e9e avec l&rsquo;une de ses compatriotes, la chanteuse Carol Cabrino. Sur Twitter ou sur Instagram, \u00e0 grand renfort de photos, le romantique d\u00e9fenseur ne cesse de clamer ses sentiments envers sa belle, qui multiplie les allers-retours entre le Br\u00e9sil et Paris. \u00ab La distance peut emp\u00eacher un baiser.<\/p>\n<div style=\"clear: both; text-align: center;\"><a href=\"https:\/\/blogger.googleusercontent.com\/img\/b\/R29vZ2xl\/AVvXsEinnCd4yOw5AH0bCELBsPW3NM-I_mFrL-csnlPEg58GUvMJWxg4EGWUZ6E7Tp2veIxLVIZ5Q3a_al2-gQujmTPQioteLGeV-SK-AMuHA1xLID68ziVeWys-UFnVyPbOEl-6KuXEX1-5xeI\/s1600\/3707725_marquinhos2.jpg\" style=\"clear: left; float: left; margin-bottom: 1em; margin-right: 1em;\"><img loading=\"lazy\" decoding=\"async\" border=\"0\" src=\"https:\/\/blogger.googleusercontent.com\/img\/b\/R29vZ2xl\/AVvXsEinnCd4yOw5AH0bCELBsPW3NM-I_mFrL-csnlPEg58GUvMJWxg4EGWUZ6E7Tp2veIxLVIZ5Q3a_al2-gQujmTPQioteLGeV-SK-AMuHA1xLID68ziVeWys-UFnVyPbOEl-6KuXEX1-5xeI\/s1600\/3707725_marquinhos2.jpg\" height=\"320\" width=\"320\" \/><\/a><\/div>\n<p>Mais jamais les sentiments \u00bb, \u00e9crivait-il il y a deux semaines alors que, sur le clich\u00e9, les deux tourtereaux posent sous la tour Eiffel. Un homme transform\u00e9 donc. Dans la vie mais aussi sur un terrain de football.<\/p>\n<p>Arriv\u00e9 \u00e0 Paris l&rsquo;\u00e9t\u00e9 dernier, en provenance de l&rsquo;AS Rome, moyennant une indemnit\u00e9 de transfert de 31,4 MEUR, il n&rsquo;a cess\u00e9 de s&rsquo;am\u00e9liorer au fil de ses 21 titularisations, toutes comp\u00e9titions confondues. Il vient de disputer 3 des 4 derni\u00e8res rencontres de son \u00e9quipe (Bastia, 3-0 ; Leverkusen, 2-1 ; Lorient, 1-0). Sa derni\u00e8re prestation, notamment, a \u00e9t\u00e9 plus que concluante. Le joueur pourrait \u00e9galement d\u00e9buter vendredi \u00e0 Nice en raison de la blessure de Thiago Silva, victime d&rsquo;une fracture de l&rsquo;os zygomatique au Moustoir.<\/p>\n<div><\/div>\n<div><\/div>\n<div>\n<div>\u00ab On ne le voit pas beaucoup, il joue moins d&rsquo;un match sur trois. Et un coup, c&rsquo;est avec Alex ; un coup, avec Silva. Malgr\u00e9 cela, il fait de bonnes performances \u00bb, analyse Alain Roche, ancien d\u00e9fenseur parisien (1992-1998). S&rsquo;il a parfois p\u00e9ch\u00e9 par na\u00efvet\u00e9 (comme \u00e0 Saint-Etienne le 27 octobre), le Br\u00e9silien gomme ses d\u00e9fauts. \u00ab On lui reprochait un manque de concentration et des erreurs de marquage. Mais, aujourd&rsquo;hui, il en fait moins \u00bb, assure Roche. \u00ab Il est encore un peu fougueux, nuance un autre ex-d\u00e9fenseur parisien, Philippe Jeannol (1984-1991). Il y a des contacts o\u00f9 il y met trop d&rsquo;engagement. Mais il a beaucoup progress\u00e9. C&rsquo;est une ann\u00e9e de transition pour lui qui commence \u00e0 porter ses fruits. \u00bb<\/div>\n<div><\/div>\n<div><b>Une vraie volont\u00e9 de s&rsquo;int\u00e9grer<\/b><\/div>\n<div><\/div>\n<div>Il n&rsquo;a certes pas encore r\u00e9ussi \u00e0 d\u00e9tr\u00f4ner Alex, fid\u00e8le compagnon de Silva en d\u00e9fense centrale. Mais le jeune <\/p>\n<div style=\"clear: both; text-align: center;\"><a href=\"https:\/\/blogger.googleusercontent.com\/img\/b\/R29vZ2xl\/AVvXsEii7abkd_UbLXoE-K3jRfHSTvPbd5s0YQJNjM2vd_lG1CXjW_8rI5ucQJjwTaDXwM0UIK8jUWVS1kgraGA5lYPwW-VAfr3ZX8B91j_IoDuUQAwssYnn_8Cgd1_zi0nj6El8Mgjq43ORtz0\/s1600\/3707733_marquinhos.jpg\" style=\"clear: right; float: right; margin-bottom: 1em; margin-left: 1em;\"><img loading=\"lazy\" decoding=\"async\" border=\"0\" src=\"https:\/\/blogger.googleusercontent.com\/img\/b\/R29vZ2xl\/AVvXsEii7abkd_UbLXoE-K3jRfHSTvPbd5s0YQJNjM2vd_lG1CXjW_8rI5ucQJjwTaDXwM0UIK8jUWVS1kgraGA5lYPwW-VAfr3ZX8B91j_IoDuUQAwssYnn_8Cgd1_zi0nj6El8Mgjq43ORtz0\/s1600\/3707733_marquinhos.jpg\" height=\"320\" width=\"237\" \/><\/a><\/div>\n<p>Br\u00e9silien de 19 ans ne manque pas d&rsquo;atouts. \u00ab Il est s\u00e9rieux, impliqu\u00e9, et il fait preuve de beaucoup de g\u00e9n\u00e9rosit\u00e9 dans son jeu, poursuit Roche. Ses performances sont incroyables par rapport \u00e0 son gabarit (NDLR : 1,83 m, 79 kg). \u00bb \u00ab Il est un peu le clone de Thiago Silva, fin techniquement, bonne relance et bon jeu de t\u00eate, ajoute Eric Roy, ancien entra\u00eeneur de Nice et consultant de BeIN Sports. Il semble aussi costaud mentalement. A Lorient, lors de la sortie de Silva, il a pris ses responsabilit\u00e9s. \u00bb<\/p><\/div>\n<div><\/div>\n<div>Le Br\u00e9silien, proche dans le vestiaire de ses compatriotes, a d\u00e9j\u00e0 tenu \u00e0 apprendre le fran\u00e7ais. Il suit des cours et commence m\u00eame \u00e0 s&rsquo;exprimer dans la langue de Moli\u00e8re devant la presse. \u00ab Il veut s&rsquo;int\u00e9grer, se r\u00e9jouit Roy. Cette volont\u00e9 de parler fran\u00e7ais quelques mois seulement apr\u00e8s son arriv\u00e9e montre une grande maturit\u00e9 et une grosse envie de r\u00e9ussir. C&rsquo;est tr\u00e8s positif pour l&rsquo;avenir. \u00bb<\/div>\n<\/div>\n<div><\/div>\n<div>Source :&nbsp;leparisien<\/div>\n<\/div>\n","protected":false},"excerpt":{"rendered":"<p>L&rsquo;amour lui donne des ailes. Marquinhos, 19 ans, vit une histoire passionn\u00e9e avec l&rsquo;une de ses compatriotes, la chanteuse Carol Cabrino. Sur Twitter ou sur Instagram, \u00e0 grand renfort de photos, le romantique d\u00e9fenseur ne cesse de clamer ses sentiments envers sa belle, qui multiplie les allers-retours entre le Br\u00e9sil et Paris. \u00ab La distance [&hellip;]<\/p>\n","protected":false},"author":2,"featured_media":0,"comment_status":"open","ping_status":"open","sticky":false,"template":"","format":"standard","meta":{"footnotes":""},"categories":[3,4],"tags":[],"class_list":{"0":"post-847","1":"post","2":"type-post","3":"status-publish","4":"format-standard","6":"category-news","7":"category-photos"},"yoast_head":"<!-- This site is optimized with the Yoast SEO plugin v27.4 - https:\/\/yoast.com\/product\/yoast-seo-wordpress\/ -->\n<title>Marquinhos, un homme transform\u00e9 - PSG FANS<\/title>\n<meta name=\"robots\" content=\"index, follow, max-snippet:-1, max-image-preview:large, max-video-preview:-1\" \/>\n<link rel=\"canonical\" href=\"https:\/\/psgfans.fr\/?p=847\" \/>\n<meta property=\"og:locale\" content=\"fr_FR\" \/>\n<meta property=\"og:type\" content=\"article\" \/>\n<meta property=\"og:title\" content=\"Marquinhos, un homme transform\u00e9 - PSG FANS\" \/>\n<meta property=\"og:description\" content=\"L&rsquo;amour lui donne des ailes. Marquinhos, 19 ans, vit une histoire passionn\u00e9e avec l&rsquo;une de ses compatriotes, la chanteuse Carol Cabrino. Sur Twitter ou sur Instagram, \u00e0 grand renfort de photos, le romantique d\u00e9fenseur ne cesse de clamer ses sentiments envers sa belle, qui multiplie les allers-retours entre le Br\u00e9sil et Paris. \u00ab La distance [&hellip;]\" \/>\n<meta property=\"og:url\" content=\"https:\/\/psgfans.fr\/?p=847\" \/>\n<meta property=\"og:site_name\" content=\"PSG FANS\" \/>\n<meta property=\"article:published_time\" content=\"2014-03-26T00:48:00+00:00\" \/>\n<meta property=\"og:image\" content=\"https:\/\/blogger.googleusercontent.com\/img\/b\/R29vZ2xl\/AVvXsEi-pMjjAlL63LP5j3b2B4d3VdsWQuo87DCwPuVX-BmROx7XYyQWGLDlmqpFqIJHEikRFUNpjWxpHpaApZp9L27m5iLsmz8mDT1_BjI3esdtLomfLAUFwUG7rylIOTGrrI6J1RnEmt70e6Q\/s1600\/article_marquinhos.jpg\" \/>\n<meta name=\"author\" content=\"psgfans\" \/>\n<meta name=\"twitter:card\" content=\"summary_large_image\" \/>\n<meta name=\"twitter:label1\" content=\"\u00c9crit par\" \/>\n\t<meta name=\"twitter:data1\" content=\"psgfans\" \/>\n\t<meta name=\"twitter:label2\" content=\"Dur\u00e9e de lecture estim\u00e9e\" \/>\n\t<meta name=\"twitter:data2\" content=\"2 minutes\" \/>\n<script type=\"application\/ld+json\" class=\"yoast-schema-graph\">{\"@context\":\"https:\\\/\\\/schema.org\",\"@graph\":[{\"@type\":\"Article\",\"@id\":\"https:\\\/\\\/psgfans.fr\\\/?p=847#article\",\"isPartOf\":{\"@id\":\"https:\\\/\\\/psgfans.fr\\\/?p=847\"},\"author\":{\"name\":\"psgfans\",\"@id\":\"https:\\\/\\\/psgfans.fr\\\/#\\\/schema\\\/person\\\/be2237e7a0237af2f29cb344b3c55e6c\"},\"headline\":\"Marquinhos, un homme transform\u00e9\",\"datePublished\":\"2014-03-26T00:48:00+00:00\",\"mainEntityOfPage\":{\"@id\":\"https:\\\/\\\/psgfans.fr\\\/?p=847\"},\"wordCount\":522,\"commentCount\":0,\"image\":{\"@id\":\"https:\\\/\\\/psgfans.fr\\\/?p=847#primaryimage\"},\"thumbnailUrl\":\"https:\\\/\\\/blogger.googleusercontent.com\\\/img\\\/b\\\/R29vZ2xl\\\/AVvXsEi-pMjjAlL63LP5j3b2B4d3VdsWQuo87DCwPuVX-BmROx7XYyQWGLDlmqpFqIJHEikRFUNpjWxpHpaApZp9L27m5iLsmz8mDT1_BjI3esdtLomfLAUFwUG7rylIOTGrrI6J1RnEmt70e6Q\\\/s1600\\\/article_marquinhos.jpg\",\"articleSection\":[\"News\",\"Photos\"],\"inLanguage\":\"fr-FR\",\"potentialAction\":[{\"@type\":\"CommentAction\",\"name\":\"Comment\",\"target\":[\"https:\\\/\\\/psgfans.fr\\\/?p=847#respond\"]}]},{\"@type\":\"WebPage\",\"@id\":\"https:\\\/\\\/psgfans.fr\\\/?p=847\",\"url\":\"https:\\\/\\\/psgfans.fr\\\/?p=847\",\"name\":\"Marquinhos, un homme transform\u00e9 - PSG FANS\",\"isPartOf\":{\"@id\":\"https:\\\/\\\/psgfans.fr\\\/#website\"},\"primaryImageOfPage\":{\"@id\":\"https:\\\/\\\/psgfans.fr\\\/?p=847#primaryimage\"},\"image\":{\"@id\":\"https:\\\/\\\/psgfans.fr\\\/?p=847#primaryimage\"},\"thumbnailUrl\":\"https:\\\/\\\/blogger.googleusercontent.com\\\/img\\\/b\\\/R29vZ2xl\\\/AVvXsEi-pMjjAlL63LP5j3b2B4d3VdsWQuo87DCwPuVX-BmROx7XYyQWGLDlmqpFqIJHEikRFUNpjWxpHpaApZp9L27m5iLsmz8mDT1_BjI3esdtLomfLAUFwUG7rylIOTGrrI6J1RnEmt70e6Q\\\/s1600\\\/article_marquinhos.jpg\",\"datePublished\":\"2014-03-26T00:48:00+00:00\",\"author\":{\"@id\":\"https:\\\/\\\/psgfans.fr\\\/#\\\/schema\\\/person\\\/be2237e7a0237af2f29cb344b3c55e6c\"},\"breadcrumb\":{\"@id\":\"https:\\\/\\\/psgfans.fr\\\/?p=847#breadcrumb\"},\"inLanguage\":\"fr-FR\",\"potentialAction\":[{\"@type\":\"ReadAction\",\"target\":[\"https:\\\/\\\/psgfans.fr\\\/?p=847\"]}]},{\"@type\":\"ImageObject\",\"inLanguage\":\"fr-FR\",\"@id\":\"https:\\\/\\\/psgfans.fr\\\/?p=847#primaryimage\",\"url\":\"https:\\\/\\\/blogger.googleusercontent.com\\\/img\\\/b\\\/R29vZ2xl\\\/AVvXsEi-pMjjAlL63LP5j3b2B4d3VdsWQuo87DCwPuVX-BmROx7XYyQWGLDlmqpFqIJHEikRFUNpjWxpHpaApZp9L27m5iLsmz8mDT1_BjI3esdtLomfLAUFwUG7rylIOTGrrI6J1RnEmt70e6Q\\\/s1600\\\/article_marquinhos.jpg\",\"contentUrl\":\"https:\\\/\\\/blogger.googleusercontent.com\\\/img\\\/b\\\/R29vZ2xl\\\/AVvXsEi-pMjjAlL63LP5j3b2B4d3VdsWQuo87DCwPuVX-BmROx7XYyQWGLDlmqpFqIJHEikRFUNpjWxpHpaApZp9L27m5iLsmz8mDT1_BjI3esdtLomfLAUFwUG7rylIOTGrrI6J1RnEmt70e6Q\\\/s1600\\\/article_marquinhos.jpg\"},{\"@type\":\"BreadcrumbList\",\"@id\":\"https:\\\/\\\/psgfans.fr\\\/?p=847#breadcrumb\",\"itemListElement\":[{\"@type\":\"ListItem\",\"position\":1,\"name\":\"Accueil\",\"item\":\"https:\\\/\\\/psgfans.fr\\\/\"},{\"@type\":\"ListItem\",\"position\":2,\"name\":\"Marquinhos, un homme transform\u00e9\"}]},{\"@type\":\"WebSite\",\"@id\":\"https:\\\/\\\/psgfans.fr\\\/#website\",\"url\":\"https:\\\/\\\/psgfans.fr\\\/\",\"name\":\"PSG FANS\",\"description\":\"Unit\u00e9, Passion, Victoire : Au C\u0153ur du Paris Saint-Germain!\",\"potentialAction\":[{\"@type\":\"SearchAction\",\"target\":{\"@type\":\"EntryPoint\",\"urlTemplate\":\"https:\\\/\\\/psgfans.fr\\\/?s={search_term_string}\"},\"query-input\":{\"@type\":\"PropertyValueSpecification\",\"valueRequired\":true,\"valueName\":\"search_term_string\"}}],\"inLanguage\":\"fr-FR\"},{\"@type\":\"Person\",\"@id\":\"https:\\\/\\\/psgfans.fr\\\/#\\\/schema\\\/person\\\/be2237e7a0237af2f29cb344b3c55e6c\",\"name\":\"psgfans\",\"image\":{\"@type\":\"ImageObject\",\"inLanguage\":\"fr-FR\",\"@id\":\"https:\\\/\\\/secure.gravatar.com\\\/avatar\\\/?s=96&d=mm&r=g\",\"url\":\"https:\\\/\\\/secure.gravatar.com\\\/avatar\\\/?s=96&d=mm&r=g\",\"contentUrl\":\"https:\\\/\\\/secure.gravatar.com\\\/avatar\\\/?s=96&d=mm&r=g\",\"caption\":\"psgfans\"},\"url\":\"https:\\\/\\\/psgfans.fr\\\/?author=2\"}]}<\/script>\n<!-- \/ Yoast SEO plugin. -->","yoast_head_json":{"title":"Marquinhos, un homme transform\u00e9 - PSG FANS","robots":{"index":"index","follow":"follow","max-snippet":"max-snippet:-1","max-image-preview":"max-image-preview:large","max-video-preview":"max-video-preview:-1"},"canonical":"https:\/\/psgfans.fr\/?p=847","og_locale":"fr_FR","og_type":"article","og_title":"Marquinhos, un homme transform\u00e9 - PSG FANS","og_description":"L&rsquo;amour lui donne des ailes. Marquinhos, 19 ans, vit une histoire passionn\u00e9e avec l&rsquo;une de ses compatriotes, la chanteuse Carol Cabrino. Sur Twitter ou sur Instagram, \u00e0 grand renfort de photos, le romantique d\u00e9fenseur ne cesse de clamer ses sentiments envers sa belle, qui multiplie les allers-retours entre le Br\u00e9sil et Paris. \u00ab La distance [&hellip;]","og_url":"https:\/\/psgfans.fr\/?p=847","og_site_name":"PSG FANS","article_published_time":"2014-03-26T00:48:00+00:00","og_image":[{"url":"https:\/\/blogger.googleusercontent.com\/img\/b\/R29vZ2xl\/AVvXsEi-pMjjAlL63LP5j3b2B4d3VdsWQuo87DCwPuVX-BmROx7XYyQWGLDlmqpFqIJHEikRFUNpjWxpHpaApZp9L27m5iLsmz8mDT1_BjI3esdtLomfLAUFwUG7rylIOTGrrI6J1RnEmt70e6Q\/s1600\/article_marquinhos.jpg","type":"","width":"","height":""}],"author":"psgfans","twitter_card":"summary_large_image","twitter_misc":{"\u00c9crit par":"psgfans","Dur\u00e9e de lecture estim\u00e9e":"2 minutes"},"schema":{"@context":"https:\/\/schema.org","@graph":[{"@type":"Article","@id":"https:\/\/psgfans.fr\/?p=847#article","isPartOf":{"@id":"https:\/\/psgfans.fr\/?p=847"},"author":{"name":"psgfans","@id":"https:\/\/psgfans.fr\/#\/schema\/person\/be2237e7a0237af2f29cb344b3c55e6c"},"headline":"Marquinhos, un homme transform\u00e9","datePublished":"2014-03-26T00:48:00+00:00","mainEntityOfPage":{"@id":"https:\/\/psgfans.fr\/?p=847"},"wordCount":522,"commentCount":0,"image":{"@id":"https:\/\/psgfans.fr\/?p=847#primaryimage"},"thumbnailUrl":"https:\/\/blogger.googleusercontent.com\/img\/b\/R29vZ2xl\/AVvXsEi-pMjjAlL63LP5j3b2B4d3VdsWQuo87DCwPuVX-BmROx7XYyQWGLDlmqpFqIJHEikRFUNpjWxpHpaApZp9L27m5iLsmz8mDT1_BjI3esdtLomfLAUFwUG7rylIOTGrrI6J1RnEmt70e6Q\/s1600\/article_marquinhos.jpg","articleSection":["News","Photos"],"inLanguage":"fr-FR","potentialAction":[{"@type":"CommentAction","name":"Comment","target":["https:\/\/psgfans.fr\/?p=847#respond"]}]},{"@type":"WebPage","@id":"https:\/\/psgfans.fr\/?p=847","url":"https:\/\/psgfans.fr\/?p=847","name":"Marquinhos, un homme transform\u00e9 - PSG FANS","isPartOf":{"@id":"https:\/\/psgfans.fr\/#website"},"primaryImageOfPage":{"@id":"https:\/\/psgfans.fr\/?p=847#primaryimage"},"image":{"@id":"https:\/\/psgfans.fr\/?p=847#primaryimage"},"thumbnailUrl":"https:\/\/blogger.googleusercontent.com\/img\/b\/R29vZ2xl\/AVvXsEi-pMjjAlL63LP5j3b2B4d3VdsWQuo87DCwPuVX-BmROx7XYyQWGLDlmqpFqIJHEikRFUNpjWxpHpaApZp9L27m5iLsmz8mDT1_BjI3esdtLomfLAUFwUG7rylIOTGrrI6J1RnEmt70e6Q\/s1600\/article_marquinhos.jpg","datePublished":"2014-03-26T00:48:00+00:00","author":{"@id":"https:\/\/psgfans.fr\/#\/schema\/person\/be2237e7a0237af2f29cb344b3c55e6c"},"breadcrumb":{"@id":"https:\/\/psgfans.fr\/?p=847#breadcrumb"},"inLanguage":"fr-FR","potentialAction":[{"@type":"ReadAction","target":["https:\/\/psgfans.fr\/?p=847"]}]},{"@type":"ImageObject","inLanguage":"fr-FR","@id":"https:\/\/psgfans.fr\/?p=847#primaryimage","url":"https:\/\/blogger.googleusercontent.com\/img\/b\/R29vZ2xl\/AVvXsEi-pMjjAlL63LP5j3b2B4d3VdsWQuo87DCwPuVX-BmROx7XYyQWGLDlmqpFqIJHEikRFUNpjWxpHpaApZp9L27m5iLsmz8mDT1_BjI3esdtLomfLAUFwUG7rylIOTGrrI6J1RnEmt70e6Q\/s1600\/article_marquinhos.jpg","contentUrl":"https:\/\/blogger.googleusercontent.com\/img\/b\/R29vZ2xl\/AVvXsEi-pMjjAlL63LP5j3b2B4d3VdsWQuo87DCwPuVX-BmROx7XYyQWGLDlmqpFqIJHEikRFUNpjWxpHpaApZp9L27m5iLsmz8mDT1_BjI3esdtLomfLAUFwUG7rylIOTGrrI6J1RnEmt70e6Q\/s1600\/article_marquinhos.jpg"},{"@type":"BreadcrumbList","@id":"https:\/\/psgfans.fr\/?p=847#breadcrumb","itemListElement":[{"@type":"ListItem","position":1,"name":"Accueil","item":"https:\/\/psgfans.fr\/"},{"@type":"ListItem","position":2,"name":"Marquinhos, un homme transform\u00e9"}]},{"@type":"WebSite","@id":"https:\/\/psgfans.fr\/#website","url":"https:\/\/psgfans.fr\/","name":"PSG FANS","description":"Unit\u00e9, Passion, Victoire : Au C\u0153ur du Paris Saint-Germain!","potentialAction":[{"@type":"SearchAction","target":{"@type":"EntryPoint","urlTemplate":"https:\/\/psgfans.fr\/?s={search_term_string}"},"query-input":{"@type":"PropertyValueSpecification","valueRequired":true,"valueName":"search_term_string"}}],"inLanguage":"fr-FR"},{"@type":"Person","@id":"https:\/\/psgfans.fr\/#\/schema\/person\/be2237e7a0237af2f29cb344b3c55e6c","name":"psgfans","image":{"@type":"ImageObject","inLanguage":"fr-FR","@id":"https:\/\/secure.gravatar.com\/avatar\/?s=96&d=mm&r=g","url":"https:\/\/secure.gravatar.com\/avatar\/?s=96&d=mm&r=g","contentUrl":"https:\/\/secure.gravatar.com\/avatar\/?s=96&d=mm&r=g","caption":"psgfans"},"url":"https:\/\/psgfans.fr\/?author=2"}]}},"_links":{"self":[{"href":"https:\/\/psgfans.fr\/index.php?rest_route=\/wp\/v2\/posts\/847","targetHints":{"allow":["GET"]}}],"collection":[{"href":"https:\/\/psgfans.fr\/index.php?rest_route=\/wp\/v2\/posts"}],"about":[{"href":"https:\/\/psgfans.fr\/index.php?rest_route=\/wp\/v2\/types\/post"}],"author":[{"embeddable":true,"href":"https:\/\/psgfans.fr\/index.php?rest_route=\/wp\/v2\/users\/2"}],"replies":[{"embeddable":true,"href":"https:\/\/psgfans.fr\/index.php?rest_route=%2Fwp%2Fv2%2Fcomments&post=847"}],"version-history":[{"count":0,"href":"https:\/\/psgfans.fr\/index.php?rest_route=\/wp\/v2\/posts\/847\/revisions"}],"wp:attachment":[{"href":"https:\/\/psgfans.fr\/index.php?rest_route=%2Fwp%2Fv2%2Fmedia&parent=847"}],"wp:term":[{"taxonomy":"category","embeddable":true,"href":"https:\/\/psgfans.fr\/index.php?rest_route=%2Fwp%2Fv2%2Fcategories&post=847"},{"taxonomy":"post_tag","embeddable":true,"href":"https:\/\/psgfans.fr\/index.php?rest_route=%2Fwp%2Fv2%2Ftags&post=847"}],"curies":[{"name":"wp","href":"https:\/\/api.w.org\/{rel}","templated":true}]}}