{"id":846,"date":"2014-03-26T01:50:00","date_gmt":"2014-03-26T00:50:00","guid":{"rendered":"https:\/\/psgfans.fr\/?p=846"},"modified":"2014-03-26T01:50:00","modified_gmt":"2014-03-26T00:50:00","slug":"griezmann-au-psg-deja-fait","status":"publish","type":"post","link":"https:\/\/psgfans.fr\/?p=846","title":{"rendered":"Griezmann au PSG, d\u00e9j\u00e0 fait ?"},"content":{"rendered":"<div dir=\"ltr\" style=\"text-align: left;\">\n<div style=\"clear: both; text-align: center;\"><a href=\"https:\/\/blogger.googleusercontent.com\/img\/b\/R29vZ2xl\/AVvXsEgIozthbgO0dkkMO43isgDSYp-3DRmNSpthRITjifpknHkVvKfBE8Do2ocIurxkQ_IlhdToqRRalkOWgTwTXUdKg_m_Ei1oaM_pE5ykqpV_MtKoqsWf-ffjKxR8mJvIz1d8KFNxuMfEQPM\/s1600\/l-attaquant-francais-antoine-griezmann-tout-a-sa-joie_1553575_800x400.jpg\" style=\"margin-left: 1em; margin-right: 1em;\"><img loading=\"lazy\" decoding=\"async\" border=\"0\" src=\"https:\/\/blogger.googleusercontent.com\/img\/b\/R29vZ2xl\/AVvXsEgIozthbgO0dkkMO43isgDSYp-3DRmNSpthRITjifpknHkVvKfBE8Do2ocIurxkQ_IlhdToqRRalkOWgTwTXUdKg_m_Ei1oaM_pE5ykqpV_MtKoqsWf-ffjKxR8mJvIz1d8KFNxuMfEQPM\/s1600\/l-attaquant-francais-antoine-griezmann-tout-a-sa-joie_1553575_800x400.jpg\" height=\"200\" width=\"400\" \/><\/a><\/div>\n<p>Annonc\u00e9 avec insistance depuis de nombreux mois au PSG, Antoine Griezmann, joueur de la Real Sociedad, pourrait rejoindre d\u00e8s cet \u00e9t\u00e9 le club de la capitale. Selon le site espagnol Punto Pelota qui s\u2019appuierait sur des sources internes du club basque, l\u2019international tricolore aurait d\u00e9j\u00e0 donn\u00e9 son accord pour rejoindre Paris cet \u00e9t\u00e9 avec un salaire trois fois sup\u00e9rieur \u00e0 celui qu\u2019il per\u00e7oit actuellement. Les 30 millions d\u2019euros r\u00e9clam\u00e9s par les dirigeants espagnols pour c\u00e9der Griezmann ne seraient en rien r\u00e9dhibitoires pour leurs homologues parisiens, bien d\u00e9cid\u00e9s \u00e0 se l&rsquo;offrir.<\/p>\n<p>Source :&nbsp;.lequipe.fr<\/div>\n","protected":false},"excerpt":{"rendered":"<p>Annonc\u00e9 avec insistance depuis de nombreux mois au PSG, Antoine Griezmann, joueur de la Real Sociedad, pourrait rejoindre d\u00e8s cet \u00e9t\u00e9 le club de la capitale. Selon le site espagnol Punto Pelota qui s\u2019appuierait sur des sources internes du club basque, l\u2019international tricolore aurait d\u00e9j\u00e0 donn\u00e9 son accord pour rejoindre Paris cet \u00e9t\u00e9 avec un [&hellip;]<\/p>\n","protected":false},"author":2,"featured_media":0,"comment_status":"open","ping_status":"open","sticky":false,"template":"","format":"standard","meta":{"footnotes":""},"categories":[3],"tags":[],"class_list":{"0":"post-846","1":"post","2":"type-post","3":"status-publish","4":"format-standard","6":"category-news"},"yoast_head":"<!-- This site is optimized with the Yoast SEO plugin v27.4 - https:\/\/yoast.com\/product\/yoast-seo-wordpress\/ -->\n<title>Griezmann au PSG, d\u00e9j\u00e0 fait ? - PSG FANS<\/title>\n<meta name=\"robots\" content=\"index, follow, max-snippet:-1, max-image-preview:large, max-video-preview:-1\" \/>\n<link rel=\"canonical\" href=\"https:\/\/psgfans.fr\/?p=846\" \/>\n<meta property=\"og:locale\" content=\"fr_FR\" \/>\n<meta property=\"og:type\" content=\"article\" \/>\n<meta property=\"og:title\" content=\"Griezmann au PSG, d\u00e9j\u00e0 fait ? - PSG FANS\" \/>\n<meta property=\"og:description\" content=\"Annonc\u00e9 avec insistance depuis de nombreux mois au PSG, Antoine Griezmann, joueur de la Real Sociedad, pourrait rejoindre d\u00e8s cet \u00e9t\u00e9 le club de la capitale. Selon le site espagnol Punto Pelota qui s\u2019appuierait sur des sources internes du club basque, l\u2019international tricolore aurait d\u00e9j\u00e0 donn\u00e9 son accord pour rejoindre Paris cet \u00e9t\u00e9 avec un [&hellip;]\" \/>\n<meta property=\"og:url\" content=\"https:\/\/psgfans.fr\/?p=846\" \/>\n<meta property=\"og:site_name\" content=\"PSG FANS\" \/>\n<meta property=\"article:published_time\" content=\"2014-03-26T00:50:00+00:00\" \/>\n<meta property=\"og:image\" content=\"https:\/\/blogger.googleusercontent.com\/img\/b\/R29vZ2xl\/AVvXsEgIozthbgO0dkkMO43isgDSYp-3DRmNSpthRITjifpknHkVvKfBE8Do2ocIurxkQ_IlhdToqRRalkOWgTwTXUdKg_m_Ei1oaM_pE5ykqpV_MtKoqsWf-ffjKxR8mJvIz1d8KFNxuMfEQPM\/s1600\/l-attaquant-francais-antoine-griezmann-tout-a-sa-joie_1553575_800x400.jpg\" \/>\n<meta name=\"author\" content=\"psgfans\" \/>\n<meta name=\"twitter:card\" content=\"summary_large_image\" \/>\n<meta name=\"twitter:label1\" content=\"\u00c9crit par\" \/>\n\t<meta name=\"twitter:data1\" content=\"psgfans\" \/>\n\t<meta name=\"twitter:label2\" content=\"Dur\u00e9e de lecture estim\u00e9e\" \/>\n\t<meta name=\"twitter:data2\" content=\"1 minute\" \/>\n<script type=\"application\/ld+json\" class=\"yoast-schema-graph\">{\"@context\":\"https:\\\/\\\/schema.org\",\"@graph\":[{\"@type\":\"Article\",\"@id\":\"https:\\\/\\\/psgfans.fr\\\/?p=846#article\",\"isPartOf\":{\"@id\":\"https:\\\/\\\/psgfans.fr\\\/?p=846\"},\"author\":{\"name\":\"psgfans\",\"@id\":\"https:\\\/\\\/psgfans.fr\\\/#\\\/schema\\\/person\\\/be2237e7a0237af2f29cb344b3c55e6c\"},\"headline\":\"Griezmann au PSG, d\u00e9j\u00e0 fait ?\",\"datePublished\":\"2014-03-26T00:50:00+00:00\",\"mainEntityOfPage\":{\"@id\":\"https:\\\/\\\/psgfans.fr\\\/?p=846\"},\"wordCount\":112,\"commentCount\":0,\"image\":{\"@id\":\"https:\\\/\\\/psgfans.fr\\\/?p=846#primaryimage\"},\"thumbnailUrl\":\"https:\\\/\\\/blogger.googleusercontent.com\\\/img\\\/b\\\/R29vZ2xl\\\/AVvXsEgIozthbgO0dkkMO43isgDSYp-3DRmNSpthRITjifpknHkVvKfBE8Do2ocIurxkQ_IlhdToqRRalkOWgTwTXUdKg_m_Ei1oaM_pE5ykqpV_MtKoqsWf-ffjKxR8mJvIz1d8KFNxuMfEQPM\\\/s1600\\\/l-attaquant-francais-antoine-griezmann-tout-a-sa-joie_1553575_800x400.jpg\",\"articleSection\":[\"News\"],\"inLanguage\":\"fr-FR\",\"potentialAction\":[{\"@type\":\"CommentAction\",\"name\":\"Comment\",\"target\":[\"https:\\\/\\\/psgfans.fr\\\/?p=846#respond\"]}]},{\"@type\":\"WebPage\",\"@id\":\"https:\\\/\\\/psgfans.fr\\\/?p=846\",\"url\":\"https:\\\/\\\/psgfans.fr\\\/?p=846\",\"name\":\"Griezmann au PSG, d\u00e9j\u00e0 fait ? - PSG FANS\",\"isPartOf\":{\"@id\":\"https:\\\/\\\/psgfans.fr\\\/#website\"},\"primaryImageOfPage\":{\"@id\":\"https:\\\/\\\/psgfans.fr\\\/?p=846#primaryimage\"},\"image\":{\"@id\":\"https:\\\/\\\/psgfans.fr\\\/?p=846#primaryimage\"},\"thumbnailUrl\":\"https:\\\/\\\/blogger.googleusercontent.com\\\/img\\\/b\\\/R29vZ2xl\\\/AVvXsEgIozthbgO0dkkMO43isgDSYp-3DRmNSpthRITjifpknHkVvKfBE8Do2ocIurxkQ_IlhdToqRRalkOWgTwTXUdKg_m_Ei1oaM_pE5ykqpV_MtKoqsWf-ffjKxR8mJvIz1d8KFNxuMfEQPM\\\/s1600\\\/l-attaquant-francais-antoine-griezmann-tout-a-sa-joie_1553575_800x400.jpg\",\"datePublished\":\"2014-03-26T00:50:00+00:00\",\"author\":{\"@id\":\"https:\\\/\\\/psgfans.fr\\\/#\\\/schema\\\/person\\\/be2237e7a0237af2f29cb344b3c55e6c\"},\"breadcrumb\":{\"@id\":\"https:\\\/\\\/psgfans.fr\\\/?p=846#breadcrumb\"},\"inLanguage\":\"fr-FR\",\"potentialAction\":[{\"@type\":\"ReadAction\",\"target\":[\"https:\\\/\\\/psgfans.fr\\\/?p=846\"]}]},{\"@type\":\"ImageObject\",\"inLanguage\":\"fr-FR\",\"@id\":\"https:\\\/\\\/psgfans.fr\\\/?p=846#primaryimage\",\"url\":\"https:\\\/\\\/blogger.googleusercontent.com\\\/img\\\/b\\\/R29vZ2xl\\\/AVvXsEgIozthbgO0dkkMO43isgDSYp-3DRmNSpthRITjifpknHkVvKfBE8Do2ocIurxkQ_IlhdToqRRalkOWgTwTXUdKg_m_Ei1oaM_pE5ykqpV_MtKoqsWf-ffjKxR8mJvIz1d8KFNxuMfEQPM\\\/s1600\\\/l-attaquant-francais-antoine-griezmann-tout-a-sa-joie_1553575_800x400.jpg\",\"contentUrl\":\"https:\\\/\\\/blogger.googleusercontent.com\\\/img\\\/b\\\/R29vZ2xl\\\/AVvXsEgIozthbgO0dkkMO43isgDSYp-3DRmNSpthRITjifpknHkVvKfBE8Do2ocIurxkQ_IlhdToqRRalkOWgTwTXUdKg_m_Ei1oaM_pE5ykqpV_MtKoqsWf-ffjKxR8mJvIz1d8KFNxuMfEQPM\\\/s1600\\\/l-attaquant-francais-antoine-griezmann-tout-a-sa-joie_1553575_800x400.jpg\"},{\"@type\":\"BreadcrumbList\",\"@id\":\"https:\\\/\\\/psgfans.fr\\\/?p=846#breadcrumb\",\"itemListElement\":[{\"@type\":\"ListItem\",\"position\":1,\"name\":\"Accueil\",\"item\":\"https:\\\/\\\/psgfans.fr\\\/\"},{\"@type\":\"ListItem\",\"position\":2,\"name\":\"Griezmann au PSG, d\u00e9j\u00e0 fait ?\"}]},{\"@type\":\"WebSite\",\"@id\":\"https:\\\/\\\/psgfans.fr\\\/#website\",\"url\":\"https:\\\/\\\/psgfans.fr\\\/\",\"name\":\"PSG FANS\",\"description\":\"Unit\u00e9, Passion, Victoire : Au C\u0153ur du Paris Saint-Germain!\",\"potentialAction\":[{\"@type\":\"SearchAction\",\"target\":{\"@type\":\"EntryPoint\",\"urlTemplate\":\"https:\\\/\\\/psgfans.fr\\\/?s={search_term_string}\"},\"query-input\":{\"@type\":\"PropertyValueSpecification\",\"valueRequired\":true,\"valueName\":\"search_term_string\"}}],\"inLanguage\":\"fr-FR\"},{\"@type\":\"Person\",\"@id\":\"https:\\\/\\\/psgfans.fr\\\/#\\\/schema\\\/person\\\/be2237e7a0237af2f29cb344b3c55e6c\",\"name\":\"psgfans\",\"image\":{\"@type\":\"ImageObject\",\"inLanguage\":\"fr-FR\",\"@id\":\"https:\\\/\\\/secure.gravatar.com\\\/avatar\\\/?s=96&d=mm&r=g\",\"url\":\"https:\\\/\\\/secure.gravatar.com\\\/avatar\\\/?s=96&d=mm&r=g\",\"contentUrl\":\"https:\\\/\\\/secure.gravatar.com\\\/avatar\\\/?s=96&d=mm&r=g\",\"caption\":\"psgfans\"},\"url\":\"https:\\\/\\\/psgfans.fr\\\/?author=2\"}]}<\/script>\n<!-- \/ Yoast SEO plugin. -->","yoast_head_json":{"title":"Griezmann au PSG, d\u00e9j\u00e0 fait ? - PSG FANS","robots":{"index":"index","follow":"follow","max-snippet":"max-snippet:-1","max-image-preview":"max-image-preview:large","max-video-preview":"max-video-preview:-1"},"canonical":"https:\/\/psgfans.fr\/?p=846","og_locale":"fr_FR","og_type":"article","og_title":"Griezmann au PSG, d\u00e9j\u00e0 fait ? - PSG FANS","og_description":"Annonc\u00e9 avec insistance depuis de nombreux mois au PSG, Antoine Griezmann, joueur de la Real Sociedad, pourrait rejoindre d\u00e8s cet \u00e9t\u00e9 le club de la capitale. Selon le site espagnol Punto Pelota qui s\u2019appuierait sur des sources internes du club basque, l\u2019international tricolore aurait d\u00e9j\u00e0 donn\u00e9 son accord pour rejoindre Paris cet \u00e9t\u00e9 avec un [&hellip;]","og_url":"https:\/\/psgfans.fr\/?p=846","og_site_name":"PSG FANS","article_published_time":"2014-03-26T00:50:00+00:00","og_image":[{"url":"https:\/\/blogger.googleusercontent.com\/img\/b\/R29vZ2xl\/AVvXsEgIozthbgO0dkkMO43isgDSYp-3DRmNSpthRITjifpknHkVvKfBE8Do2ocIurxkQ_IlhdToqRRalkOWgTwTXUdKg_m_Ei1oaM_pE5ykqpV_MtKoqsWf-ffjKxR8mJvIz1d8KFNxuMfEQPM\/s1600\/l-attaquant-francais-antoine-griezmann-tout-a-sa-joie_1553575_800x400.jpg","type":"","width":"","height":""}],"author":"psgfans","twitter_card":"summary_large_image","twitter_misc":{"\u00c9crit par":"psgfans","Dur\u00e9e de lecture estim\u00e9e":"1 minute"},"schema":{"@context":"https:\/\/schema.org","@graph":[{"@type":"Article","@id":"https:\/\/psgfans.fr\/?p=846#article","isPartOf":{"@id":"https:\/\/psgfans.fr\/?p=846"},"author":{"name":"psgfans","@id":"https:\/\/psgfans.fr\/#\/schema\/person\/be2237e7a0237af2f29cb344b3c55e6c"},"headline":"Griezmann au PSG, d\u00e9j\u00e0 fait ?","datePublished":"2014-03-26T00:50:00+00:00","mainEntityOfPage":{"@id":"https:\/\/psgfans.fr\/?p=846"},"wordCount":112,"commentCount":0,"image":{"@id":"https:\/\/psgfans.fr\/?p=846#primaryimage"},"thumbnailUrl":"https:\/\/blogger.googleusercontent.com\/img\/b\/R29vZ2xl\/AVvXsEgIozthbgO0dkkMO43isgDSYp-3DRmNSpthRITjifpknHkVvKfBE8Do2ocIurxkQ_IlhdToqRRalkOWgTwTXUdKg_m_Ei1oaM_pE5ykqpV_MtKoqsWf-ffjKxR8mJvIz1d8KFNxuMfEQPM\/s1600\/l-attaquant-francais-antoine-griezmann-tout-a-sa-joie_1553575_800x400.jpg","articleSection":["News"],"inLanguage":"fr-FR","potentialAction":[{"@type":"CommentAction","name":"Comment","target":["https:\/\/psgfans.fr\/?p=846#respond"]}]},{"@type":"WebPage","@id":"https:\/\/psgfans.fr\/?p=846","url":"https:\/\/psgfans.fr\/?p=846","name":"Griezmann au PSG, d\u00e9j\u00e0 fait ? - PSG FANS","isPartOf":{"@id":"https:\/\/psgfans.fr\/#website"},"primaryImageOfPage":{"@id":"https:\/\/psgfans.fr\/?p=846#primaryimage"},"image":{"@id":"https:\/\/psgfans.fr\/?p=846#primaryimage"},"thumbnailUrl":"https:\/\/blogger.googleusercontent.com\/img\/b\/R29vZ2xl\/AVvXsEgIozthbgO0dkkMO43isgDSYp-3DRmNSpthRITjifpknHkVvKfBE8Do2ocIurxkQ_IlhdToqRRalkOWgTwTXUdKg_m_Ei1oaM_pE5ykqpV_MtKoqsWf-ffjKxR8mJvIz1d8KFNxuMfEQPM\/s1600\/l-attaquant-francais-antoine-griezmann-tout-a-sa-joie_1553575_800x400.jpg","datePublished":"2014-03-26T00:50:00+00:00","author":{"@id":"https:\/\/psgfans.fr\/#\/schema\/person\/be2237e7a0237af2f29cb344b3c55e6c"},"breadcrumb":{"@id":"https:\/\/psgfans.fr\/?p=846#breadcrumb"},"inLanguage":"fr-FR","potentialAction":[{"@type":"ReadAction","target":["https:\/\/psgfans.fr\/?p=846"]}]},{"@type":"ImageObject","inLanguage":"fr-FR","@id":"https:\/\/psgfans.fr\/?p=846#primaryimage","url":"https:\/\/blogger.googleusercontent.com\/img\/b\/R29vZ2xl\/AVvXsEgIozthbgO0dkkMO43isgDSYp-3DRmNSpthRITjifpknHkVvKfBE8Do2ocIurxkQ_IlhdToqRRalkOWgTwTXUdKg_m_Ei1oaM_pE5ykqpV_MtKoqsWf-ffjKxR8mJvIz1d8KFNxuMfEQPM\/s1600\/l-attaquant-francais-antoine-griezmann-tout-a-sa-joie_1553575_800x400.jpg","contentUrl":"https:\/\/blogger.googleusercontent.com\/img\/b\/R29vZ2xl\/AVvXsEgIozthbgO0dkkMO43isgDSYp-3DRmNSpthRITjifpknHkVvKfBE8Do2ocIurxkQ_IlhdToqRRalkOWgTwTXUdKg_m_Ei1oaM_pE5ykqpV_MtKoqsWf-ffjKxR8mJvIz1d8KFNxuMfEQPM\/s1600\/l-attaquant-francais-antoine-griezmann-tout-a-sa-joie_1553575_800x400.jpg"},{"@type":"BreadcrumbList","@id":"https:\/\/psgfans.fr\/?p=846#breadcrumb","itemListElement":[{"@type":"ListItem","position":1,"name":"Accueil","item":"https:\/\/psgfans.fr\/"},{"@type":"ListItem","position":2,"name":"Griezmann au PSG, d\u00e9j\u00e0 fait ?"}]},{"@type":"WebSite","@id":"https:\/\/psgfans.fr\/#website","url":"https:\/\/psgfans.fr\/","name":"PSG FANS","description":"Unit\u00e9, Passion, Victoire : Au C\u0153ur du Paris Saint-Germain!","potentialAction":[{"@type":"SearchAction","target":{"@type":"EntryPoint","urlTemplate":"https:\/\/psgfans.fr\/?s={search_term_string}"},"query-input":{"@type":"PropertyValueSpecification","valueRequired":true,"valueName":"search_term_string"}}],"inLanguage":"fr-FR"},{"@type":"Person","@id":"https:\/\/psgfans.fr\/#\/schema\/person\/be2237e7a0237af2f29cb344b3c55e6c","name":"psgfans","image":{"@type":"ImageObject","inLanguage":"fr-FR","@id":"https:\/\/secure.gravatar.com\/avatar\/?s=96&d=mm&r=g","url":"https:\/\/secure.gravatar.com\/avatar\/?s=96&d=mm&r=g","contentUrl":"https:\/\/secure.gravatar.com\/avatar\/?s=96&d=mm&r=g","caption":"psgfans"},"url":"https:\/\/psgfans.fr\/?author=2"}]}},"_links":{"self":[{"href":"https:\/\/psgfans.fr\/index.php?rest_route=\/wp\/v2\/posts\/846","targetHints":{"allow":["GET"]}}],"collection":[{"href":"https:\/\/psgfans.fr\/index.php?rest_route=\/wp\/v2\/posts"}],"about":[{"href":"https:\/\/psgfans.fr\/index.php?rest_route=\/wp\/v2\/types\/post"}],"author":[{"embeddable":true,"href":"https:\/\/psgfans.fr\/index.php?rest_route=\/wp\/v2\/users\/2"}],"replies":[{"embeddable":true,"href":"https:\/\/psgfans.fr\/index.php?rest_route=%2Fwp%2Fv2%2Fcomments&post=846"}],"version-history":[{"count":0,"href":"https:\/\/psgfans.fr\/index.php?rest_route=\/wp\/v2\/posts\/846\/revisions"}],"wp:attachment":[{"href":"https:\/\/psgfans.fr\/index.php?rest_route=%2Fwp%2Fv2%2Fmedia&parent=846"}],"wp:term":[{"taxonomy":"category","embeddable":true,"href":"https:\/\/psgfans.fr\/index.php?rest_route=%2Fwp%2Fv2%2Fcategories&post=846"},{"taxonomy":"post_tag","embeddable":true,"href":"https:\/\/psgfans.fr\/index.php?rest_route=%2Fwp%2Fv2%2Ftags&post=846"}],"curies":[{"name":"wp","href":"https:\/\/api.w.org\/{rel}","templated":true}]}}