{"id":842,"date":"2014-03-26T02:01:00","date_gmt":"2014-03-26T01:01:00","guid":{"rendered":"https:\/\/psgfans.fr\/?p=842"},"modified":"2014-03-26T02:01:00","modified_gmt":"2014-03-26T01:01:00","slug":"mercato-psg-tout-comme-messi-le-psg-aimerait-attirer-cristiano-ronaldo","status":"publish","type":"post","link":"https:\/\/psgfans.fr\/?p=842","title":{"rendered":"Mercato &#8211; PSG : \u00abTout comme Messi, le PSG aimerait attirer Cristiano Ronaldo\u2026\u00bb"},"content":{"rendered":"<div dir=\"ltr\" style=\"text-align: left;\">\n<div style=\"clear: both; text-align: center;\"><a href=\"https:\/\/blogger.googleusercontent.com\/img\/b\/R29vZ2xl\/AVvXsEiUkLIM_8GUUPP_0Yra1ivdKcNiWLn-7R7mWyGdiI3TX-JirHYSBGZp08WeoxPcPcnMxXJ8EfTYE0kbWitqEEluK0oV_VDP8H8eHEX2WMn-dddDoEFkFkpSFxAXi7zK-egF-UuTPqwFKhs\/s1600\/98355-large.jpg\" style=\"margin-left: 1em; margin-right: 1em;\"><img loading=\"lazy\" decoding=\"async\" border=\"0\" src=\"https:\/\/blogger.googleusercontent.com\/img\/b\/R29vZ2xl\/AVvXsEiUkLIM_8GUUPP_0Yra1ivdKcNiWLn-7R7mWyGdiI3TX-JirHYSBGZp08WeoxPcPcnMxXJ8EfTYE0kbWitqEEluK0oV_VDP8H8eHEX2WMn-dddDoEFkFkpSFxAXi7zK-egF-UuTPqwFKhs\/s1600\/98355-large.jpg\" height=\"257\" width=\"400\" \/><\/a><\/div>\n<p><b><br \/><\/b><b>Annonc\u00e9s dans le collimateur du PSG, Lionel Messi et Cristiano Ronaldo font bien partie des objectifs de Nasser Al-Khela\u00effi sur le long terme. Toutefois, il devrait \u00eatre compliqu\u00e9 d\u2019en voir un d\u00e9barquer d\u00e8s le prochain mercato estival \u00e0 Paris\u2026<\/b><\/p>\n<p>Comme Le 10 Sport vous l\u2019avait annonc\u00e9 en exclusivit\u00e9, le PSG r\u00eave toujours de s\u2019offrir Lionel Messi et Cristiano Ronaldo afin de franchir un nouveau pallier dans la construction de son grand projet. N\u00e9anmoins, les buteurs du FC Barcelone et du Real Madrid ne seront pas simples \u00e0 d\u00e9loger de la part du club de la capitale dans un avenir proche.<\/p>\n<p>\u00ab PARIS EN R\u00caVE \u00bb<br \/>\u00c0 l\u2019occasion d\u2019un chat organis\u00e9 par Le Parisien ce lundi, la journaliste Sylvie de Macedo a fait le point dans un premier temps sur le dossier Lionel Messi au PSG : \u00ab Le pr\u00e9sident du PSG a souvent r\u00e9p\u00e9t\u00e9 qu&rsquo;il n&rsquo;y avait aucun contact officiel pour un transfert de Messi. M\u00eame si Paris en r\u00eave, je ne pense pas que ce soit faisable pour cet \u00e9t\u00e9 \u00bb, pr\u00e9cisant donc que le buteur argentin du Bar\u00e7a ne devrait pas d\u00e9barquer lors du prochain mercato, mais qu&rsquo;il pourrait demeurer une option plausible sur le long terme.<\/p>\n<p>CR7, LA M\u00caME HISTOIRE<br \/>Elle poursuit ensuite sur la piste Cristiano Ronaldo : \u00ab Tout est envisageable mais cela semble pr\u00e9matur\u00e9. Tout comme Messi, le PSG aimerait attirer les services du Portugais. Mais avec le fair-play financier notamment, cela limite ses possibilit\u00e9s \u00bb. Reste \u00e0 savoir si l\u2019attaquant du Real Madrid se montrera int\u00e9ress\u00e9 par le projet du PSG.<\/p>\n<p>Source : le10sport.com<\/p><\/div>\n","protected":false},"excerpt":{"rendered":"<p>Annonc\u00e9s dans le collimateur du PSG, Lionel Messi et Cristiano Ronaldo font bien partie des objectifs de Nasser Al-Khela\u00effi sur le long terme. Toutefois, il devrait \u00eatre compliqu\u00e9 d\u2019en voir un d\u00e9barquer d\u00e8s le prochain mercato estival \u00e0 Paris\u2026 Comme Le 10 Sport vous l\u2019avait annonc\u00e9 en exclusivit\u00e9, le PSG r\u00eave toujours de s\u2019offrir Lionel [&hellip;]<\/p>\n","protected":false},"author":2,"featured_media":0,"comment_status":"open","ping_status":"open","sticky":false,"template":"","format":"standard","meta":{"footnotes":""},"categories":[3],"tags":[],"class_list":{"0":"post-842","1":"post","2":"type-post","3":"status-publish","4":"format-standard","6":"category-news"},"yoast_head":"<!-- This site is optimized with the Yoast SEO plugin v27.4 - https:\/\/yoast.com\/product\/yoast-seo-wordpress\/ -->\n<title>Mercato - PSG : \u00abTout comme Messi, le PSG aimerait attirer Cristiano Ronaldo\u2026\u00bb - PSG FANS<\/title>\n<meta name=\"robots\" content=\"index, follow, max-snippet:-1, max-image-preview:large, max-video-preview:-1\" \/>\n<link rel=\"canonical\" href=\"https:\/\/psgfans.fr\/?p=842\" \/>\n<meta property=\"og:locale\" content=\"fr_FR\" \/>\n<meta property=\"og:type\" content=\"article\" \/>\n<meta property=\"og:title\" content=\"Mercato - PSG : \u00abTout comme Messi, le PSG aimerait attirer Cristiano Ronaldo\u2026\u00bb - PSG FANS\" \/>\n<meta property=\"og:description\" content=\"Annonc\u00e9s dans le collimateur du PSG, Lionel Messi et Cristiano Ronaldo font bien partie des objectifs de Nasser Al-Khela\u00effi sur le long terme. Toutefois, il devrait \u00eatre compliqu\u00e9 d\u2019en voir un d\u00e9barquer d\u00e8s le prochain mercato estival \u00e0 Paris\u2026 Comme Le 10 Sport vous l\u2019avait annonc\u00e9 en exclusivit\u00e9, le PSG r\u00eave toujours de s\u2019offrir Lionel [&hellip;]\" \/>\n<meta property=\"og:url\" content=\"https:\/\/psgfans.fr\/?p=842\" \/>\n<meta property=\"og:site_name\" content=\"PSG FANS\" \/>\n<meta property=\"article:published_time\" content=\"2014-03-26T01:01:00+00:00\" \/>\n<meta property=\"og:image\" content=\"https:\/\/blogger.googleusercontent.com\/img\/b\/R29vZ2xl\/AVvXsEiUkLIM_8GUUPP_0Yra1ivdKcNiWLn-7R7mWyGdiI3TX-JirHYSBGZp08WeoxPcPcnMxXJ8EfTYE0kbWitqEEluK0oV_VDP8H8eHEX2WMn-dddDoEFkFkpSFxAXi7zK-egF-UuTPqwFKhs\/s1600\/98355-large.jpg\" \/>\n<meta name=\"author\" content=\"psgfans\" \/>\n<meta name=\"twitter:card\" content=\"summary_large_image\" \/>\n<meta name=\"twitter:label1\" content=\"\u00c9crit par\" \/>\n\t<meta name=\"twitter:data1\" content=\"psgfans\" \/>\n\t<meta name=\"twitter:label2\" content=\"Dur\u00e9e de lecture estim\u00e9e\" \/>\n\t<meta name=\"twitter:data2\" content=\"1 minute\" \/>\n<script type=\"application\/ld+json\" class=\"yoast-schema-graph\">{\"@context\":\"https:\\\/\\\/schema.org\",\"@graph\":[{\"@type\":\"Article\",\"@id\":\"https:\\\/\\\/psgfans.fr\\\/?p=842#article\",\"isPartOf\":{\"@id\":\"https:\\\/\\\/psgfans.fr\\\/?p=842\"},\"author\":{\"name\":\"psgfans\",\"@id\":\"https:\\\/\\\/psgfans.fr\\\/#\\\/schema\\\/person\\\/be2237e7a0237af2f29cb344b3c55e6c\"},\"headline\":\"Mercato &#8211; PSG : \u00abTout comme Messi, le PSG aimerait attirer Cristiano Ronaldo\u2026\u00bb\",\"datePublished\":\"2014-03-26T01:01:00+00:00\",\"mainEntityOfPage\":{\"@id\":\"https:\\\/\\\/psgfans.fr\\\/?p=842\"},\"wordCount\":289,\"commentCount\":0,\"image\":{\"@id\":\"https:\\\/\\\/psgfans.fr\\\/?p=842#primaryimage\"},\"thumbnailUrl\":\"https:\\\/\\\/blogger.googleusercontent.com\\\/img\\\/b\\\/R29vZ2xl\\\/AVvXsEiUkLIM_8GUUPP_0Yra1ivdKcNiWLn-7R7mWyGdiI3TX-JirHYSBGZp08WeoxPcPcnMxXJ8EfTYE0kbWitqEEluK0oV_VDP8H8eHEX2WMn-dddDoEFkFkpSFxAXi7zK-egF-UuTPqwFKhs\\\/s1600\\\/98355-large.jpg\",\"articleSection\":[\"News\"],\"inLanguage\":\"fr-FR\",\"potentialAction\":[{\"@type\":\"CommentAction\",\"name\":\"Comment\",\"target\":[\"https:\\\/\\\/psgfans.fr\\\/?p=842#respond\"]}]},{\"@type\":\"WebPage\",\"@id\":\"https:\\\/\\\/psgfans.fr\\\/?p=842\",\"url\":\"https:\\\/\\\/psgfans.fr\\\/?p=842\",\"name\":\"Mercato - PSG : \u00abTout comme Messi, le PSG aimerait attirer Cristiano Ronaldo\u2026\u00bb - PSG FANS\",\"isPartOf\":{\"@id\":\"https:\\\/\\\/psgfans.fr\\\/#website\"},\"primaryImageOfPage\":{\"@id\":\"https:\\\/\\\/psgfans.fr\\\/?p=842#primaryimage\"},\"image\":{\"@id\":\"https:\\\/\\\/psgfans.fr\\\/?p=842#primaryimage\"},\"thumbnailUrl\":\"https:\\\/\\\/blogger.googleusercontent.com\\\/img\\\/b\\\/R29vZ2xl\\\/AVvXsEiUkLIM_8GUUPP_0Yra1ivdKcNiWLn-7R7mWyGdiI3TX-JirHYSBGZp08WeoxPcPcnMxXJ8EfTYE0kbWitqEEluK0oV_VDP8H8eHEX2WMn-dddDoEFkFkpSFxAXi7zK-egF-UuTPqwFKhs\\\/s1600\\\/98355-large.jpg\",\"datePublished\":\"2014-03-26T01:01:00+00:00\",\"author\":{\"@id\":\"https:\\\/\\\/psgfans.fr\\\/#\\\/schema\\\/person\\\/be2237e7a0237af2f29cb344b3c55e6c\"},\"breadcrumb\":{\"@id\":\"https:\\\/\\\/psgfans.fr\\\/?p=842#breadcrumb\"},\"inLanguage\":\"fr-FR\",\"potentialAction\":[{\"@type\":\"ReadAction\",\"target\":[\"https:\\\/\\\/psgfans.fr\\\/?p=842\"]}]},{\"@type\":\"ImageObject\",\"inLanguage\":\"fr-FR\",\"@id\":\"https:\\\/\\\/psgfans.fr\\\/?p=842#primaryimage\",\"url\":\"https:\\\/\\\/blogger.googleusercontent.com\\\/img\\\/b\\\/R29vZ2xl\\\/AVvXsEiUkLIM_8GUUPP_0Yra1ivdKcNiWLn-7R7mWyGdiI3TX-JirHYSBGZp08WeoxPcPcnMxXJ8EfTYE0kbWitqEEluK0oV_VDP8H8eHEX2WMn-dddDoEFkFkpSFxAXi7zK-egF-UuTPqwFKhs\\\/s1600\\\/98355-large.jpg\",\"contentUrl\":\"https:\\\/\\\/blogger.googleusercontent.com\\\/img\\\/b\\\/R29vZ2xl\\\/AVvXsEiUkLIM_8GUUPP_0Yra1ivdKcNiWLn-7R7mWyGdiI3TX-JirHYSBGZp08WeoxPcPcnMxXJ8EfTYE0kbWitqEEluK0oV_VDP8H8eHEX2WMn-dddDoEFkFkpSFxAXi7zK-egF-UuTPqwFKhs\\\/s1600\\\/98355-large.jpg\"},{\"@type\":\"BreadcrumbList\",\"@id\":\"https:\\\/\\\/psgfans.fr\\\/?p=842#breadcrumb\",\"itemListElement\":[{\"@type\":\"ListItem\",\"position\":1,\"name\":\"Accueil\",\"item\":\"https:\\\/\\\/psgfans.fr\\\/\"},{\"@type\":\"ListItem\",\"position\":2,\"name\":\"Mercato &#8211; PSG : \u00abTout comme Messi, le PSG aimerait attirer Cristiano Ronaldo\u2026\u00bb\"}]},{\"@type\":\"WebSite\",\"@id\":\"https:\\\/\\\/psgfans.fr\\\/#website\",\"url\":\"https:\\\/\\\/psgfans.fr\\\/\",\"name\":\"PSG FANS\",\"description\":\"Unit\u00e9, Passion, Victoire : Au C\u0153ur du Paris Saint-Germain!\",\"potentialAction\":[{\"@type\":\"SearchAction\",\"target\":{\"@type\":\"EntryPoint\",\"urlTemplate\":\"https:\\\/\\\/psgfans.fr\\\/?s={search_term_string}\"},\"query-input\":{\"@type\":\"PropertyValueSpecification\",\"valueRequired\":true,\"valueName\":\"search_term_string\"}}],\"inLanguage\":\"fr-FR\"},{\"@type\":\"Person\",\"@id\":\"https:\\\/\\\/psgfans.fr\\\/#\\\/schema\\\/person\\\/be2237e7a0237af2f29cb344b3c55e6c\",\"name\":\"psgfans\",\"image\":{\"@type\":\"ImageObject\",\"inLanguage\":\"fr-FR\",\"@id\":\"https:\\\/\\\/secure.gravatar.com\\\/avatar\\\/?s=96&d=mm&r=g\",\"url\":\"https:\\\/\\\/secure.gravatar.com\\\/avatar\\\/?s=96&d=mm&r=g\",\"contentUrl\":\"https:\\\/\\\/secure.gravatar.com\\\/avatar\\\/?s=96&d=mm&r=g\",\"caption\":\"psgfans\"},\"url\":\"https:\\\/\\\/psgfans.fr\\\/?author=2\"}]}<\/script>\n<!-- \/ Yoast SEO plugin. -->","yoast_head_json":{"title":"Mercato - PSG : \u00abTout comme Messi, le PSG aimerait attirer Cristiano Ronaldo\u2026\u00bb - PSG FANS","robots":{"index":"index","follow":"follow","max-snippet":"max-snippet:-1","max-image-preview":"max-image-preview:large","max-video-preview":"max-video-preview:-1"},"canonical":"https:\/\/psgfans.fr\/?p=842","og_locale":"fr_FR","og_type":"article","og_title":"Mercato - PSG : \u00abTout comme Messi, le PSG aimerait attirer Cristiano Ronaldo\u2026\u00bb - PSG FANS","og_description":"Annonc\u00e9s dans le collimateur du PSG, Lionel Messi et Cristiano Ronaldo font bien partie des objectifs de Nasser Al-Khela\u00effi sur le long terme. Toutefois, il devrait \u00eatre compliqu\u00e9 d\u2019en voir un d\u00e9barquer d\u00e8s le prochain mercato estival \u00e0 Paris\u2026 Comme Le 10 Sport vous l\u2019avait annonc\u00e9 en exclusivit\u00e9, le PSG r\u00eave toujours de s\u2019offrir Lionel [&hellip;]","og_url":"https:\/\/psgfans.fr\/?p=842","og_site_name":"PSG FANS","article_published_time":"2014-03-26T01:01:00+00:00","og_image":[{"url":"https:\/\/blogger.googleusercontent.com\/img\/b\/R29vZ2xl\/AVvXsEiUkLIM_8GUUPP_0Yra1ivdKcNiWLn-7R7mWyGdiI3TX-JirHYSBGZp08WeoxPcPcnMxXJ8EfTYE0kbWitqEEluK0oV_VDP8H8eHEX2WMn-dddDoEFkFkpSFxAXi7zK-egF-UuTPqwFKhs\/s1600\/98355-large.jpg","type":"","width":"","height":""}],"author":"psgfans","twitter_card":"summary_large_image","twitter_misc":{"\u00c9crit par":"psgfans","Dur\u00e9e de lecture estim\u00e9e":"1 minute"},"schema":{"@context":"https:\/\/schema.org","@graph":[{"@type":"Article","@id":"https:\/\/psgfans.fr\/?p=842#article","isPartOf":{"@id":"https:\/\/psgfans.fr\/?p=842"},"author":{"name":"psgfans","@id":"https:\/\/psgfans.fr\/#\/schema\/person\/be2237e7a0237af2f29cb344b3c55e6c"},"headline":"Mercato &#8211; PSG : \u00abTout comme Messi, le PSG aimerait attirer Cristiano Ronaldo\u2026\u00bb","datePublished":"2014-03-26T01:01:00+00:00","mainEntityOfPage":{"@id":"https:\/\/psgfans.fr\/?p=842"},"wordCount":289,"commentCount":0,"image":{"@id":"https:\/\/psgfans.fr\/?p=842#primaryimage"},"thumbnailUrl":"https:\/\/blogger.googleusercontent.com\/img\/b\/R29vZ2xl\/AVvXsEiUkLIM_8GUUPP_0Yra1ivdKcNiWLn-7R7mWyGdiI3TX-JirHYSBGZp08WeoxPcPcnMxXJ8EfTYE0kbWitqEEluK0oV_VDP8H8eHEX2WMn-dddDoEFkFkpSFxAXi7zK-egF-UuTPqwFKhs\/s1600\/98355-large.jpg","articleSection":["News"],"inLanguage":"fr-FR","potentialAction":[{"@type":"CommentAction","name":"Comment","target":["https:\/\/psgfans.fr\/?p=842#respond"]}]},{"@type":"WebPage","@id":"https:\/\/psgfans.fr\/?p=842","url":"https:\/\/psgfans.fr\/?p=842","name":"Mercato - PSG : \u00abTout comme Messi, le PSG aimerait attirer Cristiano Ronaldo\u2026\u00bb - PSG FANS","isPartOf":{"@id":"https:\/\/psgfans.fr\/#website"},"primaryImageOfPage":{"@id":"https:\/\/psgfans.fr\/?p=842#primaryimage"},"image":{"@id":"https:\/\/psgfans.fr\/?p=842#primaryimage"},"thumbnailUrl":"https:\/\/blogger.googleusercontent.com\/img\/b\/R29vZ2xl\/AVvXsEiUkLIM_8GUUPP_0Yra1ivdKcNiWLn-7R7mWyGdiI3TX-JirHYSBGZp08WeoxPcPcnMxXJ8EfTYE0kbWitqEEluK0oV_VDP8H8eHEX2WMn-dddDoEFkFkpSFxAXi7zK-egF-UuTPqwFKhs\/s1600\/98355-large.jpg","datePublished":"2014-03-26T01:01:00+00:00","author":{"@id":"https:\/\/psgfans.fr\/#\/schema\/person\/be2237e7a0237af2f29cb344b3c55e6c"},"breadcrumb":{"@id":"https:\/\/psgfans.fr\/?p=842#breadcrumb"},"inLanguage":"fr-FR","potentialAction":[{"@type":"ReadAction","target":["https:\/\/psgfans.fr\/?p=842"]}]},{"@type":"ImageObject","inLanguage":"fr-FR","@id":"https:\/\/psgfans.fr\/?p=842#primaryimage","url":"https:\/\/blogger.googleusercontent.com\/img\/b\/R29vZ2xl\/AVvXsEiUkLIM_8GUUPP_0Yra1ivdKcNiWLn-7R7mWyGdiI3TX-JirHYSBGZp08WeoxPcPcnMxXJ8EfTYE0kbWitqEEluK0oV_VDP8H8eHEX2WMn-dddDoEFkFkpSFxAXi7zK-egF-UuTPqwFKhs\/s1600\/98355-large.jpg","contentUrl":"https:\/\/blogger.googleusercontent.com\/img\/b\/R29vZ2xl\/AVvXsEiUkLIM_8GUUPP_0Yra1ivdKcNiWLn-7R7mWyGdiI3TX-JirHYSBGZp08WeoxPcPcnMxXJ8EfTYE0kbWitqEEluK0oV_VDP8H8eHEX2WMn-dddDoEFkFkpSFxAXi7zK-egF-UuTPqwFKhs\/s1600\/98355-large.jpg"},{"@type":"BreadcrumbList","@id":"https:\/\/psgfans.fr\/?p=842#breadcrumb","itemListElement":[{"@type":"ListItem","position":1,"name":"Accueil","item":"https:\/\/psgfans.fr\/"},{"@type":"ListItem","position":2,"name":"Mercato &#8211; PSG : \u00abTout comme Messi, le PSG aimerait attirer Cristiano Ronaldo\u2026\u00bb"}]},{"@type":"WebSite","@id":"https:\/\/psgfans.fr\/#website","url":"https:\/\/psgfans.fr\/","name":"PSG FANS","description":"Unit\u00e9, Passion, Victoire : Au C\u0153ur du Paris Saint-Germain!","potentialAction":[{"@type":"SearchAction","target":{"@type":"EntryPoint","urlTemplate":"https:\/\/psgfans.fr\/?s={search_term_string}"},"query-input":{"@type":"PropertyValueSpecification","valueRequired":true,"valueName":"search_term_string"}}],"inLanguage":"fr-FR"},{"@type":"Person","@id":"https:\/\/psgfans.fr\/#\/schema\/person\/be2237e7a0237af2f29cb344b3c55e6c","name":"psgfans","image":{"@type":"ImageObject","inLanguage":"fr-FR","@id":"https:\/\/secure.gravatar.com\/avatar\/?s=96&d=mm&r=g","url":"https:\/\/secure.gravatar.com\/avatar\/?s=96&d=mm&r=g","contentUrl":"https:\/\/secure.gravatar.com\/avatar\/?s=96&d=mm&r=g","caption":"psgfans"},"url":"https:\/\/psgfans.fr\/?author=2"}]}},"_links":{"self":[{"href":"https:\/\/psgfans.fr\/index.php?rest_route=\/wp\/v2\/posts\/842","targetHints":{"allow":["GET"]}}],"collection":[{"href":"https:\/\/psgfans.fr\/index.php?rest_route=\/wp\/v2\/posts"}],"about":[{"href":"https:\/\/psgfans.fr\/index.php?rest_route=\/wp\/v2\/types\/post"}],"author":[{"embeddable":true,"href":"https:\/\/psgfans.fr\/index.php?rest_route=\/wp\/v2\/users\/2"}],"replies":[{"embeddable":true,"href":"https:\/\/psgfans.fr\/index.php?rest_route=%2Fwp%2Fv2%2Fcomments&post=842"}],"version-history":[{"count":0,"href":"https:\/\/psgfans.fr\/index.php?rest_route=\/wp\/v2\/posts\/842\/revisions"}],"wp:attachment":[{"href":"https:\/\/psgfans.fr\/index.php?rest_route=%2Fwp%2Fv2%2Fmedia&parent=842"}],"wp:term":[{"taxonomy":"category","embeddable":true,"href":"https:\/\/psgfans.fr\/index.php?rest_route=%2Fwp%2Fv2%2Fcategories&post=842"},{"taxonomy":"post_tag","embeddable":true,"href":"https:\/\/psgfans.fr\/index.php?rest_route=%2Fwp%2Fv2%2Ftags&post=842"}],"curies":[{"name":"wp","href":"https:\/\/api.w.org\/{rel}","templated":true}]}}