{"id":839,"date":"2014-03-28T05:36:00","date_gmt":"2014-03-28T04:36:00","guid":{"rendered":"https:\/\/psgfans.fr\/?p=839"},"modified":"2014-03-28T05:36:00","modified_gmt":"2014-03-28T04:36:00","slug":"mourinho-pourquoi-pas-entrainer-le-psg","status":"publish","type":"post","link":"https:\/\/psgfans.fr\/?p=839","title":{"rendered":"Mourinho : \u00abPourquoi pas entra\u00eener le PSG\u00bb"},"content":{"rendered":"<div style=\"clear: both; text-align: center;\"><a href=\"https:\/\/blogger.googleusercontent.com\/img\/b\/R29vZ2xl\/AVvXsEji2qfntSe5xrpZ1BrYpMg8-QWuN2QBYNvx_wN-rNesQ4hVCA6c3fxM99ZnWR1wT7rZ9lP-27By92RrWzBwJNmmIE5gTaywWtPrqLRgPXoZhMDPaTz1O2AuOTthgXZlnA3TKSn_wpmUY48\/s1600\/67nxmMxNL0g.jpg\" style=\"margin-left: 1em; margin-right: 1em;\"><img loading=\"lazy\" decoding=\"async\" border=\"0\" src=\"https:\/\/blogger.googleusercontent.com\/img\/b\/R29vZ2xl\/AVvXsEji2qfntSe5xrpZ1BrYpMg8-QWuN2QBYNvx_wN-rNesQ4hVCA6c3fxM99ZnWR1wT7rZ9lP-27By92RrWzBwJNmmIE5gTaywWtPrqLRgPXoZhMDPaTz1O2AuOTthgXZlnA3TKSn_wpmUY48\/s1600\/67nxmMxNL0g.jpg\" height=\"253\" width=\"400\" \/><\/a><\/div>\n<p><b>&nbsp;Jos\u00e9 Mourinho, le manager de Chelsea, a livr\u00e9 ses impressions sur le quart de finale de Ligue des champions contre le PSG mercredi. Il a \u00e9galement fait part de son admiration pour les joueurs, leur entra\u00eeneur, et n&rsquo;a pas ferm\u00e9 la porte \u00e0 une \u00e9ventuelle venue \u00e0 Paris.<\/b><\/p>\n<p>\u00abLe PSG est favori parce qu\u2019ils ont cet avantage de jouer sans pression\u00bb, a d\u00e9clar\u00e9 jeudi Jos\u00e9 Mourinho, le manager de Chelsea, invit\u00e9 de Luis Attaque sur RMC. \u00abIls n\u2019ont ni l\u2019exp\u00e9rience internationale, ni l\u2019exp\u00e9rience en Ligue des champions, mais ils ont de l\u2019exp\u00e9rience gr\u00e2ce \u00e0 leurs grands joueurs\u00bb, a d\u00e9velopp\u00e9 le Portugais. \u00abMoi, j\u2019ai beaucoup d\u2019exp\u00e9rience dans cette comp\u00e9tition. Je ne ressens pas de pression. J\u2019aime beaucoup jouer ce genre de match. Je ne veux pas que les Parisiens pensent que je suis arrogant mais je pense que c\u2019est du 50-50.\u00bb<\/p>\n<p><b>Les retrouvailles avec Thiago Motta, Maxwell et Zlatan<\/b><\/p>\n<p>Le double vainqueur de la Ligue des champions avec Porto (2004) et l\u2019Inter Milan (2010) s\u2019est montr\u00e9 \u00e9logieux envers le leader de la Ligue 1. \u00abLe PSG a beaucoup de stabilit\u00e9 dans son jeu. C\u2019est une \u00e9quipe qui a une belle&nbsp; philosophie et est confortable dans son syst\u00e8me. Les milieux de terrain sont fantastiques dans la r\u00e9cup\u00e9ration de ballon. En attaque, les talents sont incroyables et pas seulement physiquement. Il y a de la vitesse, de la cr\u00e9ativit\u00e9. (\u2026) C\u2019est une \u00e9quipe compl\u00e8te\u00bb. Il retrouvera beaucoup de joueurs qu\u2019il a crois\u00e9s au cours de sa carri\u00e8re : \u00abJ\u2019ai travaill\u00e9 avec Thiago Motta, Maxwell et Zlatan (\u00e0 l\u2019Inter Milan, ndlr). Motta, c\u2019est un peu particulier parce qu\u2019il a jou\u00e9 avec moi \u00e0 l\u2019Inter, lorsqu\u2019on a r\u00e9alis\u00e9 le tripl\u00e9\u00bb (Coupe, championnat, Ligue des champions). Il a \u00e9galement tress\u00e9 des lauriers \u00e0 Thiago Silva, \u00abun joueur incroyable, tr\u00e8s intelligent\u00bb et \u00e0 Zlatan Ibrahimovic, \u00abun joueur vraiment sp\u00e9cial (\u2026) tr\u00e8s dangereux. Avec ce r\u00eave [de remporter la Ligue des champions, ndlr], c&rsquo;est un joueur encore plus dangereux\u00bb.<\/p>\n<p>Jos\u00e9 Mourinho a \u00e9galement eu un mot agr\u00e9able \u00e0 l\u2019adresse de Laurent Blanc, qu\u2019il a c\u00f4toy\u00e9 lorsqu\u2019il \u00e9tait adjoint au Bar\u00e7a. \u00abC\u2019\u00e9tait un plaisir de travailler avec Laurent Blanc en tant que joueur. Il apportait de la stabilit\u00e9 \u00e0 l\u2019\u00e9quipe, il \u00e9tait tr\u00e8s intelligent, avait une bonne vision et un important leadership. Sur l\u2019entra\u00eeneur, on ne peut pas dire grand-chose mais pour juger de la qualit\u00e9, on peut regarder ses r\u00e9sultats et sa fa\u00e7on de g\u00e9rer l\u2019\u00e9quipe. (\u2026) Pour gagner, il faut avoir les meilleurs joueurs, mais aussi avoir un bon entra\u00eeneur et Laurent en est un\u00bb. Enfin, en ce qui concerne l\u2019\u00e9ventualit\u00e9 de le voir entra\u00eener un jour le PSG, Mourinho a r\u00e9pondu : \u00abDans le football, il ne faut jamais dire jamais. Mais aujourd\u2019hui, je suis tr\u00e8s content \u00e0 Chelsea (\u2026) Pour le moment, je ne pense pas \u00e0 un autre futur qu\u2019ici. Mais j\u2019aime le football et si un jour je ne suis plus \u00e0 Chelsea, pourquoi pas entra\u00eener le PSG\u00bb.<\/p>\n<p>Sourc : .lequipe.fr<\/p>\n","protected":false},"excerpt":{"rendered":"<p>&nbsp;Jos\u00e9 Mourinho, le manager de Chelsea, a livr\u00e9 ses impressions sur le quart de finale de Ligue des champions contre le PSG mercredi. Il a \u00e9galement fait part de son admiration pour les joueurs, leur entra\u00eeneur, et n&rsquo;a pas ferm\u00e9 la porte \u00e0 une \u00e9ventuelle venue \u00e0 Paris. \u00abLe PSG est favori parce qu\u2019ils ont [&hellip;]<\/p>\n","protected":false},"author":2,"featured_media":0,"comment_status":"open","ping_status":"open","sticky":false,"template":"","format":"standard","meta":{"footnotes":""},"categories":[3],"tags":[],"class_list":{"0":"post-839","1":"post","2":"type-post","3":"status-publish","4":"format-standard","6":"category-news"},"yoast_head":"<!-- This site is optimized with the Yoast SEO plugin v27.4 - https:\/\/yoast.com\/product\/yoast-seo-wordpress\/ -->\n<title>Mourinho : \u00abPourquoi pas entra\u00eener le PSG\u00bb - PSG FANS<\/title>\n<meta name=\"robots\" content=\"index, follow, max-snippet:-1, max-image-preview:large, max-video-preview:-1\" \/>\n<link rel=\"canonical\" href=\"https:\/\/psgfans.fr\/?p=839\" \/>\n<meta property=\"og:locale\" content=\"fr_FR\" \/>\n<meta property=\"og:type\" content=\"article\" \/>\n<meta property=\"og:title\" content=\"Mourinho : \u00abPourquoi pas entra\u00eener le PSG\u00bb - PSG FANS\" \/>\n<meta property=\"og:description\" content=\"&nbsp;Jos\u00e9 Mourinho, le manager de Chelsea, a livr\u00e9 ses impressions sur le quart de finale de Ligue des champions contre le PSG mercredi. Il a \u00e9galement fait part de son admiration pour les joueurs, leur entra\u00eeneur, et n&rsquo;a pas ferm\u00e9 la porte \u00e0 une \u00e9ventuelle venue \u00e0 Paris. \u00abLe PSG est favori parce qu\u2019ils ont [&hellip;]\" \/>\n<meta property=\"og:url\" content=\"https:\/\/psgfans.fr\/?p=839\" \/>\n<meta property=\"og:site_name\" content=\"PSG FANS\" \/>\n<meta property=\"article:published_time\" content=\"2014-03-28T04:36:00+00:00\" \/>\n<meta property=\"og:image\" content=\"https:\/\/blogger.googleusercontent.com\/img\/b\/R29vZ2xl\/AVvXsEji2qfntSe5xrpZ1BrYpMg8-QWuN2QBYNvx_wN-rNesQ4hVCA6c3fxM99ZnWR1wT7rZ9lP-27By92RrWzBwJNmmIE5gTaywWtPrqLRgPXoZhMDPaTz1O2AuOTthgXZlnA3TKSn_wpmUY48\/s1600\/67nxmMxNL0g.jpg\" \/>\n<meta name=\"author\" content=\"psgfans\" \/>\n<meta name=\"twitter:card\" content=\"summary_large_image\" \/>\n<meta name=\"twitter:label1\" content=\"\u00c9crit par\" \/>\n\t<meta name=\"twitter:data1\" content=\"psgfans\" \/>\n\t<meta name=\"twitter:label2\" content=\"Dur\u00e9e de lecture estim\u00e9e\" \/>\n\t<meta name=\"twitter:data2\" content=\"3 minutes\" \/>\n<script type=\"application\/ld+json\" class=\"yoast-schema-graph\">{\"@context\":\"https:\\\/\\\/schema.org\",\"@graph\":[{\"@type\":\"Article\",\"@id\":\"https:\\\/\\\/psgfans.fr\\\/?p=839#article\",\"isPartOf\":{\"@id\":\"https:\\\/\\\/psgfans.fr\\\/?p=839\"},\"author\":{\"name\":\"psgfans\",\"@id\":\"https:\\\/\\\/psgfans.fr\\\/#\\\/schema\\\/person\\\/be2237e7a0237af2f29cb344b3c55e6c\"},\"headline\":\"Mourinho : \u00abPourquoi pas entra\u00eener le PSG\u00bb\",\"datePublished\":\"2014-03-28T04:36:00+00:00\",\"mainEntityOfPage\":{\"@id\":\"https:\\\/\\\/psgfans.fr\\\/?p=839\"},\"wordCount\":543,\"commentCount\":0,\"image\":{\"@id\":\"https:\\\/\\\/psgfans.fr\\\/?p=839#primaryimage\"},\"thumbnailUrl\":\"https:\\\/\\\/blogger.googleusercontent.com\\\/img\\\/b\\\/R29vZ2xl\\\/AVvXsEji2qfntSe5xrpZ1BrYpMg8-QWuN2QBYNvx_wN-rNesQ4hVCA6c3fxM99ZnWR1wT7rZ9lP-27By92RrWzBwJNmmIE5gTaywWtPrqLRgPXoZhMDPaTz1O2AuOTthgXZlnA3TKSn_wpmUY48\\\/s1600\\\/67nxmMxNL0g.jpg\",\"articleSection\":[\"News\"],\"inLanguage\":\"fr-FR\",\"potentialAction\":[{\"@type\":\"CommentAction\",\"name\":\"Comment\",\"target\":[\"https:\\\/\\\/psgfans.fr\\\/?p=839#respond\"]}]},{\"@type\":\"WebPage\",\"@id\":\"https:\\\/\\\/psgfans.fr\\\/?p=839\",\"url\":\"https:\\\/\\\/psgfans.fr\\\/?p=839\",\"name\":\"Mourinho : \u00abPourquoi pas entra\u00eener le PSG\u00bb - PSG FANS\",\"isPartOf\":{\"@id\":\"https:\\\/\\\/psgfans.fr\\\/#website\"},\"primaryImageOfPage\":{\"@id\":\"https:\\\/\\\/psgfans.fr\\\/?p=839#primaryimage\"},\"image\":{\"@id\":\"https:\\\/\\\/psgfans.fr\\\/?p=839#primaryimage\"},\"thumbnailUrl\":\"https:\\\/\\\/blogger.googleusercontent.com\\\/img\\\/b\\\/R29vZ2xl\\\/AVvXsEji2qfntSe5xrpZ1BrYpMg8-QWuN2QBYNvx_wN-rNesQ4hVCA6c3fxM99ZnWR1wT7rZ9lP-27By92RrWzBwJNmmIE5gTaywWtPrqLRgPXoZhMDPaTz1O2AuOTthgXZlnA3TKSn_wpmUY48\\\/s1600\\\/67nxmMxNL0g.jpg\",\"datePublished\":\"2014-03-28T04:36:00+00:00\",\"author\":{\"@id\":\"https:\\\/\\\/psgfans.fr\\\/#\\\/schema\\\/person\\\/be2237e7a0237af2f29cb344b3c55e6c\"},\"breadcrumb\":{\"@id\":\"https:\\\/\\\/psgfans.fr\\\/?p=839#breadcrumb\"},\"inLanguage\":\"fr-FR\",\"potentialAction\":[{\"@type\":\"ReadAction\",\"target\":[\"https:\\\/\\\/psgfans.fr\\\/?p=839\"]}]},{\"@type\":\"ImageObject\",\"inLanguage\":\"fr-FR\",\"@id\":\"https:\\\/\\\/psgfans.fr\\\/?p=839#primaryimage\",\"url\":\"https:\\\/\\\/blogger.googleusercontent.com\\\/img\\\/b\\\/R29vZ2xl\\\/AVvXsEji2qfntSe5xrpZ1BrYpMg8-QWuN2QBYNvx_wN-rNesQ4hVCA6c3fxM99ZnWR1wT7rZ9lP-27By92RrWzBwJNmmIE5gTaywWtPrqLRgPXoZhMDPaTz1O2AuOTthgXZlnA3TKSn_wpmUY48\\\/s1600\\\/67nxmMxNL0g.jpg\",\"contentUrl\":\"https:\\\/\\\/blogger.googleusercontent.com\\\/img\\\/b\\\/R29vZ2xl\\\/AVvXsEji2qfntSe5xrpZ1BrYpMg8-QWuN2QBYNvx_wN-rNesQ4hVCA6c3fxM99ZnWR1wT7rZ9lP-27By92RrWzBwJNmmIE5gTaywWtPrqLRgPXoZhMDPaTz1O2AuOTthgXZlnA3TKSn_wpmUY48\\\/s1600\\\/67nxmMxNL0g.jpg\"},{\"@type\":\"BreadcrumbList\",\"@id\":\"https:\\\/\\\/psgfans.fr\\\/?p=839#breadcrumb\",\"itemListElement\":[{\"@type\":\"ListItem\",\"position\":1,\"name\":\"Accueil\",\"item\":\"https:\\\/\\\/psgfans.fr\\\/\"},{\"@type\":\"ListItem\",\"position\":2,\"name\":\"Mourinho : \u00abPourquoi pas entra\u00eener le PSG\u00bb\"}]},{\"@type\":\"WebSite\",\"@id\":\"https:\\\/\\\/psgfans.fr\\\/#website\",\"url\":\"https:\\\/\\\/psgfans.fr\\\/\",\"name\":\"PSG FANS\",\"description\":\"Unit\u00e9, Passion, Victoire : Au C\u0153ur du Paris Saint-Germain!\",\"potentialAction\":[{\"@type\":\"SearchAction\",\"target\":{\"@type\":\"EntryPoint\",\"urlTemplate\":\"https:\\\/\\\/psgfans.fr\\\/?s={search_term_string}\"},\"query-input\":{\"@type\":\"PropertyValueSpecification\",\"valueRequired\":true,\"valueName\":\"search_term_string\"}}],\"inLanguage\":\"fr-FR\"},{\"@type\":\"Person\",\"@id\":\"https:\\\/\\\/psgfans.fr\\\/#\\\/schema\\\/person\\\/be2237e7a0237af2f29cb344b3c55e6c\",\"name\":\"psgfans\",\"image\":{\"@type\":\"ImageObject\",\"inLanguage\":\"fr-FR\",\"@id\":\"https:\\\/\\\/secure.gravatar.com\\\/avatar\\\/?s=96&d=mm&r=g\",\"url\":\"https:\\\/\\\/secure.gravatar.com\\\/avatar\\\/?s=96&d=mm&r=g\",\"contentUrl\":\"https:\\\/\\\/secure.gravatar.com\\\/avatar\\\/?s=96&d=mm&r=g\",\"caption\":\"psgfans\"},\"url\":\"https:\\\/\\\/psgfans.fr\\\/?author=2\"}]}<\/script>\n<!-- \/ Yoast SEO plugin. -->","yoast_head_json":{"title":"Mourinho : \u00abPourquoi pas entra\u00eener le PSG\u00bb - PSG FANS","robots":{"index":"index","follow":"follow","max-snippet":"max-snippet:-1","max-image-preview":"max-image-preview:large","max-video-preview":"max-video-preview:-1"},"canonical":"https:\/\/psgfans.fr\/?p=839","og_locale":"fr_FR","og_type":"article","og_title":"Mourinho : \u00abPourquoi pas entra\u00eener le PSG\u00bb - PSG FANS","og_description":"&nbsp;Jos\u00e9 Mourinho, le manager de Chelsea, a livr\u00e9 ses impressions sur le quart de finale de Ligue des champions contre le PSG mercredi. Il a \u00e9galement fait part de son admiration pour les joueurs, leur entra\u00eeneur, et n&rsquo;a pas ferm\u00e9 la porte \u00e0 une \u00e9ventuelle venue \u00e0 Paris. \u00abLe PSG est favori parce qu\u2019ils ont [&hellip;]","og_url":"https:\/\/psgfans.fr\/?p=839","og_site_name":"PSG FANS","article_published_time":"2014-03-28T04:36:00+00:00","og_image":[{"url":"https:\/\/blogger.googleusercontent.com\/img\/b\/R29vZ2xl\/AVvXsEji2qfntSe5xrpZ1BrYpMg8-QWuN2QBYNvx_wN-rNesQ4hVCA6c3fxM99ZnWR1wT7rZ9lP-27By92RrWzBwJNmmIE5gTaywWtPrqLRgPXoZhMDPaTz1O2AuOTthgXZlnA3TKSn_wpmUY48\/s1600\/67nxmMxNL0g.jpg","type":"","width":"","height":""}],"author":"psgfans","twitter_card":"summary_large_image","twitter_misc":{"\u00c9crit par":"psgfans","Dur\u00e9e de lecture estim\u00e9e":"3 minutes"},"schema":{"@context":"https:\/\/schema.org","@graph":[{"@type":"Article","@id":"https:\/\/psgfans.fr\/?p=839#article","isPartOf":{"@id":"https:\/\/psgfans.fr\/?p=839"},"author":{"name":"psgfans","@id":"https:\/\/psgfans.fr\/#\/schema\/person\/be2237e7a0237af2f29cb344b3c55e6c"},"headline":"Mourinho : \u00abPourquoi pas entra\u00eener le PSG\u00bb","datePublished":"2014-03-28T04:36:00+00:00","mainEntityOfPage":{"@id":"https:\/\/psgfans.fr\/?p=839"},"wordCount":543,"commentCount":0,"image":{"@id":"https:\/\/psgfans.fr\/?p=839#primaryimage"},"thumbnailUrl":"https:\/\/blogger.googleusercontent.com\/img\/b\/R29vZ2xl\/AVvXsEji2qfntSe5xrpZ1BrYpMg8-QWuN2QBYNvx_wN-rNesQ4hVCA6c3fxM99ZnWR1wT7rZ9lP-27By92RrWzBwJNmmIE5gTaywWtPrqLRgPXoZhMDPaTz1O2AuOTthgXZlnA3TKSn_wpmUY48\/s1600\/67nxmMxNL0g.jpg","articleSection":["News"],"inLanguage":"fr-FR","potentialAction":[{"@type":"CommentAction","name":"Comment","target":["https:\/\/psgfans.fr\/?p=839#respond"]}]},{"@type":"WebPage","@id":"https:\/\/psgfans.fr\/?p=839","url":"https:\/\/psgfans.fr\/?p=839","name":"Mourinho : \u00abPourquoi pas entra\u00eener le PSG\u00bb - PSG FANS","isPartOf":{"@id":"https:\/\/psgfans.fr\/#website"},"primaryImageOfPage":{"@id":"https:\/\/psgfans.fr\/?p=839#primaryimage"},"image":{"@id":"https:\/\/psgfans.fr\/?p=839#primaryimage"},"thumbnailUrl":"https:\/\/blogger.googleusercontent.com\/img\/b\/R29vZ2xl\/AVvXsEji2qfntSe5xrpZ1BrYpMg8-QWuN2QBYNvx_wN-rNesQ4hVCA6c3fxM99ZnWR1wT7rZ9lP-27By92RrWzBwJNmmIE5gTaywWtPrqLRgPXoZhMDPaTz1O2AuOTthgXZlnA3TKSn_wpmUY48\/s1600\/67nxmMxNL0g.jpg","datePublished":"2014-03-28T04:36:00+00:00","author":{"@id":"https:\/\/psgfans.fr\/#\/schema\/person\/be2237e7a0237af2f29cb344b3c55e6c"},"breadcrumb":{"@id":"https:\/\/psgfans.fr\/?p=839#breadcrumb"},"inLanguage":"fr-FR","potentialAction":[{"@type":"ReadAction","target":["https:\/\/psgfans.fr\/?p=839"]}]},{"@type":"ImageObject","inLanguage":"fr-FR","@id":"https:\/\/psgfans.fr\/?p=839#primaryimage","url":"https:\/\/blogger.googleusercontent.com\/img\/b\/R29vZ2xl\/AVvXsEji2qfntSe5xrpZ1BrYpMg8-QWuN2QBYNvx_wN-rNesQ4hVCA6c3fxM99ZnWR1wT7rZ9lP-27By92RrWzBwJNmmIE5gTaywWtPrqLRgPXoZhMDPaTz1O2AuOTthgXZlnA3TKSn_wpmUY48\/s1600\/67nxmMxNL0g.jpg","contentUrl":"https:\/\/blogger.googleusercontent.com\/img\/b\/R29vZ2xl\/AVvXsEji2qfntSe5xrpZ1BrYpMg8-QWuN2QBYNvx_wN-rNesQ4hVCA6c3fxM99ZnWR1wT7rZ9lP-27By92RrWzBwJNmmIE5gTaywWtPrqLRgPXoZhMDPaTz1O2AuOTthgXZlnA3TKSn_wpmUY48\/s1600\/67nxmMxNL0g.jpg"},{"@type":"BreadcrumbList","@id":"https:\/\/psgfans.fr\/?p=839#breadcrumb","itemListElement":[{"@type":"ListItem","position":1,"name":"Accueil","item":"https:\/\/psgfans.fr\/"},{"@type":"ListItem","position":2,"name":"Mourinho : \u00abPourquoi pas entra\u00eener le PSG\u00bb"}]},{"@type":"WebSite","@id":"https:\/\/psgfans.fr\/#website","url":"https:\/\/psgfans.fr\/","name":"PSG FANS","description":"Unit\u00e9, Passion, Victoire : Au C\u0153ur du Paris Saint-Germain!","potentialAction":[{"@type":"SearchAction","target":{"@type":"EntryPoint","urlTemplate":"https:\/\/psgfans.fr\/?s={search_term_string}"},"query-input":{"@type":"PropertyValueSpecification","valueRequired":true,"valueName":"search_term_string"}}],"inLanguage":"fr-FR"},{"@type":"Person","@id":"https:\/\/psgfans.fr\/#\/schema\/person\/be2237e7a0237af2f29cb344b3c55e6c","name":"psgfans","image":{"@type":"ImageObject","inLanguage":"fr-FR","@id":"https:\/\/secure.gravatar.com\/avatar\/?s=96&d=mm&r=g","url":"https:\/\/secure.gravatar.com\/avatar\/?s=96&d=mm&r=g","contentUrl":"https:\/\/secure.gravatar.com\/avatar\/?s=96&d=mm&r=g","caption":"psgfans"},"url":"https:\/\/psgfans.fr\/?author=2"}]}},"_links":{"self":[{"href":"https:\/\/psgfans.fr\/index.php?rest_route=\/wp\/v2\/posts\/839","targetHints":{"allow":["GET"]}}],"collection":[{"href":"https:\/\/psgfans.fr\/index.php?rest_route=\/wp\/v2\/posts"}],"about":[{"href":"https:\/\/psgfans.fr\/index.php?rest_route=\/wp\/v2\/types\/post"}],"author":[{"embeddable":true,"href":"https:\/\/psgfans.fr\/index.php?rest_route=\/wp\/v2\/users\/2"}],"replies":[{"embeddable":true,"href":"https:\/\/psgfans.fr\/index.php?rest_route=%2Fwp%2Fv2%2Fcomments&post=839"}],"version-history":[{"count":0,"href":"https:\/\/psgfans.fr\/index.php?rest_route=\/wp\/v2\/posts\/839\/revisions"}],"wp:attachment":[{"href":"https:\/\/psgfans.fr\/index.php?rest_route=%2Fwp%2Fv2%2Fmedia&parent=839"}],"wp:term":[{"taxonomy":"category","embeddable":true,"href":"https:\/\/psgfans.fr\/index.php?rest_route=%2Fwp%2Fv2%2Fcategories&post=839"},{"taxonomy":"post_tag","embeddable":true,"href":"https:\/\/psgfans.fr\/index.php?rest_route=%2Fwp%2Fv2%2Ftags&post=839"}],"curies":[{"name":"wp","href":"https:\/\/api.w.org\/{rel}","templated":true}]}}