{"id":837,"date":"2014-03-28T05:42:00","date_gmt":"2014-03-28T04:42:00","guid":{"rendered":"https:\/\/psgfans.fr\/?p=837"},"modified":"2014-03-28T05:42:00","modified_gmt":"2014-03-28T04:42:00","slug":"avec-ibrahimovic-et-cavani-le-psg-a-t-il-la-meilleure-attaque-deurope","status":"publish","type":"post","link":"https:\/\/psgfans.fr\/?p=837","title":{"rendered":"Avec Ibrahimovic et Cavani, le PSG a-t-il la meilleure attaque d\u2019Europe ?"},"content":{"rendered":"<div style=\"clear: both; text-align: center;\"><a href=\"https:\/\/blogger.googleusercontent.com\/img\/b\/R29vZ2xl\/AVvXsEgGx4USMoPslhoevElgsI51stYBxcQTseG5K5QvXZoBHI88AAJv8kOYgalzaDqbAjn2Mi81pwa1btFFLrFzSgGtm2WGwM_gKYgMYlK8K1LWK0Uf4BPuT5DhVtXTfnGllXRwkLJeVhwKVwY\/s1600\/67nxmMxNL0g.jpg\" style=\"margin-left: 1em; margin-right: 1em;\"><img loading=\"lazy\" decoding=\"async\" border=\"0\" src=\"https:\/\/blogger.googleusercontent.com\/img\/b\/R29vZ2xl\/AVvXsEgGx4USMoPslhoevElgsI51stYBxcQTseG5K5QvXZoBHI88AAJv8kOYgalzaDqbAjn2Mi81pwa1btFFLrFzSgGtm2WGwM_gKYgMYlK8K1LWK0Uf4BPuT5DhVtXTfnGllXRwkLJeVhwKVwY\/s1600\/67nxmMxNL0g.jpg\" height=\"201\" width=\"400\" \/><\/a><\/div>\n<p><b>Le PSG a deux attaquants de renom \u00e0 la pointe de son attaque. Y-a-t-il mieux que la paire Ibrahimovic &#8211; Cavani en Europe ?<\/b><\/p>\n<p>Zlatan Ibrahimovic n\u2019a pas marqu\u00e9, le week-end dernier \u00e0 Lorient (0-1). L\u2019attaquant su\u00e9dois du PSG n\u2019a pas inscrit son 41\u00e8me but pour son 41\u00e8me match de la saison\u2026 Ibrahimovic a d\u00e9j\u00e0 inscrit 25 buts cette saison en Ligue 1. Son comp\u00e8re Edinson Cavani, bless\u00e9 tout au long du mois de f\u00e9vrier, en est \u00e0 14. \u00c0 eux deux, ils ont d\u00e9j\u00e0 inscrit 39 buts cette saison en Ligue 1. C\u2019est mieux que quinze formations de Ligue 1. Le PSG voulait frapper les esprits en recrutant deux stars en attaque lors des deux derniers mercatos d\u2019\u00e9t\u00e9, Zlatan Ibrahimovic en 2012 et Edinson Cavani en 2013. Le PSG a r\u00e9ussi son coup.<\/p>\n<p>AU NIVEAU DES PLUS GRANDS<\/p>\n<p>Les deux hommes brillent en France mais ils brillent aussi en Europe. C\u2019\u00e9tait le but du recrutement parisien. Rivaliser avec les plus grosses \u00e9curies europ\u00e9ennes. Avec Zlatan Ibrahimovic et Edinson Cavani, le PSG n\u2019a pas grand-chose \u00e0 envier aux plus grosses formations d\u2019Europe. Alors il est toujours difficile de comparer. Certains \u00e9voluent dans des championnats plus relev\u00e9s, il y a aussi la question de l\u2019organisation en attaque. Peu d\u2019\u00e9quipes jouent aujourd\u2019hui avec deux attaquants de pointe et il est tr\u00e8s compliqu\u00e9 de comparer un syst\u00e8me \u00e0 un autre. Cavani, par exemple, lui le pur \u00ab 9 \u00bb est exil\u00e9 ailier droit depuis son arriv\u00e9e au PSG en raison du 4-3-3 adopt\u00e9 par Laurent Blanc.<\/p>\n<p>BENZEMA &#8211; CR7 FONT MIEUX<\/p>\n<p>Toutefois, il est possible de d\u00e9gager des tendances. Le duo Luis Suarez &#8211; Daniel Sturridge fonctionne parfaitement cette saison en Premier League. Les deux hommes ont inscrit 37 buts \u00e0 eux deux en championnat tandis que Manchester City et Chelsea s\u2019appuient davantage sur un collectif fort. En Espagne, \u00e9videmment, le duo Karim Benzema &#8211; Cristiano Ronaldo brille cette saison, avec 43 buts \u00e0 eux deux en Liga. Du c\u00f4t\u00e9 du FC Barcelone, le trio Lionel Messi &#8211; Alexis Sanchez &#8211; Pedro est d\u00e9j\u00e0 \u00e0 52 r\u00e9alisations cette saison en Liga.<\/p>\n<p>\u00c0 CONFIRMER EN LIGUE DES CHAMPIONS\u2026<\/p>\n<p>Les organisations sont difficilement comparables mais des hommes se d\u00e9gagent \u00e0 chaque fois. Sauf au Bayern Munich, o\u00f9 le collectif est vraiment au-dessus de tout. Le Bayern est certainement la meilleure \u00e9quipe d\u2019Europe actuellement. Pourtant, les Munichois n\u2019ont pas sp\u00e9cialement les plus grands attaquants du monde. Ibrahimovic et Cavani, sur la r\u00e9gularit\u00e9 depuis le d\u00e9but de la saison, sont au niveau des plus grands. Ils luttent les yeux dans les yeux avec les attaquants de Manchester City, du Real Madrid, du FC Barcelone. Le PSG, avec ses deux attaquants vedettes, n\u2019a rien \u00e0 envier aux autres clubs europ\u00e9ens dans ce secteur. C\u2019est toutefois dans les matchs d\u00e9cisifs de Ligue des Champions que les deux hommes vont devoir confirmer ces probantes statistiques\u2026 Le PSG compte sur eux.<\/p>\n<p>source : le10sport.com<\/p>\n","protected":false},"excerpt":{"rendered":"<p>Le PSG a deux attaquants de renom \u00e0 la pointe de son attaque. Y-a-t-il mieux que la paire Ibrahimovic &#8211; Cavani en Europe ? Zlatan Ibrahimovic n\u2019a pas marqu\u00e9, le week-end dernier \u00e0 Lorient (0-1). L\u2019attaquant su\u00e9dois du PSG n\u2019a pas inscrit son 41\u00e8me but pour son 41\u00e8me match de la saison\u2026 Ibrahimovic a d\u00e9j\u00e0 [&hellip;]<\/p>\n","protected":false},"author":2,"featured_media":0,"comment_status":"open","ping_status":"open","sticky":false,"template":"","format":"standard","meta":{"footnotes":""},"categories":[3],"tags":[],"class_list":{"0":"post-837","1":"post","2":"type-post","3":"status-publish","4":"format-standard","6":"category-news"},"yoast_head":"<!-- This site is optimized with the Yoast SEO plugin v27.4 - https:\/\/yoast.com\/product\/yoast-seo-wordpress\/ -->\n<title>Avec Ibrahimovic et Cavani, le PSG a-t-il la meilleure attaque d\u2019Europe ? - PSG FANS<\/title>\n<meta name=\"robots\" content=\"index, follow, max-snippet:-1, max-image-preview:large, max-video-preview:-1\" \/>\n<link rel=\"canonical\" href=\"https:\/\/psgfans.fr\/?p=837\" \/>\n<meta property=\"og:locale\" content=\"fr_FR\" \/>\n<meta property=\"og:type\" content=\"article\" \/>\n<meta property=\"og:title\" content=\"Avec Ibrahimovic et Cavani, le PSG a-t-il la meilleure attaque d\u2019Europe ? - PSG FANS\" \/>\n<meta property=\"og:description\" content=\"Le PSG a deux attaquants de renom \u00e0 la pointe de son attaque. Y-a-t-il mieux que la paire Ibrahimovic &#8211; Cavani en Europe ? Zlatan Ibrahimovic n\u2019a pas marqu\u00e9, le week-end dernier \u00e0 Lorient (0-1). L\u2019attaquant su\u00e9dois du PSG n\u2019a pas inscrit son 41\u00e8me but pour son 41\u00e8me match de la saison\u2026 Ibrahimovic a d\u00e9j\u00e0 [&hellip;]\" \/>\n<meta property=\"og:url\" content=\"https:\/\/psgfans.fr\/?p=837\" \/>\n<meta property=\"og:site_name\" content=\"PSG FANS\" \/>\n<meta property=\"article:published_time\" content=\"2014-03-28T04:42:00+00:00\" \/>\n<meta property=\"og:image\" content=\"https:\/\/blogger.googleusercontent.com\/img\/b\/R29vZ2xl\/AVvXsEgGx4USMoPslhoevElgsI51stYBxcQTseG5K5QvXZoBHI88AAJv8kOYgalzaDqbAjn2Mi81pwa1btFFLrFzSgGtm2WGwM_gKYgMYlK8K1LWK0Uf4BPuT5DhVtXTfnGllXRwkLJeVhwKVwY\/s1600\/67nxmMxNL0g.jpg\" \/>\n<meta name=\"author\" content=\"psgfans\" \/>\n<meta name=\"twitter:card\" content=\"summary_large_image\" \/>\n<meta name=\"twitter:label1\" content=\"\u00c9crit par\" \/>\n\t<meta name=\"twitter:data1\" content=\"psgfans\" \/>\n\t<meta name=\"twitter:label2\" content=\"Dur\u00e9e de lecture estim\u00e9e\" \/>\n\t<meta name=\"twitter:data2\" content=\"2 minutes\" \/>\n<script type=\"application\/ld+json\" class=\"yoast-schema-graph\">{\"@context\":\"https:\\\/\\\/schema.org\",\"@graph\":[{\"@type\":\"Article\",\"@id\":\"https:\\\/\\\/psgfans.fr\\\/?p=837#article\",\"isPartOf\":{\"@id\":\"https:\\\/\\\/psgfans.fr\\\/?p=837\"},\"author\":{\"name\":\"psgfans\",\"@id\":\"https:\\\/\\\/psgfans.fr\\\/#\\\/schema\\\/person\\\/be2237e7a0237af2f29cb344b3c55e6c\"},\"headline\":\"Avec Ibrahimovic et Cavani, le PSG a-t-il la meilleure attaque d\u2019Europe ?\",\"datePublished\":\"2014-03-28T04:42:00+00:00\",\"mainEntityOfPage\":{\"@id\":\"https:\\\/\\\/psgfans.fr\\\/?p=837\"},\"wordCount\":507,\"commentCount\":0,\"image\":{\"@id\":\"https:\\\/\\\/psgfans.fr\\\/?p=837#primaryimage\"},\"thumbnailUrl\":\"https:\\\/\\\/blogger.googleusercontent.com\\\/img\\\/b\\\/R29vZ2xl\\\/AVvXsEgGx4USMoPslhoevElgsI51stYBxcQTseG5K5QvXZoBHI88AAJv8kOYgalzaDqbAjn2Mi81pwa1btFFLrFzSgGtm2WGwM_gKYgMYlK8K1LWK0Uf4BPuT5DhVtXTfnGllXRwkLJeVhwKVwY\\\/s1600\\\/67nxmMxNL0g.jpg\",\"articleSection\":[\"News\"],\"inLanguage\":\"fr-FR\",\"potentialAction\":[{\"@type\":\"CommentAction\",\"name\":\"Comment\",\"target\":[\"https:\\\/\\\/psgfans.fr\\\/?p=837#respond\"]}]},{\"@type\":\"WebPage\",\"@id\":\"https:\\\/\\\/psgfans.fr\\\/?p=837\",\"url\":\"https:\\\/\\\/psgfans.fr\\\/?p=837\",\"name\":\"Avec Ibrahimovic et Cavani, le PSG a-t-il la meilleure attaque d\u2019Europe ? - PSG FANS\",\"isPartOf\":{\"@id\":\"https:\\\/\\\/psgfans.fr\\\/#website\"},\"primaryImageOfPage\":{\"@id\":\"https:\\\/\\\/psgfans.fr\\\/?p=837#primaryimage\"},\"image\":{\"@id\":\"https:\\\/\\\/psgfans.fr\\\/?p=837#primaryimage\"},\"thumbnailUrl\":\"https:\\\/\\\/blogger.googleusercontent.com\\\/img\\\/b\\\/R29vZ2xl\\\/AVvXsEgGx4USMoPslhoevElgsI51stYBxcQTseG5K5QvXZoBHI88AAJv8kOYgalzaDqbAjn2Mi81pwa1btFFLrFzSgGtm2WGwM_gKYgMYlK8K1LWK0Uf4BPuT5DhVtXTfnGllXRwkLJeVhwKVwY\\\/s1600\\\/67nxmMxNL0g.jpg\",\"datePublished\":\"2014-03-28T04:42:00+00:00\",\"author\":{\"@id\":\"https:\\\/\\\/psgfans.fr\\\/#\\\/schema\\\/person\\\/be2237e7a0237af2f29cb344b3c55e6c\"},\"breadcrumb\":{\"@id\":\"https:\\\/\\\/psgfans.fr\\\/?p=837#breadcrumb\"},\"inLanguage\":\"fr-FR\",\"potentialAction\":[{\"@type\":\"ReadAction\",\"target\":[\"https:\\\/\\\/psgfans.fr\\\/?p=837\"]}]},{\"@type\":\"ImageObject\",\"inLanguage\":\"fr-FR\",\"@id\":\"https:\\\/\\\/psgfans.fr\\\/?p=837#primaryimage\",\"url\":\"https:\\\/\\\/blogger.googleusercontent.com\\\/img\\\/b\\\/R29vZ2xl\\\/AVvXsEgGx4USMoPslhoevElgsI51stYBxcQTseG5K5QvXZoBHI88AAJv8kOYgalzaDqbAjn2Mi81pwa1btFFLrFzSgGtm2WGwM_gKYgMYlK8K1LWK0Uf4BPuT5DhVtXTfnGllXRwkLJeVhwKVwY\\\/s1600\\\/67nxmMxNL0g.jpg\",\"contentUrl\":\"https:\\\/\\\/blogger.googleusercontent.com\\\/img\\\/b\\\/R29vZ2xl\\\/AVvXsEgGx4USMoPslhoevElgsI51stYBxcQTseG5K5QvXZoBHI88AAJv8kOYgalzaDqbAjn2Mi81pwa1btFFLrFzSgGtm2WGwM_gKYgMYlK8K1LWK0Uf4BPuT5DhVtXTfnGllXRwkLJeVhwKVwY\\\/s1600\\\/67nxmMxNL0g.jpg\"},{\"@type\":\"BreadcrumbList\",\"@id\":\"https:\\\/\\\/psgfans.fr\\\/?p=837#breadcrumb\",\"itemListElement\":[{\"@type\":\"ListItem\",\"position\":1,\"name\":\"Accueil\",\"item\":\"https:\\\/\\\/psgfans.fr\\\/\"},{\"@type\":\"ListItem\",\"position\":2,\"name\":\"Avec Ibrahimovic et Cavani, le PSG a-t-il la meilleure attaque d\u2019Europe ?\"}]},{\"@type\":\"WebSite\",\"@id\":\"https:\\\/\\\/psgfans.fr\\\/#website\",\"url\":\"https:\\\/\\\/psgfans.fr\\\/\",\"name\":\"PSG FANS\",\"description\":\"Unit\u00e9, Passion, Victoire : Au C\u0153ur du Paris Saint-Germain!\",\"potentialAction\":[{\"@type\":\"SearchAction\",\"target\":{\"@type\":\"EntryPoint\",\"urlTemplate\":\"https:\\\/\\\/psgfans.fr\\\/?s={search_term_string}\"},\"query-input\":{\"@type\":\"PropertyValueSpecification\",\"valueRequired\":true,\"valueName\":\"search_term_string\"}}],\"inLanguage\":\"fr-FR\"},{\"@type\":\"Person\",\"@id\":\"https:\\\/\\\/psgfans.fr\\\/#\\\/schema\\\/person\\\/be2237e7a0237af2f29cb344b3c55e6c\",\"name\":\"psgfans\",\"image\":{\"@type\":\"ImageObject\",\"inLanguage\":\"fr-FR\",\"@id\":\"https:\\\/\\\/secure.gravatar.com\\\/avatar\\\/?s=96&d=mm&r=g\",\"url\":\"https:\\\/\\\/secure.gravatar.com\\\/avatar\\\/?s=96&d=mm&r=g\",\"contentUrl\":\"https:\\\/\\\/secure.gravatar.com\\\/avatar\\\/?s=96&d=mm&r=g\",\"caption\":\"psgfans\"},\"url\":\"https:\\\/\\\/psgfans.fr\\\/?author=2\"}]}<\/script>\n<!-- \/ Yoast SEO plugin. -->","yoast_head_json":{"title":"Avec Ibrahimovic et Cavani, le PSG a-t-il la meilleure attaque d\u2019Europe ? - PSG FANS","robots":{"index":"index","follow":"follow","max-snippet":"max-snippet:-1","max-image-preview":"max-image-preview:large","max-video-preview":"max-video-preview:-1"},"canonical":"https:\/\/psgfans.fr\/?p=837","og_locale":"fr_FR","og_type":"article","og_title":"Avec Ibrahimovic et Cavani, le PSG a-t-il la meilleure attaque d\u2019Europe ? - PSG FANS","og_description":"Le PSG a deux attaquants de renom \u00e0 la pointe de son attaque. Y-a-t-il mieux que la paire Ibrahimovic &#8211; Cavani en Europe ? Zlatan Ibrahimovic n\u2019a pas marqu\u00e9, le week-end dernier \u00e0 Lorient (0-1). L\u2019attaquant su\u00e9dois du PSG n\u2019a pas inscrit son 41\u00e8me but pour son 41\u00e8me match de la saison\u2026 Ibrahimovic a d\u00e9j\u00e0 [&hellip;]","og_url":"https:\/\/psgfans.fr\/?p=837","og_site_name":"PSG FANS","article_published_time":"2014-03-28T04:42:00+00:00","og_image":[{"url":"https:\/\/blogger.googleusercontent.com\/img\/b\/R29vZ2xl\/AVvXsEgGx4USMoPslhoevElgsI51stYBxcQTseG5K5QvXZoBHI88AAJv8kOYgalzaDqbAjn2Mi81pwa1btFFLrFzSgGtm2WGwM_gKYgMYlK8K1LWK0Uf4BPuT5DhVtXTfnGllXRwkLJeVhwKVwY\/s1600\/67nxmMxNL0g.jpg","type":"","width":"","height":""}],"author":"psgfans","twitter_card":"summary_large_image","twitter_misc":{"\u00c9crit par":"psgfans","Dur\u00e9e de lecture estim\u00e9e":"2 minutes"},"schema":{"@context":"https:\/\/schema.org","@graph":[{"@type":"Article","@id":"https:\/\/psgfans.fr\/?p=837#article","isPartOf":{"@id":"https:\/\/psgfans.fr\/?p=837"},"author":{"name":"psgfans","@id":"https:\/\/psgfans.fr\/#\/schema\/person\/be2237e7a0237af2f29cb344b3c55e6c"},"headline":"Avec Ibrahimovic et Cavani, le PSG a-t-il la meilleure attaque d\u2019Europe ?","datePublished":"2014-03-28T04:42:00+00:00","mainEntityOfPage":{"@id":"https:\/\/psgfans.fr\/?p=837"},"wordCount":507,"commentCount":0,"image":{"@id":"https:\/\/psgfans.fr\/?p=837#primaryimage"},"thumbnailUrl":"https:\/\/blogger.googleusercontent.com\/img\/b\/R29vZ2xl\/AVvXsEgGx4USMoPslhoevElgsI51stYBxcQTseG5K5QvXZoBHI88AAJv8kOYgalzaDqbAjn2Mi81pwa1btFFLrFzSgGtm2WGwM_gKYgMYlK8K1LWK0Uf4BPuT5DhVtXTfnGllXRwkLJeVhwKVwY\/s1600\/67nxmMxNL0g.jpg","articleSection":["News"],"inLanguage":"fr-FR","potentialAction":[{"@type":"CommentAction","name":"Comment","target":["https:\/\/psgfans.fr\/?p=837#respond"]}]},{"@type":"WebPage","@id":"https:\/\/psgfans.fr\/?p=837","url":"https:\/\/psgfans.fr\/?p=837","name":"Avec Ibrahimovic et Cavani, le PSG a-t-il la meilleure attaque d\u2019Europe ? - PSG FANS","isPartOf":{"@id":"https:\/\/psgfans.fr\/#website"},"primaryImageOfPage":{"@id":"https:\/\/psgfans.fr\/?p=837#primaryimage"},"image":{"@id":"https:\/\/psgfans.fr\/?p=837#primaryimage"},"thumbnailUrl":"https:\/\/blogger.googleusercontent.com\/img\/b\/R29vZ2xl\/AVvXsEgGx4USMoPslhoevElgsI51stYBxcQTseG5K5QvXZoBHI88AAJv8kOYgalzaDqbAjn2Mi81pwa1btFFLrFzSgGtm2WGwM_gKYgMYlK8K1LWK0Uf4BPuT5DhVtXTfnGllXRwkLJeVhwKVwY\/s1600\/67nxmMxNL0g.jpg","datePublished":"2014-03-28T04:42:00+00:00","author":{"@id":"https:\/\/psgfans.fr\/#\/schema\/person\/be2237e7a0237af2f29cb344b3c55e6c"},"breadcrumb":{"@id":"https:\/\/psgfans.fr\/?p=837#breadcrumb"},"inLanguage":"fr-FR","potentialAction":[{"@type":"ReadAction","target":["https:\/\/psgfans.fr\/?p=837"]}]},{"@type":"ImageObject","inLanguage":"fr-FR","@id":"https:\/\/psgfans.fr\/?p=837#primaryimage","url":"https:\/\/blogger.googleusercontent.com\/img\/b\/R29vZ2xl\/AVvXsEgGx4USMoPslhoevElgsI51stYBxcQTseG5K5QvXZoBHI88AAJv8kOYgalzaDqbAjn2Mi81pwa1btFFLrFzSgGtm2WGwM_gKYgMYlK8K1LWK0Uf4BPuT5DhVtXTfnGllXRwkLJeVhwKVwY\/s1600\/67nxmMxNL0g.jpg","contentUrl":"https:\/\/blogger.googleusercontent.com\/img\/b\/R29vZ2xl\/AVvXsEgGx4USMoPslhoevElgsI51stYBxcQTseG5K5QvXZoBHI88AAJv8kOYgalzaDqbAjn2Mi81pwa1btFFLrFzSgGtm2WGwM_gKYgMYlK8K1LWK0Uf4BPuT5DhVtXTfnGllXRwkLJeVhwKVwY\/s1600\/67nxmMxNL0g.jpg"},{"@type":"BreadcrumbList","@id":"https:\/\/psgfans.fr\/?p=837#breadcrumb","itemListElement":[{"@type":"ListItem","position":1,"name":"Accueil","item":"https:\/\/psgfans.fr\/"},{"@type":"ListItem","position":2,"name":"Avec Ibrahimovic et Cavani, le PSG a-t-il la meilleure attaque d\u2019Europe ?"}]},{"@type":"WebSite","@id":"https:\/\/psgfans.fr\/#website","url":"https:\/\/psgfans.fr\/","name":"PSG FANS","description":"Unit\u00e9, Passion, Victoire : Au C\u0153ur du Paris Saint-Germain!","potentialAction":[{"@type":"SearchAction","target":{"@type":"EntryPoint","urlTemplate":"https:\/\/psgfans.fr\/?s={search_term_string}"},"query-input":{"@type":"PropertyValueSpecification","valueRequired":true,"valueName":"search_term_string"}}],"inLanguage":"fr-FR"},{"@type":"Person","@id":"https:\/\/psgfans.fr\/#\/schema\/person\/be2237e7a0237af2f29cb344b3c55e6c","name":"psgfans","image":{"@type":"ImageObject","inLanguage":"fr-FR","@id":"https:\/\/secure.gravatar.com\/avatar\/?s=96&d=mm&r=g","url":"https:\/\/secure.gravatar.com\/avatar\/?s=96&d=mm&r=g","contentUrl":"https:\/\/secure.gravatar.com\/avatar\/?s=96&d=mm&r=g","caption":"psgfans"},"url":"https:\/\/psgfans.fr\/?author=2"}]}},"_links":{"self":[{"href":"https:\/\/psgfans.fr\/index.php?rest_route=\/wp\/v2\/posts\/837","targetHints":{"allow":["GET"]}}],"collection":[{"href":"https:\/\/psgfans.fr\/index.php?rest_route=\/wp\/v2\/posts"}],"about":[{"href":"https:\/\/psgfans.fr\/index.php?rest_route=\/wp\/v2\/types\/post"}],"author":[{"embeddable":true,"href":"https:\/\/psgfans.fr\/index.php?rest_route=\/wp\/v2\/users\/2"}],"replies":[{"embeddable":true,"href":"https:\/\/psgfans.fr\/index.php?rest_route=%2Fwp%2Fv2%2Fcomments&post=837"}],"version-history":[{"count":0,"href":"https:\/\/psgfans.fr\/index.php?rest_route=\/wp\/v2\/posts\/837\/revisions"}],"wp:attachment":[{"href":"https:\/\/psgfans.fr\/index.php?rest_route=%2Fwp%2Fv2%2Fmedia&parent=837"}],"wp:term":[{"taxonomy":"category","embeddable":true,"href":"https:\/\/psgfans.fr\/index.php?rest_route=%2Fwp%2Fv2%2Fcategories&post=837"},{"taxonomy":"post_tag","embeddable":true,"href":"https:\/\/psgfans.fr\/index.php?rest_route=%2Fwp%2Fv2%2Ftags&post=837"}],"curies":[{"name":"wp","href":"https:\/\/api.w.org\/{rel}","templated":true}]}}