{"id":831,"date":"2014-03-29T04:43:00","date_gmt":"2014-03-29T03:43:00","guid":{"rendered":"https:\/\/psgfans.fr\/?p=831"},"modified":"2014-03-29T04:43:00","modified_gmt":"2014-03-29T03:43:00","slug":"psg-manchester-united-cavani-aurait-deja-donne-le-feu-vert-a-un-transfert","status":"publish","type":"post","link":"https:\/\/psgfans.fr\/?p=831","title":{"rendered":"PSG\/Manchester United : Cavani aurait d\u00e9j\u00e0 donn\u00e9 le feu vert \u00e0 un transfert&#8230;"},"content":{"rendered":"<div style=\"clear: both; text-align: center;\"><a href=\"https:\/\/blogger.googleusercontent.com\/img\/b\/R29vZ2xl\/AVvXsEj0IaCjEy6TmMepY43oo7DmyENdtWnr7IxWhWxWaC7-Y-9ts6tQCrYaKv8Dr-_nEUICg6p7WaoMW31nic27q02uBjA57JYId2xT0nVWglEXdFpgLLoH-cEi5wFkUo9l5Pxc1WGKjiUDHtQ\/s1600\/67nxmMxNL0gv.jpg\" style=\"margin-left: 1em; margin-right: 1em;\"><img loading=\"lazy\" decoding=\"async\" border=\"0\" src=\"https:\/\/blogger.googleusercontent.com\/img\/b\/R29vZ2xl\/AVvXsEj0IaCjEy6TmMepY43oo7DmyENdtWnr7IxWhWxWaC7-Y-9ts6tQCrYaKv8Dr-_nEUICg6p7WaoMW31nic27q02uBjA57JYId2xT0nVWglEXdFpgLLoH-cEi5wFkUo9l5Pxc1WGKjiUDHtQ\/s1600\/67nxmMxNL0gv.jpg\" height=\"210\" width=\"400\" \/><\/a><\/div>\n<p><b>Malheureux \u00e0 Paris, Edinson Cavani penserait \u00e0 un d\u00e9part du PSG. Manchester United, qui surveillerait avec attention la situation de l&rsquo;Uruguayen, aurait d\u00e9j\u00e0 obtenu le feu vert pour un transfert en juin prochain.<\/b><\/p>\n<p>Comme nous vous le r\u00e9v\u00e9lions dans Le 10 Sport d\u00e9but novembre, Edinson Cavani pense \u00e0 quitter le PSG. D\u00e9barqu\u00e9 pour 64 millions d&rsquo;euros en provenance de Naples l&rsquo;\u00e9t\u00e9 dernier, l&rsquo;Uruguayen ne serait pas pleinement \u00e9panoui \u00e0 Paris, malgr\u00e9 des statistiques plut\u00f4t honorables en Ligue 1 et en Ligue des Champions. Manchester United, qui chercherait \u00e0 renforcer son attaque, pourrait en b\u00e9n\u00e9ficier tr\u00e8s prochainement.<\/p>\n<p>UN ACCORD AVEC CAVANI POUR JUIN ?<br \/>A en croire La Gazzetta dello Sport, qui relaie l&rsquo;information sur son site internet vendredi, les Red Devils seraient en pole pour r\u00e9cup\u00e8rer Cavani en fin de saison. MU aurait d\u00e9j\u00e0 entam\u00e9 des discussions avec l&rsquo;entourage du joueur en janvier dernier, obtenant le feu vert de l&rsquo;Uruguayen pour un transfert en juin. Toutefois, cette arriv\u00e9e pourrait rester conditionn\u00e9e \u00e0 une qualification en Ligue des Champions du champion d&rsquo;Angleterre.<\/p>\n<p>CAVANI AVAIT AFFIRM\u00c9 QU&rsquo;IL NE VOULAIT PAS PARTIR&#8230;<br \/>Invit\u00e9 apr\u00e8s le 8e retour de la Ligue des Champions face au Bayer Leverkusen (2-1), Edinson Cavani avait ni\u00e9 ces informations. \u00ab Un malaise Cavani ? Je ne sais pas de quoi on parle, avait-il expliqu\u00e9. Ce n\u2019est pas vrai. Dans le foot, les choses dont on parle dans le vestiaire doivent rester dans le vestiaire et la vie priv\u00e9e doit rester la vie priv\u00e9e. Mais je me sens bien au PSG et \u00e0 Paris. Regarder jouer le PSG \u00e0 la t\u00e9l\u00e9vision a \u00e9t\u00e9 dur. \u00bb<\/p>\n<p>le10sport.com<\/p>\n","protected":false},"excerpt":{"rendered":"<p>Malheureux \u00e0 Paris, Edinson Cavani penserait \u00e0 un d\u00e9part du PSG. Manchester United, qui surveillerait avec attention la situation de l&rsquo;Uruguayen, aurait d\u00e9j\u00e0 obtenu le feu vert pour un transfert en juin prochain. Comme nous vous le r\u00e9v\u00e9lions dans Le 10 Sport d\u00e9but novembre, Edinson Cavani pense \u00e0 quitter le PSG. D\u00e9barqu\u00e9 pour 64 millions [&hellip;]<\/p>\n","protected":false},"author":2,"featured_media":0,"comment_status":"open","ping_status":"open","sticky":false,"template":"","format":"standard","meta":{"footnotes":""},"categories":[3],"tags":[],"class_list":{"0":"post-831","1":"post","2":"type-post","3":"status-publish","4":"format-standard","6":"category-news"},"yoast_head":"<!-- This site is optimized with the Yoast SEO plugin v27.4 - https:\/\/yoast.com\/product\/yoast-seo-wordpress\/ -->\n<title>PSG\/Manchester United : Cavani aurait d\u00e9j\u00e0 donn\u00e9 le feu vert \u00e0 un transfert... - PSG FANS<\/title>\n<meta name=\"robots\" content=\"index, follow, max-snippet:-1, max-image-preview:large, max-video-preview:-1\" \/>\n<link rel=\"canonical\" href=\"https:\/\/psgfans.fr\/?p=831\" \/>\n<meta property=\"og:locale\" content=\"fr_FR\" \/>\n<meta property=\"og:type\" content=\"article\" \/>\n<meta property=\"og:title\" content=\"PSG\/Manchester United : Cavani aurait d\u00e9j\u00e0 donn\u00e9 le feu vert \u00e0 un transfert... - PSG FANS\" \/>\n<meta property=\"og:description\" content=\"Malheureux \u00e0 Paris, Edinson Cavani penserait \u00e0 un d\u00e9part du PSG. Manchester United, qui surveillerait avec attention la situation de l&rsquo;Uruguayen, aurait d\u00e9j\u00e0 obtenu le feu vert pour un transfert en juin prochain. Comme nous vous le r\u00e9v\u00e9lions dans Le 10 Sport d\u00e9but novembre, Edinson Cavani pense \u00e0 quitter le PSG. D\u00e9barqu\u00e9 pour 64 millions [&hellip;]\" \/>\n<meta property=\"og:url\" content=\"https:\/\/psgfans.fr\/?p=831\" \/>\n<meta property=\"og:site_name\" content=\"PSG FANS\" \/>\n<meta property=\"article:published_time\" content=\"2014-03-29T03:43:00+00:00\" \/>\n<meta property=\"og:image\" content=\"https:\/\/blogger.googleusercontent.com\/img\/b\/R29vZ2xl\/AVvXsEj0IaCjEy6TmMepY43oo7DmyENdtWnr7IxWhWxWaC7-Y-9ts6tQCrYaKv8Dr-_nEUICg6p7WaoMW31nic27q02uBjA57JYId2xT0nVWglEXdFpgLLoH-cEi5wFkUo9l5Pxc1WGKjiUDHtQ\/s1600\/67nxmMxNL0gv.jpg\" \/>\n<meta name=\"author\" content=\"psgfans\" \/>\n<meta name=\"twitter:card\" content=\"summary_large_image\" \/>\n<meta name=\"twitter:label1\" content=\"\u00c9crit par\" \/>\n\t<meta name=\"twitter:data1\" content=\"psgfans\" \/>\n\t<meta name=\"twitter:label2\" content=\"Dur\u00e9e de lecture estim\u00e9e\" \/>\n\t<meta name=\"twitter:data2\" content=\"1 minute\" \/>\n<script type=\"application\/ld+json\" class=\"yoast-schema-graph\">{\"@context\":\"https:\\\/\\\/schema.org\",\"@graph\":[{\"@type\":\"Article\",\"@id\":\"https:\\\/\\\/psgfans.fr\\\/?p=831#article\",\"isPartOf\":{\"@id\":\"https:\\\/\\\/psgfans.fr\\\/?p=831\"},\"author\":{\"name\":\"psgfans\",\"@id\":\"https:\\\/\\\/psgfans.fr\\\/#\\\/schema\\\/person\\\/be2237e7a0237af2f29cb344b3c55e6c\"},\"headline\":\"PSG\\\/Manchester United : Cavani aurait d\u00e9j\u00e0 donn\u00e9 le feu vert \u00e0 un transfert&#8230;\",\"datePublished\":\"2014-03-29T03:43:00+00:00\",\"mainEntityOfPage\":{\"@id\":\"https:\\\/\\\/psgfans.fr\\\/?p=831\"},\"wordCount\":296,\"commentCount\":0,\"image\":{\"@id\":\"https:\\\/\\\/psgfans.fr\\\/?p=831#primaryimage\"},\"thumbnailUrl\":\"https:\\\/\\\/blogger.googleusercontent.com\\\/img\\\/b\\\/R29vZ2xl\\\/AVvXsEj0IaCjEy6TmMepY43oo7DmyENdtWnr7IxWhWxWaC7-Y-9ts6tQCrYaKv8Dr-_nEUICg6p7WaoMW31nic27q02uBjA57JYId2xT0nVWglEXdFpgLLoH-cEi5wFkUo9l5Pxc1WGKjiUDHtQ\\\/s1600\\\/67nxmMxNL0gv.jpg\",\"articleSection\":[\"News\"],\"inLanguage\":\"fr-FR\",\"potentialAction\":[{\"@type\":\"CommentAction\",\"name\":\"Comment\",\"target\":[\"https:\\\/\\\/psgfans.fr\\\/?p=831#respond\"]}]},{\"@type\":\"WebPage\",\"@id\":\"https:\\\/\\\/psgfans.fr\\\/?p=831\",\"url\":\"https:\\\/\\\/psgfans.fr\\\/?p=831\",\"name\":\"PSG\\\/Manchester United : Cavani aurait d\u00e9j\u00e0 donn\u00e9 le feu vert \u00e0 un transfert... - PSG FANS\",\"isPartOf\":{\"@id\":\"https:\\\/\\\/psgfans.fr\\\/#website\"},\"primaryImageOfPage\":{\"@id\":\"https:\\\/\\\/psgfans.fr\\\/?p=831#primaryimage\"},\"image\":{\"@id\":\"https:\\\/\\\/psgfans.fr\\\/?p=831#primaryimage\"},\"thumbnailUrl\":\"https:\\\/\\\/blogger.googleusercontent.com\\\/img\\\/b\\\/R29vZ2xl\\\/AVvXsEj0IaCjEy6TmMepY43oo7DmyENdtWnr7IxWhWxWaC7-Y-9ts6tQCrYaKv8Dr-_nEUICg6p7WaoMW31nic27q02uBjA57JYId2xT0nVWglEXdFpgLLoH-cEi5wFkUo9l5Pxc1WGKjiUDHtQ\\\/s1600\\\/67nxmMxNL0gv.jpg\",\"datePublished\":\"2014-03-29T03:43:00+00:00\",\"author\":{\"@id\":\"https:\\\/\\\/psgfans.fr\\\/#\\\/schema\\\/person\\\/be2237e7a0237af2f29cb344b3c55e6c\"},\"breadcrumb\":{\"@id\":\"https:\\\/\\\/psgfans.fr\\\/?p=831#breadcrumb\"},\"inLanguage\":\"fr-FR\",\"potentialAction\":[{\"@type\":\"ReadAction\",\"target\":[\"https:\\\/\\\/psgfans.fr\\\/?p=831\"]}]},{\"@type\":\"ImageObject\",\"inLanguage\":\"fr-FR\",\"@id\":\"https:\\\/\\\/psgfans.fr\\\/?p=831#primaryimage\",\"url\":\"https:\\\/\\\/blogger.googleusercontent.com\\\/img\\\/b\\\/R29vZ2xl\\\/AVvXsEj0IaCjEy6TmMepY43oo7DmyENdtWnr7IxWhWxWaC7-Y-9ts6tQCrYaKv8Dr-_nEUICg6p7WaoMW31nic27q02uBjA57JYId2xT0nVWglEXdFpgLLoH-cEi5wFkUo9l5Pxc1WGKjiUDHtQ\\\/s1600\\\/67nxmMxNL0gv.jpg\",\"contentUrl\":\"https:\\\/\\\/blogger.googleusercontent.com\\\/img\\\/b\\\/R29vZ2xl\\\/AVvXsEj0IaCjEy6TmMepY43oo7DmyENdtWnr7IxWhWxWaC7-Y-9ts6tQCrYaKv8Dr-_nEUICg6p7WaoMW31nic27q02uBjA57JYId2xT0nVWglEXdFpgLLoH-cEi5wFkUo9l5Pxc1WGKjiUDHtQ\\\/s1600\\\/67nxmMxNL0gv.jpg\"},{\"@type\":\"BreadcrumbList\",\"@id\":\"https:\\\/\\\/psgfans.fr\\\/?p=831#breadcrumb\",\"itemListElement\":[{\"@type\":\"ListItem\",\"position\":1,\"name\":\"Accueil\",\"item\":\"https:\\\/\\\/psgfans.fr\\\/\"},{\"@type\":\"ListItem\",\"position\":2,\"name\":\"PSG\\\/Manchester United : Cavani aurait d\u00e9j\u00e0 donn\u00e9 le feu vert \u00e0 un transfert&#8230;\"}]},{\"@type\":\"WebSite\",\"@id\":\"https:\\\/\\\/psgfans.fr\\\/#website\",\"url\":\"https:\\\/\\\/psgfans.fr\\\/\",\"name\":\"PSG FANS\",\"description\":\"Unit\u00e9, Passion, Victoire : Au C\u0153ur du Paris Saint-Germain!\",\"potentialAction\":[{\"@type\":\"SearchAction\",\"target\":{\"@type\":\"EntryPoint\",\"urlTemplate\":\"https:\\\/\\\/psgfans.fr\\\/?s={search_term_string}\"},\"query-input\":{\"@type\":\"PropertyValueSpecification\",\"valueRequired\":true,\"valueName\":\"search_term_string\"}}],\"inLanguage\":\"fr-FR\"},{\"@type\":\"Person\",\"@id\":\"https:\\\/\\\/psgfans.fr\\\/#\\\/schema\\\/person\\\/be2237e7a0237af2f29cb344b3c55e6c\",\"name\":\"psgfans\",\"image\":{\"@type\":\"ImageObject\",\"inLanguage\":\"fr-FR\",\"@id\":\"https:\\\/\\\/secure.gravatar.com\\\/avatar\\\/?s=96&d=mm&r=g\",\"url\":\"https:\\\/\\\/secure.gravatar.com\\\/avatar\\\/?s=96&d=mm&r=g\",\"contentUrl\":\"https:\\\/\\\/secure.gravatar.com\\\/avatar\\\/?s=96&d=mm&r=g\",\"caption\":\"psgfans\"},\"url\":\"https:\\\/\\\/psgfans.fr\\\/?author=2\"}]}<\/script>\n<!-- \/ Yoast SEO plugin. -->","yoast_head_json":{"title":"PSG\/Manchester United : Cavani aurait d\u00e9j\u00e0 donn\u00e9 le feu vert \u00e0 un transfert... - PSG FANS","robots":{"index":"index","follow":"follow","max-snippet":"max-snippet:-1","max-image-preview":"max-image-preview:large","max-video-preview":"max-video-preview:-1"},"canonical":"https:\/\/psgfans.fr\/?p=831","og_locale":"fr_FR","og_type":"article","og_title":"PSG\/Manchester United : Cavani aurait d\u00e9j\u00e0 donn\u00e9 le feu vert \u00e0 un transfert... - PSG FANS","og_description":"Malheureux \u00e0 Paris, Edinson Cavani penserait \u00e0 un d\u00e9part du PSG. Manchester United, qui surveillerait avec attention la situation de l&rsquo;Uruguayen, aurait d\u00e9j\u00e0 obtenu le feu vert pour un transfert en juin prochain. Comme nous vous le r\u00e9v\u00e9lions dans Le 10 Sport d\u00e9but novembre, Edinson Cavani pense \u00e0 quitter le PSG. D\u00e9barqu\u00e9 pour 64 millions [&hellip;]","og_url":"https:\/\/psgfans.fr\/?p=831","og_site_name":"PSG FANS","article_published_time":"2014-03-29T03:43:00+00:00","og_image":[{"url":"https:\/\/blogger.googleusercontent.com\/img\/b\/R29vZ2xl\/AVvXsEj0IaCjEy6TmMepY43oo7DmyENdtWnr7IxWhWxWaC7-Y-9ts6tQCrYaKv8Dr-_nEUICg6p7WaoMW31nic27q02uBjA57JYId2xT0nVWglEXdFpgLLoH-cEi5wFkUo9l5Pxc1WGKjiUDHtQ\/s1600\/67nxmMxNL0gv.jpg","type":"","width":"","height":""}],"author":"psgfans","twitter_card":"summary_large_image","twitter_misc":{"\u00c9crit par":"psgfans","Dur\u00e9e de lecture estim\u00e9e":"1 minute"},"schema":{"@context":"https:\/\/schema.org","@graph":[{"@type":"Article","@id":"https:\/\/psgfans.fr\/?p=831#article","isPartOf":{"@id":"https:\/\/psgfans.fr\/?p=831"},"author":{"name":"psgfans","@id":"https:\/\/psgfans.fr\/#\/schema\/person\/be2237e7a0237af2f29cb344b3c55e6c"},"headline":"PSG\/Manchester United : Cavani aurait d\u00e9j\u00e0 donn\u00e9 le feu vert \u00e0 un transfert&#8230;","datePublished":"2014-03-29T03:43:00+00:00","mainEntityOfPage":{"@id":"https:\/\/psgfans.fr\/?p=831"},"wordCount":296,"commentCount":0,"image":{"@id":"https:\/\/psgfans.fr\/?p=831#primaryimage"},"thumbnailUrl":"https:\/\/blogger.googleusercontent.com\/img\/b\/R29vZ2xl\/AVvXsEj0IaCjEy6TmMepY43oo7DmyENdtWnr7IxWhWxWaC7-Y-9ts6tQCrYaKv8Dr-_nEUICg6p7WaoMW31nic27q02uBjA57JYId2xT0nVWglEXdFpgLLoH-cEi5wFkUo9l5Pxc1WGKjiUDHtQ\/s1600\/67nxmMxNL0gv.jpg","articleSection":["News"],"inLanguage":"fr-FR","potentialAction":[{"@type":"CommentAction","name":"Comment","target":["https:\/\/psgfans.fr\/?p=831#respond"]}]},{"@type":"WebPage","@id":"https:\/\/psgfans.fr\/?p=831","url":"https:\/\/psgfans.fr\/?p=831","name":"PSG\/Manchester United : Cavani aurait d\u00e9j\u00e0 donn\u00e9 le feu vert \u00e0 un transfert... - PSG FANS","isPartOf":{"@id":"https:\/\/psgfans.fr\/#website"},"primaryImageOfPage":{"@id":"https:\/\/psgfans.fr\/?p=831#primaryimage"},"image":{"@id":"https:\/\/psgfans.fr\/?p=831#primaryimage"},"thumbnailUrl":"https:\/\/blogger.googleusercontent.com\/img\/b\/R29vZ2xl\/AVvXsEj0IaCjEy6TmMepY43oo7DmyENdtWnr7IxWhWxWaC7-Y-9ts6tQCrYaKv8Dr-_nEUICg6p7WaoMW31nic27q02uBjA57JYId2xT0nVWglEXdFpgLLoH-cEi5wFkUo9l5Pxc1WGKjiUDHtQ\/s1600\/67nxmMxNL0gv.jpg","datePublished":"2014-03-29T03:43:00+00:00","author":{"@id":"https:\/\/psgfans.fr\/#\/schema\/person\/be2237e7a0237af2f29cb344b3c55e6c"},"breadcrumb":{"@id":"https:\/\/psgfans.fr\/?p=831#breadcrumb"},"inLanguage":"fr-FR","potentialAction":[{"@type":"ReadAction","target":["https:\/\/psgfans.fr\/?p=831"]}]},{"@type":"ImageObject","inLanguage":"fr-FR","@id":"https:\/\/psgfans.fr\/?p=831#primaryimage","url":"https:\/\/blogger.googleusercontent.com\/img\/b\/R29vZ2xl\/AVvXsEj0IaCjEy6TmMepY43oo7DmyENdtWnr7IxWhWxWaC7-Y-9ts6tQCrYaKv8Dr-_nEUICg6p7WaoMW31nic27q02uBjA57JYId2xT0nVWglEXdFpgLLoH-cEi5wFkUo9l5Pxc1WGKjiUDHtQ\/s1600\/67nxmMxNL0gv.jpg","contentUrl":"https:\/\/blogger.googleusercontent.com\/img\/b\/R29vZ2xl\/AVvXsEj0IaCjEy6TmMepY43oo7DmyENdtWnr7IxWhWxWaC7-Y-9ts6tQCrYaKv8Dr-_nEUICg6p7WaoMW31nic27q02uBjA57JYId2xT0nVWglEXdFpgLLoH-cEi5wFkUo9l5Pxc1WGKjiUDHtQ\/s1600\/67nxmMxNL0gv.jpg"},{"@type":"BreadcrumbList","@id":"https:\/\/psgfans.fr\/?p=831#breadcrumb","itemListElement":[{"@type":"ListItem","position":1,"name":"Accueil","item":"https:\/\/psgfans.fr\/"},{"@type":"ListItem","position":2,"name":"PSG\/Manchester United : Cavani aurait d\u00e9j\u00e0 donn\u00e9 le feu vert \u00e0 un transfert&#8230;"}]},{"@type":"WebSite","@id":"https:\/\/psgfans.fr\/#website","url":"https:\/\/psgfans.fr\/","name":"PSG FANS","description":"Unit\u00e9, Passion, Victoire : Au C\u0153ur du Paris Saint-Germain!","potentialAction":[{"@type":"SearchAction","target":{"@type":"EntryPoint","urlTemplate":"https:\/\/psgfans.fr\/?s={search_term_string}"},"query-input":{"@type":"PropertyValueSpecification","valueRequired":true,"valueName":"search_term_string"}}],"inLanguage":"fr-FR"},{"@type":"Person","@id":"https:\/\/psgfans.fr\/#\/schema\/person\/be2237e7a0237af2f29cb344b3c55e6c","name":"psgfans","image":{"@type":"ImageObject","inLanguage":"fr-FR","@id":"https:\/\/secure.gravatar.com\/avatar\/?s=96&d=mm&r=g","url":"https:\/\/secure.gravatar.com\/avatar\/?s=96&d=mm&r=g","contentUrl":"https:\/\/secure.gravatar.com\/avatar\/?s=96&d=mm&r=g","caption":"psgfans"},"url":"https:\/\/psgfans.fr\/?author=2"}]}},"_links":{"self":[{"href":"https:\/\/psgfans.fr\/index.php?rest_route=\/wp\/v2\/posts\/831","targetHints":{"allow":["GET"]}}],"collection":[{"href":"https:\/\/psgfans.fr\/index.php?rest_route=\/wp\/v2\/posts"}],"about":[{"href":"https:\/\/psgfans.fr\/index.php?rest_route=\/wp\/v2\/types\/post"}],"author":[{"embeddable":true,"href":"https:\/\/psgfans.fr\/index.php?rest_route=\/wp\/v2\/users\/2"}],"replies":[{"embeddable":true,"href":"https:\/\/psgfans.fr\/index.php?rest_route=%2Fwp%2Fv2%2Fcomments&post=831"}],"version-history":[{"count":0,"href":"https:\/\/psgfans.fr\/index.php?rest_route=\/wp\/v2\/posts\/831\/revisions"}],"wp:attachment":[{"href":"https:\/\/psgfans.fr\/index.php?rest_route=%2Fwp%2Fv2%2Fmedia&parent=831"}],"wp:term":[{"taxonomy":"category","embeddable":true,"href":"https:\/\/psgfans.fr\/index.php?rest_route=%2Fwp%2Fv2%2Fcategories&post=831"},{"taxonomy":"post_tag","embeddable":true,"href":"https:\/\/psgfans.fr\/index.php?rest_route=%2Fwp%2Fv2%2Ftags&post=831"}],"curies":[{"name":"wp","href":"https:\/\/api.w.org\/{rel}","templated":true}]}}