{"id":828,"date":"2014-03-29T13:51:00","date_gmt":"2014-03-29T12:51:00","guid":{"rendered":"https:\/\/psgfans.fr\/?p=828"},"modified":"2014-03-29T13:51:00","modified_gmt":"2014-03-29T12:51:00","slug":"silva-a-joue-masque","status":"publish","type":"post","link":"https:\/\/psgfans.fr\/?p=828","title":{"rendered":"Silva a jou\u00e9 masqu\u00e9"},"content":{"rendered":"<div style=\"clear: both; text-align: center;\"><a href=\"https:\/\/blogger.googleusercontent.com\/img\/b\/R29vZ2xl\/AVvXsEi62DOrEmnxhAMsR01yESeKIMja5NYbEUNJYY0zmsuw-GAm7JblZEEBXqEj6YSIYgByeLfNXlmRlquFGzN5K3scJeO0gzqpRNfKYL3v_MQ5senMl9wxq9lgw0dNtOR8G8n2A73YnWdww5E\/s1600\/67nxmMxNL0gv.jpg\" style=\"margin-left: 1em; margin-right: 1em;\"><img loading=\"lazy\" decoding=\"async\" border=\"0\" src=\"https:\/\/blogger.googleusercontent.com\/img\/b\/R29vZ2xl\/AVvXsEi62DOrEmnxhAMsR01yESeKIMja5NYbEUNJYY0zmsuw-GAm7JblZEEBXqEj6YSIYgByeLfNXlmRlquFGzN5K3scJeO0gzqpRNfKYL3v_MQ5senMl9wxq9lgw0dNtOR8G8n2A73YnWdww5E\/s1600\/67nxmMxNL0gv.jpg\" height=\"400\" width=\"246\" \/><\/a><\/div>\n<p>Thiago Silva portait hier soir le masque en carbone confectionn\u00e9 sur mesure apr\u00e8s sa fracture du zygomatique gauche subie il y a une semaine \u00e0 Lorient. Le capitaine parisien, surnomm\u00e9 le Monstre, avait d&rsquo;abord h\u00e9sit\u00e9 \u00e0 porter cette protection. \u00ab Sa blessure sous la tempe n&rsquo;est pas grave, elle est m\u00eame assez fr\u00e9quente, mais il vaut mieux qu&rsquo;il le porte \u00bb, explique Hakim Chalabi, ancien m\u00e9decin du PSG.<br \/>Fin 2012, Nene avait lui aussi port\u00e9 un masque. \u00ab Il m&rsquo;a fallu une petite semaine d&rsquo;adaptation, souligne le Br\u00e9silien. C&rsquo;est tr\u00e8s l\u00e9ger, donc on ne le sent presque pas. Au d\u00e9but, tu ressens une petite g\u00eane pour respirer et voir. Mais \u00e7a passe vite. \u00bb Pour confectionner ce masque de 200 g, Thiago Silva s&rsquo;est d\u00e9plac\u00e9 le week-end dernier au centre orthop\u00e9dique Ortholabsport de Milan (Italie).<\/p>\n<p>Le Parisien<\/p>\n","protected":false},"excerpt":{"rendered":"<p>Thiago Silva portait hier soir le masque en carbone confectionn\u00e9 sur mesure apr\u00e8s sa fracture du zygomatique gauche subie il y a une semaine \u00e0 Lorient. Le capitaine parisien, surnomm\u00e9 le Monstre, avait d&rsquo;abord h\u00e9sit\u00e9 \u00e0 porter cette protection. \u00ab Sa blessure sous la tempe n&rsquo;est pas grave, elle est m\u00eame assez fr\u00e9quente, mais il [&hellip;]<\/p>\n","protected":false},"author":2,"featured_media":0,"comment_status":"open","ping_status":"open","sticky":false,"template":"","format":"standard","meta":{"footnotes":""},"categories":[3,4],"tags":[],"class_list":{"0":"post-828","1":"post","2":"type-post","3":"status-publish","4":"format-standard","6":"category-news","7":"category-photos"},"yoast_head":"<!-- This site is optimized with the Yoast SEO plugin v27.4 - https:\/\/yoast.com\/product\/yoast-seo-wordpress\/ -->\n<title>Silva a jou\u00e9 masqu\u00e9 - PSG FANS<\/title>\n<meta name=\"robots\" content=\"index, follow, max-snippet:-1, max-image-preview:large, max-video-preview:-1\" \/>\n<link rel=\"canonical\" href=\"https:\/\/psgfans.fr\/?p=828\" \/>\n<meta property=\"og:locale\" content=\"fr_FR\" \/>\n<meta property=\"og:type\" content=\"article\" \/>\n<meta property=\"og:title\" content=\"Silva a jou\u00e9 masqu\u00e9 - PSG FANS\" \/>\n<meta property=\"og:description\" content=\"Thiago Silva portait hier soir le masque en carbone confectionn\u00e9 sur mesure apr\u00e8s sa fracture du zygomatique gauche subie il y a une semaine \u00e0 Lorient. Le capitaine parisien, surnomm\u00e9 le Monstre, avait d&rsquo;abord h\u00e9sit\u00e9 \u00e0 porter cette protection. \u00ab Sa blessure sous la tempe n&rsquo;est pas grave, elle est m\u00eame assez fr\u00e9quente, mais il [&hellip;]\" \/>\n<meta property=\"og:url\" content=\"https:\/\/psgfans.fr\/?p=828\" \/>\n<meta property=\"og:site_name\" content=\"PSG FANS\" \/>\n<meta property=\"article:published_time\" content=\"2014-03-29T12:51:00+00:00\" \/>\n<meta property=\"og:image\" content=\"https:\/\/blogger.googleusercontent.com\/img\/b\/R29vZ2xl\/AVvXsEi62DOrEmnxhAMsR01yESeKIMja5NYbEUNJYY0zmsuw-GAm7JblZEEBXqEj6YSIYgByeLfNXlmRlquFGzN5K3scJeO0gzqpRNfKYL3v_MQ5senMl9wxq9lgw0dNtOR8G8n2A73YnWdww5E\/s1600\/67nxmMxNL0gv.jpg\" \/>\n<meta name=\"author\" content=\"psgfans\" \/>\n<meta name=\"twitter:card\" content=\"summary_large_image\" \/>\n<meta name=\"twitter:label1\" content=\"\u00c9crit par\" \/>\n\t<meta name=\"twitter:data1\" content=\"psgfans\" \/>\n\t<meta name=\"twitter:label2\" content=\"Dur\u00e9e de lecture estim\u00e9e\" \/>\n\t<meta name=\"twitter:data2\" content=\"1 minute\" \/>\n<script type=\"application\/ld+json\" class=\"yoast-schema-graph\">{\"@context\":\"https:\\\/\\\/schema.org\",\"@graph\":[{\"@type\":\"Article\",\"@id\":\"https:\\\/\\\/psgfans.fr\\\/?p=828#article\",\"isPartOf\":{\"@id\":\"https:\\\/\\\/psgfans.fr\\\/?p=828\"},\"author\":{\"name\":\"psgfans\",\"@id\":\"https:\\\/\\\/psgfans.fr\\\/#\\\/schema\\\/person\\\/be2237e7a0237af2f29cb344b3c55e6c\"},\"headline\":\"Silva a jou\u00e9 masqu\u00e9\",\"datePublished\":\"2014-03-29T12:51:00+00:00\",\"mainEntityOfPage\":{\"@id\":\"https:\\\/\\\/psgfans.fr\\\/?p=828\"},\"wordCount\":152,\"commentCount\":0,\"image\":{\"@id\":\"https:\\\/\\\/psgfans.fr\\\/?p=828#primaryimage\"},\"thumbnailUrl\":\"https:\\\/\\\/blogger.googleusercontent.com\\\/img\\\/b\\\/R29vZ2xl\\\/AVvXsEi62DOrEmnxhAMsR01yESeKIMja5NYbEUNJYY0zmsuw-GAm7JblZEEBXqEj6YSIYgByeLfNXlmRlquFGzN5K3scJeO0gzqpRNfKYL3v_MQ5senMl9wxq9lgw0dNtOR8G8n2A73YnWdww5E\\\/s1600\\\/67nxmMxNL0gv.jpg\",\"articleSection\":[\"News\",\"Photos\"],\"inLanguage\":\"fr-FR\",\"potentialAction\":[{\"@type\":\"CommentAction\",\"name\":\"Comment\",\"target\":[\"https:\\\/\\\/psgfans.fr\\\/?p=828#respond\"]}]},{\"@type\":\"WebPage\",\"@id\":\"https:\\\/\\\/psgfans.fr\\\/?p=828\",\"url\":\"https:\\\/\\\/psgfans.fr\\\/?p=828\",\"name\":\"Silva a jou\u00e9 masqu\u00e9 - PSG FANS\",\"isPartOf\":{\"@id\":\"https:\\\/\\\/psgfans.fr\\\/#website\"},\"primaryImageOfPage\":{\"@id\":\"https:\\\/\\\/psgfans.fr\\\/?p=828#primaryimage\"},\"image\":{\"@id\":\"https:\\\/\\\/psgfans.fr\\\/?p=828#primaryimage\"},\"thumbnailUrl\":\"https:\\\/\\\/blogger.googleusercontent.com\\\/img\\\/b\\\/R29vZ2xl\\\/AVvXsEi62DOrEmnxhAMsR01yESeKIMja5NYbEUNJYY0zmsuw-GAm7JblZEEBXqEj6YSIYgByeLfNXlmRlquFGzN5K3scJeO0gzqpRNfKYL3v_MQ5senMl9wxq9lgw0dNtOR8G8n2A73YnWdww5E\\\/s1600\\\/67nxmMxNL0gv.jpg\",\"datePublished\":\"2014-03-29T12:51:00+00:00\",\"author\":{\"@id\":\"https:\\\/\\\/psgfans.fr\\\/#\\\/schema\\\/person\\\/be2237e7a0237af2f29cb344b3c55e6c\"},\"breadcrumb\":{\"@id\":\"https:\\\/\\\/psgfans.fr\\\/?p=828#breadcrumb\"},\"inLanguage\":\"fr-FR\",\"potentialAction\":[{\"@type\":\"ReadAction\",\"target\":[\"https:\\\/\\\/psgfans.fr\\\/?p=828\"]}]},{\"@type\":\"ImageObject\",\"inLanguage\":\"fr-FR\",\"@id\":\"https:\\\/\\\/psgfans.fr\\\/?p=828#primaryimage\",\"url\":\"https:\\\/\\\/blogger.googleusercontent.com\\\/img\\\/b\\\/R29vZ2xl\\\/AVvXsEi62DOrEmnxhAMsR01yESeKIMja5NYbEUNJYY0zmsuw-GAm7JblZEEBXqEj6YSIYgByeLfNXlmRlquFGzN5K3scJeO0gzqpRNfKYL3v_MQ5senMl9wxq9lgw0dNtOR8G8n2A73YnWdww5E\\\/s1600\\\/67nxmMxNL0gv.jpg\",\"contentUrl\":\"https:\\\/\\\/blogger.googleusercontent.com\\\/img\\\/b\\\/R29vZ2xl\\\/AVvXsEi62DOrEmnxhAMsR01yESeKIMja5NYbEUNJYY0zmsuw-GAm7JblZEEBXqEj6YSIYgByeLfNXlmRlquFGzN5K3scJeO0gzqpRNfKYL3v_MQ5senMl9wxq9lgw0dNtOR8G8n2A73YnWdww5E\\\/s1600\\\/67nxmMxNL0gv.jpg\"},{\"@type\":\"BreadcrumbList\",\"@id\":\"https:\\\/\\\/psgfans.fr\\\/?p=828#breadcrumb\",\"itemListElement\":[{\"@type\":\"ListItem\",\"position\":1,\"name\":\"Accueil\",\"item\":\"https:\\\/\\\/psgfans.fr\\\/\"},{\"@type\":\"ListItem\",\"position\":2,\"name\":\"Silva a jou\u00e9 masqu\u00e9\"}]},{\"@type\":\"WebSite\",\"@id\":\"https:\\\/\\\/psgfans.fr\\\/#website\",\"url\":\"https:\\\/\\\/psgfans.fr\\\/\",\"name\":\"PSG FANS\",\"description\":\"Unit\u00e9, Passion, Victoire : Au C\u0153ur du Paris Saint-Germain!\",\"potentialAction\":[{\"@type\":\"SearchAction\",\"target\":{\"@type\":\"EntryPoint\",\"urlTemplate\":\"https:\\\/\\\/psgfans.fr\\\/?s={search_term_string}\"},\"query-input\":{\"@type\":\"PropertyValueSpecification\",\"valueRequired\":true,\"valueName\":\"search_term_string\"}}],\"inLanguage\":\"fr-FR\"},{\"@type\":\"Person\",\"@id\":\"https:\\\/\\\/psgfans.fr\\\/#\\\/schema\\\/person\\\/be2237e7a0237af2f29cb344b3c55e6c\",\"name\":\"psgfans\",\"image\":{\"@type\":\"ImageObject\",\"inLanguage\":\"fr-FR\",\"@id\":\"https:\\\/\\\/secure.gravatar.com\\\/avatar\\\/?s=96&d=mm&r=g\",\"url\":\"https:\\\/\\\/secure.gravatar.com\\\/avatar\\\/?s=96&d=mm&r=g\",\"contentUrl\":\"https:\\\/\\\/secure.gravatar.com\\\/avatar\\\/?s=96&d=mm&r=g\",\"caption\":\"psgfans\"},\"url\":\"https:\\\/\\\/psgfans.fr\\\/?author=2\"}]}<\/script>\n<!-- \/ Yoast SEO plugin. -->","yoast_head_json":{"title":"Silva a jou\u00e9 masqu\u00e9 - PSG FANS","robots":{"index":"index","follow":"follow","max-snippet":"max-snippet:-1","max-image-preview":"max-image-preview:large","max-video-preview":"max-video-preview:-1"},"canonical":"https:\/\/psgfans.fr\/?p=828","og_locale":"fr_FR","og_type":"article","og_title":"Silva a jou\u00e9 masqu\u00e9 - PSG FANS","og_description":"Thiago Silva portait hier soir le masque en carbone confectionn\u00e9 sur mesure apr\u00e8s sa fracture du zygomatique gauche subie il y a une semaine \u00e0 Lorient. Le capitaine parisien, surnomm\u00e9 le Monstre, avait d&rsquo;abord h\u00e9sit\u00e9 \u00e0 porter cette protection. \u00ab Sa blessure sous la tempe n&rsquo;est pas grave, elle est m\u00eame assez fr\u00e9quente, mais il [&hellip;]","og_url":"https:\/\/psgfans.fr\/?p=828","og_site_name":"PSG FANS","article_published_time":"2014-03-29T12:51:00+00:00","og_image":[{"url":"https:\/\/blogger.googleusercontent.com\/img\/b\/R29vZ2xl\/AVvXsEi62DOrEmnxhAMsR01yESeKIMja5NYbEUNJYY0zmsuw-GAm7JblZEEBXqEj6YSIYgByeLfNXlmRlquFGzN5K3scJeO0gzqpRNfKYL3v_MQ5senMl9wxq9lgw0dNtOR8G8n2A73YnWdww5E\/s1600\/67nxmMxNL0gv.jpg","type":"","width":"","height":""}],"author":"psgfans","twitter_card":"summary_large_image","twitter_misc":{"\u00c9crit par":"psgfans","Dur\u00e9e de lecture estim\u00e9e":"1 minute"},"schema":{"@context":"https:\/\/schema.org","@graph":[{"@type":"Article","@id":"https:\/\/psgfans.fr\/?p=828#article","isPartOf":{"@id":"https:\/\/psgfans.fr\/?p=828"},"author":{"name":"psgfans","@id":"https:\/\/psgfans.fr\/#\/schema\/person\/be2237e7a0237af2f29cb344b3c55e6c"},"headline":"Silva a jou\u00e9 masqu\u00e9","datePublished":"2014-03-29T12:51:00+00:00","mainEntityOfPage":{"@id":"https:\/\/psgfans.fr\/?p=828"},"wordCount":152,"commentCount":0,"image":{"@id":"https:\/\/psgfans.fr\/?p=828#primaryimage"},"thumbnailUrl":"https:\/\/blogger.googleusercontent.com\/img\/b\/R29vZ2xl\/AVvXsEi62DOrEmnxhAMsR01yESeKIMja5NYbEUNJYY0zmsuw-GAm7JblZEEBXqEj6YSIYgByeLfNXlmRlquFGzN5K3scJeO0gzqpRNfKYL3v_MQ5senMl9wxq9lgw0dNtOR8G8n2A73YnWdww5E\/s1600\/67nxmMxNL0gv.jpg","articleSection":["News","Photos"],"inLanguage":"fr-FR","potentialAction":[{"@type":"CommentAction","name":"Comment","target":["https:\/\/psgfans.fr\/?p=828#respond"]}]},{"@type":"WebPage","@id":"https:\/\/psgfans.fr\/?p=828","url":"https:\/\/psgfans.fr\/?p=828","name":"Silva a jou\u00e9 masqu\u00e9 - PSG FANS","isPartOf":{"@id":"https:\/\/psgfans.fr\/#website"},"primaryImageOfPage":{"@id":"https:\/\/psgfans.fr\/?p=828#primaryimage"},"image":{"@id":"https:\/\/psgfans.fr\/?p=828#primaryimage"},"thumbnailUrl":"https:\/\/blogger.googleusercontent.com\/img\/b\/R29vZ2xl\/AVvXsEi62DOrEmnxhAMsR01yESeKIMja5NYbEUNJYY0zmsuw-GAm7JblZEEBXqEj6YSIYgByeLfNXlmRlquFGzN5K3scJeO0gzqpRNfKYL3v_MQ5senMl9wxq9lgw0dNtOR8G8n2A73YnWdww5E\/s1600\/67nxmMxNL0gv.jpg","datePublished":"2014-03-29T12:51:00+00:00","author":{"@id":"https:\/\/psgfans.fr\/#\/schema\/person\/be2237e7a0237af2f29cb344b3c55e6c"},"breadcrumb":{"@id":"https:\/\/psgfans.fr\/?p=828#breadcrumb"},"inLanguage":"fr-FR","potentialAction":[{"@type":"ReadAction","target":["https:\/\/psgfans.fr\/?p=828"]}]},{"@type":"ImageObject","inLanguage":"fr-FR","@id":"https:\/\/psgfans.fr\/?p=828#primaryimage","url":"https:\/\/blogger.googleusercontent.com\/img\/b\/R29vZ2xl\/AVvXsEi62DOrEmnxhAMsR01yESeKIMja5NYbEUNJYY0zmsuw-GAm7JblZEEBXqEj6YSIYgByeLfNXlmRlquFGzN5K3scJeO0gzqpRNfKYL3v_MQ5senMl9wxq9lgw0dNtOR8G8n2A73YnWdww5E\/s1600\/67nxmMxNL0gv.jpg","contentUrl":"https:\/\/blogger.googleusercontent.com\/img\/b\/R29vZ2xl\/AVvXsEi62DOrEmnxhAMsR01yESeKIMja5NYbEUNJYY0zmsuw-GAm7JblZEEBXqEj6YSIYgByeLfNXlmRlquFGzN5K3scJeO0gzqpRNfKYL3v_MQ5senMl9wxq9lgw0dNtOR8G8n2A73YnWdww5E\/s1600\/67nxmMxNL0gv.jpg"},{"@type":"BreadcrumbList","@id":"https:\/\/psgfans.fr\/?p=828#breadcrumb","itemListElement":[{"@type":"ListItem","position":1,"name":"Accueil","item":"https:\/\/psgfans.fr\/"},{"@type":"ListItem","position":2,"name":"Silva a jou\u00e9 masqu\u00e9"}]},{"@type":"WebSite","@id":"https:\/\/psgfans.fr\/#website","url":"https:\/\/psgfans.fr\/","name":"PSG FANS","description":"Unit\u00e9, Passion, Victoire : Au C\u0153ur du Paris Saint-Germain!","potentialAction":[{"@type":"SearchAction","target":{"@type":"EntryPoint","urlTemplate":"https:\/\/psgfans.fr\/?s={search_term_string}"},"query-input":{"@type":"PropertyValueSpecification","valueRequired":true,"valueName":"search_term_string"}}],"inLanguage":"fr-FR"},{"@type":"Person","@id":"https:\/\/psgfans.fr\/#\/schema\/person\/be2237e7a0237af2f29cb344b3c55e6c","name":"psgfans","image":{"@type":"ImageObject","inLanguage":"fr-FR","@id":"https:\/\/secure.gravatar.com\/avatar\/?s=96&d=mm&r=g","url":"https:\/\/secure.gravatar.com\/avatar\/?s=96&d=mm&r=g","contentUrl":"https:\/\/secure.gravatar.com\/avatar\/?s=96&d=mm&r=g","caption":"psgfans"},"url":"https:\/\/psgfans.fr\/?author=2"}]}},"_links":{"self":[{"href":"https:\/\/psgfans.fr\/index.php?rest_route=\/wp\/v2\/posts\/828","targetHints":{"allow":["GET"]}}],"collection":[{"href":"https:\/\/psgfans.fr\/index.php?rest_route=\/wp\/v2\/posts"}],"about":[{"href":"https:\/\/psgfans.fr\/index.php?rest_route=\/wp\/v2\/types\/post"}],"author":[{"embeddable":true,"href":"https:\/\/psgfans.fr\/index.php?rest_route=\/wp\/v2\/users\/2"}],"replies":[{"embeddable":true,"href":"https:\/\/psgfans.fr\/index.php?rest_route=%2Fwp%2Fv2%2Fcomments&post=828"}],"version-history":[{"count":0,"href":"https:\/\/psgfans.fr\/index.php?rest_route=\/wp\/v2\/posts\/828\/revisions"}],"wp:attachment":[{"href":"https:\/\/psgfans.fr\/index.php?rest_route=%2Fwp%2Fv2%2Fmedia&parent=828"}],"wp:term":[{"taxonomy":"category","embeddable":true,"href":"https:\/\/psgfans.fr\/index.php?rest_route=%2Fwp%2Fv2%2Fcategories&post=828"},{"taxonomy":"post_tag","embeddable":true,"href":"https:\/\/psgfans.fr\/index.php?rest_route=%2Fwp%2Fv2%2Ftags&post=828"}],"curies":[{"name":"wp","href":"https:\/\/api.w.org\/{rel}","templated":true}]}}