{"id":825,"date":"2014-03-30T04:05:00","date_gmt":"2014-03-30T03:05:00","guid":{"rendered":"https:\/\/psgfans.fr\/?p=825"},"modified":"2014-03-30T04:05:00","modified_gmt":"2014-03-30T03:05:00","slug":"video-zlatan-toujours-marque-par-les-supporters-danderlecht","status":"publish","type":"post","link":"https:\/\/psgfans.fr\/?p=825","title":{"rendered":"Video || Zlatan toujours marqu\u00e9 par les supporters d&#39;Anderlecht"},"content":{"rendered":"<div style=\"clear: both; text-align: center;\"><a href=\"https:\/\/blogger.googleusercontent.com\/img\/b\/R29vZ2xl\/AVvXsEhwCkkKb3h19H4NoT3Pa_CBY5DweSlthbsVyI8N3JlJLgITSd_gwonvyoXSNpColQqVWLy0CsU1Vremvv8DCECf9afYFKLx61pbzY1s4iL-3ZKBieys1zKQeKoMSB0el7oWKgNeKCqxeMo\/s1600\/1JgFg6sdOMA.jpg\" style=\"margin-left: 1em; margin-right: 1em;\"><img loading=\"lazy\" decoding=\"async\" border=\"0\" src=\"https:\/\/blogger.googleusercontent.com\/img\/b\/R29vZ2xl\/AVvXsEhwCkkKb3h19H4NoT3Pa_CBY5DweSlthbsVyI8N3JlJLgITSd_gwonvyoXSNpColQqVWLy0CsU1Vremvv8DCECf9afYFKLx61pbzY1s4iL-3ZKBieys1zKQeKoMSB0el7oWKgNeKCqxeMo\/s1600\/1JgFg6sdOMA.jpg\" height=\"223\" width=\"400\" \/>&nbsp;<\/a><\/div>\n<div style=\"clear: both; text-align: center;\"><\/div>\n<p>Zlatan Ibrahimovic avait fait la mis\u00e8re \u00e0 Anderlecht en Ligue des Champions. Le Su\u00e9dois avait inscrit un quadrupl\u00e9 au Parc Astrid, o\u00f9 il avait re\u00e7u une ovation de la part des supporters d&rsquo;Anderlecht. Du jamais vu \u00e0 Bruxelles. <\/p>\n<p>Souvenirs pour la vie<br \/>Aujourd&rsquo;hui encore, la vedette du PSG garde un souvenir m\u00e9morable de cette soir\u00e9e. Il l&rsquo;a encoe confi\u00e9 devant les cam\u00e9ras de PSG TV.<\/p>\n<p>\u00ab\u00a0Anderlecht ? This is crazy! C&rsquo;\u00e9tait incroyable.<br \/>Je ne savais pas comment r\u00e9agir. Je ne savais pas si les applaudissements \u00e9taient pour moi ou quelqu&rsquo;un d&rsquo;autre. Et puis je me suis dis que comme j&rsquo;avais marqu\u00e9, c&rsquo;\u00e9tait peut-\u00eatre pour moi. Et l\u00e0, j&rsquo;ai eu la chair de poule. J&rsquo;\u00e9tais tellement fier, car recevoir une standing ovation apr\u00e8s 30 minutes \u00e0 l&rsquo;ext\u00e9rieur par les fans de l&rsquo;\u00e9quipe adverse&#8230; C&rsquo;est fou. D&rsquo;habitude, ils vous sifflent, ils vous insultent, ils vous jettent des choses. Mais l\u00e0, c&rsquo;\u00e9tait diff\u00e9rent. Et j&rsquo;en \u00e9tais tr\u00e8s, tr\u00e8s fier.\u00a0\u00bb<\/p>\n<p>Video :<\/p>\n<p><iframe loading=\"lazy\" allowfullscreen=\"\" frameborder=\"0\" height=\"350\" src=\"\/\/www.youtube.com\/embed\/y9YQ-yGA5rE\" width=\"650\"><\/iframe><\/p>\n","protected":false},"excerpt":{"rendered":"<p>&nbsp; Zlatan Ibrahimovic avait fait la mis\u00e8re \u00e0 Anderlecht en Ligue des Champions. Le Su\u00e9dois avait inscrit un quadrupl\u00e9 au Parc Astrid, o\u00f9 il avait re\u00e7u une ovation de la part des supporters d&rsquo;Anderlecht. Du jamais vu \u00e0 Bruxelles. Souvenirs pour la vieAujourd&rsquo;hui encore, la vedette du PSG garde un souvenir m\u00e9morable de cette soir\u00e9e. [&hellip;]<\/p>\n","protected":false},"author":2,"featured_media":0,"comment_status":"open","ping_status":"open","sticky":false,"template":"","format":"standard","meta":{"footnotes":""},"categories":[3,25],"tags":[],"class_list":{"0":"post-825","1":"post","2":"type-post","3":"status-publish","4":"format-standard","6":"category-news","7":"category-video"},"yoast_head":"<!-- This site is optimized with the Yoast SEO plugin v27.4 - https:\/\/yoast.com\/product\/yoast-seo-wordpress\/ -->\n<title>Video || Zlatan toujours marqu\u00e9 par les supporters d&#039;Anderlecht - PSG FANS<\/title>\n<meta name=\"robots\" content=\"index, follow, max-snippet:-1, max-image-preview:large, max-video-preview:-1\" \/>\n<link rel=\"canonical\" href=\"https:\/\/psgfans.fr\/?p=825\" \/>\n<meta property=\"og:locale\" content=\"fr_FR\" \/>\n<meta property=\"og:type\" content=\"article\" \/>\n<meta property=\"og:title\" content=\"Video || Zlatan toujours marqu\u00e9 par les supporters d&#039;Anderlecht - PSG FANS\" \/>\n<meta property=\"og:description\" content=\"&nbsp; Zlatan Ibrahimovic avait fait la mis\u00e8re \u00e0 Anderlecht en Ligue des Champions. Le Su\u00e9dois avait inscrit un quadrupl\u00e9 au Parc Astrid, o\u00f9 il avait re\u00e7u une ovation de la part des supporters d&rsquo;Anderlecht. Du jamais vu \u00e0 Bruxelles. Souvenirs pour la vieAujourd&rsquo;hui encore, la vedette du PSG garde un souvenir m\u00e9morable de cette soir\u00e9e. [&hellip;]\" \/>\n<meta property=\"og:url\" content=\"https:\/\/psgfans.fr\/?p=825\" \/>\n<meta property=\"og:site_name\" content=\"PSG FANS\" \/>\n<meta property=\"article:published_time\" content=\"2014-03-30T03:05:00+00:00\" \/>\n<meta property=\"og:image\" content=\"https:\/\/blogger.googleusercontent.com\/img\/b\/R29vZ2xl\/AVvXsEhwCkkKb3h19H4NoT3Pa_CBY5DweSlthbsVyI8N3JlJLgITSd_gwonvyoXSNpColQqVWLy0CsU1Vremvv8DCECf9afYFKLx61pbzY1s4iL-3ZKBieys1zKQeKoMSB0el7oWKgNeKCqxeMo\/s1600\/1JgFg6sdOMA.jpg\" \/>\n<meta name=\"author\" content=\"psgfans\" \/>\n<meta name=\"twitter:card\" content=\"summary_large_image\" \/>\n<meta name=\"twitter:label1\" content=\"\u00c9crit par\" \/>\n\t<meta name=\"twitter:data1\" content=\"psgfans\" \/>\n\t<meta name=\"twitter:label2\" content=\"Dur\u00e9e de lecture estim\u00e9e\" \/>\n\t<meta name=\"twitter:data2\" content=\"1 minute\" \/>\n<script type=\"application\/ld+json\" class=\"yoast-schema-graph\">{\"@context\":\"https:\\\/\\\/schema.org\",\"@graph\":[{\"@type\":\"Article\",\"@id\":\"https:\\\/\\\/psgfans.fr\\\/?p=825#article\",\"isPartOf\":{\"@id\":\"https:\\\/\\\/psgfans.fr\\\/?p=825\"},\"author\":{\"name\":\"psgfans\",\"@id\":\"https:\\\/\\\/psgfans.fr\\\/#\\\/schema\\\/person\\\/be2237e7a0237af2f29cb344b3c55e6c\"},\"headline\":\"Video || Zlatan toujours marqu\u00e9 par les supporters d&#39;Anderlecht\",\"datePublished\":\"2014-03-30T03:05:00+00:00\",\"mainEntityOfPage\":{\"@id\":\"https:\\\/\\\/psgfans.fr\\\/?p=825\"},\"wordCount\":190,\"commentCount\":0,\"image\":{\"@id\":\"https:\\\/\\\/psgfans.fr\\\/?p=825#primaryimage\"},\"thumbnailUrl\":\"https:\\\/\\\/blogger.googleusercontent.com\\\/img\\\/b\\\/R29vZ2xl\\\/AVvXsEhwCkkKb3h19H4NoT3Pa_CBY5DweSlthbsVyI8N3JlJLgITSd_gwonvyoXSNpColQqVWLy0CsU1Vremvv8DCECf9afYFKLx61pbzY1s4iL-3ZKBieys1zKQeKoMSB0el7oWKgNeKCqxeMo\\\/s1600\\\/1JgFg6sdOMA.jpg\",\"articleSection\":[\"News\",\"Video\"],\"inLanguage\":\"fr-FR\",\"potentialAction\":[{\"@type\":\"CommentAction\",\"name\":\"Comment\",\"target\":[\"https:\\\/\\\/psgfans.fr\\\/?p=825#respond\"]}]},{\"@type\":\"WebPage\",\"@id\":\"https:\\\/\\\/psgfans.fr\\\/?p=825\",\"url\":\"https:\\\/\\\/psgfans.fr\\\/?p=825\",\"name\":\"Video || Zlatan toujours marqu\u00e9 par les supporters d&#39;Anderlecht - PSG FANS\",\"isPartOf\":{\"@id\":\"https:\\\/\\\/psgfans.fr\\\/#website\"},\"primaryImageOfPage\":{\"@id\":\"https:\\\/\\\/psgfans.fr\\\/?p=825#primaryimage\"},\"image\":{\"@id\":\"https:\\\/\\\/psgfans.fr\\\/?p=825#primaryimage\"},\"thumbnailUrl\":\"https:\\\/\\\/blogger.googleusercontent.com\\\/img\\\/b\\\/R29vZ2xl\\\/AVvXsEhwCkkKb3h19H4NoT3Pa_CBY5DweSlthbsVyI8N3JlJLgITSd_gwonvyoXSNpColQqVWLy0CsU1Vremvv8DCECf9afYFKLx61pbzY1s4iL-3ZKBieys1zKQeKoMSB0el7oWKgNeKCqxeMo\\\/s1600\\\/1JgFg6sdOMA.jpg\",\"datePublished\":\"2014-03-30T03:05:00+00:00\",\"author\":{\"@id\":\"https:\\\/\\\/psgfans.fr\\\/#\\\/schema\\\/person\\\/be2237e7a0237af2f29cb344b3c55e6c\"},\"breadcrumb\":{\"@id\":\"https:\\\/\\\/psgfans.fr\\\/?p=825#breadcrumb\"},\"inLanguage\":\"fr-FR\",\"potentialAction\":[{\"@type\":\"ReadAction\",\"target\":[\"https:\\\/\\\/psgfans.fr\\\/?p=825\"]}]},{\"@type\":\"ImageObject\",\"inLanguage\":\"fr-FR\",\"@id\":\"https:\\\/\\\/psgfans.fr\\\/?p=825#primaryimage\",\"url\":\"https:\\\/\\\/blogger.googleusercontent.com\\\/img\\\/b\\\/R29vZ2xl\\\/AVvXsEhwCkkKb3h19H4NoT3Pa_CBY5DweSlthbsVyI8N3JlJLgITSd_gwonvyoXSNpColQqVWLy0CsU1Vremvv8DCECf9afYFKLx61pbzY1s4iL-3ZKBieys1zKQeKoMSB0el7oWKgNeKCqxeMo\\\/s1600\\\/1JgFg6sdOMA.jpg\",\"contentUrl\":\"https:\\\/\\\/blogger.googleusercontent.com\\\/img\\\/b\\\/R29vZ2xl\\\/AVvXsEhwCkkKb3h19H4NoT3Pa_CBY5DweSlthbsVyI8N3JlJLgITSd_gwonvyoXSNpColQqVWLy0CsU1Vremvv8DCECf9afYFKLx61pbzY1s4iL-3ZKBieys1zKQeKoMSB0el7oWKgNeKCqxeMo\\\/s1600\\\/1JgFg6sdOMA.jpg\"},{\"@type\":\"BreadcrumbList\",\"@id\":\"https:\\\/\\\/psgfans.fr\\\/?p=825#breadcrumb\",\"itemListElement\":[{\"@type\":\"ListItem\",\"position\":1,\"name\":\"Accueil\",\"item\":\"https:\\\/\\\/psgfans.fr\\\/\"},{\"@type\":\"ListItem\",\"position\":2,\"name\":\"Video || Zlatan toujours marqu\u00e9 par les supporters d&#39;Anderlecht\"}]},{\"@type\":\"WebSite\",\"@id\":\"https:\\\/\\\/psgfans.fr\\\/#website\",\"url\":\"https:\\\/\\\/psgfans.fr\\\/\",\"name\":\"PSG FANS\",\"description\":\"Unit\u00e9, Passion, Victoire : Au C\u0153ur du Paris Saint-Germain!\",\"potentialAction\":[{\"@type\":\"SearchAction\",\"target\":{\"@type\":\"EntryPoint\",\"urlTemplate\":\"https:\\\/\\\/psgfans.fr\\\/?s={search_term_string}\"},\"query-input\":{\"@type\":\"PropertyValueSpecification\",\"valueRequired\":true,\"valueName\":\"search_term_string\"}}],\"inLanguage\":\"fr-FR\"},{\"@type\":\"Person\",\"@id\":\"https:\\\/\\\/psgfans.fr\\\/#\\\/schema\\\/person\\\/be2237e7a0237af2f29cb344b3c55e6c\",\"name\":\"psgfans\",\"image\":{\"@type\":\"ImageObject\",\"inLanguage\":\"fr-FR\",\"@id\":\"https:\\\/\\\/secure.gravatar.com\\\/avatar\\\/?s=96&d=mm&r=g\",\"url\":\"https:\\\/\\\/secure.gravatar.com\\\/avatar\\\/?s=96&d=mm&r=g\",\"contentUrl\":\"https:\\\/\\\/secure.gravatar.com\\\/avatar\\\/?s=96&d=mm&r=g\",\"caption\":\"psgfans\"},\"url\":\"https:\\\/\\\/psgfans.fr\\\/?author=2\"}]}<\/script>\n<!-- \/ Yoast SEO plugin. -->","yoast_head_json":{"title":"Video || Zlatan toujours marqu\u00e9 par les supporters d&#39;Anderlecht - PSG FANS","robots":{"index":"index","follow":"follow","max-snippet":"max-snippet:-1","max-image-preview":"max-image-preview:large","max-video-preview":"max-video-preview:-1"},"canonical":"https:\/\/psgfans.fr\/?p=825","og_locale":"fr_FR","og_type":"article","og_title":"Video || Zlatan toujours marqu\u00e9 par les supporters d&#39;Anderlecht - PSG FANS","og_description":"&nbsp; Zlatan Ibrahimovic avait fait la mis\u00e8re \u00e0 Anderlecht en Ligue des Champions. Le Su\u00e9dois avait inscrit un quadrupl\u00e9 au Parc Astrid, o\u00f9 il avait re\u00e7u une ovation de la part des supporters d&rsquo;Anderlecht. Du jamais vu \u00e0 Bruxelles. Souvenirs pour la vieAujourd&rsquo;hui encore, la vedette du PSG garde un souvenir m\u00e9morable de cette soir\u00e9e. [&hellip;]","og_url":"https:\/\/psgfans.fr\/?p=825","og_site_name":"PSG FANS","article_published_time":"2014-03-30T03:05:00+00:00","og_image":[{"url":"https:\/\/blogger.googleusercontent.com\/img\/b\/R29vZ2xl\/AVvXsEhwCkkKb3h19H4NoT3Pa_CBY5DweSlthbsVyI8N3JlJLgITSd_gwonvyoXSNpColQqVWLy0CsU1Vremvv8DCECf9afYFKLx61pbzY1s4iL-3ZKBieys1zKQeKoMSB0el7oWKgNeKCqxeMo\/s1600\/1JgFg6sdOMA.jpg","type":"","width":"","height":""}],"author":"psgfans","twitter_card":"summary_large_image","twitter_misc":{"\u00c9crit par":"psgfans","Dur\u00e9e de lecture estim\u00e9e":"1 minute"},"schema":{"@context":"https:\/\/schema.org","@graph":[{"@type":"Article","@id":"https:\/\/psgfans.fr\/?p=825#article","isPartOf":{"@id":"https:\/\/psgfans.fr\/?p=825"},"author":{"name":"psgfans","@id":"https:\/\/psgfans.fr\/#\/schema\/person\/be2237e7a0237af2f29cb344b3c55e6c"},"headline":"Video || Zlatan toujours marqu\u00e9 par les supporters d&#39;Anderlecht","datePublished":"2014-03-30T03:05:00+00:00","mainEntityOfPage":{"@id":"https:\/\/psgfans.fr\/?p=825"},"wordCount":190,"commentCount":0,"image":{"@id":"https:\/\/psgfans.fr\/?p=825#primaryimage"},"thumbnailUrl":"https:\/\/blogger.googleusercontent.com\/img\/b\/R29vZ2xl\/AVvXsEhwCkkKb3h19H4NoT3Pa_CBY5DweSlthbsVyI8N3JlJLgITSd_gwonvyoXSNpColQqVWLy0CsU1Vremvv8DCECf9afYFKLx61pbzY1s4iL-3ZKBieys1zKQeKoMSB0el7oWKgNeKCqxeMo\/s1600\/1JgFg6sdOMA.jpg","articleSection":["News","Video"],"inLanguage":"fr-FR","potentialAction":[{"@type":"CommentAction","name":"Comment","target":["https:\/\/psgfans.fr\/?p=825#respond"]}]},{"@type":"WebPage","@id":"https:\/\/psgfans.fr\/?p=825","url":"https:\/\/psgfans.fr\/?p=825","name":"Video || Zlatan toujours marqu\u00e9 par les supporters d&#39;Anderlecht - PSG FANS","isPartOf":{"@id":"https:\/\/psgfans.fr\/#website"},"primaryImageOfPage":{"@id":"https:\/\/psgfans.fr\/?p=825#primaryimage"},"image":{"@id":"https:\/\/psgfans.fr\/?p=825#primaryimage"},"thumbnailUrl":"https:\/\/blogger.googleusercontent.com\/img\/b\/R29vZ2xl\/AVvXsEhwCkkKb3h19H4NoT3Pa_CBY5DweSlthbsVyI8N3JlJLgITSd_gwonvyoXSNpColQqVWLy0CsU1Vremvv8DCECf9afYFKLx61pbzY1s4iL-3ZKBieys1zKQeKoMSB0el7oWKgNeKCqxeMo\/s1600\/1JgFg6sdOMA.jpg","datePublished":"2014-03-30T03:05:00+00:00","author":{"@id":"https:\/\/psgfans.fr\/#\/schema\/person\/be2237e7a0237af2f29cb344b3c55e6c"},"breadcrumb":{"@id":"https:\/\/psgfans.fr\/?p=825#breadcrumb"},"inLanguage":"fr-FR","potentialAction":[{"@type":"ReadAction","target":["https:\/\/psgfans.fr\/?p=825"]}]},{"@type":"ImageObject","inLanguage":"fr-FR","@id":"https:\/\/psgfans.fr\/?p=825#primaryimage","url":"https:\/\/blogger.googleusercontent.com\/img\/b\/R29vZ2xl\/AVvXsEhwCkkKb3h19H4NoT3Pa_CBY5DweSlthbsVyI8N3JlJLgITSd_gwonvyoXSNpColQqVWLy0CsU1Vremvv8DCECf9afYFKLx61pbzY1s4iL-3ZKBieys1zKQeKoMSB0el7oWKgNeKCqxeMo\/s1600\/1JgFg6sdOMA.jpg","contentUrl":"https:\/\/blogger.googleusercontent.com\/img\/b\/R29vZ2xl\/AVvXsEhwCkkKb3h19H4NoT3Pa_CBY5DweSlthbsVyI8N3JlJLgITSd_gwonvyoXSNpColQqVWLy0CsU1Vremvv8DCECf9afYFKLx61pbzY1s4iL-3ZKBieys1zKQeKoMSB0el7oWKgNeKCqxeMo\/s1600\/1JgFg6sdOMA.jpg"},{"@type":"BreadcrumbList","@id":"https:\/\/psgfans.fr\/?p=825#breadcrumb","itemListElement":[{"@type":"ListItem","position":1,"name":"Accueil","item":"https:\/\/psgfans.fr\/"},{"@type":"ListItem","position":2,"name":"Video || Zlatan toujours marqu\u00e9 par les supporters d&#39;Anderlecht"}]},{"@type":"WebSite","@id":"https:\/\/psgfans.fr\/#website","url":"https:\/\/psgfans.fr\/","name":"PSG FANS","description":"Unit\u00e9, Passion, Victoire : Au C\u0153ur du Paris Saint-Germain!","potentialAction":[{"@type":"SearchAction","target":{"@type":"EntryPoint","urlTemplate":"https:\/\/psgfans.fr\/?s={search_term_string}"},"query-input":{"@type":"PropertyValueSpecification","valueRequired":true,"valueName":"search_term_string"}}],"inLanguage":"fr-FR"},{"@type":"Person","@id":"https:\/\/psgfans.fr\/#\/schema\/person\/be2237e7a0237af2f29cb344b3c55e6c","name":"psgfans","image":{"@type":"ImageObject","inLanguage":"fr-FR","@id":"https:\/\/secure.gravatar.com\/avatar\/?s=96&d=mm&r=g","url":"https:\/\/secure.gravatar.com\/avatar\/?s=96&d=mm&r=g","contentUrl":"https:\/\/secure.gravatar.com\/avatar\/?s=96&d=mm&r=g","caption":"psgfans"},"url":"https:\/\/psgfans.fr\/?author=2"}]}},"_links":{"self":[{"href":"https:\/\/psgfans.fr\/index.php?rest_route=\/wp\/v2\/posts\/825","targetHints":{"allow":["GET"]}}],"collection":[{"href":"https:\/\/psgfans.fr\/index.php?rest_route=\/wp\/v2\/posts"}],"about":[{"href":"https:\/\/psgfans.fr\/index.php?rest_route=\/wp\/v2\/types\/post"}],"author":[{"embeddable":true,"href":"https:\/\/psgfans.fr\/index.php?rest_route=\/wp\/v2\/users\/2"}],"replies":[{"embeddable":true,"href":"https:\/\/psgfans.fr\/index.php?rest_route=%2Fwp%2Fv2%2Fcomments&post=825"}],"version-history":[{"count":0,"href":"https:\/\/psgfans.fr\/index.php?rest_route=\/wp\/v2\/posts\/825\/revisions"}],"wp:attachment":[{"href":"https:\/\/psgfans.fr\/index.php?rest_route=%2Fwp%2Fv2%2Fmedia&parent=825"}],"wp:term":[{"taxonomy":"category","embeddable":true,"href":"https:\/\/psgfans.fr\/index.php?rest_route=%2Fwp%2Fv2%2Fcategories&post=825"},{"taxonomy":"post_tag","embeddable":true,"href":"https:\/\/psgfans.fr\/index.php?rest_route=%2Fwp%2Fv2%2Ftags&post=825"}],"curies":[{"name":"wp","href":"https:\/\/api.w.org\/{rel}","templated":true}]}}