{"id":821,"date":"2014-03-31T13:33:00","date_gmt":"2014-03-31T12:33:00","guid":{"rendered":"https:\/\/psgfans.fr\/?p=821"},"modified":"2014-03-31T13:33:00","modified_gmt":"2014-03-31T12:33:00","slug":"le-psg-reve-de-recruter-eden-hazard","status":"publish","type":"post","link":"https:\/\/psgfans.fr\/?p=821","title":{"rendered":"Le PSG r\u00eave de recruter Eden Hazard"},"content":{"rendered":"<div style=\"clear: both; text-align: center;\"><a href=\"https:\/\/blogger.googleusercontent.com\/img\/b\/R29vZ2xl\/AVvXsEgJduunGb047ZS3-kpF3XZ7smouVUn1b0ysus5tiljPtuGN0eTJ8Tu8fdXy8mw3eO-yCL2NijPRL6YdUxnGIhmb9ADF50RD7mCP11ySGThDK9Gv8zvDYB3EEQfAlsTaPaD8oME4E8R-BFU\/s1600\/207204_474406475914557_1331569288_n.jpg\" style=\"margin-left: 1em; margin-right: 1em;\"><img loading=\"lazy\" decoding=\"async\" border=\"0\" src=\"https:\/\/blogger.googleusercontent.com\/img\/b\/R29vZ2xl\/AVvXsEgJduunGb047ZS3-kpF3XZ7smouVUn1b0ysus5tiljPtuGN0eTJ8Tu8fdXy8mw3eO-yCL2NijPRL6YdUxnGIhmb9ADF50RD7mCP11ySGThDK9Gv8zvDYB3EEQfAlsTaPaD8oME4E8R-BFU\/s1600\/207204_474406475914557_1331569288_n.jpg\" height=\"206\" width=\"400\" \/><\/a><\/div>\n<p>L&rsquo;id\u00e9e d&rsquo;un transfert d&rsquo;Eden Hazard au PSG l&rsquo;\u00e9t\u00e9 prochain fait toujours son chemin. Avant No\u00ebl, le principal int\u00e9ress\u00e9 avait confi\u00e9 \u00e0 l&rsquo;un de ses partenaires de Chelsea qu&rsquo;il rejoindrait \u00ab certainement \u00bb le club parisien la saison prochaine (voir nos \u00e9ditions du 10 janvier). Impossible d&rsquo;en d\u00e9duire qu&rsquo;un d\u00e9part \u00e9tait alors d\u00e9j\u00e0 act\u00e9.<\/p>\n<p>Mais cette confidence indiquait qu&rsquo;un projet de transfert avait alors \u00e9t\u00e9 mis sur pied. Depuis, Jos\u00e9 Mourinho a ferm\u00e9 \u00e9nergiquement la porte \u00e0 un d\u00e9part de son joueur majeur&#8230; Sauf si le PSG proposait une offre impossible \u00e0 refuser. Ceci n&#8217;emp\u00eache pas Yohan Cabaye, ex-co\u00e9quipier et ami d&rsquo;Hazard, d&rsquo;envisager lui aussi l&rsquo;id\u00e9e d&rsquo;un futur transfert. \u00ab Si j&rsquo;\u00e9tais directeur sportif, Hazard est un joueur que j&rsquo;aimerais voir \u00e9voluer au PSG, reconna\u00eet le milieu de terrain parisien. Il ferait beaucoup de bien \u00e0 Paris et au Championnat de France. \u00bb<\/p>\n<p>Le Parisien<\/p>\n","protected":false},"excerpt":{"rendered":"<p>L&rsquo;id\u00e9e d&rsquo;un transfert d&rsquo;Eden Hazard au PSG l&rsquo;\u00e9t\u00e9 prochain fait toujours son chemin. Avant No\u00ebl, le principal int\u00e9ress\u00e9 avait confi\u00e9 \u00e0 l&rsquo;un de ses partenaires de Chelsea qu&rsquo;il rejoindrait \u00ab certainement \u00bb le club parisien la saison prochaine (voir nos \u00e9ditions du 10 janvier). Impossible d&rsquo;en d\u00e9duire qu&rsquo;un d\u00e9part \u00e9tait alors d\u00e9j\u00e0 act\u00e9. Mais cette [&hellip;]<\/p>\n","protected":false},"author":2,"featured_media":0,"comment_status":"open","ping_status":"open","sticky":false,"template":"","format":"standard","meta":{"footnotes":""},"categories":[3],"tags":[],"class_list":{"0":"post-821","1":"post","2":"type-post","3":"status-publish","4":"format-standard","6":"category-news"},"yoast_head":"<!-- This site is optimized with the Yoast SEO plugin v27.4 - https:\/\/yoast.com\/product\/yoast-seo-wordpress\/ -->\n<title>Le PSG r\u00eave de recruter Eden Hazard - PSG FANS<\/title>\n<meta name=\"robots\" content=\"index, follow, max-snippet:-1, max-image-preview:large, max-video-preview:-1\" \/>\n<link rel=\"canonical\" href=\"https:\/\/psgfans.fr\/?p=821\" \/>\n<meta property=\"og:locale\" content=\"fr_FR\" \/>\n<meta property=\"og:type\" content=\"article\" \/>\n<meta property=\"og:title\" content=\"Le PSG r\u00eave de recruter Eden Hazard - PSG FANS\" \/>\n<meta property=\"og:description\" content=\"L&rsquo;id\u00e9e d&rsquo;un transfert d&rsquo;Eden Hazard au PSG l&rsquo;\u00e9t\u00e9 prochain fait toujours son chemin. Avant No\u00ebl, le principal int\u00e9ress\u00e9 avait confi\u00e9 \u00e0 l&rsquo;un de ses partenaires de Chelsea qu&rsquo;il rejoindrait \u00ab certainement \u00bb le club parisien la saison prochaine (voir nos \u00e9ditions du 10 janvier). Impossible d&rsquo;en d\u00e9duire qu&rsquo;un d\u00e9part \u00e9tait alors d\u00e9j\u00e0 act\u00e9. Mais cette [&hellip;]\" \/>\n<meta property=\"og:url\" content=\"https:\/\/psgfans.fr\/?p=821\" \/>\n<meta property=\"og:site_name\" content=\"PSG FANS\" \/>\n<meta property=\"article:published_time\" content=\"2014-03-31T12:33:00+00:00\" \/>\n<meta property=\"og:image\" content=\"https:\/\/blogger.googleusercontent.com\/img\/b\/R29vZ2xl\/AVvXsEgJduunGb047ZS3-kpF3XZ7smouVUn1b0ysus5tiljPtuGN0eTJ8Tu8fdXy8mw3eO-yCL2NijPRL6YdUxnGIhmb9ADF50RD7mCP11ySGThDK9Gv8zvDYB3EEQfAlsTaPaD8oME4E8R-BFU\/s1600\/207204_474406475914557_1331569288_n.jpg\" \/>\n<meta name=\"author\" content=\"psgfans\" \/>\n<meta name=\"twitter:card\" content=\"summary_large_image\" \/>\n<meta name=\"twitter:label1\" content=\"\u00c9crit par\" \/>\n\t<meta name=\"twitter:data1\" content=\"psgfans\" \/>\n\t<meta name=\"twitter:label2\" content=\"Dur\u00e9e de lecture estim\u00e9e\" \/>\n\t<meta name=\"twitter:data2\" content=\"1 minute\" \/>\n<script type=\"application\/ld+json\" class=\"yoast-schema-graph\">{\"@context\":\"https:\\\/\\\/schema.org\",\"@graph\":[{\"@type\":\"Article\",\"@id\":\"https:\\\/\\\/psgfans.fr\\\/?p=821#article\",\"isPartOf\":{\"@id\":\"https:\\\/\\\/psgfans.fr\\\/?p=821\"},\"author\":{\"name\":\"psgfans\",\"@id\":\"https:\\\/\\\/psgfans.fr\\\/#\\\/schema\\\/person\\\/be2237e7a0237af2f29cb344b3c55e6c\"},\"headline\":\"Le PSG r\u00eave de recruter Eden Hazard\",\"datePublished\":\"2014-03-31T12:33:00+00:00\",\"mainEntityOfPage\":{\"@id\":\"https:\\\/\\\/psgfans.fr\\\/?p=821\"},\"wordCount\":170,\"commentCount\":0,\"image\":{\"@id\":\"https:\\\/\\\/psgfans.fr\\\/?p=821#primaryimage\"},\"thumbnailUrl\":\"https:\\\/\\\/blogger.googleusercontent.com\\\/img\\\/b\\\/R29vZ2xl\\\/AVvXsEgJduunGb047ZS3-kpF3XZ7smouVUn1b0ysus5tiljPtuGN0eTJ8Tu8fdXy8mw3eO-yCL2NijPRL6YdUxnGIhmb9ADF50RD7mCP11ySGThDK9Gv8zvDYB3EEQfAlsTaPaD8oME4E8R-BFU\\\/s1600\\\/207204_474406475914557_1331569288_n.jpg\",\"articleSection\":[\"News\"],\"inLanguage\":\"fr-FR\",\"potentialAction\":[{\"@type\":\"CommentAction\",\"name\":\"Comment\",\"target\":[\"https:\\\/\\\/psgfans.fr\\\/?p=821#respond\"]}]},{\"@type\":\"WebPage\",\"@id\":\"https:\\\/\\\/psgfans.fr\\\/?p=821\",\"url\":\"https:\\\/\\\/psgfans.fr\\\/?p=821\",\"name\":\"Le PSG r\u00eave de recruter Eden Hazard - PSG FANS\",\"isPartOf\":{\"@id\":\"https:\\\/\\\/psgfans.fr\\\/#website\"},\"primaryImageOfPage\":{\"@id\":\"https:\\\/\\\/psgfans.fr\\\/?p=821#primaryimage\"},\"image\":{\"@id\":\"https:\\\/\\\/psgfans.fr\\\/?p=821#primaryimage\"},\"thumbnailUrl\":\"https:\\\/\\\/blogger.googleusercontent.com\\\/img\\\/b\\\/R29vZ2xl\\\/AVvXsEgJduunGb047ZS3-kpF3XZ7smouVUn1b0ysus5tiljPtuGN0eTJ8Tu8fdXy8mw3eO-yCL2NijPRL6YdUxnGIhmb9ADF50RD7mCP11ySGThDK9Gv8zvDYB3EEQfAlsTaPaD8oME4E8R-BFU\\\/s1600\\\/207204_474406475914557_1331569288_n.jpg\",\"datePublished\":\"2014-03-31T12:33:00+00:00\",\"author\":{\"@id\":\"https:\\\/\\\/psgfans.fr\\\/#\\\/schema\\\/person\\\/be2237e7a0237af2f29cb344b3c55e6c\"},\"breadcrumb\":{\"@id\":\"https:\\\/\\\/psgfans.fr\\\/?p=821#breadcrumb\"},\"inLanguage\":\"fr-FR\",\"potentialAction\":[{\"@type\":\"ReadAction\",\"target\":[\"https:\\\/\\\/psgfans.fr\\\/?p=821\"]}]},{\"@type\":\"ImageObject\",\"inLanguage\":\"fr-FR\",\"@id\":\"https:\\\/\\\/psgfans.fr\\\/?p=821#primaryimage\",\"url\":\"https:\\\/\\\/blogger.googleusercontent.com\\\/img\\\/b\\\/R29vZ2xl\\\/AVvXsEgJduunGb047ZS3-kpF3XZ7smouVUn1b0ysus5tiljPtuGN0eTJ8Tu8fdXy8mw3eO-yCL2NijPRL6YdUxnGIhmb9ADF50RD7mCP11ySGThDK9Gv8zvDYB3EEQfAlsTaPaD8oME4E8R-BFU\\\/s1600\\\/207204_474406475914557_1331569288_n.jpg\",\"contentUrl\":\"https:\\\/\\\/blogger.googleusercontent.com\\\/img\\\/b\\\/R29vZ2xl\\\/AVvXsEgJduunGb047ZS3-kpF3XZ7smouVUn1b0ysus5tiljPtuGN0eTJ8Tu8fdXy8mw3eO-yCL2NijPRL6YdUxnGIhmb9ADF50RD7mCP11ySGThDK9Gv8zvDYB3EEQfAlsTaPaD8oME4E8R-BFU\\\/s1600\\\/207204_474406475914557_1331569288_n.jpg\"},{\"@type\":\"BreadcrumbList\",\"@id\":\"https:\\\/\\\/psgfans.fr\\\/?p=821#breadcrumb\",\"itemListElement\":[{\"@type\":\"ListItem\",\"position\":1,\"name\":\"Accueil\",\"item\":\"https:\\\/\\\/psgfans.fr\\\/\"},{\"@type\":\"ListItem\",\"position\":2,\"name\":\"Le PSG r\u00eave de recruter Eden Hazard\"}]},{\"@type\":\"WebSite\",\"@id\":\"https:\\\/\\\/psgfans.fr\\\/#website\",\"url\":\"https:\\\/\\\/psgfans.fr\\\/\",\"name\":\"PSG FANS\",\"description\":\"Unit\u00e9, Passion, Victoire : Au C\u0153ur du Paris Saint-Germain!\",\"potentialAction\":[{\"@type\":\"SearchAction\",\"target\":{\"@type\":\"EntryPoint\",\"urlTemplate\":\"https:\\\/\\\/psgfans.fr\\\/?s={search_term_string}\"},\"query-input\":{\"@type\":\"PropertyValueSpecification\",\"valueRequired\":true,\"valueName\":\"search_term_string\"}}],\"inLanguage\":\"fr-FR\"},{\"@type\":\"Person\",\"@id\":\"https:\\\/\\\/psgfans.fr\\\/#\\\/schema\\\/person\\\/be2237e7a0237af2f29cb344b3c55e6c\",\"name\":\"psgfans\",\"image\":{\"@type\":\"ImageObject\",\"inLanguage\":\"fr-FR\",\"@id\":\"https:\\\/\\\/secure.gravatar.com\\\/avatar\\\/?s=96&d=mm&r=g\",\"url\":\"https:\\\/\\\/secure.gravatar.com\\\/avatar\\\/?s=96&d=mm&r=g\",\"contentUrl\":\"https:\\\/\\\/secure.gravatar.com\\\/avatar\\\/?s=96&d=mm&r=g\",\"caption\":\"psgfans\"},\"url\":\"https:\\\/\\\/psgfans.fr\\\/?author=2\"}]}<\/script>\n<!-- \/ Yoast SEO plugin. -->","yoast_head_json":{"title":"Le PSG r\u00eave de recruter Eden Hazard - PSG FANS","robots":{"index":"index","follow":"follow","max-snippet":"max-snippet:-1","max-image-preview":"max-image-preview:large","max-video-preview":"max-video-preview:-1"},"canonical":"https:\/\/psgfans.fr\/?p=821","og_locale":"fr_FR","og_type":"article","og_title":"Le PSG r\u00eave de recruter Eden Hazard - PSG FANS","og_description":"L&rsquo;id\u00e9e d&rsquo;un transfert d&rsquo;Eden Hazard au PSG l&rsquo;\u00e9t\u00e9 prochain fait toujours son chemin. Avant No\u00ebl, le principal int\u00e9ress\u00e9 avait confi\u00e9 \u00e0 l&rsquo;un de ses partenaires de Chelsea qu&rsquo;il rejoindrait \u00ab certainement \u00bb le club parisien la saison prochaine (voir nos \u00e9ditions du 10 janvier). Impossible d&rsquo;en d\u00e9duire qu&rsquo;un d\u00e9part \u00e9tait alors d\u00e9j\u00e0 act\u00e9. Mais cette [&hellip;]","og_url":"https:\/\/psgfans.fr\/?p=821","og_site_name":"PSG FANS","article_published_time":"2014-03-31T12:33:00+00:00","og_image":[{"url":"https:\/\/blogger.googleusercontent.com\/img\/b\/R29vZ2xl\/AVvXsEgJduunGb047ZS3-kpF3XZ7smouVUn1b0ysus5tiljPtuGN0eTJ8Tu8fdXy8mw3eO-yCL2NijPRL6YdUxnGIhmb9ADF50RD7mCP11ySGThDK9Gv8zvDYB3EEQfAlsTaPaD8oME4E8R-BFU\/s1600\/207204_474406475914557_1331569288_n.jpg","type":"","width":"","height":""}],"author":"psgfans","twitter_card":"summary_large_image","twitter_misc":{"\u00c9crit par":"psgfans","Dur\u00e9e de lecture estim\u00e9e":"1 minute"},"schema":{"@context":"https:\/\/schema.org","@graph":[{"@type":"Article","@id":"https:\/\/psgfans.fr\/?p=821#article","isPartOf":{"@id":"https:\/\/psgfans.fr\/?p=821"},"author":{"name":"psgfans","@id":"https:\/\/psgfans.fr\/#\/schema\/person\/be2237e7a0237af2f29cb344b3c55e6c"},"headline":"Le PSG r\u00eave de recruter Eden Hazard","datePublished":"2014-03-31T12:33:00+00:00","mainEntityOfPage":{"@id":"https:\/\/psgfans.fr\/?p=821"},"wordCount":170,"commentCount":0,"image":{"@id":"https:\/\/psgfans.fr\/?p=821#primaryimage"},"thumbnailUrl":"https:\/\/blogger.googleusercontent.com\/img\/b\/R29vZ2xl\/AVvXsEgJduunGb047ZS3-kpF3XZ7smouVUn1b0ysus5tiljPtuGN0eTJ8Tu8fdXy8mw3eO-yCL2NijPRL6YdUxnGIhmb9ADF50RD7mCP11ySGThDK9Gv8zvDYB3EEQfAlsTaPaD8oME4E8R-BFU\/s1600\/207204_474406475914557_1331569288_n.jpg","articleSection":["News"],"inLanguage":"fr-FR","potentialAction":[{"@type":"CommentAction","name":"Comment","target":["https:\/\/psgfans.fr\/?p=821#respond"]}]},{"@type":"WebPage","@id":"https:\/\/psgfans.fr\/?p=821","url":"https:\/\/psgfans.fr\/?p=821","name":"Le PSG r\u00eave de recruter Eden Hazard - PSG FANS","isPartOf":{"@id":"https:\/\/psgfans.fr\/#website"},"primaryImageOfPage":{"@id":"https:\/\/psgfans.fr\/?p=821#primaryimage"},"image":{"@id":"https:\/\/psgfans.fr\/?p=821#primaryimage"},"thumbnailUrl":"https:\/\/blogger.googleusercontent.com\/img\/b\/R29vZ2xl\/AVvXsEgJduunGb047ZS3-kpF3XZ7smouVUn1b0ysus5tiljPtuGN0eTJ8Tu8fdXy8mw3eO-yCL2NijPRL6YdUxnGIhmb9ADF50RD7mCP11ySGThDK9Gv8zvDYB3EEQfAlsTaPaD8oME4E8R-BFU\/s1600\/207204_474406475914557_1331569288_n.jpg","datePublished":"2014-03-31T12:33:00+00:00","author":{"@id":"https:\/\/psgfans.fr\/#\/schema\/person\/be2237e7a0237af2f29cb344b3c55e6c"},"breadcrumb":{"@id":"https:\/\/psgfans.fr\/?p=821#breadcrumb"},"inLanguage":"fr-FR","potentialAction":[{"@type":"ReadAction","target":["https:\/\/psgfans.fr\/?p=821"]}]},{"@type":"ImageObject","inLanguage":"fr-FR","@id":"https:\/\/psgfans.fr\/?p=821#primaryimage","url":"https:\/\/blogger.googleusercontent.com\/img\/b\/R29vZ2xl\/AVvXsEgJduunGb047ZS3-kpF3XZ7smouVUn1b0ysus5tiljPtuGN0eTJ8Tu8fdXy8mw3eO-yCL2NijPRL6YdUxnGIhmb9ADF50RD7mCP11ySGThDK9Gv8zvDYB3EEQfAlsTaPaD8oME4E8R-BFU\/s1600\/207204_474406475914557_1331569288_n.jpg","contentUrl":"https:\/\/blogger.googleusercontent.com\/img\/b\/R29vZ2xl\/AVvXsEgJduunGb047ZS3-kpF3XZ7smouVUn1b0ysus5tiljPtuGN0eTJ8Tu8fdXy8mw3eO-yCL2NijPRL6YdUxnGIhmb9ADF50RD7mCP11ySGThDK9Gv8zvDYB3EEQfAlsTaPaD8oME4E8R-BFU\/s1600\/207204_474406475914557_1331569288_n.jpg"},{"@type":"BreadcrumbList","@id":"https:\/\/psgfans.fr\/?p=821#breadcrumb","itemListElement":[{"@type":"ListItem","position":1,"name":"Accueil","item":"https:\/\/psgfans.fr\/"},{"@type":"ListItem","position":2,"name":"Le PSG r\u00eave de recruter Eden Hazard"}]},{"@type":"WebSite","@id":"https:\/\/psgfans.fr\/#website","url":"https:\/\/psgfans.fr\/","name":"PSG FANS","description":"Unit\u00e9, Passion, Victoire : Au C\u0153ur du Paris Saint-Germain!","potentialAction":[{"@type":"SearchAction","target":{"@type":"EntryPoint","urlTemplate":"https:\/\/psgfans.fr\/?s={search_term_string}"},"query-input":{"@type":"PropertyValueSpecification","valueRequired":true,"valueName":"search_term_string"}}],"inLanguage":"fr-FR"},{"@type":"Person","@id":"https:\/\/psgfans.fr\/#\/schema\/person\/be2237e7a0237af2f29cb344b3c55e6c","name":"psgfans","image":{"@type":"ImageObject","inLanguage":"fr-FR","@id":"https:\/\/secure.gravatar.com\/avatar\/?s=96&d=mm&r=g","url":"https:\/\/secure.gravatar.com\/avatar\/?s=96&d=mm&r=g","contentUrl":"https:\/\/secure.gravatar.com\/avatar\/?s=96&d=mm&r=g","caption":"psgfans"},"url":"https:\/\/psgfans.fr\/?author=2"}]}},"_links":{"self":[{"href":"https:\/\/psgfans.fr\/index.php?rest_route=\/wp\/v2\/posts\/821","targetHints":{"allow":["GET"]}}],"collection":[{"href":"https:\/\/psgfans.fr\/index.php?rest_route=\/wp\/v2\/posts"}],"about":[{"href":"https:\/\/psgfans.fr\/index.php?rest_route=\/wp\/v2\/types\/post"}],"author":[{"embeddable":true,"href":"https:\/\/psgfans.fr\/index.php?rest_route=\/wp\/v2\/users\/2"}],"replies":[{"embeddable":true,"href":"https:\/\/psgfans.fr\/index.php?rest_route=%2Fwp%2Fv2%2Fcomments&post=821"}],"version-history":[{"count":0,"href":"https:\/\/psgfans.fr\/index.php?rest_route=\/wp\/v2\/posts\/821\/revisions"}],"wp:attachment":[{"href":"https:\/\/psgfans.fr\/index.php?rest_route=%2Fwp%2Fv2%2Fmedia&parent=821"}],"wp:term":[{"taxonomy":"category","embeddable":true,"href":"https:\/\/psgfans.fr\/index.php?rest_route=%2Fwp%2Fv2%2Fcategories&post=821"},{"taxonomy":"post_tag","embeddable":true,"href":"https:\/\/psgfans.fr\/index.php?rest_route=%2Fwp%2Fv2%2Ftags&post=821"}],"curies":[{"name":"wp","href":"https:\/\/api.w.org\/{rel}","templated":true}]}}