{"id":816,"date":"2014-04-02T12:12:00","date_gmt":"2014-04-02T11:12:00","guid":{"rendered":"https:\/\/psgfans.fr\/?p=816"},"modified":"2014-04-02T12:12:00","modified_gmt":"2014-04-02T11:12:00","slug":"ligue-des-champions-psg-vs-chelsea-appel-au-soutien-de-tous-les-francais","status":"publish","type":"post","link":"https:\/\/psgfans.fr\/?p=816","title":{"rendered":"Ligue des Champions &#8211; PSG vs Chelsea : appel au soutien de tous les Fran\u00e7ais"},"content":{"rendered":"<div style=\"clear: both; text-align: center;\"><a href=\"https:\/\/blogger.googleusercontent.com\/img\/b\/R29vZ2xl\/AVvXsEgkn_RrbCVSFbRraGxvi2eGtN3vNCV1mzaUErcEg8EQKns7CJ2aXcAkyYd6S3SUxT7NfJ68Vo1wRdAYmB3wIIHbtXbpyzgDeKYI8RTtnaFPtN224yvs2nyjksYJpqrBJqW3tTX3-ZAO8vQ\/s1600\/Myv2fHXY7iU.jpg\" style=\"margin-left: 1em; margin-right: 1em;\"><img loading=\"lazy\" decoding=\"async\" border=\"0\" src=\"https:\/\/blogger.googleusercontent.com\/img\/b\/R29vZ2xl\/AVvXsEgkn_RrbCVSFbRraGxvi2eGtN3vNCV1mzaUErcEg8EQKns7CJ2aXcAkyYd6S3SUxT7NfJ68Vo1wRdAYmB3wIIHbtXbpyzgDeKYI8RTtnaFPtN224yvs2nyjksYJpqrBJqW3tTX3-ZAO8vQ\/s1600\/Myv2fHXY7iU.jpg\" height=\"265\" width=\"400\" \/><\/a><\/div>\n<p>Le PSG va jouer contre Chelsea pour tenter de d\u00e9crocher une place en demi-finale de la Ligue des Champions. Pour se donner toutes les chances, Blaise Matuidi en appel au soutien de tous les Fran\u00e7ais.<br \/>Le quart de finale entre le PSG et Chelsea s\u2019annonce particuli\u00e8rement ind\u00e9cis, d\u2019un c\u00f4t\u00e9 comme de l\u2019autre. Histoire de mettre un maximum de chances de son c\u00f4t\u00e9, les Parisiens se sont mis au secret afin de pr\u00e9parer cette \u00e9ch\u00e9ance dans la s\u00e9r\u00e9nit\u00e9.<\/p>\n<p>Pourtant, face \u00e0 la formation dirig\u00e9e par Jos\u00e9 Mourinho, rien ne sera simple, tout le monde en est conscient. C\u2019est de cette mani\u00e8re que Blaise Matuidi a profit\u00e9 d\u2019une interview accord\u00e9e au journal Le Parisien pour appeler toute la France \u00e0 \u00eatre derri\u00e8re le club de la capitale.<\/p>\n<p>Alors que le PSG est le dernier repr\u00e9sentant fran\u00e7ais \u00e0 ce stade de la comp\u00e9tition, il est certain que les Fran\u00e7ais vont en faire une affaire nationale, une fiert\u00e9 du football fran\u00e7ais.<\/p>\n<p>Il est vrai aussi que l\u2019enjeu sera de taille pour le PSG, une \u00e9quipe en devenir que tout le monde attend au contour sur la sc\u00e8ne europ\u00e9enne. C\u2019est d\u2019autant plus vrai que nombreux sont ceux qui consid\u00e8rent que les Parisiens ont pour le moment affront\u00e9 que des formations \u00ab moyennes \u00bb. Il est clairs qu\u2019avec Chelsea, ce sera un autre calibre\u2026<\/p>\n<p>Malgr\u00e9 cela, Blaise Matuidi se montre confiant dans les chances de son \u00e9quipe, que lui et ses co\u00e9quipiers peuvent m\u00eame aller jusqu\u2019au bout de leurs r\u00eaves, d\u00e9crocher cette Ligue des Champions. Pour cela, la derni\u00e8re ligne droite d\u00e9bute contre Chelsea, et il faudra \u00eatre au top avant d\u2019aller jouer la rencontre retour en Angleterre.<\/p>\n","protected":false},"excerpt":{"rendered":"<p>Le PSG va jouer contre Chelsea pour tenter de d\u00e9crocher une place en demi-finale de la Ligue des Champions. Pour se donner toutes les chances, Blaise Matuidi en appel au soutien de tous les Fran\u00e7ais.Le quart de finale entre le PSG et Chelsea s\u2019annonce particuli\u00e8rement ind\u00e9cis, d\u2019un c\u00f4t\u00e9 comme de l\u2019autre. Histoire de mettre un [&hellip;]<\/p>\n","protected":false},"author":2,"featured_media":0,"comment_status":"open","ping_status":"open","sticky":false,"template":"","format":"standard","meta":{"footnotes":""},"categories":[3],"tags":[],"class_list":{"0":"post-816","1":"post","2":"type-post","3":"status-publish","4":"format-standard","6":"category-news"},"yoast_head":"<!-- This site is optimized with the Yoast SEO plugin v27.4 - https:\/\/yoast.com\/product\/yoast-seo-wordpress\/ -->\n<title>Ligue des Champions - PSG vs Chelsea : appel au soutien de tous les Fran\u00e7ais - PSG FANS<\/title>\n<meta name=\"robots\" content=\"index, follow, max-snippet:-1, max-image-preview:large, max-video-preview:-1\" \/>\n<link rel=\"canonical\" href=\"https:\/\/psgfans.fr\/?p=816\" \/>\n<meta property=\"og:locale\" content=\"fr_FR\" \/>\n<meta property=\"og:type\" content=\"article\" \/>\n<meta property=\"og:title\" content=\"Ligue des Champions - PSG vs Chelsea : appel au soutien de tous les Fran\u00e7ais - PSG FANS\" \/>\n<meta property=\"og:description\" content=\"Le PSG va jouer contre Chelsea pour tenter de d\u00e9crocher une place en demi-finale de la Ligue des Champions. Pour se donner toutes les chances, Blaise Matuidi en appel au soutien de tous les Fran\u00e7ais.Le quart de finale entre le PSG et Chelsea s\u2019annonce particuli\u00e8rement ind\u00e9cis, d\u2019un c\u00f4t\u00e9 comme de l\u2019autre. Histoire de mettre un [&hellip;]\" \/>\n<meta property=\"og:url\" content=\"https:\/\/psgfans.fr\/?p=816\" \/>\n<meta property=\"og:site_name\" content=\"PSG FANS\" \/>\n<meta property=\"article:published_time\" content=\"2014-04-02T11:12:00+00:00\" \/>\n<meta property=\"og:image\" content=\"https:\/\/blogger.googleusercontent.com\/img\/b\/R29vZ2xl\/AVvXsEgkn_RrbCVSFbRraGxvi2eGtN3vNCV1mzaUErcEg8EQKns7CJ2aXcAkyYd6S3SUxT7NfJ68Vo1wRdAYmB3wIIHbtXbpyzgDeKYI8RTtnaFPtN224yvs2nyjksYJpqrBJqW3tTX3-ZAO8vQ\/s1600\/Myv2fHXY7iU.jpg\" \/>\n<meta name=\"author\" content=\"psgfans\" \/>\n<meta name=\"twitter:card\" content=\"summary_large_image\" \/>\n<meta name=\"twitter:label1\" content=\"\u00c9crit par\" \/>\n\t<meta name=\"twitter:data1\" content=\"psgfans\" \/>\n\t<meta name=\"twitter:label2\" content=\"Dur\u00e9e de lecture estim\u00e9e\" \/>\n\t<meta name=\"twitter:data2\" content=\"2 minutes\" \/>\n<script type=\"application\/ld+json\" class=\"yoast-schema-graph\">{\"@context\":\"https:\\\/\\\/schema.org\",\"@graph\":[{\"@type\":\"Article\",\"@id\":\"https:\\\/\\\/psgfans.fr\\\/?p=816#article\",\"isPartOf\":{\"@id\":\"https:\\\/\\\/psgfans.fr\\\/?p=816\"},\"author\":{\"name\":\"psgfans\",\"@id\":\"https:\\\/\\\/psgfans.fr\\\/#\\\/schema\\\/person\\\/be2237e7a0237af2f29cb344b3c55e6c\"},\"headline\":\"Ligue des Champions &#8211; PSG vs Chelsea : appel au soutien de tous les Fran\u00e7ais\",\"datePublished\":\"2014-04-02T11:12:00+00:00\",\"mainEntityOfPage\":{\"@id\":\"https:\\\/\\\/psgfans.fr\\\/?p=816\"},\"wordCount\":321,\"commentCount\":0,\"image\":{\"@id\":\"https:\\\/\\\/psgfans.fr\\\/?p=816#primaryimage\"},\"thumbnailUrl\":\"https:\\\/\\\/blogger.googleusercontent.com\\\/img\\\/b\\\/R29vZ2xl\\\/AVvXsEgkn_RrbCVSFbRraGxvi2eGtN3vNCV1mzaUErcEg8EQKns7CJ2aXcAkyYd6S3SUxT7NfJ68Vo1wRdAYmB3wIIHbtXbpyzgDeKYI8RTtnaFPtN224yvs2nyjksYJpqrBJqW3tTX3-ZAO8vQ\\\/s1600\\\/Myv2fHXY7iU.jpg\",\"articleSection\":[\"News\"],\"inLanguage\":\"fr-FR\",\"potentialAction\":[{\"@type\":\"CommentAction\",\"name\":\"Comment\",\"target\":[\"https:\\\/\\\/psgfans.fr\\\/?p=816#respond\"]}]},{\"@type\":\"WebPage\",\"@id\":\"https:\\\/\\\/psgfans.fr\\\/?p=816\",\"url\":\"https:\\\/\\\/psgfans.fr\\\/?p=816\",\"name\":\"Ligue des Champions - PSG vs Chelsea : appel au soutien de tous les Fran\u00e7ais - PSG FANS\",\"isPartOf\":{\"@id\":\"https:\\\/\\\/psgfans.fr\\\/#website\"},\"primaryImageOfPage\":{\"@id\":\"https:\\\/\\\/psgfans.fr\\\/?p=816#primaryimage\"},\"image\":{\"@id\":\"https:\\\/\\\/psgfans.fr\\\/?p=816#primaryimage\"},\"thumbnailUrl\":\"https:\\\/\\\/blogger.googleusercontent.com\\\/img\\\/b\\\/R29vZ2xl\\\/AVvXsEgkn_RrbCVSFbRraGxvi2eGtN3vNCV1mzaUErcEg8EQKns7CJ2aXcAkyYd6S3SUxT7NfJ68Vo1wRdAYmB3wIIHbtXbpyzgDeKYI8RTtnaFPtN224yvs2nyjksYJpqrBJqW3tTX3-ZAO8vQ\\\/s1600\\\/Myv2fHXY7iU.jpg\",\"datePublished\":\"2014-04-02T11:12:00+00:00\",\"author\":{\"@id\":\"https:\\\/\\\/psgfans.fr\\\/#\\\/schema\\\/person\\\/be2237e7a0237af2f29cb344b3c55e6c\"},\"breadcrumb\":{\"@id\":\"https:\\\/\\\/psgfans.fr\\\/?p=816#breadcrumb\"},\"inLanguage\":\"fr-FR\",\"potentialAction\":[{\"@type\":\"ReadAction\",\"target\":[\"https:\\\/\\\/psgfans.fr\\\/?p=816\"]}]},{\"@type\":\"ImageObject\",\"inLanguage\":\"fr-FR\",\"@id\":\"https:\\\/\\\/psgfans.fr\\\/?p=816#primaryimage\",\"url\":\"https:\\\/\\\/blogger.googleusercontent.com\\\/img\\\/b\\\/R29vZ2xl\\\/AVvXsEgkn_RrbCVSFbRraGxvi2eGtN3vNCV1mzaUErcEg8EQKns7CJ2aXcAkyYd6S3SUxT7NfJ68Vo1wRdAYmB3wIIHbtXbpyzgDeKYI8RTtnaFPtN224yvs2nyjksYJpqrBJqW3tTX3-ZAO8vQ\\\/s1600\\\/Myv2fHXY7iU.jpg\",\"contentUrl\":\"https:\\\/\\\/blogger.googleusercontent.com\\\/img\\\/b\\\/R29vZ2xl\\\/AVvXsEgkn_RrbCVSFbRraGxvi2eGtN3vNCV1mzaUErcEg8EQKns7CJ2aXcAkyYd6S3SUxT7NfJ68Vo1wRdAYmB3wIIHbtXbpyzgDeKYI8RTtnaFPtN224yvs2nyjksYJpqrBJqW3tTX3-ZAO8vQ\\\/s1600\\\/Myv2fHXY7iU.jpg\"},{\"@type\":\"BreadcrumbList\",\"@id\":\"https:\\\/\\\/psgfans.fr\\\/?p=816#breadcrumb\",\"itemListElement\":[{\"@type\":\"ListItem\",\"position\":1,\"name\":\"Accueil\",\"item\":\"https:\\\/\\\/psgfans.fr\\\/\"},{\"@type\":\"ListItem\",\"position\":2,\"name\":\"Ligue des Champions &#8211; PSG vs Chelsea : appel au soutien de tous les Fran\u00e7ais\"}]},{\"@type\":\"WebSite\",\"@id\":\"https:\\\/\\\/psgfans.fr\\\/#website\",\"url\":\"https:\\\/\\\/psgfans.fr\\\/\",\"name\":\"PSG FANS\",\"description\":\"Unit\u00e9, Passion, Victoire : Au C\u0153ur du Paris Saint-Germain!\",\"potentialAction\":[{\"@type\":\"SearchAction\",\"target\":{\"@type\":\"EntryPoint\",\"urlTemplate\":\"https:\\\/\\\/psgfans.fr\\\/?s={search_term_string}\"},\"query-input\":{\"@type\":\"PropertyValueSpecification\",\"valueRequired\":true,\"valueName\":\"search_term_string\"}}],\"inLanguage\":\"fr-FR\"},{\"@type\":\"Person\",\"@id\":\"https:\\\/\\\/psgfans.fr\\\/#\\\/schema\\\/person\\\/be2237e7a0237af2f29cb344b3c55e6c\",\"name\":\"psgfans\",\"image\":{\"@type\":\"ImageObject\",\"inLanguage\":\"fr-FR\",\"@id\":\"https:\\\/\\\/secure.gravatar.com\\\/avatar\\\/?s=96&d=mm&r=g\",\"url\":\"https:\\\/\\\/secure.gravatar.com\\\/avatar\\\/?s=96&d=mm&r=g\",\"contentUrl\":\"https:\\\/\\\/secure.gravatar.com\\\/avatar\\\/?s=96&d=mm&r=g\",\"caption\":\"psgfans\"},\"url\":\"https:\\\/\\\/psgfans.fr\\\/?author=2\"}]}<\/script>\n<!-- \/ Yoast SEO plugin. -->","yoast_head_json":{"title":"Ligue des Champions - PSG vs Chelsea : appel au soutien de tous les Fran\u00e7ais - PSG FANS","robots":{"index":"index","follow":"follow","max-snippet":"max-snippet:-1","max-image-preview":"max-image-preview:large","max-video-preview":"max-video-preview:-1"},"canonical":"https:\/\/psgfans.fr\/?p=816","og_locale":"fr_FR","og_type":"article","og_title":"Ligue des Champions - PSG vs Chelsea : appel au soutien de tous les Fran\u00e7ais - PSG FANS","og_description":"Le PSG va jouer contre Chelsea pour tenter de d\u00e9crocher une place en demi-finale de la Ligue des Champions. Pour se donner toutes les chances, Blaise Matuidi en appel au soutien de tous les Fran\u00e7ais.Le quart de finale entre le PSG et Chelsea s\u2019annonce particuli\u00e8rement ind\u00e9cis, d\u2019un c\u00f4t\u00e9 comme de l\u2019autre. Histoire de mettre un [&hellip;]","og_url":"https:\/\/psgfans.fr\/?p=816","og_site_name":"PSG FANS","article_published_time":"2014-04-02T11:12:00+00:00","og_image":[{"url":"https:\/\/blogger.googleusercontent.com\/img\/b\/R29vZ2xl\/AVvXsEgkn_RrbCVSFbRraGxvi2eGtN3vNCV1mzaUErcEg8EQKns7CJ2aXcAkyYd6S3SUxT7NfJ68Vo1wRdAYmB3wIIHbtXbpyzgDeKYI8RTtnaFPtN224yvs2nyjksYJpqrBJqW3tTX3-ZAO8vQ\/s1600\/Myv2fHXY7iU.jpg","type":"","width":"","height":""}],"author":"psgfans","twitter_card":"summary_large_image","twitter_misc":{"\u00c9crit par":"psgfans","Dur\u00e9e de lecture estim\u00e9e":"2 minutes"},"schema":{"@context":"https:\/\/schema.org","@graph":[{"@type":"Article","@id":"https:\/\/psgfans.fr\/?p=816#article","isPartOf":{"@id":"https:\/\/psgfans.fr\/?p=816"},"author":{"name":"psgfans","@id":"https:\/\/psgfans.fr\/#\/schema\/person\/be2237e7a0237af2f29cb344b3c55e6c"},"headline":"Ligue des Champions &#8211; PSG vs Chelsea : appel au soutien de tous les Fran\u00e7ais","datePublished":"2014-04-02T11:12:00+00:00","mainEntityOfPage":{"@id":"https:\/\/psgfans.fr\/?p=816"},"wordCount":321,"commentCount":0,"image":{"@id":"https:\/\/psgfans.fr\/?p=816#primaryimage"},"thumbnailUrl":"https:\/\/blogger.googleusercontent.com\/img\/b\/R29vZ2xl\/AVvXsEgkn_RrbCVSFbRraGxvi2eGtN3vNCV1mzaUErcEg8EQKns7CJ2aXcAkyYd6S3SUxT7NfJ68Vo1wRdAYmB3wIIHbtXbpyzgDeKYI8RTtnaFPtN224yvs2nyjksYJpqrBJqW3tTX3-ZAO8vQ\/s1600\/Myv2fHXY7iU.jpg","articleSection":["News"],"inLanguage":"fr-FR","potentialAction":[{"@type":"CommentAction","name":"Comment","target":["https:\/\/psgfans.fr\/?p=816#respond"]}]},{"@type":"WebPage","@id":"https:\/\/psgfans.fr\/?p=816","url":"https:\/\/psgfans.fr\/?p=816","name":"Ligue des Champions - PSG vs Chelsea : appel au soutien de tous les Fran\u00e7ais - PSG FANS","isPartOf":{"@id":"https:\/\/psgfans.fr\/#website"},"primaryImageOfPage":{"@id":"https:\/\/psgfans.fr\/?p=816#primaryimage"},"image":{"@id":"https:\/\/psgfans.fr\/?p=816#primaryimage"},"thumbnailUrl":"https:\/\/blogger.googleusercontent.com\/img\/b\/R29vZ2xl\/AVvXsEgkn_RrbCVSFbRraGxvi2eGtN3vNCV1mzaUErcEg8EQKns7CJ2aXcAkyYd6S3SUxT7NfJ68Vo1wRdAYmB3wIIHbtXbpyzgDeKYI8RTtnaFPtN224yvs2nyjksYJpqrBJqW3tTX3-ZAO8vQ\/s1600\/Myv2fHXY7iU.jpg","datePublished":"2014-04-02T11:12:00+00:00","author":{"@id":"https:\/\/psgfans.fr\/#\/schema\/person\/be2237e7a0237af2f29cb344b3c55e6c"},"breadcrumb":{"@id":"https:\/\/psgfans.fr\/?p=816#breadcrumb"},"inLanguage":"fr-FR","potentialAction":[{"@type":"ReadAction","target":["https:\/\/psgfans.fr\/?p=816"]}]},{"@type":"ImageObject","inLanguage":"fr-FR","@id":"https:\/\/psgfans.fr\/?p=816#primaryimage","url":"https:\/\/blogger.googleusercontent.com\/img\/b\/R29vZ2xl\/AVvXsEgkn_RrbCVSFbRraGxvi2eGtN3vNCV1mzaUErcEg8EQKns7CJ2aXcAkyYd6S3SUxT7NfJ68Vo1wRdAYmB3wIIHbtXbpyzgDeKYI8RTtnaFPtN224yvs2nyjksYJpqrBJqW3tTX3-ZAO8vQ\/s1600\/Myv2fHXY7iU.jpg","contentUrl":"https:\/\/blogger.googleusercontent.com\/img\/b\/R29vZ2xl\/AVvXsEgkn_RrbCVSFbRraGxvi2eGtN3vNCV1mzaUErcEg8EQKns7CJ2aXcAkyYd6S3SUxT7NfJ68Vo1wRdAYmB3wIIHbtXbpyzgDeKYI8RTtnaFPtN224yvs2nyjksYJpqrBJqW3tTX3-ZAO8vQ\/s1600\/Myv2fHXY7iU.jpg"},{"@type":"BreadcrumbList","@id":"https:\/\/psgfans.fr\/?p=816#breadcrumb","itemListElement":[{"@type":"ListItem","position":1,"name":"Accueil","item":"https:\/\/psgfans.fr\/"},{"@type":"ListItem","position":2,"name":"Ligue des Champions &#8211; PSG vs Chelsea : appel au soutien de tous les Fran\u00e7ais"}]},{"@type":"WebSite","@id":"https:\/\/psgfans.fr\/#website","url":"https:\/\/psgfans.fr\/","name":"PSG FANS","description":"Unit\u00e9, Passion, Victoire : Au C\u0153ur du Paris Saint-Germain!","potentialAction":[{"@type":"SearchAction","target":{"@type":"EntryPoint","urlTemplate":"https:\/\/psgfans.fr\/?s={search_term_string}"},"query-input":{"@type":"PropertyValueSpecification","valueRequired":true,"valueName":"search_term_string"}}],"inLanguage":"fr-FR"},{"@type":"Person","@id":"https:\/\/psgfans.fr\/#\/schema\/person\/be2237e7a0237af2f29cb344b3c55e6c","name":"psgfans","image":{"@type":"ImageObject","inLanguage":"fr-FR","@id":"https:\/\/secure.gravatar.com\/avatar\/?s=96&d=mm&r=g","url":"https:\/\/secure.gravatar.com\/avatar\/?s=96&d=mm&r=g","contentUrl":"https:\/\/secure.gravatar.com\/avatar\/?s=96&d=mm&r=g","caption":"psgfans"},"url":"https:\/\/psgfans.fr\/?author=2"}]}},"_links":{"self":[{"href":"https:\/\/psgfans.fr\/index.php?rest_route=\/wp\/v2\/posts\/816","targetHints":{"allow":["GET"]}}],"collection":[{"href":"https:\/\/psgfans.fr\/index.php?rest_route=\/wp\/v2\/posts"}],"about":[{"href":"https:\/\/psgfans.fr\/index.php?rest_route=\/wp\/v2\/types\/post"}],"author":[{"embeddable":true,"href":"https:\/\/psgfans.fr\/index.php?rest_route=\/wp\/v2\/users\/2"}],"replies":[{"embeddable":true,"href":"https:\/\/psgfans.fr\/index.php?rest_route=%2Fwp%2Fv2%2Fcomments&post=816"}],"version-history":[{"count":0,"href":"https:\/\/psgfans.fr\/index.php?rest_route=\/wp\/v2\/posts\/816\/revisions"}],"wp:attachment":[{"href":"https:\/\/psgfans.fr\/index.php?rest_route=%2Fwp%2Fv2%2Fmedia&parent=816"}],"wp:term":[{"taxonomy":"category","embeddable":true,"href":"https:\/\/psgfans.fr\/index.php?rest_route=%2Fwp%2Fv2%2Fcategories&post=816"},{"taxonomy":"post_tag","embeddable":true,"href":"https:\/\/psgfans.fr\/index.php?rest_route=%2Fwp%2Fv2%2Ftags&post=816"}],"curies":[{"name":"wp","href":"https:\/\/api.w.org\/{rel}","templated":true}]}}