{"id":791,"date":"2014-04-06T16:17:00","date_gmt":"2014-04-06T15:17:00","guid":{"rendered":"https:\/\/psgfans.fr\/?p=791"},"modified":"2014-04-06T16:17:00","modified_gmt":"2014-04-06T15:17:00","slug":"chelsea-psg-sans-ibrahimovic-cavani-va-se-regaler-au-psg","status":"publish","type":"post","link":"https:\/\/psgfans.fr\/?p=791","title":{"rendered":"Chelsea\/PSG : Sans Ibrahimovic, Cavani va se r\u00e9galer au PSG"},"content":{"rendered":"<div style=\"clear: both; text-align: center;\"><a href=\"https:\/\/blogger.googleusercontent.com\/img\/b\/R29vZ2xl\/AVvXsEgljtBlcEP-0MDi7h3rrliO-3kxhRVWQHWd-HPGnnCZu7q9eRxjEVP9YkjUZTPz-ftGECTyFJfPql4314DzPAbv50WmlzVl53OeuKiiKUhCa6bfbSbIu3apVnDZ90n-wOoGaUpnD2Qaiz4\/s1600\/0UhXc39H6ns.jpg\" style=\"margin-left: 1em; margin-right: 1em;\"><img loading=\"lazy\" decoding=\"async\" border=\"0\" src=\"https:\/\/blogger.googleusercontent.com\/img\/b\/R29vZ2xl\/AVvXsEgljtBlcEP-0MDi7h3rrliO-3kxhRVWQHWd-HPGnnCZu7q9eRxjEVP9YkjUZTPz-ftGECTyFJfPql4314DzPAbv50WmlzVl53OeuKiiKUhCa6bfbSbIu3apVnDZ90n-wOoGaUpnD2Qaiz4\/s1600\/0UhXc39H6ns.jpg\" height=\"266\" width=\"400\" \/><\/a><\/div>\n<p>C\u2019est la pire nouvelle de la belle victoire acquise contre Chelsea en quart de finale de la Ligue des champions. Victime d\u2019une l\u00e9sion au biceps f\u00e9moral droit, Zlatan Ibrahimovic pourrait manquer plusieurs semaines de comp\u00e9tition. Mais cette blessure pourrait faire le bonheur d\u2019Edinson Cavani. Si l\u2019Uruguayen ne se r\u00e9jouit \u00e9videmment pas de l\u2019absence du Su\u00e9dois, il devrait profiter des diff\u00e9rentes rencontres sans le meilleur buteur du club pour retrouver son poste d\u2019attaquant axial. Un repositionnement qui se fera naturellement estime Laurent Blanc, qui n&rsquo;a aucun doute sur le succ\u00e8s de cette op\u00e9ration.<\/p>\n<p>\u00ab Le fait qu&rsquo;Ibrahimovic soit absent des terrains suite \u00e0 sa blessure, pourrait contenter Edinson Cavani. Cavani est un attaquant qui marque des buts et qui a en plus un bon replacement d\u00e9fensif, il est tr\u00e8s complet. Cavani n&rsquo;a rien \u00e0 d\u00e9montrer, c&rsquo;est un grand buteur qui a \u00e9t\u00e9 bless\u00e9. Il va se remettre \u00e0 mettre des buts, j&rsquo;en suis s\u00fbr. Edinson Cavani est en train de r\u00e9cup\u00e9rer ses sensations \u00bb a analys\u00e9 l\u2019ancien s\u00e9lectionneur des Bleus en conf\u00e9rence de presse. Mettre des buts, un d\u00e9fi \u00e0 la hauteur d&rsquo;El Matador, qui avait r\u00e9cemment confi\u00e9 qu&rsquo;il se sacrifiait pour le bien de l&rsquo;\u00e9quipe en jouant sur l&rsquo;aile droite.<\/p>\n<p>Source : foot01<\/p>\n","protected":false},"excerpt":{"rendered":"<p>C\u2019est la pire nouvelle de la belle victoire acquise contre Chelsea en quart de finale de la Ligue des champions. Victime d\u2019une l\u00e9sion au biceps f\u00e9moral droit, Zlatan Ibrahimovic pourrait manquer plusieurs semaines de comp\u00e9tition. Mais cette blessure pourrait faire le bonheur d\u2019Edinson Cavani. Si l\u2019Uruguayen ne se r\u00e9jouit \u00e9videmment pas de l\u2019absence du Su\u00e9dois, [&hellip;]<\/p>\n","protected":false},"author":2,"featured_media":0,"comment_status":"open","ping_status":"open","sticky":false,"template":"","format":"standard","meta":{"footnotes":""},"categories":[3],"tags":[],"class_list":{"0":"post-791","1":"post","2":"type-post","3":"status-publish","4":"format-standard","6":"category-news"},"yoast_head":"<!-- This site is optimized with the Yoast SEO plugin v27.4 - https:\/\/yoast.com\/product\/yoast-seo-wordpress\/ -->\n<title>Chelsea\/PSG : Sans Ibrahimovic, Cavani va se r\u00e9galer au PSG - PSG FANS<\/title>\n<meta name=\"robots\" content=\"index, follow, max-snippet:-1, max-image-preview:large, max-video-preview:-1\" \/>\n<link rel=\"canonical\" href=\"https:\/\/psgfans.fr\/?p=791\" \/>\n<meta property=\"og:locale\" content=\"fr_FR\" \/>\n<meta property=\"og:type\" content=\"article\" \/>\n<meta property=\"og:title\" content=\"Chelsea\/PSG : Sans Ibrahimovic, Cavani va se r\u00e9galer au PSG - PSG FANS\" \/>\n<meta property=\"og:description\" content=\"C\u2019est la pire nouvelle de la belle victoire acquise contre Chelsea en quart de finale de la Ligue des champions. Victime d\u2019une l\u00e9sion au biceps f\u00e9moral droit, Zlatan Ibrahimovic pourrait manquer plusieurs semaines de comp\u00e9tition. Mais cette blessure pourrait faire le bonheur d\u2019Edinson Cavani. Si l\u2019Uruguayen ne se r\u00e9jouit \u00e9videmment pas de l\u2019absence du Su\u00e9dois, [&hellip;]\" \/>\n<meta property=\"og:url\" content=\"https:\/\/psgfans.fr\/?p=791\" \/>\n<meta property=\"og:site_name\" content=\"PSG FANS\" \/>\n<meta property=\"article:published_time\" content=\"2014-04-06T15:17:00+00:00\" \/>\n<meta property=\"og:image\" content=\"https:\/\/blogger.googleusercontent.com\/img\/b\/R29vZ2xl\/AVvXsEgljtBlcEP-0MDi7h3rrliO-3kxhRVWQHWd-HPGnnCZu7q9eRxjEVP9YkjUZTPz-ftGECTyFJfPql4314DzPAbv50WmlzVl53OeuKiiKUhCa6bfbSbIu3apVnDZ90n-wOoGaUpnD2Qaiz4\/s1600\/0UhXc39H6ns.jpg\" \/>\n<meta name=\"author\" content=\"psgfans\" \/>\n<meta name=\"twitter:card\" content=\"summary_large_image\" \/>\n<meta name=\"twitter:label1\" content=\"\u00c9crit par\" \/>\n\t<meta name=\"twitter:data1\" content=\"psgfans\" \/>\n\t<meta name=\"twitter:label2\" content=\"Dur\u00e9e de lecture estim\u00e9e\" \/>\n\t<meta name=\"twitter:data2\" content=\"1 minute\" \/>\n<script type=\"application\/ld+json\" class=\"yoast-schema-graph\">{\"@context\":\"https:\\\/\\\/schema.org\",\"@graph\":[{\"@type\":\"Article\",\"@id\":\"https:\\\/\\\/psgfans.fr\\\/?p=791#article\",\"isPartOf\":{\"@id\":\"https:\\\/\\\/psgfans.fr\\\/?p=791\"},\"author\":{\"name\":\"psgfans\",\"@id\":\"https:\\\/\\\/psgfans.fr\\\/#\\\/schema\\\/person\\\/be2237e7a0237af2f29cb344b3c55e6c\"},\"headline\":\"Chelsea\\\/PSG : Sans Ibrahimovic, Cavani va se r\u00e9galer au PSG\",\"datePublished\":\"2014-04-06T15:17:00+00:00\",\"mainEntityOfPage\":{\"@id\":\"https:\\\/\\\/psgfans.fr\\\/?p=791\"},\"wordCount\":241,\"commentCount\":0,\"image\":{\"@id\":\"https:\\\/\\\/psgfans.fr\\\/?p=791#primaryimage\"},\"thumbnailUrl\":\"https:\\\/\\\/blogger.googleusercontent.com\\\/img\\\/b\\\/R29vZ2xl\\\/AVvXsEgljtBlcEP-0MDi7h3rrliO-3kxhRVWQHWd-HPGnnCZu7q9eRxjEVP9YkjUZTPz-ftGECTyFJfPql4314DzPAbv50WmlzVl53OeuKiiKUhCa6bfbSbIu3apVnDZ90n-wOoGaUpnD2Qaiz4\\\/s1600\\\/0UhXc39H6ns.jpg\",\"articleSection\":[\"News\"],\"inLanguage\":\"fr-FR\",\"potentialAction\":[{\"@type\":\"CommentAction\",\"name\":\"Comment\",\"target\":[\"https:\\\/\\\/psgfans.fr\\\/?p=791#respond\"]}]},{\"@type\":\"WebPage\",\"@id\":\"https:\\\/\\\/psgfans.fr\\\/?p=791\",\"url\":\"https:\\\/\\\/psgfans.fr\\\/?p=791\",\"name\":\"Chelsea\\\/PSG : Sans Ibrahimovic, Cavani va se r\u00e9galer au PSG - PSG FANS\",\"isPartOf\":{\"@id\":\"https:\\\/\\\/psgfans.fr\\\/#website\"},\"primaryImageOfPage\":{\"@id\":\"https:\\\/\\\/psgfans.fr\\\/?p=791#primaryimage\"},\"image\":{\"@id\":\"https:\\\/\\\/psgfans.fr\\\/?p=791#primaryimage\"},\"thumbnailUrl\":\"https:\\\/\\\/blogger.googleusercontent.com\\\/img\\\/b\\\/R29vZ2xl\\\/AVvXsEgljtBlcEP-0MDi7h3rrliO-3kxhRVWQHWd-HPGnnCZu7q9eRxjEVP9YkjUZTPz-ftGECTyFJfPql4314DzPAbv50WmlzVl53OeuKiiKUhCa6bfbSbIu3apVnDZ90n-wOoGaUpnD2Qaiz4\\\/s1600\\\/0UhXc39H6ns.jpg\",\"datePublished\":\"2014-04-06T15:17:00+00:00\",\"author\":{\"@id\":\"https:\\\/\\\/psgfans.fr\\\/#\\\/schema\\\/person\\\/be2237e7a0237af2f29cb344b3c55e6c\"},\"breadcrumb\":{\"@id\":\"https:\\\/\\\/psgfans.fr\\\/?p=791#breadcrumb\"},\"inLanguage\":\"fr-FR\",\"potentialAction\":[{\"@type\":\"ReadAction\",\"target\":[\"https:\\\/\\\/psgfans.fr\\\/?p=791\"]}]},{\"@type\":\"ImageObject\",\"inLanguage\":\"fr-FR\",\"@id\":\"https:\\\/\\\/psgfans.fr\\\/?p=791#primaryimage\",\"url\":\"https:\\\/\\\/blogger.googleusercontent.com\\\/img\\\/b\\\/R29vZ2xl\\\/AVvXsEgljtBlcEP-0MDi7h3rrliO-3kxhRVWQHWd-HPGnnCZu7q9eRxjEVP9YkjUZTPz-ftGECTyFJfPql4314DzPAbv50WmlzVl53OeuKiiKUhCa6bfbSbIu3apVnDZ90n-wOoGaUpnD2Qaiz4\\\/s1600\\\/0UhXc39H6ns.jpg\",\"contentUrl\":\"https:\\\/\\\/blogger.googleusercontent.com\\\/img\\\/b\\\/R29vZ2xl\\\/AVvXsEgljtBlcEP-0MDi7h3rrliO-3kxhRVWQHWd-HPGnnCZu7q9eRxjEVP9YkjUZTPz-ftGECTyFJfPql4314DzPAbv50WmlzVl53OeuKiiKUhCa6bfbSbIu3apVnDZ90n-wOoGaUpnD2Qaiz4\\\/s1600\\\/0UhXc39H6ns.jpg\"},{\"@type\":\"BreadcrumbList\",\"@id\":\"https:\\\/\\\/psgfans.fr\\\/?p=791#breadcrumb\",\"itemListElement\":[{\"@type\":\"ListItem\",\"position\":1,\"name\":\"Accueil\",\"item\":\"https:\\\/\\\/psgfans.fr\\\/\"},{\"@type\":\"ListItem\",\"position\":2,\"name\":\"Chelsea\\\/PSG : Sans Ibrahimovic, Cavani va se r\u00e9galer au PSG\"}]},{\"@type\":\"WebSite\",\"@id\":\"https:\\\/\\\/psgfans.fr\\\/#website\",\"url\":\"https:\\\/\\\/psgfans.fr\\\/\",\"name\":\"PSG FANS\",\"description\":\"Unit\u00e9, Passion, Victoire : Au C\u0153ur du Paris Saint-Germain!\",\"potentialAction\":[{\"@type\":\"SearchAction\",\"target\":{\"@type\":\"EntryPoint\",\"urlTemplate\":\"https:\\\/\\\/psgfans.fr\\\/?s={search_term_string}\"},\"query-input\":{\"@type\":\"PropertyValueSpecification\",\"valueRequired\":true,\"valueName\":\"search_term_string\"}}],\"inLanguage\":\"fr-FR\"},{\"@type\":\"Person\",\"@id\":\"https:\\\/\\\/psgfans.fr\\\/#\\\/schema\\\/person\\\/be2237e7a0237af2f29cb344b3c55e6c\",\"name\":\"psgfans\",\"image\":{\"@type\":\"ImageObject\",\"inLanguage\":\"fr-FR\",\"@id\":\"https:\\\/\\\/secure.gravatar.com\\\/avatar\\\/?s=96&d=mm&r=g\",\"url\":\"https:\\\/\\\/secure.gravatar.com\\\/avatar\\\/?s=96&d=mm&r=g\",\"contentUrl\":\"https:\\\/\\\/secure.gravatar.com\\\/avatar\\\/?s=96&d=mm&r=g\",\"caption\":\"psgfans\"},\"url\":\"https:\\\/\\\/psgfans.fr\\\/?author=2\"}]}<\/script>\n<!-- \/ Yoast SEO plugin. -->","yoast_head_json":{"title":"Chelsea\/PSG : Sans Ibrahimovic, Cavani va se r\u00e9galer au PSG - PSG FANS","robots":{"index":"index","follow":"follow","max-snippet":"max-snippet:-1","max-image-preview":"max-image-preview:large","max-video-preview":"max-video-preview:-1"},"canonical":"https:\/\/psgfans.fr\/?p=791","og_locale":"fr_FR","og_type":"article","og_title":"Chelsea\/PSG : Sans Ibrahimovic, Cavani va se r\u00e9galer au PSG - PSG FANS","og_description":"C\u2019est la pire nouvelle de la belle victoire acquise contre Chelsea en quart de finale de la Ligue des champions. Victime d\u2019une l\u00e9sion au biceps f\u00e9moral droit, Zlatan Ibrahimovic pourrait manquer plusieurs semaines de comp\u00e9tition. Mais cette blessure pourrait faire le bonheur d\u2019Edinson Cavani. Si l\u2019Uruguayen ne se r\u00e9jouit \u00e9videmment pas de l\u2019absence du Su\u00e9dois, [&hellip;]","og_url":"https:\/\/psgfans.fr\/?p=791","og_site_name":"PSG FANS","article_published_time":"2014-04-06T15:17:00+00:00","og_image":[{"url":"https:\/\/blogger.googleusercontent.com\/img\/b\/R29vZ2xl\/AVvXsEgljtBlcEP-0MDi7h3rrliO-3kxhRVWQHWd-HPGnnCZu7q9eRxjEVP9YkjUZTPz-ftGECTyFJfPql4314DzPAbv50WmlzVl53OeuKiiKUhCa6bfbSbIu3apVnDZ90n-wOoGaUpnD2Qaiz4\/s1600\/0UhXc39H6ns.jpg","type":"","width":"","height":""}],"author":"psgfans","twitter_card":"summary_large_image","twitter_misc":{"\u00c9crit par":"psgfans","Dur\u00e9e de lecture estim\u00e9e":"1 minute"},"schema":{"@context":"https:\/\/schema.org","@graph":[{"@type":"Article","@id":"https:\/\/psgfans.fr\/?p=791#article","isPartOf":{"@id":"https:\/\/psgfans.fr\/?p=791"},"author":{"name":"psgfans","@id":"https:\/\/psgfans.fr\/#\/schema\/person\/be2237e7a0237af2f29cb344b3c55e6c"},"headline":"Chelsea\/PSG : Sans Ibrahimovic, Cavani va se r\u00e9galer au PSG","datePublished":"2014-04-06T15:17:00+00:00","mainEntityOfPage":{"@id":"https:\/\/psgfans.fr\/?p=791"},"wordCount":241,"commentCount":0,"image":{"@id":"https:\/\/psgfans.fr\/?p=791#primaryimage"},"thumbnailUrl":"https:\/\/blogger.googleusercontent.com\/img\/b\/R29vZ2xl\/AVvXsEgljtBlcEP-0MDi7h3rrliO-3kxhRVWQHWd-HPGnnCZu7q9eRxjEVP9YkjUZTPz-ftGECTyFJfPql4314DzPAbv50WmlzVl53OeuKiiKUhCa6bfbSbIu3apVnDZ90n-wOoGaUpnD2Qaiz4\/s1600\/0UhXc39H6ns.jpg","articleSection":["News"],"inLanguage":"fr-FR","potentialAction":[{"@type":"CommentAction","name":"Comment","target":["https:\/\/psgfans.fr\/?p=791#respond"]}]},{"@type":"WebPage","@id":"https:\/\/psgfans.fr\/?p=791","url":"https:\/\/psgfans.fr\/?p=791","name":"Chelsea\/PSG : Sans Ibrahimovic, Cavani va se r\u00e9galer au PSG - PSG FANS","isPartOf":{"@id":"https:\/\/psgfans.fr\/#website"},"primaryImageOfPage":{"@id":"https:\/\/psgfans.fr\/?p=791#primaryimage"},"image":{"@id":"https:\/\/psgfans.fr\/?p=791#primaryimage"},"thumbnailUrl":"https:\/\/blogger.googleusercontent.com\/img\/b\/R29vZ2xl\/AVvXsEgljtBlcEP-0MDi7h3rrliO-3kxhRVWQHWd-HPGnnCZu7q9eRxjEVP9YkjUZTPz-ftGECTyFJfPql4314DzPAbv50WmlzVl53OeuKiiKUhCa6bfbSbIu3apVnDZ90n-wOoGaUpnD2Qaiz4\/s1600\/0UhXc39H6ns.jpg","datePublished":"2014-04-06T15:17:00+00:00","author":{"@id":"https:\/\/psgfans.fr\/#\/schema\/person\/be2237e7a0237af2f29cb344b3c55e6c"},"breadcrumb":{"@id":"https:\/\/psgfans.fr\/?p=791#breadcrumb"},"inLanguage":"fr-FR","potentialAction":[{"@type":"ReadAction","target":["https:\/\/psgfans.fr\/?p=791"]}]},{"@type":"ImageObject","inLanguage":"fr-FR","@id":"https:\/\/psgfans.fr\/?p=791#primaryimage","url":"https:\/\/blogger.googleusercontent.com\/img\/b\/R29vZ2xl\/AVvXsEgljtBlcEP-0MDi7h3rrliO-3kxhRVWQHWd-HPGnnCZu7q9eRxjEVP9YkjUZTPz-ftGECTyFJfPql4314DzPAbv50WmlzVl53OeuKiiKUhCa6bfbSbIu3apVnDZ90n-wOoGaUpnD2Qaiz4\/s1600\/0UhXc39H6ns.jpg","contentUrl":"https:\/\/blogger.googleusercontent.com\/img\/b\/R29vZ2xl\/AVvXsEgljtBlcEP-0MDi7h3rrliO-3kxhRVWQHWd-HPGnnCZu7q9eRxjEVP9YkjUZTPz-ftGECTyFJfPql4314DzPAbv50WmlzVl53OeuKiiKUhCa6bfbSbIu3apVnDZ90n-wOoGaUpnD2Qaiz4\/s1600\/0UhXc39H6ns.jpg"},{"@type":"BreadcrumbList","@id":"https:\/\/psgfans.fr\/?p=791#breadcrumb","itemListElement":[{"@type":"ListItem","position":1,"name":"Accueil","item":"https:\/\/psgfans.fr\/"},{"@type":"ListItem","position":2,"name":"Chelsea\/PSG : Sans Ibrahimovic, Cavani va se r\u00e9galer au PSG"}]},{"@type":"WebSite","@id":"https:\/\/psgfans.fr\/#website","url":"https:\/\/psgfans.fr\/","name":"PSG FANS","description":"Unit\u00e9, Passion, Victoire : Au C\u0153ur du Paris Saint-Germain!","potentialAction":[{"@type":"SearchAction","target":{"@type":"EntryPoint","urlTemplate":"https:\/\/psgfans.fr\/?s={search_term_string}"},"query-input":{"@type":"PropertyValueSpecification","valueRequired":true,"valueName":"search_term_string"}}],"inLanguage":"fr-FR"},{"@type":"Person","@id":"https:\/\/psgfans.fr\/#\/schema\/person\/be2237e7a0237af2f29cb344b3c55e6c","name":"psgfans","image":{"@type":"ImageObject","inLanguage":"fr-FR","@id":"https:\/\/secure.gravatar.com\/avatar\/?s=96&d=mm&r=g","url":"https:\/\/secure.gravatar.com\/avatar\/?s=96&d=mm&r=g","contentUrl":"https:\/\/secure.gravatar.com\/avatar\/?s=96&d=mm&r=g","caption":"psgfans"},"url":"https:\/\/psgfans.fr\/?author=2"}]}},"_links":{"self":[{"href":"https:\/\/psgfans.fr\/index.php?rest_route=\/wp\/v2\/posts\/791","targetHints":{"allow":["GET"]}}],"collection":[{"href":"https:\/\/psgfans.fr\/index.php?rest_route=\/wp\/v2\/posts"}],"about":[{"href":"https:\/\/psgfans.fr\/index.php?rest_route=\/wp\/v2\/types\/post"}],"author":[{"embeddable":true,"href":"https:\/\/psgfans.fr\/index.php?rest_route=\/wp\/v2\/users\/2"}],"replies":[{"embeddable":true,"href":"https:\/\/psgfans.fr\/index.php?rest_route=%2Fwp%2Fv2%2Fcomments&post=791"}],"version-history":[{"count":0,"href":"https:\/\/psgfans.fr\/index.php?rest_route=\/wp\/v2\/posts\/791\/revisions"}],"wp:attachment":[{"href":"https:\/\/psgfans.fr\/index.php?rest_route=%2Fwp%2Fv2%2Fmedia&parent=791"}],"wp:term":[{"taxonomy":"category","embeddable":true,"href":"https:\/\/psgfans.fr\/index.php?rest_route=%2Fwp%2Fv2%2Fcategories&post=791"},{"taxonomy":"post_tag","embeddable":true,"href":"https:\/\/psgfans.fr\/index.php?rest_route=%2Fwp%2Fv2%2Ftags&post=791"}],"curies":[{"name":"wp","href":"https:\/\/api.w.org\/{rel}","templated":true}]}}