{"id":790,"date":"2014-04-06T16:22:00","date_gmt":"2014-04-06T15:22:00","guid":{"rendered":"https:\/\/psgfans.fr\/?p=790"},"modified":"2014-04-06T16:22:00","modified_gmt":"2014-04-06T15:22:00","slug":"cavani-reste-blanc-aussi","status":"publish","type":"post","link":"https:\/\/psgfans.fr\/?p=790","title":{"rendered":"\u00abCavani reste, Blanc aussi\u00bb"},"content":{"rendered":"<div style=\"clear: both; text-align: center;\"><a href=\"https:\/\/blogger.googleusercontent.com\/img\/b\/R29vZ2xl\/AVvXsEgNA41xmXHyNlOHiNZzeJaT4KPNgoWp2Itr6YHITqWlr60OPE6L2iIpksmMh3NwocpMkmGgAvErADPco2NYbpNN4OZ3W_BshgbZUaM_kacMVMq-sR7c-0BjYokWdx2w6wGYkGskQc4BhgM\/s1600\/0UhXc39H6ns.jpg\" style=\"margin-left: 1em; margin-right: 1em;\"><img loading=\"lazy\" decoding=\"async\" border=\"0\" src=\"https:\/\/blogger.googleusercontent.com\/img\/b\/R29vZ2xl\/AVvXsEgNA41xmXHyNlOHiNZzeJaT4KPNgoWp2Itr6YHITqWlr60OPE6L2iIpksmMh3NwocpMkmGgAvErADPco2NYbpNN4OZ3W_BshgbZUaM_kacMVMq-sR7c-0BjYokWdx2w6wGYkGskQc4BhgM\/s1600\/0UhXc39H6ns.jpg\" height=\"266\" width=\"400\" \/><\/a><\/div>\n<p>Invit\u00e9 de l&rsquo;\u00e9mission Luis Attaque, ce jeudi sur RMC, Nasser Al-Khela\u00effi, le pr\u00e9sident du Paris-SG, a assur\u00e9 que Cavani serait toujours au club la saison prochaine. \u00abCavani est tr\u00e8s important pour nous, il est tr\u00e8s professionnel, tr\u00e8s g\u00e9n\u00e9reux sur le terrain, il donne tout, a d&rsquo;abord l\u00e2ch\u00e9 le dirigeant. Je l\u2019appr\u00e9cie beaucoup. S\u2019il veut changer de position, ce n\u2019est pas sa d\u00e9cision, c\u2019est celle du coach et il comprend. Il est l\u00e0 pour jouer l\u00e0 o\u00f9 le coach d\u00e9cide. Il peut discuter avec le staff et le club mais la d\u00e9cision sera qu\u2019il reste avec nous. C\u2019est une star pour le club. Bien s\u00fbr qu\u2019il reste.\u00bb Cavani avait fait part il y a peu dans L&rsquo;Equipe de son m\u00e9contentement de jouer dans le couloir droit.<\/p>\n<p>Concernant son coach, Laurent Blanc, sous contrat jusqu&rsquo;en 2015, Al-Khela\u00effi a assur\u00e9 qu&rsquo;il comptait sur lui sur le long terme. \u00abJe pense que tout le monde est content avec le travail du staff, a-t-il d\u00e9clar\u00e9. On joue mieux au foot aujourd\u2019hui. J\u2019ai un grand respect pour Ancelotti, qui est un grand coach, mais Laurent Blanc fait beaucoup dans le changement de style, de la qualit\u00e9 de jeu. Je suis tr\u00e8s heureux. C\u2019est un grand coach, je suis tr\u00e8s fier de son travail, pour lui. J\u2019esp\u00e8re qu\u2019il va prolonger cette semaine. Il est tr\u00e8s heureux au club, le club est heureux, je ne vois pas de raison pour qu\u2019il ne reste pas au PSG. Il donne beaucoup au PSG, le PSG donne aussi beaucoup pour lui. Je suis tr\u00e8s heureux avec lui. Je le confirme ici : Laurent Blanc va rester au PSG\u00bb.<\/p>\n<p>Concernant les recrues \u00e0 venir, le pr\u00e9sident parisien n&rsquo;a rien voulu l\u00e2cher. Mourinho ? \u00abJe l&rsquo;appr\u00e9cie beaucoup comme coach et comme personnalit\u00e9. Mais aujourd\u2019hui, je suis tr\u00e8s heureux avec Laurent Blanc. On ne pense pas \u00e0 un autre coach. Laurent Blanc est le coach pour notre projet et pour longtemps.\u00bb Ronaldo ? Messi ? Griezmann ? Pogba ? \u00abSi la qualit\u00e9 de jeu est l\u00e0, je pense qu\u2019il n\u2019y a pas besoin d\u2019acheter un joueur, r\u00e9pond-il. Si on a besoin d\u2019en acheter, on y pensera. Mais pour le moment on a une bonne \u00e9quipe, qui sera peut-\u00eatre dans les cinq meilleures d\u2019Europe. On n\u2019a pas besoin d\u2019un nouveau joueur. (&#8230;) Messi a un contrat avec Barcelone, Ronaldo avec le Real. La grande star du PSG, c\u2019est Zlatan. Cavani aussi. On est derri\u00e8re nos stars pour le moment. Je respecte beaucoup Messi et Ronaldo mais Zlatan est comme eux. Cette saison est la meilleure de sa carri\u00e8re, tout le monde le sait. Je suis tr\u00e8s heureux pour lui, c\u2019est un grand professionnel. Il est tr\u00e8s heureux cette ann\u00e9e, plus que l\u2019ann\u00e9e derni\u00e8re. Apr\u00e8s le match, dans le vestiaire, je lui ai demand\u00e9 comment il allait. Il m\u2019a dit : \u00ab\u00a0Moi ce n\u2019est pas important, l\u2019important c\u2019est l\u2019\u00e9quipe et le r\u00e9sultat\u00a0\u00bb. \u00c7a veut dire qu\u2019il est vraiment dans le projet, qu\u2019il aime le club et les supporters.\u00bb<\/p>\n<p>Source&nbsp; : francefootball<\/p>\n","protected":false},"excerpt":{"rendered":"<p>Invit\u00e9 de l&rsquo;\u00e9mission Luis Attaque, ce jeudi sur RMC, Nasser Al-Khela\u00effi, le pr\u00e9sident du Paris-SG, a assur\u00e9 que Cavani serait toujours au club la saison prochaine. \u00abCavani est tr\u00e8s important pour nous, il est tr\u00e8s professionnel, tr\u00e8s g\u00e9n\u00e9reux sur le terrain, il donne tout, a d&rsquo;abord l\u00e2ch\u00e9 le dirigeant. Je l\u2019appr\u00e9cie beaucoup. S\u2019il veut changer [&hellip;]<\/p>\n","protected":false},"author":2,"featured_media":0,"comment_status":"open","ping_status":"open","sticky":false,"template":"","format":"standard","meta":{"footnotes":""},"categories":[3],"tags":[],"class_list":{"0":"post-790","1":"post","2":"type-post","3":"status-publish","4":"format-standard","6":"category-news"},"yoast_head":"<!-- This site is optimized with the Yoast SEO plugin v27.4 - https:\/\/yoast.com\/product\/yoast-seo-wordpress\/ -->\n<title>\u00abCavani reste, Blanc aussi\u00bb - PSG FANS<\/title>\n<meta name=\"robots\" content=\"index, follow, max-snippet:-1, max-image-preview:large, max-video-preview:-1\" \/>\n<link rel=\"canonical\" href=\"https:\/\/psgfans.fr\/?p=790\" \/>\n<meta property=\"og:locale\" content=\"fr_FR\" \/>\n<meta property=\"og:type\" content=\"article\" \/>\n<meta property=\"og:title\" content=\"\u00abCavani reste, Blanc aussi\u00bb - PSG FANS\" \/>\n<meta property=\"og:description\" content=\"Invit\u00e9 de l&rsquo;\u00e9mission Luis Attaque, ce jeudi sur RMC, Nasser Al-Khela\u00effi, le pr\u00e9sident du Paris-SG, a assur\u00e9 que Cavani serait toujours au club la saison prochaine. \u00abCavani est tr\u00e8s important pour nous, il est tr\u00e8s professionnel, tr\u00e8s g\u00e9n\u00e9reux sur le terrain, il donne tout, a d&rsquo;abord l\u00e2ch\u00e9 le dirigeant. Je l\u2019appr\u00e9cie beaucoup. S\u2019il veut changer [&hellip;]\" \/>\n<meta property=\"og:url\" content=\"https:\/\/psgfans.fr\/?p=790\" \/>\n<meta property=\"og:site_name\" content=\"PSG FANS\" \/>\n<meta property=\"article:published_time\" content=\"2014-04-06T15:22:00+00:00\" \/>\n<meta property=\"og:image\" content=\"https:\/\/blogger.googleusercontent.com\/img\/b\/R29vZ2xl\/AVvXsEgNA41xmXHyNlOHiNZzeJaT4KPNgoWp2Itr6YHITqWlr60OPE6L2iIpksmMh3NwocpMkmGgAvErADPco2NYbpNN4OZ3W_BshgbZUaM_kacMVMq-sR7c-0BjYokWdx2w6wGYkGskQc4BhgM\/s1600\/0UhXc39H6ns.jpg\" \/>\n<meta name=\"author\" content=\"psgfans\" \/>\n<meta name=\"twitter:card\" content=\"summary_large_image\" \/>\n<meta name=\"twitter:label1\" content=\"\u00c9crit par\" \/>\n\t<meta name=\"twitter:data1\" content=\"psgfans\" \/>\n\t<meta name=\"twitter:label2\" content=\"Dur\u00e9e de lecture estim\u00e9e\" \/>\n\t<meta name=\"twitter:data2\" content=\"3 minutes\" \/>\n<script type=\"application\/ld+json\" class=\"yoast-schema-graph\">{\"@context\":\"https:\\\/\\\/schema.org\",\"@graph\":[{\"@type\":\"Article\",\"@id\":\"https:\\\/\\\/psgfans.fr\\\/?p=790#article\",\"isPartOf\":{\"@id\":\"https:\\\/\\\/psgfans.fr\\\/?p=790\"},\"author\":{\"name\":\"psgfans\",\"@id\":\"https:\\\/\\\/psgfans.fr\\\/#\\\/schema\\\/person\\\/be2237e7a0237af2f29cb344b3c55e6c\"},\"headline\":\"\u00abCavani reste, Blanc aussi\u00bb\",\"datePublished\":\"2014-04-06T15:22:00+00:00\",\"mainEntityOfPage\":{\"@id\":\"https:\\\/\\\/psgfans.fr\\\/?p=790\"},\"wordCount\":562,\"commentCount\":0,\"image\":{\"@id\":\"https:\\\/\\\/psgfans.fr\\\/?p=790#primaryimage\"},\"thumbnailUrl\":\"https:\\\/\\\/blogger.googleusercontent.com\\\/img\\\/b\\\/R29vZ2xl\\\/AVvXsEgNA41xmXHyNlOHiNZzeJaT4KPNgoWp2Itr6YHITqWlr60OPE6L2iIpksmMh3NwocpMkmGgAvErADPco2NYbpNN4OZ3W_BshgbZUaM_kacMVMq-sR7c-0BjYokWdx2w6wGYkGskQc4BhgM\\\/s1600\\\/0UhXc39H6ns.jpg\",\"articleSection\":[\"News\"],\"inLanguage\":\"fr-FR\",\"potentialAction\":[{\"@type\":\"CommentAction\",\"name\":\"Comment\",\"target\":[\"https:\\\/\\\/psgfans.fr\\\/?p=790#respond\"]}]},{\"@type\":\"WebPage\",\"@id\":\"https:\\\/\\\/psgfans.fr\\\/?p=790\",\"url\":\"https:\\\/\\\/psgfans.fr\\\/?p=790\",\"name\":\"\u00abCavani reste, Blanc aussi\u00bb - PSG FANS\",\"isPartOf\":{\"@id\":\"https:\\\/\\\/psgfans.fr\\\/#website\"},\"primaryImageOfPage\":{\"@id\":\"https:\\\/\\\/psgfans.fr\\\/?p=790#primaryimage\"},\"image\":{\"@id\":\"https:\\\/\\\/psgfans.fr\\\/?p=790#primaryimage\"},\"thumbnailUrl\":\"https:\\\/\\\/blogger.googleusercontent.com\\\/img\\\/b\\\/R29vZ2xl\\\/AVvXsEgNA41xmXHyNlOHiNZzeJaT4KPNgoWp2Itr6YHITqWlr60OPE6L2iIpksmMh3NwocpMkmGgAvErADPco2NYbpNN4OZ3W_BshgbZUaM_kacMVMq-sR7c-0BjYokWdx2w6wGYkGskQc4BhgM\\\/s1600\\\/0UhXc39H6ns.jpg\",\"datePublished\":\"2014-04-06T15:22:00+00:00\",\"author\":{\"@id\":\"https:\\\/\\\/psgfans.fr\\\/#\\\/schema\\\/person\\\/be2237e7a0237af2f29cb344b3c55e6c\"},\"breadcrumb\":{\"@id\":\"https:\\\/\\\/psgfans.fr\\\/?p=790#breadcrumb\"},\"inLanguage\":\"fr-FR\",\"potentialAction\":[{\"@type\":\"ReadAction\",\"target\":[\"https:\\\/\\\/psgfans.fr\\\/?p=790\"]}]},{\"@type\":\"ImageObject\",\"inLanguage\":\"fr-FR\",\"@id\":\"https:\\\/\\\/psgfans.fr\\\/?p=790#primaryimage\",\"url\":\"https:\\\/\\\/blogger.googleusercontent.com\\\/img\\\/b\\\/R29vZ2xl\\\/AVvXsEgNA41xmXHyNlOHiNZzeJaT4KPNgoWp2Itr6YHITqWlr60OPE6L2iIpksmMh3NwocpMkmGgAvErADPco2NYbpNN4OZ3W_BshgbZUaM_kacMVMq-sR7c-0BjYokWdx2w6wGYkGskQc4BhgM\\\/s1600\\\/0UhXc39H6ns.jpg\",\"contentUrl\":\"https:\\\/\\\/blogger.googleusercontent.com\\\/img\\\/b\\\/R29vZ2xl\\\/AVvXsEgNA41xmXHyNlOHiNZzeJaT4KPNgoWp2Itr6YHITqWlr60OPE6L2iIpksmMh3NwocpMkmGgAvErADPco2NYbpNN4OZ3W_BshgbZUaM_kacMVMq-sR7c-0BjYokWdx2w6wGYkGskQc4BhgM\\\/s1600\\\/0UhXc39H6ns.jpg\"},{\"@type\":\"BreadcrumbList\",\"@id\":\"https:\\\/\\\/psgfans.fr\\\/?p=790#breadcrumb\",\"itemListElement\":[{\"@type\":\"ListItem\",\"position\":1,\"name\":\"Accueil\",\"item\":\"https:\\\/\\\/psgfans.fr\\\/\"},{\"@type\":\"ListItem\",\"position\":2,\"name\":\"\u00abCavani reste, Blanc aussi\u00bb\"}]},{\"@type\":\"WebSite\",\"@id\":\"https:\\\/\\\/psgfans.fr\\\/#website\",\"url\":\"https:\\\/\\\/psgfans.fr\\\/\",\"name\":\"PSG FANS\",\"description\":\"Unit\u00e9, Passion, Victoire : Au C\u0153ur du Paris Saint-Germain!\",\"potentialAction\":[{\"@type\":\"SearchAction\",\"target\":{\"@type\":\"EntryPoint\",\"urlTemplate\":\"https:\\\/\\\/psgfans.fr\\\/?s={search_term_string}\"},\"query-input\":{\"@type\":\"PropertyValueSpecification\",\"valueRequired\":true,\"valueName\":\"search_term_string\"}}],\"inLanguage\":\"fr-FR\"},{\"@type\":\"Person\",\"@id\":\"https:\\\/\\\/psgfans.fr\\\/#\\\/schema\\\/person\\\/be2237e7a0237af2f29cb344b3c55e6c\",\"name\":\"psgfans\",\"image\":{\"@type\":\"ImageObject\",\"inLanguage\":\"fr-FR\",\"@id\":\"https:\\\/\\\/secure.gravatar.com\\\/avatar\\\/?s=96&d=mm&r=g\",\"url\":\"https:\\\/\\\/secure.gravatar.com\\\/avatar\\\/?s=96&d=mm&r=g\",\"contentUrl\":\"https:\\\/\\\/secure.gravatar.com\\\/avatar\\\/?s=96&d=mm&r=g\",\"caption\":\"psgfans\"},\"url\":\"https:\\\/\\\/psgfans.fr\\\/?author=2\"}]}<\/script>\n<!-- \/ Yoast SEO plugin. -->","yoast_head_json":{"title":"\u00abCavani reste, Blanc aussi\u00bb - PSG FANS","robots":{"index":"index","follow":"follow","max-snippet":"max-snippet:-1","max-image-preview":"max-image-preview:large","max-video-preview":"max-video-preview:-1"},"canonical":"https:\/\/psgfans.fr\/?p=790","og_locale":"fr_FR","og_type":"article","og_title":"\u00abCavani reste, Blanc aussi\u00bb - PSG FANS","og_description":"Invit\u00e9 de l&rsquo;\u00e9mission Luis Attaque, ce jeudi sur RMC, Nasser Al-Khela\u00effi, le pr\u00e9sident du Paris-SG, a assur\u00e9 que Cavani serait toujours au club la saison prochaine. \u00abCavani est tr\u00e8s important pour nous, il est tr\u00e8s professionnel, tr\u00e8s g\u00e9n\u00e9reux sur le terrain, il donne tout, a d&rsquo;abord l\u00e2ch\u00e9 le dirigeant. Je l\u2019appr\u00e9cie beaucoup. S\u2019il veut changer [&hellip;]","og_url":"https:\/\/psgfans.fr\/?p=790","og_site_name":"PSG FANS","article_published_time":"2014-04-06T15:22:00+00:00","og_image":[{"url":"https:\/\/blogger.googleusercontent.com\/img\/b\/R29vZ2xl\/AVvXsEgNA41xmXHyNlOHiNZzeJaT4KPNgoWp2Itr6YHITqWlr60OPE6L2iIpksmMh3NwocpMkmGgAvErADPco2NYbpNN4OZ3W_BshgbZUaM_kacMVMq-sR7c-0BjYokWdx2w6wGYkGskQc4BhgM\/s1600\/0UhXc39H6ns.jpg","type":"","width":"","height":""}],"author":"psgfans","twitter_card":"summary_large_image","twitter_misc":{"\u00c9crit par":"psgfans","Dur\u00e9e de lecture estim\u00e9e":"3 minutes"},"schema":{"@context":"https:\/\/schema.org","@graph":[{"@type":"Article","@id":"https:\/\/psgfans.fr\/?p=790#article","isPartOf":{"@id":"https:\/\/psgfans.fr\/?p=790"},"author":{"name":"psgfans","@id":"https:\/\/psgfans.fr\/#\/schema\/person\/be2237e7a0237af2f29cb344b3c55e6c"},"headline":"\u00abCavani reste, Blanc aussi\u00bb","datePublished":"2014-04-06T15:22:00+00:00","mainEntityOfPage":{"@id":"https:\/\/psgfans.fr\/?p=790"},"wordCount":562,"commentCount":0,"image":{"@id":"https:\/\/psgfans.fr\/?p=790#primaryimage"},"thumbnailUrl":"https:\/\/blogger.googleusercontent.com\/img\/b\/R29vZ2xl\/AVvXsEgNA41xmXHyNlOHiNZzeJaT4KPNgoWp2Itr6YHITqWlr60OPE6L2iIpksmMh3NwocpMkmGgAvErADPco2NYbpNN4OZ3W_BshgbZUaM_kacMVMq-sR7c-0BjYokWdx2w6wGYkGskQc4BhgM\/s1600\/0UhXc39H6ns.jpg","articleSection":["News"],"inLanguage":"fr-FR","potentialAction":[{"@type":"CommentAction","name":"Comment","target":["https:\/\/psgfans.fr\/?p=790#respond"]}]},{"@type":"WebPage","@id":"https:\/\/psgfans.fr\/?p=790","url":"https:\/\/psgfans.fr\/?p=790","name":"\u00abCavani reste, Blanc aussi\u00bb - PSG FANS","isPartOf":{"@id":"https:\/\/psgfans.fr\/#website"},"primaryImageOfPage":{"@id":"https:\/\/psgfans.fr\/?p=790#primaryimage"},"image":{"@id":"https:\/\/psgfans.fr\/?p=790#primaryimage"},"thumbnailUrl":"https:\/\/blogger.googleusercontent.com\/img\/b\/R29vZ2xl\/AVvXsEgNA41xmXHyNlOHiNZzeJaT4KPNgoWp2Itr6YHITqWlr60OPE6L2iIpksmMh3NwocpMkmGgAvErADPco2NYbpNN4OZ3W_BshgbZUaM_kacMVMq-sR7c-0BjYokWdx2w6wGYkGskQc4BhgM\/s1600\/0UhXc39H6ns.jpg","datePublished":"2014-04-06T15:22:00+00:00","author":{"@id":"https:\/\/psgfans.fr\/#\/schema\/person\/be2237e7a0237af2f29cb344b3c55e6c"},"breadcrumb":{"@id":"https:\/\/psgfans.fr\/?p=790#breadcrumb"},"inLanguage":"fr-FR","potentialAction":[{"@type":"ReadAction","target":["https:\/\/psgfans.fr\/?p=790"]}]},{"@type":"ImageObject","inLanguage":"fr-FR","@id":"https:\/\/psgfans.fr\/?p=790#primaryimage","url":"https:\/\/blogger.googleusercontent.com\/img\/b\/R29vZ2xl\/AVvXsEgNA41xmXHyNlOHiNZzeJaT4KPNgoWp2Itr6YHITqWlr60OPE6L2iIpksmMh3NwocpMkmGgAvErADPco2NYbpNN4OZ3W_BshgbZUaM_kacMVMq-sR7c-0BjYokWdx2w6wGYkGskQc4BhgM\/s1600\/0UhXc39H6ns.jpg","contentUrl":"https:\/\/blogger.googleusercontent.com\/img\/b\/R29vZ2xl\/AVvXsEgNA41xmXHyNlOHiNZzeJaT4KPNgoWp2Itr6YHITqWlr60OPE6L2iIpksmMh3NwocpMkmGgAvErADPco2NYbpNN4OZ3W_BshgbZUaM_kacMVMq-sR7c-0BjYokWdx2w6wGYkGskQc4BhgM\/s1600\/0UhXc39H6ns.jpg"},{"@type":"BreadcrumbList","@id":"https:\/\/psgfans.fr\/?p=790#breadcrumb","itemListElement":[{"@type":"ListItem","position":1,"name":"Accueil","item":"https:\/\/psgfans.fr\/"},{"@type":"ListItem","position":2,"name":"\u00abCavani reste, Blanc aussi\u00bb"}]},{"@type":"WebSite","@id":"https:\/\/psgfans.fr\/#website","url":"https:\/\/psgfans.fr\/","name":"PSG FANS","description":"Unit\u00e9, Passion, Victoire : Au C\u0153ur du Paris Saint-Germain!","potentialAction":[{"@type":"SearchAction","target":{"@type":"EntryPoint","urlTemplate":"https:\/\/psgfans.fr\/?s={search_term_string}"},"query-input":{"@type":"PropertyValueSpecification","valueRequired":true,"valueName":"search_term_string"}}],"inLanguage":"fr-FR"},{"@type":"Person","@id":"https:\/\/psgfans.fr\/#\/schema\/person\/be2237e7a0237af2f29cb344b3c55e6c","name":"psgfans","image":{"@type":"ImageObject","inLanguage":"fr-FR","@id":"https:\/\/secure.gravatar.com\/avatar\/?s=96&d=mm&r=g","url":"https:\/\/secure.gravatar.com\/avatar\/?s=96&d=mm&r=g","contentUrl":"https:\/\/secure.gravatar.com\/avatar\/?s=96&d=mm&r=g","caption":"psgfans"},"url":"https:\/\/psgfans.fr\/?author=2"}]}},"_links":{"self":[{"href":"https:\/\/psgfans.fr\/index.php?rest_route=\/wp\/v2\/posts\/790","targetHints":{"allow":["GET"]}}],"collection":[{"href":"https:\/\/psgfans.fr\/index.php?rest_route=\/wp\/v2\/posts"}],"about":[{"href":"https:\/\/psgfans.fr\/index.php?rest_route=\/wp\/v2\/types\/post"}],"author":[{"embeddable":true,"href":"https:\/\/psgfans.fr\/index.php?rest_route=\/wp\/v2\/users\/2"}],"replies":[{"embeddable":true,"href":"https:\/\/psgfans.fr\/index.php?rest_route=%2Fwp%2Fv2%2Fcomments&post=790"}],"version-history":[{"count":0,"href":"https:\/\/psgfans.fr\/index.php?rest_route=\/wp\/v2\/posts\/790\/revisions"}],"wp:attachment":[{"href":"https:\/\/psgfans.fr\/index.php?rest_route=%2Fwp%2Fv2%2Fmedia&parent=790"}],"wp:term":[{"taxonomy":"category","embeddable":true,"href":"https:\/\/psgfans.fr\/index.php?rest_route=%2Fwp%2Fv2%2Fcategories&post=790"},{"taxonomy":"post_tag","embeddable":true,"href":"https:\/\/psgfans.fr\/index.php?rest_route=%2Fwp%2Fv2%2Ftags&post=790"}],"curies":[{"name":"wp","href":"https:\/\/api.w.org\/{rel}","templated":true}]}}