{"id":785,"date":"2014-04-07T16:22:00","date_gmt":"2014-04-07T15:22:00","guid":{"rendered":"https:\/\/psgfans.fr\/?p=785"},"modified":"2014-04-07T16:22:00","modified_gmt":"2014-04-07T15:22:00","slug":"psg-chelsea-pierre-menes-mourinho-prend-les-parisiens-pour-des-cretins","status":"publish","type":"post","link":"https:\/\/psgfans.fr\/?p=785","title":{"rendered":"PSG\/Chelsea &#8211; Pierre M\u00e9n\u00e8s : \u00abMourinho prend les Parisiens pour des cr\u00e9tins !\u00bb"},"content":{"rendered":"<div style=\"clear: both; text-align: center;\"><a href=\"https:\/\/blogger.googleusercontent.com\/img\/b\/R29vZ2xl\/AVvXsEjxdojp3KPHHQQNjbGrNLx-bPs_bsUT8p2VrrSkGQx41o62y-VaJQ6KQOE2Jr31nSgsYZ3-A8hbH_v-XDZjU3WmzUkillD4-DwQW8Mlr3vOlCF1Wr-IbS7xl3GO8R8T6nYno-mwqo7ZqV0\/s1600\/0UhXc39H6ns.jpg\" style=\"margin-left: 1em; margin-right: 1em;\"><img loading=\"lazy\" decoding=\"async\" border=\"0\" src=\"https:\/\/blogger.googleusercontent.com\/img\/b\/R29vZ2xl\/AVvXsEjxdojp3KPHHQQNjbGrNLx-bPs_bsUT8p2VrrSkGQx41o62y-VaJQ6KQOE2Jr31nSgsYZ3-A8hbH_v-XDZjU3WmzUkillD4-DwQW8Mlr3vOlCF1Wr-IbS7xl3GO8R8T6nYno-mwqo7ZqV0\/s1600\/0UhXc39H6ns.jpg\" height=\"173\" width=\"400\" \/><\/a><\/div>\n<p>Alors que Jos\u00e9 Mourinho s\u2019\u00e9tait distingu\u00e9 lors du match face au PSG pour son attitude \u00e0 la fin du match, Pierre M\u00e9n\u00e8s est revenue sur la personnalit\u00e9 du Portugais.<\/p>\n<p>Alors que le PSG et Chelsea s\u2019acheminaient vers une victoire 2-1 des Parisiens mercredi dernier lors du quart de finale aller de Ligue des Champions entre les deux \u00e9quipes, un ultime but de Javier Pastore est venu alourdir l\u2019addition pour les Blues. Quelques instants apr\u00e8s ce but, Jos\u00e9 Mourinho est venu saluer les joueurs et le staff du PSG avant de rentrer au vestiaire, alors que le match n\u2019\u00e9tait pas encore fini. Une attitude qui fait parler aujourd\u2019hui.<\/p>\n<p>\u00ab MOURINHO, IL M\u2019\u00c9NERVE \u00bb<br \/>\u00ab Mourinho, il m\u2019\u00e9nerve. C\u2019est de la com\u2019, c\u2019est pipeau Mourinho. Avant le match aller on ne parlait que de lui, apr\u00e8s le match on ne reparle encore que de lui. (\u2026) Il prend les Parisiens pour des cr\u00e9tins ! Quand tu as un \u00e9go surdimensionn\u00e9, des fois tu prends les autres pour des cons \u00bb, a ainsi d\u00e9clar\u00e9 le journaliste de Canal+ Pierre M\u00e9n\u00e8s sur le plateau du Canal Football Club ce dimanche.<\/p>\n<p>\u00ab MOURINHO FAIT LA VIERGE EFFAROUCH\u00c9E \u00bb<br \/>Il y a quelques semaines, le consultant-vedette de la cha\u00eene crypt\u00e9e \u00e9tait d\u00e9j\u00e0 mont\u00e9 au cr\u00e9neau contre l\u2019entra\u00eeneur portugais, s\u2019insurgeant des critiques que ce dernier avait adress\u00e9es \u00e0 Canal+ pour avoir diffus\u00e9 des images contre son gr\u00e9 selon lui. \u00ab Il est gentil Jos\u00e9 Mourinho, la cam\u00e9ra le filme \u00e0 moins d\u2019un m\u00e8tre et il fait la vierge effarouch\u00e9e. Faut assumer vieux \u00bb, avait-il confi\u00e9 sur son compte Twitter.<\/p>\n","protected":false},"excerpt":{"rendered":"<p>Alors que Jos\u00e9 Mourinho s\u2019\u00e9tait distingu\u00e9 lors du match face au PSG pour son attitude \u00e0 la fin du match, Pierre M\u00e9n\u00e8s est revenue sur la personnalit\u00e9 du Portugais. Alors que le PSG et Chelsea s\u2019acheminaient vers une victoire 2-1 des Parisiens mercredi dernier lors du quart de finale aller de Ligue des Champions entre [&hellip;]<\/p>\n","protected":false},"author":2,"featured_media":0,"comment_status":"open","ping_status":"open","sticky":false,"template":"","format":"standard","meta":{"footnotes":""},"categories":[3],"tags":[],"class_list":{"0":"post-785","1":"post","2":"type-post","3":"status-publish","4":"format-standard","6":"category-news"},"yoast_head":"<!-- This site is optimized with the Yoast SEO plugin v27.4 - https:\/\/yoast.com\/product\/yoast-seo-wordpress\/ -->\n<title>PSG\/Chelsea - Pierre M\u00e9n\u00e8s : \u00abMourinho prend les Parisiens pour des cr\u00e9tins !\u00bb - PSG FANS<\/title>\n<meta name=\"robots\" content=\"index, follow, max-snippet:-1, max-image-preview:large, max-video-preview:-1\" \/>\n<link rel=\"canonical\" href=\"https:\/\/psgfans.fr\/?p=785\" \/>\n<meta property=\"og:locale\" content=\"fr_FR\" \/>\n<meta property=\"og:type\" content=\"article\" \/>\n<meta property=\"og:title\" content=\"PSG\/Chelsea - Pierre M\u00e9n\u00e8s : \u00abMourinho prend les Parisiens pour des cr\u00e9tins !\u00bb - PSG FANS\" \/>\n<meta property=\"og:description\" content=\"Alors que Jos\u00e9 Mourinho s\u2019\u00e9tait distingu\u00e9 lors du match face au PSG pour son attitude \u00e0 la fin du match, Pierre M\u00e9n\u00e8s est revenue sur la personnalit\u00e9 du Portugais. Alors que le PSG et Chelsea s\u2019acheminaient vers une victoire 2-1 des Parisiens mercredi dernier lors du quart de finale aller de Ligue des Champions entre [&hellip;]\" \/>\n<meta property=\"og:url\" content=\"https:\/\/psgfans.fr\/?p=785\" \/>\n<meta property=\"og:site_name\" content=\"PSG FANS\" \/>\n<meta property=\"article:published_time\" content=\"2014-04-07T15:22:00+00:00\" \/>\n<meta property=\"og:image\" content=\"https:\/\/blogger.googleusercontent.com\/img\/b\/R29vZ2xl\/AVvXsEjxdojp3KPHHQQNjbGrNLx-bPs_bsUT8p2VrrSkGQx41o62y-VaJQ6KQOE2Jr31nSgsYZ3-A8hbH_v-XDZjU3WmzUkillD4-DwQW8Mlr3vOlCF1Wr-IbS7xl3GO8R8T6nYno-mwqo7ZqV0\/s1600\/0UhXc39H6ns.jpg\" \/>\n<meta name=\"author\" content=\"psgfans\" \/>\n<meta name=\"twitter:card\" content=\"summary_large_image\" \/>\n<meta name=\"twitter:label1\" content=\"\u00c9crit par\" \/>\n\t<meta name=\"twitter:data1\" content=\"psgfans\" \/>\n\t<meta name=\"twitter:label2\" content=\"Dur\u00e9e de lecture estim\u00e9e\" \/>\n\t<meta name=\"twitter:data2\" content=\"1 minute\" \/>\n<script type=\"application\/ld+json\" class=\"yoast-schema-graph\">{\"@context\":\"https:\\\/\\\/schema.org\",\"@graph\":[{\"@type\":\"Article\",\"@id\":\"https:\\\/\\\/psgfans.fr\\\/?p=785#article\",\"isPartOf\":{\"@id\":\"https:\\\/\\\/psgfans.fr\\\/?p=785\"},\"author\":{\"name\":\"psgfans\",\"@id\":\"https:\\\/\\\/psgfans.fr\\\/#\\\/schema\\\/person\\\/be2237e7a0237af2f29cb344b3c55e6c\"},\"headline\":\"PSG\\\/Chelsea &#8211; Pierre M\u00e9n\u00e8s : \u00abMourinho prend les Parisiens pour des cr\u00e9tins !\u00bb\",\"datePublished\":\"2014-04-07T15:22:00+00:00\",\"mainEntityOfPage\":{\"@id\":\"https:\\\/\\\/psgfans.fr\\\/?p=785\"},\"wordCount\":294,\"commentCount\":0,\"image\":{\"@id\":\"https:\\\/\\\/psgfans.fr\\\/?p=785#primaryimage\"},\"thumbnailUrl\":\"https:\\\/\\\/blogger.googleusercontent.com\\\/img\\\/b\\\/R29vZ2xl\\\/AVvXsEjxdojp3KPHHQQNjbGrNLx-bPs_bsUT8p2VrrSkGQx41o62y-VaJQ6KQOE2Jr31nSgsYZ3-A8hbH_v-XDZjU3WmzUkillD4-DwQW8Mlr3vOlCF1Wr-IbS7xl3GO8R8T6nYno-mwqo7ZqV0\\\/s1600\\\/0UhXc39H6ns.jpg\",\"articleSection\":[\"News\"],\"inLanguage\":\"fr-FR\",\"potentialAction\":[{\"@type\":\"CommentAction\",\"name\":\"Comment\",\"target\":[\"https:\\\/\\\/psgfans.fr\\\/?p=785#respond\"]}]},{\"@type\":\"WebPage\",\"@id\":\"https:\\\/\\\/psgfans.fr\\\/?p=785\",\"url\":\"https:\\\/\\\/psgfans.fr\\\/?p=785\",\"name\":\"PSG\\\/Chelsea - Pierre M\u00e9n\u00e8s : \u00abMourinho prend les Parisiens pour des cr\u00e9tins !\u00bb - PSG FANS\",\"isPartOf\":{\"@id\":\"https:\\\/\\\/psgfans.fr\\\/#website\"},\"primaryImageOfPage\":{\"@id\":\"https:\\\/\\\/psgfans.fr\\\/?p=785#primaryimage\"},\"image\":{\"@id\":\"https:\\\/\\\/psgfans.fr\\\/?p=785#primaryimage\"},\"thumbnailUrl\":\"https:\\\/\\\/blogger.googleusercontent.com\\\/img\\\/b\\\/R29vZ2xl\\\/AVvXsEjxdojp3KPHHQQNjbGrNLx-bPs_bsUT8p2VrrSkGQx41o62y-VaJQ6KQOE2Jr31nSgsYZ3-A8hbH_v-XDZjU3WmzUkillD4-DwQW8Mlr3vOlCF1Wr-IbS7xl3GO8R8T6nYno-mwqo7ZqV0\\\/s1600\\\/0UhXc39H6ns.jpg\",\"datePublished\":\"2014-04-07T15:22:00+00:00\",\"author\":{\"@id\":\"https:\\\/\\\/psgfans.fr\\\/#\\\/schema\\\/person\\\/be2237e7a0237af2f29cb344b3c55e6c\"},\"breadcrumb\":{\"@id\":\"https:\\\/\\\/psgfans.fr\\\/?p=785#breadcrumb\"},\"inLanguage\":\"fr-FR\",\"potentialAction\":[{\"@type\":\"ReadAction\",\"target\":[\"https:\\\/\\\/psgfans.fr\\\/?p=785\"]}]},{\"@type\":\"ImageObject\",\"inLanguage\":\"fr-FR\",\"@id\":\"https:\\\/\\\/psgfans.fr\\\/?p=785#primaryimage\",\"url\":\"https:\\\/\\\/blogger.googleusercontent.com\\\/img\\\/b\\\/R29vZ2xl\\\/AVvXsEjxdojp3KPHHQQNjbGrNLx-bPs_bsUT8p2VrrSkGQx41o62y-VaJQ6KQOE2Jr31nSgsYZ3-A8hbH_v-XDZjU3WmzUkillD4-DwQW8Mlr3vOlCF1Wr-IbS7xl3GO8R8T6nYno-mwqo7ZqV0\\\/s1600\\\/0UhXc39H6ns.jpg\",\"contentUrl\":\"https:\\\/\\\/blogger.googleusercontent.com\\\/img\\\/b\\\/R29vZ2xl\\\/AVvXsEjxdojp3KPHHQQNjbGrNLx-bPs_bsUT8p2VrrSkGQx41o62y-VaJQ6KQOE2Jr31nSgsYZ3-A8hbH_v-XDZjU3WmzUkillD4-DwQW8Mlr3vOlCF1Wr-IbS7xl3GO8R8T6nYno-mwqo7ZqV0\\\/s1600\\\/0UhXc39H6ns.jpg\"},{\"@type\":\"BreadcrumbList\",\"@id\":\"https:\\\/\\\/psgfans.fr\\\/?p=785#breadcrumb\",\"itemListElement\":[{\"@type\":\"ListItem\",\"position\":1,\"name\":\"Accueil\",\"item\":\"https:\\\/\\\/psgfans.fr\\\/\"},{\"@type\":\"ListItem\",\"position\":2,\"name\":\"PSG\\\/Chelsea &#8211; Pierre M\u00e9n\u00e8s : \u00abMourinho prend les Parisiens pour des cr\u00e9tins !\u00bb\"}]},{\"@type\":\"WebSite\",\"@id\":\"https:\\\/\\\/psgfans.fr\\\/#website\",\"url\":\"https:\\\/\\\/psgfans.fr\\\/\",\"name\":\"PSG FANS\",\"description\":\"Unit\u00e9, Passion, Victoire : Au C\u0153ur du Paris Saint-Germain!\",\"potentialAction\":[{\"@type\":\"SearchAction\",\"target\":{\"@type\":\"EntryPoint\",\"urlTemplate\":\"https:\\\/\\\/psgfans.fr\\\/?s={search_term_string}\"},\"query-input\":{\"@type\":\"PropertyValueSpecification\",\"valueRequired\":true,\"valueName\":\"search_term_string\"}}],\"inLanguage\":\"fr-FR\"},{\"@type\":\"Person\",\"@id\":\"https:\\\/\\\/psgfans.fr\\\/#\\\/schema\\\/person\\\/be2237e7a0237af2f29cb344b3c55e6c\",\"name\":\"psgfans\",\"image\":{\"@type\":\"ImageObject\",\"inLanguage\":\"fr-FR\",\"@id\":\"https:\\\/\\\/secure.gravatar.com\\\/avatar\\\/?s=96&d=mm&r=g\",\"url\":\"https:\\\/\\\/secure.gravatar.com\\\/avatar\\\/?s=96&d=mm&r=g\",\"contentUrl\":\"https:\\\/\\\/secure.gravatar.com\\\/avatar\\\/?s=96&d=mm&r=g\",\"caption\":\"psgfans\"},\"url\":\"https:\\\/\\\/psgfans.fr\\\/?author=2\"}]}<\/script>\n<!-- \/ Yoast SEO plugin. -->","yoast_head_json":{"title":"PSG\/Chelsea - Pierre M\u00e9n\u00e8s : \u00abMourinho prend les Parisiens pour des cr\u00e9tins !\u00bb - PSG FANS","robots":{"index":"index","follow":"follow","max-snippet":"max-snippet:-1","max-image-preview":"max-image-preview:large","max-video-preview":"max-video-preview:-1"},"canonical":"https:\/\/psgfans.fr\/?p=785","og_locale":"fr_FR","og_type":"article","og_title":"PSG\/Chelsea - Pierre M\u00e9n\u00e8s : \u00abMourinho prend les Parisiens pour des cr\u00e9tins !\u00bb - PSG FANS","og_description":"Alors que Jos\u00e9 Mourinho s\u2019\u00e9tait distingu\u00e9 lors du match face au PSG pour son attitude \u00e0 la fin du match, Pierre M\u00e9n\u00e8s est revenue sur la personnalit\u00e9 du Portugais. Alors que le PSG et Chelsea s\u2019acheminaient vers une victoire 2-1 des Parisiens mercredi dernier lors du quart de finale aller de Ligue des Champions entre [&hellip;]","og_url":"https:\/\/psgfans.fr\/?p=785","og_site_name":"PSG FANS","article_published_time":"2014-04-07T15:22:00+00:00","og_image":[{"url":"https:\/\/blogger.googleusercontent.com\/img\/b\/R29vZ2xl\/AVvXsEjxdojp3KPHHQQNjbGrNLx-bPs_bsUT8p2VrrSkGQx41o62y-VaJQ6KQOE2Jr31nSgsYZ3-A8hbH_v-XDZjU3WmzUkillD4-DwQW8Mlr3vOlCF1Wr-IbS7xl3GO8R8T6nYno-mwqo7ZqV0\/s1600\/0UhXc39H6ns.jpg","type":"","width":"","height":""}],"author":"psgfans","twitter_card":"summary_large_image","twitter_misc":{"\u00c9crit par":"psgfans","Dur\u00e9e de lecture estim\u00e9e":"1 minute"},"schema":{"@context":"https:\/\/schema.org","@graph":[{"@type":"Article","@id":"https:\/\/psgfans.fr\/?p=785#article","isPartOf":{"@id":"https:\/\/psgfans.fr\/?p=785"},"author":{"name":"psgfans","@id":"https:\/\/psgfans.fr\/#\/schema\/person\/be2237e7a0237af2f29cb344b3c55e6c"},"headline":"PSG\/Chelsea &#8211; Pierre M\u00e9n\u00e8s : \u00abMourinho prend les Parisiens pour des cr\u00e9tins !\u00bb","datePublished":"2014-04-07T15:22:00+00:00","mainEntityOfPage":{"@id":"https:\/\/psgfans.fr\/?p=785"},"wordCount":294,"commentCount":0,"image":{"@id":"https:\/\/psgfans.fr\/?p=785#primaryimage"},"thumbnailUrl":"https:\/\/blogger.googleusercontent.com\/img\/b\/R29vZ2xl\/AVvXsEjxdojp3KPHHQQNjbGrNLx-bPs_bsUT8p2VrrSkGQx41o62y-VaJQ6KQOE2Jr31nSgsYZ3-A8hbH_v-XDZjU3WmzUkillD4-DwQW8Mlr3vOlCF1Wr-IbS7xl3GO8R8T6nYno-mwqo7ZqV0\/s1600\/0UhXc39H6ns.jpg","articleSection":["News"],"inLanguage":"fr-FR","potentialAction":[{"@type":"CommentAction","name":"Comment","target":["https:\/\/psgfans.fr\/?p=785#respond"]}]},{"@type":"WebPage","@id":"https:\/\/psgfans.fr\/?p=785","url":"https:\/\/psgfans.fr\/?p=785","name":"PSG\/Chelsea - Pierre M\u00e9n\u00e8s : \u00abMourinho prend les Parisiens pour des cr\u00e9tins !\u00bb - PSG FANS","isPartOf":{"@id":"https:\/\/psgfans.fr\/#website"},"primaryImageOfPage":{"@id":"https:\/\/psgfans.fr\/?p=785#primaryimage"},"image":{"@id":"https:\/\/psgfans.fr\/?p=785#primaryimage"},"thumbnailUrl":"https:\/\/blogger.googleusercontent.com\/img\/b\/R29vZ2xl\/AVvXsEjxdojp3KPHHQQNjbGrNLx-bPs_bsUT8p2VrrSkGQx41o62y-VaJQ6KQOE2Jr31nSgsYZ3-A8hbH_v-XDZjU3WmzUkillD4-DwQW8Mlr3vOlCF1Wr-IbS7xl3GO8R8T6nYno-mwqo7ZqV0\/s1600\/0UhXc39H6ns.jpg","datePublished":"2014-04-07T15:22:00+00:00","author":{"@id":"https:\/\/psgfans.fr\/#\/schema\/person\/be2237e7a0237af2f29cb344b3c55e6c"},"breadcrumb":{"@id":"https:\/\/psgfans.fr\/?p=785#breadcrumb"},"inLanguage":"fr-FR","potentialAction":[{"@type":"ReadAction","target":["https:\/\/psgfans.fr\/?p=785"]}]},{"@type":"ImageObject","inLanguage":"fr-FR","@id":"https:\/\/psgfans.fr\/?p=785#primaryimage","url":"https:\/\/blogger.googleusercontent.com\/img\/b\/R29vZ2xl\/AVvXsEjxdojp3KPHHQQNjbGrNLx-bPs_bsUT8p2VrrSkGQx41o62y-VaJQ6KQOE2Jr31nSgsYZ3-A8hbH_v-XDZjU3WmzUkillD4-DwQW8Mlr3vOlCF1Wr-IbS7xl3GO8R8T6nYno-mwqo7ZqV0\/s1600\/0UhXc39H6ns.jpg","contentUrl":"https:\/\/blogger.googleusercontent.com\/img\/b\/R29vZ2xl\/AVvXsEjxdojp3KPHHQQNjbGrNLx-bPs_bsUT8p2VrrSkGQx41o62y-VaJQ6KQOE2Jr31nSgsYZ3-A8hbH_v-XDZjU3WmzUkillD4-DwQW8Mlr3vOlCF1Wr-IbS7xl3GO8R8T6nYno-mwqo7ZqV0\/s1600\/0UhXc39H6ns.jpg"},{"@type":"BreadcrumbList","@id":"https:\/\/psgfans.fr\/?p=785#breadcrumb","itemListElement":[{"@type":"ListItem","position":1,"name":"Accueil","item":"https:\/\/psgfans.fr\/"},{"@type":"ListItem","position":2,"name":"PSG\/Chelsea &#8211; Pierre M\u00e9n\u00e8s : \u00abMourinho prend les Parisiens pour des cr\u00e9tins !\u00bb"}]},{"@type":"WebSite","@id":"https:\/\/psgfans.fr\/#website","url":"https:\/\/psgfans.fr\/","name":"PSG FANS","description":"Unit\u00e9, Passion, Victoire : Au C\u0153ur du Paris Saint-Germain!","potentialAction":[{"@type":"SearchAction","target":{"@type":"EntryPoint","urlTemplate":"https:\/\/psgfans.fr\/?s={search_term_string}"},"query-input":{"@type":"PropertyValueSpecification","valueRequired":true,"valueName":"search_term_string"}}],"inLanguage":"fr-FR"},{"@type":"Person","@id":"https:\/\/psgfans.fr\/#\/schema\/person\/be2237e7a0237af2f29cb344b3c55e6c","name":"psgfans","image":{"@type":"ImageObject","inLanguage":"fr-FR","@id":"https:\/\/secure.gravatar.com\/avatar\/?s=96&d=mm&r=g","url":"https:\/\/secure.gravatar.com\/avatar\/?s=96&d=mm&r=g","contentUrl":"https:\/\/secure.gravatar.com\/avatar\/?s=96&d=mm&r=g","caption":"psgfans"},"url":"https:\/\/psgfans.fr\/?author=2"}]}},"_links":{"self":[{"href":"https:\/\/psgfans.fr\/index.php?rest_route=\/wp\/v2\/posts\/785","targetHints":{"allow":["GET"]}}],"collection":[{"href":"https:\/\/psgfans.fr\/index.php?rest_route=\/wp\/v2\/posts"}],"about":[{"href":"https:\/\/psgfans.fr\/index.php?rest_route=\/wp\/v2\/types\/post"}],"author":[{"embeddable":true,"href":"https:\/\/psgfans.fr\/index.php?rest_route=\/wp\/v2\/users\/2"}],"replies":[{"embeddable":true,"href":"https:\/\/psgfans.fr\/index.php?rest_route=%2Fwp%2Fv2%2Fcomments&post=785"}],"version-history":[{"count":0,"href":"https:\/\/psgfans.fr\/index.php?rest_route=\/wp\/v2\/posts\/785\/revisions"}],"wp:attachment":[{"href":"https:\/\/psgfans.fr\/index.php?rest_route=%2Fwp%2Fv2%2Fmedia&parent=785"}],"wp:term":[{"taxonomy":"category","embeddable":true,"href":"https:\/\/psgfans.fr\/index.php?rest_route=%2Fwp%2Fv2%2Fcategories&post=785"},{"taxonomy":"post_tag","embeddable":true,"href":"https:\/\/psgfans.fr\/index.php?rest_route=%2Fwp%2Fv2%2Ftags&post=785"}],"curies":[{"name":"wp","href":"https:\/\/api.w.org\/{rel}","templated":true}]}}