{"id":784,"date":"2014-04-07T16:26:00","date_gmt":"2014-04-07T15:26:00","guid":{"rendered":"https:\/\/psgfans.fr\/?p=784"},"modified":"2014-04-07T16:26:00","modified_gmt":"2014-04-07T15:26:00","slug":"psg-real-madrid-le-grand-retour-du-psg-sur-cristiano-ronaldo","status":"publish","type":"post","link":"https:\/\/psgfans.fr\/?p=784","title":{"rendered":"PSG\/Real Madrid : Le grand retour du PSG sur Cristiano Ronaldo ?"},"content":{"rendered":"<div style=\"clear: both; text-align: center;\"><a href=\"https:\/\/blogger.googleusercontent.com\/img\/b\/R29vZ2xl\/AVvXsEilC0ktm9xwQbYuVn3r62kpJAEWvffaGY5W4lbUYPRyW_GCwLLRwm-n3C9nnbqVRShFKh3PvbvTp7VjQk-aRwvCWK8ruGNUSH4m_3xQE4Hx1wjnp8YeWpI3E_ez1YWkq8ZngFGMKxSI8Zs\/s1600\/0UhXc39H6ns.jpg\" style=\"margin-left: 1em; margin-right: 1em;\"><img loading=\"lazy\" decoding=\"async\" border=\"0\" src=\"https:\/\/blogger.googleusercontent.com\/img\/b\/R29vZ2xl\/AVvXsEilC0ktm9xwQbYuVn3r62kpJAEWvffaGY5W4lbUYPRyW_GCwLLRwm-n3C9nnbqVRShFKh3PvbvTp7VjQk-aRwvCWK8ruGNUSH4m_3xQE4Hx1wjnp8YeWpI3E_ez1YWkq8ZngFGMKxSI8Zs\/s1600\/0UhXc39H6ns.jpg\" height=\"261\" width=\"400\" \/><\/a><\/div>\n<p><b>Annonc\u00e9 dans le collimateur du PSG depuis quelques mois, Cristiano Ronaldo pourrait faire l\u2019objet d\u2019une offre ferme de la part du club de la capitale dans les prochains mois, comme l\u2019annonce la presse britannique ce dimanche.<\/b><\/p>\n<p>Comme Le 10 Sport vous l\u2019avait r\u00e9v\u00e9l\u00e9 en exclusivit\u00e9, le PSG n\u2019a pas abandonn\u00e9 l\u2019id\u00e9e de recruter Cristiano Ronaldo dans un avenir proche. Le buteur portugais du Real Madrid, qui r\u00e9alise encore une saison remarquable dans les rangs du club merengue, serait toujours l\u2019un des fantasmes du PSG. Et selon le Daily Express, une offre serait en pr\u00e9paration du c\u00f4t\u00e9 du Parc des Princes\u2026<\/p>\n<p>LE PSG SE PR\u00c9PARE POUR CR7 ?<br \/>Le m\u00e9dia britannique explique qu\u2019outre Eden Hazard, le PSG envisagerait \u00e9galement de tenter sa chance avec Cristiano Ronaldo et qu\u2019une offre pourrait prochainement voir le jour de la part des dirigeants parisiens dans ce dossier. Reste \u00e0 savoir jusqu\u2019o\u00f9 sera pr\u00eat \u00e0 aller le PSG pour l\u2019international portugais, dont le solide contrat court jusqu\u2019en juin 2018 avec le Real Madrid, qui ne devrait pas le l\u00e2cher facilement.<\/p>\n<p>\u00ab ON RESPECTE TOUT LE MONDE \u00bb<br \/>R\u00e9cemment interrog\u00e9 sur un \u00e9ventuel int\u00e9r\u00eat pour Cristiano Ronaldo, Lionel Messi ou encore Paul Pogba, Nasser Al-Khela\u00effi a fait le point sur ces dossiers : \u00ab Messi, Cristiano Ronaldo et Pogba ? Je ne parle pas des autres joueurs. Messi a un contrat avec Barcelone, Cristiano Ronaldo avec le Real Madrid et Pogba avec la Juventus. On respecte tout le monde mais si on ne nous respecte pas, on fait la m\u00eame chose. On demande aux clubs de respecter le PSG. Cristiano Ronaldo et Lionel Messi ? Le PSG a d\u00e9j\u00e0 de grandes stars avec Zlatan et Cavani. Je respecte beaucoup Messi ou Ronaldo mais Zlatan est comme eux \u00bb.<\/p>\n<p>&nbsp;Le10Sport<\/p>\n","protected":false},"excerpt":{"rendered":"<p>Annonc\u00e9 dans le collimateur du PSG depuis quelques mois, Cristiano Ronaldo pourrait faire l\u2019objet d\u2019une offre ferme de la part du club de la capitale dans les prochains mois, comme l\u2019annonce la presse britannique ce dimanche. Comme Le 10 Sport vous l\u2019avait r\u00e9v\u00e9l\u00e9 en exclusivit\u00e9, le PSG n\u2019a pas abandonn\u00e9 l\u2019id\u00e9e de recruter Cristiano Ronaldo [&hellip;]<\/p>\n","protected":false},"author":2,"featured_media":0,"comment_status":"open","ping_status":"open","sticky":false,"template":"","format":"standard","meta":{"footnotes":""},"categories":[3],"tags":[],"class_list":{"0":"post-784","1":"post","2":"type-post","3":"status-publish","4":"format-standard","6":"category-news"},"yoast_head":"<!-- This site is optimized with the Yoast SEO plugin v27.4 - https:\/\/yoast.com\/product\/yoast-seo-wordpress\/ -->\n<title>PSG\/Real Madrid : Le grand retour du PSG sur Cristiano Ronaldo ? - PSG FANS<\/title>\n<meta name=\"robots\" content=\"index, follow, max-snippet:-1, max-image-preview:large, max-video-preview:-1\" \/>\n<link rel=\"canonical\" href=\"https:\/\/psgfans.fr\/?p=784\" \/>\n<meta property=\"og:locale\" content=\"fr_FR\" \/>\n<meta property=\"og:type\" content=\"article\" \/>\n<meta property=\"og:title\" content=\"PSG\/Real Madrid : Le grand retour du PSG sur Cristiano Ronaldo ? - PSG FANS\" \/>\n<meta property=\"og:description\" content=\"Annonc\u00e9 dans le collimateur du PSG depuis quelques mois, Cristiano Ronaldo pourrait faire l\u2019objet d\u2019une offre ferme de la part du club de la capitale dans les prochains mois, comme l\u2019annonce la presse britannique ce dimanche. Comme Le 10 Sport vous l\u2019avait r\u00e9v\u00e9l\u00e9 en exclusivit\u00e9, le PSG n\u2019a pas abandonn\u00e9 l\u2019id\u00e9e de recruter Cristiano Ronaldo [&hellip;]\" \/>\n<meta property=\"og:url\" content=\"https:\/\/psgfans.fr\/?p=784\" \/>\n<meta property=\"og:site_name\" content=\"PSG FANS\" \/>\n<meta property=\"article:published_time\" content=\"2014-04-07T15:26:00+00:00\" \/>\n<meta property=\"og:image\" content=\"https:\/\/blogger.googleusercontent.com\/img\/b\/R29vZ2xl\/AVvXsEilC0ktm9xwQbYuVn3r62kpJAEWvffaGY5W4lbUYPRyW_GCwLLRwm-n3C9nnbqVRShFKh3PvbvTp7VjQk-aRwvCWK8ruGNUSH4m_3xQE4Hx1wjnp8YeWpI3E_ez1YWkq8ZngFGMKxSI8Zs\/s1600\/0UhXc39H6ns.jpg\" \/>\n<meta name=\"author\" content=\"psgfans\" \/>\n<meta name=\"twitter:card\" content=\"summary_large_image\" \/>\n<meta name=\"twitter:label1\" content=\"\u00c9crit par\" \/>\n\t<meta name=\"twitter:data1\" content=\"psgfans\" \/>\n\t<meta name=\"twitter:label2\" content=\"Dur\u00e9e de lecture estim\u00e9e\" \/>\n\t<meta name=\"twitter:data2\" content=\"2 minutes\" \/>\n<script type=\"application\/ld+json\" class=\"yoast-schema-graph\">{\"@context\":\"https:\\\/\\\/schema.org\",\"@graph\":[{\"@type\":\"Article\",\"@id\":\"https:\\\/\\\/psgfans.fr\\\/?p=784#article\",\"isPartOf\":{\"@id\":\"https:\\\/\\\/psgfans.fr\\\/?p=784\"},\"author\":{\"name\":\"psgfans\",\"@id\":\"https:\\\/\\\/psgfans.fr\\\/#\\\/schema\\\/person\\\/be2237e7a0237af2f29cb344b3c55e6c\"},\"headline\":\"PSG\\\/Real Madrid : Le grand retour du PSG sur Cristiano Ronaldo ?\",\"datePublished\":\"2014-04-07T15:26:00+00:00\",\"mainEntityOfPage\":{\"@id\":\"https:\\\/\\\/psgfans.fr\\\/?p=784\"},\"wordCount\":321,\"commentCount\":0,\"image\":{\"@id\":\"https:\\\/\\\/psgfans.fr\\\/?p=784#primaryimage\"},\"thumbnailUrl\":\"https:\\\/\\\/blogger.googleusercontent.com\\\/img\\\/b\\\/R29vZ2xl\\\/AVvXsEilC0ktm9xwQbYuVn3r62kpJAEWvffaGY5W4lbUYPRyW_GCwLLRwm-n3C9nnbqVRShFKh3PvbvTp7VjQk-aRwvCWK8ruGNUSH4m_3xQE4Hx1wjnp8YeWpI3E_ez1YWkq8ZngFGMKxSI8Zs\\\/s1600\\\/0UhXc39H6ns.jpg\",\"articleSection\":[\"News\"],\"inLanguage\":\"fr-FR\",\"potentialAction\":[{\"@type\":\"CommentAction\",\"name\":\"Comment\",\"target\":[\"https:\\\/\\\/psgfans.fr\\\/?p=784#respond\"]}]},{\"@type\":\"WebPage\",\"@id\":\"https:\\\/\\\/psgfans.fr\\\/?p=784\",\"url\":\"https:\\\/\\\/psgfans.fr\\\/?p=784\",\"name\":\"PSG\\\/Real Madrid : Le grand retour du PSG sur Cristiano Ronaldo ? - PSG FANS\",\"isPartOf\":{\"@id\":\"https:\\\/\\\/psgfans.fr\\\/#website\"},\"primaryImageOfPage\":{\"@id\":\"https:\\\/\\\/psgfans.fr\\\/?p=784#primaryimage\"},\"image\":{\"@id\":\"https:\\\/\\\/psgfans.fr\\\/?p=784#primaryimage\"},\"thumbnailUrl\":\"https:\\\/\\\/blogger.googleusercontent.com\\\/img\\\/b\\\/R29vZ2xl\\\/AVvXsEilC0ktm9xwQbYuVn3r62kpJAEWvffaGY5W4lbUYPRyW_GCwLLRwm-n3C9nnbqVRShFKh3PvbvTp7VjQk-aRwvCWK8ruGNUSH4m_3xQE4Hx1wjnp8YeWpI3E_ez1YWkq8ZngFGMKxSI8Zs\\\/s1600\\\/0UhXc39H6ns.jpg\",\"datePublished\":\"2014-04-07T15:26:00+00:00\",\"author\":{\"@id\":\"https:\\\/\\\/psgfans.fr\\\/#\\\/schema\\\/person\\\/be2237e7a0237af2f29cb344b3c55e6c\"},\"breadcrumb\":{\"@id\":\"https:\\\/\\\/psgfans.fr\\\/?p=784#breadcrumb\"},\"inLanguage\":\"fr-FR\",\"potentialAction\":[{\"@type\":\"ReadAction\",\"target\":[\"https:\\\/\\\/psgfans.fr\\\/?p=784\"]}]},{\"@type\":\"ImageObject\",\"inLanguage\":\"fr-FR\",\"@id\":\"https:\\\/\\\/psgfans.fr\\\/?p=784#primaryimage\",\"url\":\"https:\\\/\\\/blogger.googleusercontent.com\\\/img\\\/b\\\/R29vZ2xl\\\/AVvXsEilC0ktm9xwQbYuVn3r62kpJAEWvffaGY5W4lbUYPRyW_GCwLLRwm-n3C9nnbqVRShFKh3PvbvTp7VjQk-aRwvCWK8ruGNUSH4m_3xQE4Hx1wjnp8YeWpI3E_ez1YWkq8ZngFGMKxSI8Zs\\\/s1600\\\/0UhXc39H6ns.jpg\",\"contentUrl\":\"https:\\\/\\\/blogger.googleusercontent.com\\\/img\\\/b\\\/R29vZ2xl\\\/AVvXsEilC0ktm9xwQbYuVn3r62kpJAEWvffaGY5W4lbUYPRyW_GCwLLRwm-n3C9nnbqVRShFKh3PvbvTp7VjQk-aRwvCWK8ruGNUSH4m_3xQE4Hx1wjnp8YeWpI3E_ez1YWkq8ZngFGMKxSI8Zs\\\/s1600\\\/0UhXc39H6ns.jpg\"},{\"@type\":\"BreadcrumbList\",\"@id\":\"https:\\\/\\\/psgfans.fr\\\/?p=784#breadcrumb\",\"itemListElement\":[{\"@type\":\"ListItem\",\"position\":1,\"name\":\"Accueil\",\"item\":\"https:\\\/\\\/psgfans.fr\\\/\"},{\"@type\":\"ListItem\",\"position\":2,\"name\":\"PSG\\\/Real Madrid : Le grand retour du PSG sur Cristiano Ronaldo ?\"}]},{\"@type\":\"WebSite\",\"@id\":\"https:\\\/\\\/psgfans.fr\\\/#website\",\"url\":\"https:\\\/\\\/psgfans.fr\\\/\",\"name\":\"PSG FANS\",\"description\":\"Unit\u00e9, Passion, Victoire : Au C\u0153ur du Paris Saint-Germain!\",\"potentialAction\":[{\"@type\":\"SearchAction\",\"target\":{\"@type\":\"EntryPoint\",\"urlTemplate\":\"https:\\\/\\\/psgfans.fr\\\/?s={search_term_string}\"},\"query-input\":{\"@type\":\"PropertyValueSpecification\",\"valueRequired\":true,\"valueName\":\"search_term_string\"}}],\"inLanguage\":\"fr-FR\"},{\"@type\":\"Person\",\"@id\":\"https:\\\/\\\/psgfans.fr\\\/#\\\/schema\\\/person\\\/be2237e7a0237af2f29cb344b3c55e6c\",\"name\":\"psgfans\",\"image\":{\"@type\":\"ImageObject\",\"inLanguage\":\"fr-FR\",\"@id\":\"https:\\\/\\\/secure.gravatar.com\\\/avatar\\\/?s=96&d=mm&r=g\",\"url\":\"https:\\\/\\\/secure.gravatar.com\\\/avatar\\\/?s=96&d=mm&r=g\",\"contentUrl\":\"https:\\\/\\\/secure.gravatar.com\\\/avatar\\\/?s=96&d=mm&r=g\",\"caption\":\"psgfans\"},\"url\":\"https:\\\/\\\/psgfans.fr\\\/?author=2\"}]}<\/script>\n<!-- \/ Yoast SEO plugin. -->","yoast_head_json":{"title":"PSG\/Real Madrid : Le grand retour du PSG sur Cristiano Ronaldo ? - PSG FANS","robots":{"index":"index","follow":"follow","max-snippet":"max-snippet:-1","max-image-preview":"max-image-preview:large","max-video-preview":"max-video-preview:-1"},"canonical":"https:\/\/psgfans.fr\/?p=784","og_locale":"fr_FR","og_type":"article","og_title":"PSG\/Real Madrid : Le grand retour du PSG sur Cristiano Ronaldo ? - PSG FANS","og_description":"Annonc\u00e9 dans le collimateur du PSG depuis quelques mois, Cristiano Ronaldo pourrait faire l\u2019objet d\u2019une offre ferme de la part du club de la capitale dans les prochains mois, comme l\u2019annonce la presse britannique ce dimanche. Comme Le 10 Sport vous l\u2019avait r\u00e9v\u00e9l\u00e9 en exclusivit\u00e9, le PSG n\u2019a pas abandonn\u00e9 l\u2019id\u00e9e de recruter Cristiano Ronaldo [&hellip;]","og_url":"https:\/\/psgfans.fr\/?p=784","og_site_name":"PSG FANS","article_published_time":"2014-04-07T15:26:00+00:00","og_image":[{"url":"https:\/\/blogger.googleusercontent.com\/img\/b\/R29vZ2xl\/AVvXsEilC0ktm9xwQbYuVn3r62kpJAEWvffaGY5W4lbUYPRyW_GCwLLRwm-n3C9nnbqVRShFKh3PvbvTp7VjQk-aRwvCWK8ruGNUSH4m_3xQE4Hx1wjnp8YeWpI3E_ez1YWkq8ZngFGMKxSI8Zs\/s1600\/0UhXc39H6ns.jpg","type":"","width":"","height":""}],"author":"psgfans","twitter_card":"summary_large_image","twitter_misc":{"\u00c9crit par":"psgfans","Dur\u00e9e de lecture estim\u00e9e":"2 minutes"},"schema":{"@context":"https:\/\/schema.org","@graph":[{"@type":"Article","@id":"https:\/\/psgfans.fr\/?p=784#article","isPartOf":{"@id":"https:\/\/psgfans.fr\/?p=784"},"author":{"name":"psgfans","@id":"https:\/\/psgfans.fr\/#\/schema\/person\/be2237e7a0237af2f29cb344b3c55e6c"},"headline":"PSG\/Real Madrid : Le grand retour du PSG sur Cristiano Ronaldo ?","datePublished":"2014-04-07T15:26:00+00:00","mainEntityOfPage":{"@id":"https:\/\/psgfans.fr\/?p=784"},"wordCount":321,"commentCount":0,"image":{"@id":"https:\/\/psgfans.fr\/?p=784#primaryimage"},"thumbnailUrl":"https:\/\/blogger.googleusercontent.com\/img\/b\/R29vZ2xl\/AVvXsEilC0ktm9xwQbYuVn3r62kpJAEWvffaGY5W4lbUYPRyW_GCwLLRwm-n3C9nnbqVRShFKh3PvbvTp7VjQk-aRwvCWK8ruGNUSH4m_3xQE4Hx1wjnp8YeWpI3E_ez1YWkq8ZngFGMKxSI8Zs\/s1600\/0UhXc39H6ns.jpg","articleSection":["News"],"inLanguage":"fr-FR","potentialAction":[{"@type":"CommentAction","name":"Comment","target":["https:\/\/psgfans.fr\/?p=784#respond"]}]},{"@type":"WebPage","@id":"https:\/\/psgfans.fr\/?p=784","url":"https:\/\/psgfans.fr\/?p=784","name":"PSG\/Real Madrid : Le grand retour du PSG sur Cristiano Ronaldo ? - PSG FANS","isPartOf":{"@id":"https:\/\/psgfans.fr\/#website"},"primaryImageOfPage":{"@id":"https:\/\/psgfans.fr\/?p=784#primaryimage"},"image":{"@id":"https:\/\/psgfans.fr\/?p=784#primaryimage"},"thumbnailUrl":"https:\/\/blogger.googleusercontent.com\/img\/b\/R29vZ2xl\/AVvXsEilC0ktm9xwQbYuVn3r62kpJAEWvffaGY5W4lbUYPRyW_GCwLLRwm-n3C9nnbqVRShFKh3PvbvTp7VjQk-aRwvCWK8ruGNUSH4m_3xQE4Hx1wjnp8YeWpI3E_ez1YWkq8ZngFGMKxSI8Zs\/s1600\/0UhXc39H6ns.jpg","datePublished":"2014-04-07T15:26:00+00:00","author":{"@id":"https:\/\/psgfans.fr\/#\/schema\/person\/be2237e7a0237af2f29cb344b3c55e6c"},"breadcrumb":{"@id":"https:\/\/psgfans.fr\/?p=784#breadcrumb"},"inLanguage":"fr-FR","potentialAction":[{"@type":"ReadAction","target":["https:\/\/psgfans.fr\/?p=784"]}]},{"@type":"ImageObject","inLanguage":"fr-FR","@id":"https:\/\/psgfans.fr\/?p=784#primaryimage","url":"https:\/\/blogger.googleusercontent.com\/img\/b\/R29vZ2xl\/AVvXsEilC0ktm9xwQbYuVn3r62kpJAEWvffaGY5W4lbUYPRyW_GCwLLRwm-n3C9nnbqVRShFKh3PvbvTp7VjQk-aRwvCWK8ruGNUSH4m_3xQE4Hx1wjnp8YeWpI3E_ez1YWkq8ZngFGMKxSI8Zs\/s1600\/0UhXc39H6ns.jpg","contentUrl":"https:\/\/blogger.googleusercontent.com\/img\/b\/R29vZ2xl\/AVvXsEilC0ktm9xwQbYuVn3r62kpJAEWvffaGY5W4lbUYPRyW_GCwLLRwm-n3C9nnbqVRShFKh3PvbvTp7VjQk-aRwvCWK8ruGNUSH4m_3xQE4Hx1wjnp8YeWpI3E_ez1YWkq8ZngFGMKxSI8Zs\/s1600\/0UhXc39H6ns.jpg"},{"@type":"BreadcrumbList","@id":"https:\/\/psgfans.fr\/?p=784#breadcrumb","itemListElement":[{"@type":"ListItem","position":1,"name":"Accueil","item":"https:\/\/psgfans.fr\/"},{"@type":"ListItem","position":2,"name":"PSG\/Real Madrid : Le grand retour du PSG sur Cristiano Ronaldo ?"}]},{"@type":"WebSite","@id":"https:\/\/psgfans.fr\/#website","url":"https:\/\/psgfans.fr\/","name":"PSG FANS","description":"Unit\u00e9, Passion, Victoire : Au C\u0153ur du Paris Saint-Germain!","potentialAction":[{"@type":"SearchAction","target":{"@type":"EntryPoint","urlTemplate":"https:\/\/psgfans.fr\/?s={search_term_string}"},"query-input":{"@type":"PropertyValueSpecification","valueRequired":true,"valueName":"search_term_string"}}],"inLanguage":"fr-FR"},{"@type":"Person","@id":"https:\/\/psgfans.fr\/#\/schema\/person\/be2237e7a0237af2f29cb344b3c55e6c","name":"psgfans","image":{"@type":"ImageObject","inLanguage":"fr-FR","@id":"https:\/\/secure.gravatar.com\/avatar\/?s=96&d=mm&r=g","url":"https:\/\/secure.gravatar.com\/avatar\/?s=96&d=mm&r=g","contentUrl":"https:\/\/secure.gravatar.com\/avatar\/?s=96&d=mm&r=g","caption":"psgfans"},"url":"https:\/\/psgfans.fr\/?author=2"}]}},"_links":{"self":[{"href":"https:\/\/psgfans.fr\/index.php?rest_route=\/wp\/v2\/posts\/784","targetHints":{"allow":["GET"]}}],"collection":[{"href":"https:\/\/psgfans.fr\/index.php?rest_route=\/wp\/v2\/posts"}],"about":[{"href":"https:\/\/psgfans.fr\/index.php?rest_route=\/wp\/v2\/types\/post"}],"author":[{"embeddable":true,"href":"https:\/\/psgfans.fr\/index.php?rest_route=\/wp\/v2\/users\/2"}],"replies":[{"embeddable":true,"href":"https:\/\/psgfans.fr\/index.php?rest_route=%2Fwp%2Fv2%2Fcomments&post=784"}],"version-history":[{"count":0,"href":"https:\/\/psgfans.fr\/index.php?rest_route=\/wp\/v2\/posts\/784\/revisions"}],"wp:attachment":[{"href":"https:\/\/psgfans.fr\/index.php?rest_route=%2Fwp%2Fv2%2Fmedia&parent=784"}],"wp:term":[{"taxonomy":"category","embeddable":true,"href":"https:\/\/psgfans.fr\/index.php?rest_route=%2Fwp%2Fv2%2Fcategories&post=784"},{"taxonomy":"post_tag","embeddable":true,"href":"https:\/\/psgfans.fr\/index.php?rest_route=%2Fwp%2Fv2%2Ftags&post=784"}],"curies":[{"name":"wp","href":"https:\/\/api.w.org\/{rel}","templated":true}]}}