{"id":780,"date":"2014-04-08T02:24:00","date_gmt":"2014-04-08T01:24:00","guid":{"rendered":"https:\/\/psgfans.fr\/?p=780"},"modified":"2014-04-08T02:24:00","modified_gmt":"2014-04-08T01:24:00","slug":"quand-papa-zlatan-nest-pas-sur-le-terrain-ses-enfants-font-autre-chose-ou-dorment","status":"publish","type":"post","link":"https:\/\/psgfans.fr\/?p=780","title":{"rendered":"QUAND PAPA ZLATAN N&#39;EST PAS SUR LE TERRAIN, SES ENFANTS FONT AUTRE CHOSE (OU DORMENT)"},"content":{"rendered":"<div style=\"clear: both; text-align: center;\"><a href=\"https:\/\/blogger.googleusercontent.com\/img\/b\/R29vZ2xl\/AVvXsEjpHl3oNLA5mfs6uOG7scHcSC49y-cKurO00Ey2Quont6DfNgQSE8f3afKdd7uAQm5nIwc6kpi2NnUYIqkUfmF0dnMtOSk4kRczzC70cPSb3f4zClvMZMlVDytRuW1rLTNy4LyaEZlOnHw\/s1600\/1,k,.jpg\" style=\"margin-left: 1em; margin-right: 1em;\"><img loading=\"lazy\" decoding=\"async\" border=\"0\" src=\"https:\/\/blogger.googleusercontent.com\/img\/b\/R29vZ2xl\/AVvXsEjpHl3oNLA5mfs6uOG7scHcSC49y-cKurO00Ey2Quont6DfNgQSE8f3afKdd7uAQm5nIwc6kpi2NnUYIqkUfmF0dnMtOSk4kRczzC70cPSb3f4zClvMZMlVDytRuW1rLTNy4LyaEZlOnHw\/s1600\/1,k,.jpg\" height=\"282\" width=\"400\" \/><\/a><\/div>\n<p>Dans la famille Ibrahimovic je demande les fils. Bless\u00e9 derri\u00e8re la cuisse droite pour une dur\u00e9e de quatre semaines minimum, Zlatan Ibrahimovic \u00e9tait pr\u00e9sent au Parc des Princes ce samedi pour suivre la victoire des siens face \u00e0 Reims (3-0). M\u00eame en tribune, le Su\u00e9dois a fait le show ou plut\u00f4t ses deux fils. Maximilian (7 ans) \u00e0 sa gauche, et Vincent (5 ans) pr\u00e9sent \u00e0 sa droite ont quelque peu trouv\u00e9 le temps long lors de la rencontre. Chacun a donc trouv\u00e9 une occupation, Maximilian s&rsquo;est adonn\u00e9 \u00e0 la sieste alors que Vincent en a profit\u00e9 pour s&rsquo;amuser avec sa tablette. Une chose est s\u00fbre, sans papa Zlatan, le PSG c&rsquo;est bien, mais avec c&rsquo;est mieux.<\/p>\n<div style=\"clear: both; text-align: center;\"><a href=\"https:\/\/blogger.googleusercontent.com\/img\/b\/R29vZ2xl\/AVvXsEivqTVAcEC20hzFjgGKifP36NimUkQI_TcDpkZn4-x3ffjwn4QaRMre3TLUfoBLqNWgeEgHTjchb6xvoP2Aoik1f80-VGh2q8BF2_WMZw34v25f0G367fREp7vhXUwwnrsYD_h-CPMc38Q\/s1600\/1,k,.jpg\" style=\"margin-left: 1em; margin-right: 1em;\"><img decoding=\"async\" border=\"0\" src=\"https:\/\/blogger.googleusercontent.com\/img\/b\/R29vZ2xl\/AVvXsEivqTVAcEC20hzFjgGKifP36NimUkQI_TcDpkZn4-x3ffjwn4QaRMre3TLUfoBLqNWgeEgHTjchb6xvoP2Aoik1f80-VGh2q8BF2_WMZw34v25f0G367fREp7vhXUwwnrsYD_h-CPMc38Q\/s1600\/1,k,.jpg\" \/><\/a><\/div>\n<p>lebuzz.eurosport<\/p>\n<div><\/div>\n","protected":false},"excerpt":{"rendered":"<p>Dans la famille Ibrahimovic je demande les fils. Bless\u00e9 derri\u00e8re la cuisse droite pour une dur\u00e9e de quatre semaines minimum, Zlatan Ibrahimovic \u00e9tait pr\u00e9sent au Parc des Princes ce samedi pour suivre la victoire des siens face \u00e0 Reims (3-0). M\u00eame en tribune, le Su\u00e9dois a fait le show ou plut\u00f4t ses deux fils. Maximilian [&hellip;]<\/p>\n","protected":false},"author":2,"featured_media":0,"comment_status":"open","ping_status":"open","sticky":false,"template":"","format":"standard","meta":{"footnotes":""},"categories":[4],"tags":[],"class_list":{"0":"post-780","1":"post","2":"type-post","3":"status-publish","4":"format-standard","6":"category-photos"},"yoast_head":"<!-- This site is optimized with the Yoast SEO plugin v27.4 - https:\/\/yoast.com\/product\/yoast-seo-wordpress\/ -->\n<title>QUAND PAPA ZLATAN N&#039;EST PAS SUR LE TERRAIN, SES ENFANTS FONT AUTRE CHOSE (OU DORMENT) - PSG FANS<\/title>\n<meta name=\"robots\" content=\"index, follow, max-snippet:-1, max-image-preview:large, max-video-preview:-1\" \/>\n<link rel=\"canonical\" href=\"https:\/\/psgfans.fr\/?p=780\" \/>\n<meta property=\"og:locale\" content=\"fr_FR\" \/>\n<meta property=\"og:type\" content=\"article\" \/>\n<meta property=\"og:title\" content=\"QUAND PAPA ZLATAN N&#039;EST PAS SUR LE TERRAIN, SES ENFANTS FONT AUTRE CHOSE (OU DORMENT) - PSG FANS\" \/>\n<meta property=\"og:description\" content=\"Dans la famille Ibrahimovic je demande les fils. Bless\u00e9 derri\u00e8re la cuisse droite pour une dur\u00e9e de quatre semaines minimum, Zlatan Ibrahimovic \u00e9tait pr\u00e9sent au Parc des Princes ce samedi pour suivre la victoire des siens face \u00e0 Reims (3-0). M\u00eame en tribune, le Su\u00e9dois a fait le show ou plut\u00f4t ses deux fils. Maximilian [&hellip;]\" \/>\n<meta property=\"og:url\" content=\"https:\/\/psgfans.fr\/?p=780\" \/>\n<meta property=\"og:site_name\" content=\"PSG FANS\" \/>\n<meta property=\"article:published_time\" content=\"2014-04-08T01:24:00+00:00\" \/>\n<meta property=\"og:image\" content=\"https:\/\/blogger.googleusercontent.com\/img\/b\/R29vZ2xl\/AVvXsEjpHl3oNLA5mfs6uOG7scHcSC49y-cKurO00Ey2Quont6DfNgQSE8f3afKdd7uAQm5nIwc6kpi2NnUYIqkUfmF0dnMtOSk4kRczzC70cPSb3f4zClvMZMlVDytRuW1rLTNy4LyaEZlOnHw\/s1600\/1,k,.jpg\" \/>\n<meta name=\"author\" content=\"psgfans\" \/>\n<meta name=\"twitter:card\" content=\"summary_large_image\" \/>\n<meta name=\"twitter:label1\" content=\"\u00c9crit par\" \/>\n\t<meta name=\"twitter:data1\" content=\"psgfans\" \/>\n\t<meta name=\"twitter:label2\" content=\"Dur\u00e9e de lecture estim\u00e9e\" \/>\n\t<meta name=\"twitter:data2\" content=\"1 minute\" \/>\n<script type=\"application\/ld+json\" class=\"yoast-schema-graph\">{\"@context\":\"https:\\\/\\\/schema.org\",\"@graph\":[{\"@type\":\"Article\",\"@id\":\"https:\\\/\\\/psgfans.fr\\\/?p=780#article\",\"isPartOf\":{\"@id\":\"https:\\\/\\\/psgfans.fr\\\/?p=780\"},\"author\":{\"name\":\"psgfans\",\"@id\":\"https:\\\/\\\/psgfans.fr\\\/#\\\/schema\\\/person\\\/be2237e7a0237af2f29cb344b3c55e6c\"},\"headline\":\"QUAND PAPA ZLATAN N&#39;EST PAS SUR LE TERRAIN, SES ENFANTS FONT AUTRE CHOSE (OU DORMENT)\",\"datePublished\":\"2014-04-08T01:24:00+00:00\",\"mainEntityOfPage\":{\"@id\":\"https:\\\/\\\/psgfans.fr\\\/?p=780\"},\"wordCount\":141,\"commentCount\":0,\"image\":{\"@id\":\"https:\\\/\\\/psgfans.fr\\\/?p=780#primaryimage\"},\"thumbnailUrl\":\"https:\\\/\\\/blogger.googleusercontent.com\\\/img\\\/b\\\/R29vZ2xl\\\/AVvXsEjpHl3oNLA5mfs6uOG7scHcSC49y-cKurO00Ey2Quont6DfNgQSE8f3afKdd7uAQm5nIwc6kpi2NnUYIqkUfmF0dnMtOSk4kRczzC70cPSb3f4zClvMZMlVDytRuW1rLTNy4LyaEZlOnHw\\\/s1600\\\/1,k,.jpg\",\"articleSection\":[\"Photos\"],\"inLanguage\":\"fr-FR\",\"potentialAction\":[{\"@type\":\"CommentAction\",\"name\":\"Comment\",\"target\":[\"https:\\\/\\\/psgfans.fr\\\/?p=780#respond\"]}]},{\"@type\":\"WebPage\",\"@id\":\"https:\\\/\\\/psgfans.fr\\\/?p=780\",\"url\":\"https:\\\/\\\/psgfans.fr\\\/?p=780\",\"name\":\"QUAND PAPA ZLATAN N&#39;EST PAS SUR LE TERRAIN, SES ENFANTS FONT AUTRE CHOSE (OU DORMENT) - PSG FANS\",\"isPartOf\":{\"@id\":\"https:\\\/\\\/psgfans.fr\\\/#website\"},\"primaryImageOfPage\":{\"@id\":\"https:\\\/\\\/psgfans.fr\\\/?p=780#primaryimage\"},\"image\":{\"@id\":\"https:\\\/\\\/psgfans.fr\\\/?p=780#primaryimage\"},\"thumbnailUrl\":\"https:\\\/\\\/blogger.googleusercontent.com\\\/img\\\/b\\\/R29vZ2xl\\\/AVvXsEjpHl3oNLA5mfs6uOG7scHcSC49y-cKurO00Ey2Quont6DfNgQSE8f3afKdd7uAQm5nIwc6kpi2NnUYIqkUfmF0dnMtOSk4kRczzC70cPSb3f4zClvMZMlVDytRuW1rLTNy4LyaEZlOnHw\\\/s1600\\\/1,k,.jpg\",\"datePublished\":\"2014-04-08T01:24:00+00:00\",\"author\":{\"@id\":\"https:\\\/\\\/psgfans.fr\\\/#\\\/schema\\\/person\\\/be2237e7a0237af2f29cb344b3c55e6c\"},\"breadcrumb\":{\"@id\":\"https:\\\/\\\/psgfans.fr\\\/?p=780#breadcrumb\"},\"inLanguage\":\"fr-FR\",\"potentialAction\":[{\"@type\":\"ReadAction\",\"target\":[\"https:\\\/\\\/psgfans.fr\\\/?p=780\"]}]},{\"@type\":\"ImageObject\",\"inLanguage\":\"fr-FR\",\"@id\":\"https:\\\/\\\/psgfans.fr\\\/?p=780#primaryimage\",\"url\":\"https:\\\/\\\/blogger.googleusercontent.com\\\/img\\\/b\\\/R29vZ2xl\\\/AVvXsEjpHl3oNLA5mfs6uOG7scHcSC49y-cKurO00Ey2Quont6DfNgQSE8f3afKdd7uAQm5nIwc6kpi2NnUYIqkUfmF0dnMtOSk4kRczzC70cPSb3f4zClvMZMlVDytRuW1rLTNy4LyaEZlOnHw\\\/s1600\\\/1,k,.jpg\",\"contentUrl\":\"https:\\\/\\\/blogger.googleusercontent.com\\\/img\\\/b\\\/R29vZ2xl\\\/AVvXsEjpHl3oNLA5mfs6uOG7scHcSC49y-cKurO00Ey2Quont6DfNgQSE8f3afKdd7uAQm5nIwc6kpi2NnUYIqkUfmF0dnMtOSk4kRczzC70cPSb3f4zClvMZMlVDytRuW1rLTNy4LyaEZlOnHw\\\/s1600\\\/1,k,.jpg\"},{\"@type\":\"BreadcrumbList\",\"@id\":\"https:\\\/\\\/psgfans.fr\\\/?p=780#breadcrumb\",\"itemListElement\":[{\"@type\":\"ListItem\",\"position\":1,\"name\":\"Accueil\",\"item\":\"https:\\\/\\\/psgfans.fr\\\/\"},{\"@type\":\"ListItem\",\"position\":2,\"name\":\"QUAND PAPA ZLATAN N&#39;EST PAS SUR LE TERRAIN, SES ENFANTS FONT AUTRE CHOSE (OU DORMENT)\"}]},{\"@type\":\"WebSite\",\"@id\":\"https:\\\/\\\/psgfans.fr\\\/#website\",\"url\":\"https:\\\/\\\/psgfans.fr\\\/\",\"name\":\"PSG FANS\",\"description\":\"Unit\u00e9, Passion, Victoire : Au C\u0153ur du Paris Saint-Germain!\",\"potentialAction\":[{\"@type\":\"SearchAction\",\"target\":{\"@type\":\"EntryPoint\",\"urlTemplate\":\"https:\\\/\\\/psgfans.fr\\\/?s={search_term_string}\"},\"query-input\":{\"@type\":\"PropertyValueSpecification\",\"valueRequired\":true,\"valueName\":\"search_term_string\"}}],\"inLanguage\":\"fr-FR\"},{\"@type\":\"Person\",\"@id\":\"https:\\\/\\\/psgfans.fr\\\/#\\\/schema\\\/person\\\/be2237e7a0237af2f29cb344b3c55e6c\",\"name\":\"psgfans\",\"image\":{\"@type\":\"ImageObject\",\"inLanguage\":\"fr-FR\",\"@id\":\"https:\\\/\\\/secure.gravatar.com\\\/avatar\\\/?s=96&d=mm&r=g\",\"url\":\"https:\\\/\\\/secure.gravatar.com\\\/avatar\\\/?s=96&d=mm&r=g\",\"contentUrl\":\"https:\\\/\\\/secure.gravatar.com\\\/avatar\\\/?s=96&d=mm&r=g\",\"caption\":\"psgfans\"},\"url\":\"https:\\\/\\\/psgfans.fr\\\/?author=2\"}]}<\/script>\n<!-- \/ Yoast SEO plugin. -->","yoast_head_json":{"title":"QUAND PAPA ZLATAN N&#39;EST PAS SUR LE TERRAIN, SES ENFANTS FONT AUTRE CHOSE (OU DORMENT) - PSG FANS","robots":{"index":"index","follow":"follow","max-snippet":"max-snippet:-1","max-image-preview":"max-image-preview:large","max-video-preview":"max-video-preview:-1"},"canonical":"https:\/\/psgfans.fr\/?p=780","og_locale":"fr_FR","og_type":"article","og_title":"QUAND PAPA ZLATAN N&#39;EST PAS SUR LE TERRAIN, SES ENFANTS FONT AUTRE CHOSE (OU DORMENT) - PSG FANS","og_description":"Dans la famille Ibrahimovic je demande les fils. Bless\u00e9 derri\u00e8re la cuisse droite pour une dur\u00e9e de quatre semaines minimum, Zlatan Ibrahimovic \u00e9tait pr\u00e9sent au Parc des Princes ce samedi pour suivre la victoire des siens face \u00e0 Reims (3-0). M\u00eame en tribune, le Su\u00e9dois a fait le show ou plut\u00f4t ses deux fils. Maximilian [&hellip;]","og_url":"https:\/\/psgfans.fr\/?p=780","og_site_name":"PSG FANS","article_published_time":"2014-04-08T01:24:00+00:00","og_image":[{"url":"https:\/\/blogger.googleusercontent.com\/img\/b\/R29vZ2xl\/AVvXsEjpHl3oNLA5mfs6uOG7scHcSC49y-cKurO00Ey2Quont6DfNgQSE8f3afKdd7uAQm5nIwc6kpi2NnUYIqkUfmF0dnMtOSk4kRczzC70cPSb3f4zClvMZMlVDytRuW1rLTNy4LyaEZlOnHw\/s1600\/1,k,.jpg","type":"","width":"","height":""}],"author":"psgfans","twitter_card":"summary_large_image","twitter_misc":{"\u00c9crit par":"psgfans","Dur\u00e9e de lecture estim\u00e9e":"1 minute"},"schema":{"@context":"https:\/\/schema.org","@graph":[{"@type":"Article","@id":"https:\/\/psgfans.fr\/?p=780#article","isPartOf":{"@id":"https:\/\/psgfans.fr\/?p=780"},"author":{"name":"psgfans","@id":"https:\/\/psgfans.fr\/#\/schema\/person\/be2237e7a0237af2f29cb344b3c55e6c"},"headline":"QUAND PAPA ZLATAN N&#39;EST PAS SUR LE TERRAIN, SES ENFANTS FONT AUTRE CHOSE (OU DORMENT)","datePublished":"2014-04-08T01:24:00+00:00","mainEntityOfPage":{"@id":"https:\/\/psgfans.fr\/?p=780"},"wordCount":141,"commentCount":0,"image":{"@id":"https:\/\/psgfans.fr\/?p=780#primaryimage"},"thumbnailUrl":"https:\/\/blogger.googleusercontent.com\/img\/b\/R29vZ2xl\/AVvXsEjpHl3oNLA5mfs6uOG7scHcSC49y-cKurO00Ey2Quont6DfNgQSE8f3afKdd7uAQm5nIwc6kpi2NnUYIqkUfmF0dnMtOSk4kRczzC70cPSb3f4zClvMZMlVDytRuW1rLTNy4LyaEZlOnHw\/s1600\/1,k,.jpg","articleSection":["Photos"],"inLanguage":"fr-FR","potentialAction":[{"@type":"CommentAction","name":"Comment","target":["https:\/\/psgfans.fr\/?p=780#respond"]}]},{"@type":"WebPage","@id":"https:\/\/psgfans.fr\/?p=780","url":"https:\/\/psgfans.fr\/?p=780","name":"QUAND PAPA ZLATAN N&#39;EST PAS SUR LE TERRAIN, SES ENFANTS FONT AUTRE CHOSE (OU DORMENT) - PSG FANS","isPartOf":{"@id":"https:\/\/psgfans.fr\/#website"},"primaryImageOfPage":{"@id":"https:\/\/psgfans.fr\/?p=780#primaryimage"},"image":{"@id":"https:\/\/psgfans.fr\/?p=780#primaryimage"},"thumbnailUrl":"https:\/\/blogger.googleusercontent.com\/img\/b\/R29vZ2xl\/AVvXsEjpHl3oNLA5mfs6uOG7scHcSC49y-cKurO00Ey2Quont6DfNgQSE8f3afKdd7uAQm5nIwc6kpi2NnUYIqkUfmF0dnMtOSk4kRczzC70cPSb3f4zClvMZMlVDytRuW1rLTNy4LyaEZlOnHw\/s1600\/1,k,.jpg","datePublished":"2014-04-08T01:24:00+00:00","author":{"@id":"https:\/\/psgfans.fr\/#\/schema\/person\/be2237e7a0237af2f29cb344b3c55e6c"},"breadcrumb":{"@id":"https:\/\/psgfans.fr\/?p=780#breadcrumb"},"inLanguage":"fr-FR","potentialAction":[{"@type":"ReadAction","target":["https:\/\/psgfans.fr\/?p=780"]}]},{"@type":"ImageObject","inLanguage":"fr-FR","@id":"https:\/\/psgfans.fr\/?p=780#primaryimage","url":"https:\/\/blogger.googleusercontent.com\/img\/b\/R29vZ2xl\/AVvXsEjpHl3oNLA5mfs6uOG7scHcSC49y-cKurO00Ey2Quont6DfNgQSE8f3afKdd7uAQm5nIwc6kpi2NnUYIqkUfmF0dnMtOSk4kRczzC70cPSb3f4zClvMZMlVDytRuW1rLTNy4LyaEZlOnHw\/s1600\/1,k,.jpg","contentUrl":"https:\/\/blogger.googleusercontent.com\/img\/b\/R29vZ2xl\/AVvXsEjpHl3oNLA5mfs6uOG7scHcSC49y-cKurO00Ey2Quont6DfNgQSE8f3afKdd7uAQm5nIwc6kpi2NnUYIqkUfmF0dnMtOSk4kRczzC70cPSb3f4zClvMZMlVDytRuW1rLTNy4LyaEZlOnHw\/s1600\/1,k,.jpg"},{"@type":"BreadcrumbList","@id":"https:\/\/psgfans.fr\/?p=780#breadcrumb","itemListElement":[{"@type":"ListItem","position":1,"name":"Accueil","item":"https:\/\/psgfans.fr\/"},{"@type":"ListItem","position":2,"name":"QUAND PAPA ZLATAN N&#39;EST PAS SUR LE TERRAIN, SES ENFANTS FONT AUTRE CHOSE (OU DORMENT)"}]},{"@type":"WebSite","@id":"https:\/\/psgfans.fr\/#website","url":"https:\/\/psgfans.fr\/","name":"PSG FANS","description":"Unit\u00e9, Passion, Victoire : Au C\u0153ur du Paris Saint-Germain!","potentialAction":[{"@type":"SearchAction","target":{"@type":"EntryPoint","urlTemplate":"https:\/\/psgfans.fr\/?s={search_term_string}"},"query-input":{"@type":"PropertyValueSpecification","valueRequired":true,"valueName":"search_term_string"}}],"inLanguage":"fr-FR"},{"@type":"Person","@id":"https:\/\/psgfans.fr\/#\/schema\/person\/be2237e7a0237af2f29cb344b3c55e6c","name":"psgfans","image":{"@type":"ImageObject","inLanguage":"fr-FR","@id":"https:\/\/secure.gravatar.com\/avatar\/?s=96&d=mm&r=g","url":"https:\/\/secure.gravatar.com\/avatar\/?s=96&d=mm&r=g","contentUrl":"https:\/\/secure.gravatar.com\/avatar\/?s=96&d=mm&r=g","caption":"psgfans"},"url":"https:\/\/psgfans.fr\/?author=2"}]}},"_links":{"self":[{"href":"https:\/\/psgfans.fr\/index.php?rest_route=\/wp\/v2\/posts\/780","targetHints":{"allow":["GET"]}}],"collection":[{"href":"https:\/\/psgfans.fr\/index.php?rest_route=\/wp\/v2\/posts"}],"about":[{"href":"https:\/\/psgfans.fr\/index.php?rest_route=\/wp\/v2\/types\/post"}],"author":[{"embeddable":true,"href":"https:\/\/psgfans.fr\/index.php?rest_route=\/wp\/v2\/users\/2"}],"replies":[{"embeddable":true,"href":"https:\/\/psgfans.fr\/index.php?rest_route=%2Fwp%2Fv2%2Fcomments&post=780"}],"version-history":[{"count":0,"href":"https:\/\/psgfans.fr\/index.php?rest_route=\/wp\/v2\/posts\/780\/revisions"}],"wp:attachment":[{"href":"https:\/\/psgfans.fr\/index.php?rest_route=%2Fwp%2Fv2%2Fmedia&parent=780"}],"wp:term":[{"taxonomy":"category","embeddable":true,"href":"https:\/\/psgfans.fr\/index.php?rest_route=%2Fwp%2Fv2%2Fcategories&post=780"},{"taxonomy":"post_tag","embeddable":true,"href":"https:\/\/psgfans.fr\/index.php?rest_route=%2Fwp%2Fv2%2Ftags&post=780"}],"curies":[{"name":"wp","href":"https:\/\/api.w.org\/{rel}","templated":true}]}}