{"id":777,"date":"2014-04-08T02:39:00","date_gmt":"2014-04-08T01:39:00","guid":{"rendered":"https:\/\/psgfans.fr\/?p=777"},"modified":"2014-04-08T02:39:00","modified_gmt":"2014-04-08T01:39:00","slug":"blanc-lavezzi-aime-les-espaces","status":"publish","type":"post","link":"https:\/\/psgfans.fr\/?p=777","title":{"rendered":"Blanc: &quot;Lavezzi aime les espaces&quot;"},"content":{"rendered":"<div style=\"clear: both; text-align: center;\"><a href=\"https:\/\/blogger.googleusercontent.com\/img\/b\/R29vZ2xl\/AVvXsEgP1HOmfP5N9tQPWnjeI1mf8EUGTwBpMGeXJ-HGFDxCjkBKftEKmNXpQM923Q428qgP-4Xh_RcCDedwSvokajbybRzTDkITDGwFaZdVbZMZ050N-yW4k8DWwplFGizUcjb4JHpT2dzR0Ok\/s1600\/1,k,.jpg\" style=\"margin-left: 1em; margin-right: 1em;\"><img loading=\"lazy\" decoding=\"async\" border=\"0\" src=\"https:\/\/blogger.googleusercontent.com\/img\/b\/R29vZ2xl\/AVvXsEgP1HOmfP5N9tQPWnjeI1mf8EUGTwBpMGeXJ-HGFDxCjkBKftEKmNXpQM923Q428qgP-4Xh_RcCDedwSvokajbybRzTDkITDGwFaZdVbZMZ050N-yW4k8DWwplFGizUcjb4JHpT2dzR0Ok\/s1600\/1,k,.jpg\" height=\"265\" width=\"400\" \/><\/a><\/div>\n<p>Pr\u00e9sent en conf\u00e9rence de presse, lundi, \u00e0 Stamford Bridge, \u00e0 la veille du quart de finale retour de la Ligue des champions entre Chelsea et le PSG, Laurent Blanc s&rsquo;est attard\u00e9 sur le cas Ezequiel Lavezzi, qui avait pos\u00e9 des soucis \u00e0 la d\u00e9fense des Blues au match aller.<\/p>\n<p>\u00ab\u00a0On l\u2019a vu au match aller, Chelsea d\u00e9fend devant ses buts de mani\u00e8re tr\u00e8s compacte, mais ils cr\u00e9ent des espaces sur les c\u00f4t\u00e9s, c\u2019est bien parce que \u00e7a rentre dans les comp\u00e9tences de \u00ab\u00a0Pocho\u00a0\u00bb, a comment\u00e9 l&rsquo;entra\u00eeneur parsisien.<\/p>\n<p>\u00ab\u00a0Il a une vitesse importante, il aime les espaces, il a du punch&#8230; Il leur a pos\u00e9 \u00e9norm\u00e9ment de probl\u00e8mes au match aller. Il avait d\u2019ailleurs inscrit un tr\u00e8s beau but. Le PSG a pris une option, Chelsea va vouloir combler ce retard, ils vont devoir venir nous chercher, \u00e0 nous de profiter de cela\u00a0\u00bb.<\/p>\n<p>.sports.fr<\/p>\n","protected":false},"excerpt":{"rendered":"<p>Pr\u00e9sent en conf\u00e9rence de presse, lundi, \u00e0 Stamford Bridge, \u00e0 la veille du quart de finale retour de la Ligue des champions entre Chelsea et le PSG, Laurent Blanc s&rsquo;est attard\u00e9 sur le cas Ezequiel Lavezzi, qui avait pos\u00e9 des soucis \u00e0 la d\u00e9fense des Blues au match aller. \u00ab\u00a0On l\u2019a vu au match aller, [&hellip;]<\/p>\n","protected":false},"author":2,"featured_media":0,"comment_status":"open","ping_status":"open","sticky":false,"template":"","format":"standard","meta":{"footnotes":""},"categories":[3],"tags":[],"class_list":{"0":"post-777","1":"post","2":"type-post","3":"status-publish","4":"format-standard","6":"category-news"},"yoast_head":"<!-- This site is optimized with the Yoast SEO plugin v27.4 - https:\/\/yoast.com\/product\/yoast-seo-wordpress\/ -->\n<title>Blanc: &quot;Lavezzi aime les espaces&quot; - PSG FANS<\/title>\n<meta name=\"robots\" content=\"index, follow, max-snippet:-1, max-image-preview:large, max-video-preview:-1\" \/>\n<link rel=\"canonical\" href=\"https:\/\/psgfans.fr\/?p=777\" \/>\n<meta property=\"og:locale\" content=\"fr_FR\" \/>\n<meta property=\"og:type\" content=\"article\" \/>\n<meta property=\"og:title\" content=\"Blanc: &quot;Lavezzi aime les espaces&quot; - PSG FANS\" \/>\n<meta property=\"og:description\" content=\"Pr\u00e9sent en conf\u00e9rence de presse, lundi, \u00e0 Stamford Bridge, \u00e0 la veille du quart de finale retour de la Ligue des champions entre Chelsea et le PSG, Laurent Blanc s&rsquo;est attard\u00e9 sur le cas Ezequiel Lavezzi, qui avait pos\u00e9 des soucis \u00e0 la d\u00e9fense des Blues au match aller. \u00ab\u00a0On l\u2019a vu au match aller, [&hellip;]\" \/>\n<meta property=\"og:url\" content=\"https:\/\/psgfans.fr\/?p=777\" \/>\n<meta property=\"og:site_name\" content=\"PSG FANS\" \/>\n<meta property=\"article:published_time\" content=\"2014-04-08T01:39:00+00:00\" \/>\n<meta property=\"og:image\" content=\"https:\/\/blogger.googleusercontent.com\/img\/b\/R29vZ2xl\/AVvXsEgP1HOmfP5N9tQPWnjeI1mf8EUGTwBpMGeXJ-HGFDxCjkBKftEKmNXpQM923Q428qgP-4Xh_RcCDedwSvokajbybRzTDkITDGwFaZdVbZMZ050N-yW4k8DWwplFGizUcjb4JHpT2dzR0Ok\/s1600\/1,k,.jpg\" \/>\n<meta name=\"author\" content=\"psgfans\" \/>\n<meta name=\"twitter:card\" content=\"summary_large_image\" \/>\n<meta name=\"twitter:label1\" content=\"\u00c9crit par\" \/>\n\t<meta name=\"twitter:data1\" content=\"psgfans\" \/>\n\t<meta name=\"twitter:label2\" content=\"Dur\u00e9e de lecture estim\u00e9e\" \/>\n\t<meta name=\"twitter:data2\" content=\"1 minute\" \/>\n<script type=\"application\/ld+json\" class=\"yoast-schema-graph\">{\"@context\":\"https:\\\/\\\/schema.org\",\"@graph\":[{\"@type\":\"Article\",\"@id\":\"https:\\\/\\\/psgfans.fr\\\/?p=777#article\",\"isPartOf\":{\"@id\":\"https:\\\/\\\/psgfans.fr\\\/?p=777\"},\"author\":{\"name\":\"psgfans\",\"@id\":\"https:\\\/\\\/psgfans.fr\\\/#\\\/schema\\\/person\\\/be2237e7a0237af2f29cb344b3c55e6c\"},\"headline\":\"Blanc: &quot;Lavezzi aime les espaces&quot;\",\"datePublished\":\"2014-04-08T01:39:00+00:00\",\"mainEntityOfPage\":{\"@id\":\"https:\\\/\\\/psgfans.fr\\\/?p=777\"},\"wordCount\":166,\"commentCount\":0,\"image\":{\"@id\":\"https:\\\/\\\/psgfans.fr\\\/?p=777#primaryimage\"},\"thumbnailUrl\":\"https:\\\/\\\/blogger.googleusercontent.com\\\/img\\\/b\\\/R29vZ2xl\\\/AVvXsEgP1HOmfP5N9tQPWnjeI1mf8EUGTwBpMGeXJ-HGFDxCjkBKftEKmNXpQM923Q428qgP-4Xh_RcCDedwSvokajbybRzTDkITDGwFaZdVbZMZ050N-yW4k8DWwplFGizUcjb4JHpT2dzR0Ok\\\/s1600\\\/1,k,.jpg\",\"articleSection\":[\"News\"],\"inLanguage\":\"fr-FR\",\"potentialAction\":[{\"@type\":\"CommentAction\",\"name\":\"Comment\",\"target\":[\"https:\\\/\\\/psgfans.fr\\\/?p=777#respond\"]}]},{\"@type\":\"WebPage\",\"@id\":\"https:\\\/\\\/psgfans.fr\\\/?p=777\",\"url\":\"https:\\\/\\\/psgfans.fr\\\/?p=777\",\"name\":\"Blanc: &quot;Lavezzi aime les espaces&quot; - PSG FANS\",\"isPartOf\":{\"@id\":\"https:\\\/\\\/psgfans.fr\\\/#website\"},\"primaryImageOfPage\":{\"@id\":\"https:\\\/\\\/psgfans.fr\\\/?p=777#primaryimage\"},\"image\":{\"@id\":\"https:\\\/\\\/psgfans.fr\\\/?p=777#primaryimage\"},\"thumbnailUrl\":\"https:\\\/\\\/blogger.googleusercontent.com\\\/img\\\/b\\\/R29vZ2xl\\\/AVvXsEgP1HOmfP5N9tQPWnjeI1mf8EUGTwBpMGeXJ-HGFDxCjkBKftEKmNXpQM923Q428qgP-4Xh_RcCDedwSvokajbybRzTDkITDGwFaZdVbZMZ050N-yW4k8DWwplFGizUcjb4JHpT2dzR0Ok\\\/s1600\\\/1,k,.jpg\",\"datePublished\":\"2014-04-08T01:39:00+00:00\",\"author\":{\"@id\":\"https:\\\/\\\/psgfans.fr\\\/#\\\/schema\\\/person\\\/be2237e7a0237af2f29cb344b3c55e6c\"},\"breadcrumb\":{\"@id\":\"https:\\\/\\\/psgfans.fr\\\/?p=777#breadcrumb\"},\"inLanguage\":\"fr-FR\",\"potentialAction\":[{\"@type\":\"ReadAction\",\"target\":[\"https:\\\/\\\/psgfans.fr\\\/?p=777\"]}]},{\"@type\":\"ImageObject\",\"inLanguage\":\"fr-FR\",\"@id\":\"https:\\\/\\\/psgfans.fr\\\/?p=777#primaryimage\",\"url\":\"https:\\\/\\\/blogger.googleusercontent.com\\\/img\\\/b\\\/R29vZ2xl\\\/AVvXsEgP1HOmfP5N9tQPWnjeI1mf8EUGTwBpMGeXJ-HGFDxCjkBKftEKmNXpQM923Q428qgP-4Xh_RcCDedwSvokajbybRzTDkITDGwFaZdVbZMZ050N-yW4k8DWwplFGizUcjb4JHpT2dzR0Ok\\\/s1600\\\/1,k,.jpg\",\"contentUrl\":\"https:\\\/\\\/blogger.googleusercontent.com\\\/img\\\/b\\\/R29vZ2xl\\\/AVvXsEgP1HOmfP5N9tQPWnjeI1mf8EUGTwBpMGeXJ-HGFDxCjkBKftEKmNXpQM923Q428qgP-4Xh_RcCDedwSvokajbybRzTDkITDGwFaZdVbZMZ050N-yW4k8DWwplFGizUcjb4JHpT2dzR0Ok\\\/s1600\\\/1,k,.jpg\"},{\"@type\":\"BreadcrumbList\",\"@id\":\"https:\\\/\\\/psgfans.fr\\\/?p=777#breadcrumb\",\"itemListElement\":[{\"@type\":\"ListItem\",\"position\":1,\"name\":\"Accueil\",\"item\":\"https:\\\/\\\/psgfans.fr\\\/\"},{\"@type\":\"ListItem\",\"position\":2,\"name\":\"Blanc: &quot;Lavezzi aime les espaces&quot;\"}]},{\"@type\":\"WebSite\",\"@id\":\"https:\\\/\\\/psgfans.fr\\\/#website\",\"url\":\"https:\\\/\\\/psgfans.fr\\\/\",\"name\":\"PSG FANS\",\"description\":\"Unit\u00e9, Passion, Victoire : Au C\u0153ur du Paris Saint-Germain!\",\"potentialAction\":[{\"@type\":\"SearchAction\",\"target\":{\"@type\":\"EntryPoint\",\"urlTemplate\":\"https:\\\/\\\/psgfans.fr\\\/?s={search_term_string}\"},\"query-input\":{\"@type\":\"PropertyValueSpecification\",\"valueRequired\":true,\"valueName\":\"search_term_string\"}}],\"inLanguage\":\"fr-FR\"},{\"@type\":\"Person\",\"@id\":\"https:\\\/\\\/psgfans.fr\\\/#\\\/schema\\\/person\\\/be2237e7a0237af2f29cb344b3c55e6c\",\"name\":\"psgfans\",\"image\":{\"@type\":\"ImageObject\",\"inLanguage\":\"fr-FR\",\"@id\":\"https:\\\/\\\/secure.gravatar.com\\\/avatar\\\/?s=96&d=mm&r=g\",\"url\":\"https:\\\/\\\/secure.gravatar.com\\\/avatar\\\/?s=96&d=mm&r=g\",\"contentUrl\":\"https:\\\/\\\/secure.gravatar.com\\\/avatar\\\/?s=96&d=mm&r=g\",\"caption\":\"psgfans\"},\"url\":\"https:\\\/\\\/psgfans.fr\\\/?author=2\"}]}<\/script>\n<!-- \/ Yoast SEO plugin. -->","yoast_head_json":{"title":"Blanc: &quot;Lavezzi aime les espaces&quot; - PSG FANS","robots":{"index":"index","follow":"follow","max-snippet":"max-snippet:-1","max-image-preview":"max-image-preview:large","max-video-preview":"max-video-preview:-1"},"canonical":"https:\/\/psgfans.fr\/?p=777","og_locale":"fr_FR","og_type":"article","og_title":"Blanc: &quot;Lavezzi aime les espaces&quot; - PSG FANS","og_description":"Pr\u00e9sent en conf\u00e9rence de presse, lundi, \u00e0 Stamford Bridge, \u00e0 la veille du quart de finale retour de la Ligue des champions entre Chelsea et le PSG, Laurent Blanc s&rsquo;est attard\u00e9 sur le cas Ezequiel Lavezzi, qui avait pos\u00e9 des soucis \u00e0 la d\u00e9fense des Blues au match aller. \u00ab\u00a0On l\u2019a vu au match aller, [&hellip;]","og_url":"https:\/\/psgfans.fr\/?p=777","og_site_name":"PSG FANS","article_published_time":"2014-04-08T01:39:00+00:00","og_image":[{"url":"https:\/\/blogger.googleusercontent.com\/img\/b\/R29vZ2xl\/AVvXsEgP1HOmfP5N9tQPWnjeI1mf8EUGTwBpMGeXJ-HGFDxCjkBKftEKmNXpQM923Q428qgP-4Xh_RcCDedwSvokajbybRzTDkITDGwFaZdVbZMZ050N-yW4k8DWwplFGizUcjb4JHpT2dzR0Ok\/s1600\/1,k,.jpg","type":"","width":"","height":""}],"author":"psgfans","twitter_card":"summary_large_image","twitter_misc":{"\u00c9crit par":"psgfans","Dur\u00e9e de lecture estim\u00e9e":"1 minute"},"schema":{"@context":"https:\/\/schema.org","@graph":[{"@type":"Article","@id":"https:\/\/psgfans.fr\/?p=777#article","isPartOf":{"@id":"https:\/\/psgfans.fr\/?p=777"},"author":{"name":"psgfans","@id":"https:\/\/psgfans.fr\/#\/schema\/person\/be2237e7a0237af2f29cb344b3c55e6c"},"headline":"Blanc: &quot;Lavezzi aime les espaces&quot;","datePublished":"2014-04-08T01:39:00+00:00","mainEntityOfPage":{"@id":"https:\/\/psgfans.fr\/?p=777"},"wordCount":166,"commentCount":0,"image":{"@id":"https:\/\/psgfans.fr\/?p=777#primaryimage"},"thumbnailUrl":"https:\/\/blogger.googleusercontent.com\/img\/b\/R29vZ2xl\/AVvXsEgP1HOmfP5N9tQPWnjeI1mf8EUGTwBpMGeXJ-HGFDxCjkBKftEKmNXpQM923Q428qgP-4Xh_RcCDedwSvokajbybRzTDkITDGwFaZdVbZMZ050N-yW4k8DWwplFGizUcjb4JHpT2dzR0Ok\/s1600\/1,k,.jpg","articleSection":["News"],"inLanguage":"fr-FR","potentialAction":[{"@type":"CommentAction","name":"Comment","target":["https:\/\/psgfans.fr\/?p=777#respond"]}]},{"@type":"WebPage","@id":"https:\/\/psgfans.fr\/?p=777","url":"https:\/\/psgfans.fr\/?p=777","name":"Blanc: &quot;Lavezzi aime les espaces&quot; - PSG FANS","isPartOf":{"@id":"https:\/\/psgfans.fr\/#website"},"primaryImageOfPage":{"@id":"https:\/\/psgfans.fr\/?p=777#primaryimage"},"image":{"@id":"https:\/\/psgfans.fr\/?p=777#primaryimage"},"thumbnailUrl":"https:\/\/blogger.googleusercontent.com\/img\/b\/R29vZ2xl\/AVvXsEgP1HOmfP5N9tQPWnjeI1mf8EUGTwBpMGeXJ-HGFDxCjkBKftEKmNXpQM923Q428qgP-4Xh_RcCDedwSvokajbybRzTDkITDGwFaZdVbZMZ050N-yW4k8DWwplFGizUcjb4JHpT2dzR0Ok\/s1600\/1,k,.jpg","datePublished":"2014-04-08T01:39:00+00:00","author":{"@id":"https:\/\/psgfans.fr\/#\/schema\/person\/be2237e7a0237af2f29cb344b3c55e6c"},"breadcrumb":{"@id":"https:\/\/psgfans.fr\/?p=777#breadcrumb"},"inLanguage":"fr-FR","potentialAction":[{"@type":"ReadAction","target":["https:\/\/psgfans.fr\/?p=777"]}]},{"@type":"ImageObject","inLanguage":"fr-FR","@id":"https:\/\/psgfans.fr\/?p=777#primaryimage","url":"https:\/\/blogger.googleusercontent.com\/img\/b\/R29vZ2xl\/AVvXsEgP1HOmfP5N9tQPWnjeI1mf8EUGTwBpMGeXJ-HGFDxCjkBKftEKmNXpQM923Q428qgP-4Xh_RcCDedwSvokajbybRzTDkITDGwFaZdVbZMZ050N-yW4k8DWwplFGizUcjb4JHpT2dzR0Ok\/s1600\/1,k,.jpg","contentUrl":"https:\/\/blogger.googleusercontent.com\/img\/b\/R29vZ2xl\/AVvXsEgP1HOmfP5N9tQPWnjeI1mf8EUGTwBpMGeXJ-HGFDxCjkBKftEKmNXpQM923Q428qgP-4Xh_RcCDedwSvokajbybRzTDkITDGwFaZdVbZMZ050N-yW4k8DWwplFGizUcjb4JHpT2dzR0Ok\/s1600\/1,k,.jpg"},{"@type":"BreadcrumbList","@id":"https:\/\/psgfans.fr\/?p=777#breadcrumb","itemListElement":[{"@type":"ListItem","position":1,"name":"Accueil","item":"https:\/\/psgfans.fr\/"},{"@type":"ListItem","position":2,"name":"Blanc: &quot;Lavezzi aime les espaces&quot;"}]},{"@type":"WebSite","@id":"https:\/\/psgfans.fr\/#website","url":"https:\/\/psgfans.fr\/","name":"PSG FANS","description":"Unit\u00e9, Passion, Victoire : Au C\u0153ur du Paris Saint-Germain!","potentialAction":[{"@type":"SearchAction","target":{"@type":"EntryPoint","urlTemplate":"https:\/\/psgfans.fr\/?s={search_term_string}"},"query-input":{"@type":"PropertyValueSpecification","valueRequired":true,"valueName":"search_term_string"}}],"inLanguage":"fr-FR"},{"@type":"Person","@id":"https:\/\/psgfans.fr\/#\/schema\/person\/be2237e7a0237af2f29cb344b3c55e6c","name":"psgfans","image":{"@type":"ImageObject","inLanguage":"fr-FR","@id":"https:\/\/secure.gravatar.com\/avatar\/?s=96&d=mm&r=g","url":"https:\/\/secure.gravatar.com\/avatar\/?s=96&d=mm&r=g","contentUrl":"https:\/\/secure.gravatar.com\/avatar\/?s=96&d=mm&r=g","caption":"psgfans"},"url":"https:\/\/psgfans.fr\/?author=2"}]}},"_links":{"self":[{"href":"https:\/\/psgfans.fr\/index.php?rest_route=\/wp\/v2\/posts\/777","targetHints":{"allow":["GET"]}}],"collection":[{"href":"https:\/\/psgfans.fr\/index.php?rest_route=\/wp\/v2\/posts"}],"about":[{"href":"https:\/\/psgfans.fr\/index.php?rest_route=\/wp\/v2\/types\/post"}],"author":[{"embeddable":true,"href":"https:\/\/psgfans.fr\/index.php?rest_route=\/wp\/v2\/users\/2"}],"replies":[{"embeddable":true,"href":"https:\/\/psgfans.fr\/index.php?rest_route=%2Fwp%2Fv2%2Fcomments&post=777"}],"version-history":[{"count":0,"href":"https:\/\/psgfans.fr\/index.php?rest_route=\/wp\/v2\/posts\/777\/revisions"}],"wp:attachment":[{"href":"https:\/\/psgfans.fr\/index.php?rest_route=%2Fwp%2Fv2%2Fmedia&parent=777"}],"wp:term":[{"taxonomy":"category","embeddable":true,"href":"https:\/\/psgfans.fr\/index.php?rest_route=%2Fwp%2Fv2%2Fcategories&post=777"},{"taxonomy":"post_tag","embeddable":true,"href":"https:\/\/psgfans.fr\/index.php?rest_route=%2Fwp%2Fv2%2Ftags&post=777"}],"curies":[{"name":"wp","href":"https:\/\/api.w.org\/{rel}","templated":true}]}}