{"id":775,"date":"2014-04-08T13:39:00","date_gmt":"2014-04-08T12:39:00","guid":{"rendered":"https:\/\/psgfans.fr\/?p=775"},"modified":"2014-04-08T13:39:00","modified_gmt":"2014-04-08T12:39:00","slug":"pour-le-selectionneur-belge-hazard-doit-aller-au-psg","status":"publish","type":"post","link":"https:\/\/psgfans.fr\/?p=775","title":{"rendered":"Pour le s\u00e9lectionneur belge, Hazard doit aller au PSG !"},"content":{"rendered":"<div style=\"clear: both; text-align: center;\"><a href=\"https:\/\/blogger.googleusercontent.com\/img\/b\/R29vZ2xl\/AVvXsEhXgTyU9iRrOlenyeo33RuRGlsfZLa9_i4LlJ5J_u6MDGSeaH63BI74i26_d93q08rKSkFVflrgG3F8oPeJxU2tYntZR3-8CFhy8sNZEbCTzeE5vWMpzQDFgouzcgBVcrJjsQM5G4-sP0I\/s1600\/179648_139912469406696_100001638311797_247495_7719217_n.jpg\" style=\"margin-left: 1em; margin-right: 1em;\"><img loading=\"lazy\" decoding=\"async\" border=\"0\" src=\"https:\/\/blogger.googleusercontent.com\/img\/b\/R29vZ2xl\/AVvXsEhXgTyU9iRrOlenyeo33RuRGlsfZLa9_i4LlJ5J_u6MDGSeaH63BI74i26_d93q08rKSkFVflrgG3F8oPeJxU2tYntZR3-8CFhy8sNZEbCTzeE5vWMpzQDFgouzcgBVcrJjsQM5G4-sP0I\/s1600\/179648_139912469406696_100001638311797_247495_7719217_n.jpg\" height=\"313\" width=\"400\" \/><\/a><\/div>\n<p>Marc Wilmots n&rsquo;a s\u00fbrement pas re\u00e7u de coup de fil de Nasser, mais le patron du PSG pourra remercier le s\u00e9lectionneur belge si jamais Hazard rejoint bien la capitale cet \u00e9t\u00e9. L&rsquo;ancien joueur ne s&rsquo;est pas content\u00e9 de donner son feu vert, il a carr\u00e9ment encourag\u00e9 son joueur \u00e0 faire le bon choix, dans des propos rapport\u00e9s par le 10 Sport.<\/p>\n<p>\u00ab\u00a0S\u2019il veut vraiment rentrer dans la cat\u00e9gorie des joueurs qui veulent marquer l\u2019histoire, c\u2019est une occasion. C\u2019est le moment de passer \u00e0 la vitesse sup\u00e9rieure. Lui et Ibra, ce sont deux joueurs diff\u00e9rents mais ils pourraient \u00eatre compl\u00e9mentaires.\u00a0\u00bb<\/p>\n<p>Pour info, Hazard s&rsquo;entendrait s\u00fbrement \u00e0 merveille avec Ibra, mais ses stats cette saison ne sont finalement pas si impressionnantes qu&rsquo;on pourrait l&rsquo;imaginer, pour un joueur si bien c\u00f4t\u00e9, avec 17 buts et seulement 8 passes d\u00e9cisives en 51 matchs. En m\u00eame temps, il n&rsquo;a pas un Zlatan ou un Cavani pour convertir tous ses caviars.<\/p>\n<p>magicpaname<\/p>\n","protected":false},"excerpt":{"rendered":"<p>Marc Wilmots n&rsquo;a s\u00fbrement pas re\u00e7u de coup de fil de Nasser, mais le patron du PSG pourra remercier le s\u00e9lectionneur belge si jamais Hazard rejoint bien la capitale cet \u00e9t\u00e9. L&rsquo;ancien joueur ne s&rsquo;est pas content\u00e9 de donner son feu vert, il a carr\u00e9ment encourag\u00e9 son joueur \u00e0 faire le bon choix, dans des [&hellip;]<\/p>\n","protected":false},"author":2,"featured_media":0,"comment_status":"open","ping_status":"open","sticky":false,"template":"","format":"standard","meta":{"footnotes":""},"categories":[3],"tags":[],"class_list":{"0":"post-775","1":"post","2":"type-post","3":"status-publish","4":"format-standard","6":"category-news"},"yoast_head":"<!-- This site is optimized with the Yoast SEO plugin v27.4 - https:\/\/yoast.com\/product\/yoast-seo-wordpress\/ -->\n<title>Pour le s\u00e9lectionneur belge, Hazard doit aller au PSG ! - PSG FANS<\/title>\n<meta name=\"robots\" content=\"index, follow, max-snippet:-1, max-image-preview:large, max-video-preview:-1\" \/>\n<link rel=\"canonical\" href=\"https:\/\/psgfans.fr\/?p=775\" \/>\n<meta property=\"og:locale\" content=\"fr_FR\" \/>\n<meta property=\"og:type\" content=\"article\" \/>\n<meta property=\"og:title\" content=\"Pour le s\u00e9lectionneur belge, Hazard doit aller au PSG ! - PSG FANS\" \/>\n<meta property=\"og:description\" content=\"Marc Wilmots n&rsquo;a s\u00fbrement pas re\u00e7u de coup de fil de Nasser, mais le patron du PSG pourra remercier le s\u00e9lectionneur belge si jamais Hazard rejoint bien la capitale cet \u00e9t\u00e9. L&rsquo;ancien joueur ne s&rsquo;est pas content\u00e9 de donner son feu vert, il a carr\u00e9ment encourag\u00e9 son joueur \u00e0 faire le bon choix, dans des [&hellip;]\" \/>\n<meta property=\"og:url\" content=\"https:\/\/psgfans.fr\/?p=775\" \/>\n<meta property=\"og:site_name\" content=\"PSG FANS\" \/>\n<meta property=\"article:published_time\" content=\"2014-04-08T12:39:00+00:00\" \/>\n<meta property=\"og:image\" content=\"https:\/\/blogger.googleusercontent.com\/img\/b\/R29vZ2xl\/AVvXsEhXgTyU9iRrOlenyeo33RuRGlsfZLa9_i4LlJ5J_u6MDGSeaH63BI74i26_d93q08rKSkFVflrgG3F8oPeJxU2tYntZR3-8CFhy8sNZEbCTzeE5vWMpzQDFgouzcgBVcrJjsQM5G4-sP0I\/s1600\/179648_139912469406696_100001638311797_247495_7719217_n.jpg\" \/>\n<meta name=\"author\" content=\"psgfans\" \/>\n<meta name=\"twitter:card\" content=\"summary_large_image\" \/>\n<meta name=\"twitter:label1\" content=\"\u00c9crit par\" \/>\n\t<meta name=\"twitter:data1\" content=\"psgfans\" \/>\n\t<meta name=\"twitter:label2\" content=\"Dur\u00e9e de lecture estim\u00e9e\" \/>\n\t<meta name=\"twitter:data2\" content=\"1 minute\" \/>\n<script type=\"application\/ld+json\" class=\"yoast-schema-graph\">{\"@context\":\"https:\\\/\\\/schema.org\",\"@graph\":[{\"@type\":\"Article\",\"@id\":\"https:\\\/\\\/psgfans.fr\\\/?p=775#article\",\"isPartOf\":{\"@id\":\"https:\\\/\\\/psgfans.fr\\\/?p=775\"},\"author\":{\"name\":\"psgfans\",\"@id\":\"https:\\\/\\\/psgfans.fr\\\/#\\\/schema\\\/person\\\/be2237e7a0237af2f29cb344b3c55e6c\"},\"headline\":\"Pour le s\u00e9lectionneur belge, Hazard doit aller au PSG !\",\"datePublished\":\"2014-04-08T12:39:00+00:00\",\"mainEntityOfPage\":{\"@id\":\"https:\\\/\\\/psgfans.fr\\\/?p=775\"},\"wordCount\":183,\"commentCount\":0,\"image\":{\"@id\":\"https:\\\/\\\/psgfans.fr\\\/?p=775#primaryimage\"},\"thumbnailUrl\":\"https:\\\/\\\/blogger.googleusercontent.com\\\/img\\\/b\\\/R29vZ2xl\\\/AVvXsEhXgTyU9iRrOlenyeo33RuRGlsfZLa9_i4LlJ5J_u6MDGSeaH63BI74i26_d93q08rKSkFVflrgG3F8oPeJxU2tYntZR3-8CFhy8sNZEbCTzeE5vWMpzQDFgouzcgBVcrJjsQM5G4-sP0I\\\/s1600\\\/179648_139912469406696_100001638311797_247495_7719217_n.jpg\",\"articleSection\":[\"News\"],\"inLanguage\":\"fr-FR\",\"potentialAction\":[{\"@type\":\"CommentAction\",\"name\":\"Comment\",\"target\":[\"https:\\\/\\\/psgfans.fr\\\/?p=775#respond\"]}]},{\"@type\":\"WebPage\",\"@id\":\"https:\\\/\\\/psgfans.fr\\\/?p=775\",\"url\":\"https:\\\/\\\/psgfans.fr\\\/?p=775\",\"name\":\"Pour le s\u00e9lectionneur belge, Hazard doit aller au PSG ! - PSG FANS\",\"isPartOf\":{\"@id\":\"https:\\\/\\\/psgfans.fr\\\/#website\"},\"primaryImageOfPage\":{\"@id\":\"https:\\\/\\\/psgfans.fr\\\/?p=775#primaryimage\"},\"image\":{\"@id\":\"https:\\\/\\\/psgfans.fr\\\/?p=775#primaryimage\"},\"thumbnailUrl\":\"https:\\\/\\\/blogger.googleusercontent.com\\\/img\\\/b\\\/R29vZ2xl\\\/AVvXsEhXgTyU9iRrOlenyeo33RuRGlsfZLa9_i4LlJ5J_u6MDGSeaH63BI74i26_d93q08rKSkFVflrgG3F8oPeJxU2tYntZR3-8CFhy8sNZEbCTzeE5vWMpzQDFgouzcgBVcrJjsQM5G4-sP0I\\\/s1600\\\/179648_139912469406696_100001638311797_247495_7719217_n.jpg\",\"datePublished\":\"2014-04-08T12:39:00+00:00\",\"author\":{\"@id\":\"https:\\\/\\\/psgfans.fr\\\/#\\\/schema\\\/person\\\/be2237e7a0237af2f29cb344b3c55e6c\"},\"breadcrumb\":{\"@id\":\"https:\\\/\\\/psgfans.fr\\\/?p=775#breadcrumb\"},\"inLanguage\":\"fr-FR\",\"potentialAction\":[{\"@type\":\"ReadAction\",\"target\":[\"https:\\\/\\\/psgfans.fr\\\/?p=775\"]}]},{\"@type\":\"ImageObject\",\"inLanguage\":\"fr-FR\",\"@id\":\"https:\\\/\\\/psgfans.fr\\\/?p=775#primaryimage\",\"url\":\"https:\\\/\\\/blogger.googleusercontent.com\\\/img\\\/b\\\/R29vZ2xl\\\/AVvXsEhXgTyU9iRrOlenyeo33RuRGlsfZLa9_i4LlJ5J_u6MDGSeaH63BI74i26_d93q08rKSkFVflrgG3F8oPeJxU2tYntZR3-8CFhy8sNZEbCTzeE5vWMpzQDFgouzcgBVcrJjsQM5G4-sP0I\\\/s1600\\\/179648_139912469406696_100001638311797_247495_7719217_n.jpg\",\"contentUrl\":\"https:\\\/\\\/blogger.googleusercontent.com\\\/img\\\/b\\\/R29vZ2xl\\\/AVvXsEhXgTyU9iRrOlenyeo33RuRGlsfZLa9_i4LlJ5J_u6MDGSeaH63BI74i26_d93q08rKSkFVflrgG3F8oPeJxU2tYntZR3-8CFhy8sNZEbCTzeE5vWMpzQDFgouzcgBVcrJjsQM5G4-sP0I\\\/s1600\\\/179648_139912469406696_100001638311797_247495_7719217_n.jpg\"},{\"@type\":\"BreadcrumbList\",\"@id\":\"https:\\\/\\\/psgfans.fr\\\/?p=775#breadcrumb\",\"itemListElement\":[{\"@type\":\"ListItem\",\"position\":1,\"name\":\"Accueil\",\"item\":\"https:\\\/\\\/psgfans.fr\\\/\"},{\"@type\":\"ListItem\",\"position\":2,\"name\":\"Pour le s\u00e9lectionneur belge, Hazard doit aller au PSG !\"}]},{\"@type\":\"WebSite\",\"@id\":\"https:\\\/\\\/psgfans.fr\\\/#website\",\"url\":\"https:\\\/\\\/psgfans.fr\\\/\",\"name\":\"PSG FANS\",\"description\":\"Unit\u00e9, Passion, Victoire : Au C\u0153ur du Paris Saint-Germain!\",\"potentialAction\":[{\"@type\":\"SearchAction\",\"target\":{\"@type\":\"EntryPoint\",\"urlTemplate\":\"https:\\\/\\\/psgfans.fr\\\/?s={search_term_string}\"},\"query-input\":{\"@type\":\"PropertyValueSpecification\",\"valueRequired\":true,\"valueName\":\"search_term_string\"}}],\"inLanguage\":\"fr-FR\"},{\"@type\":\"Person\",\"@id\":\"https:\\\/\\\/psgfans.fr\\\/#\\\/schema\\\/person\\\/be2237e7a0237af2f29cb344b3c55e6c\",\"name\":\"psgfans\",\"image\":{\"@type\":\"ImageObject\",\"inLanguage\":\"fr-FR\",\"@id\":\"https:\\\/\\\/secure.gravatar.com\\\/avatar\\\/?s=96&d=mm&r=g\",\"url\":\"https:\\\/\\\/secure.gravatar.com\\\/avatar\\\/?s=96&d=mm&r=g\",\"contentUrl\":\"https:\\\/\\\/secure.gravatar.com\\\/avatar\\\/?s=96&d=mm&r=g\",\"caption\":\"psgfans\"},\"url\":\"https:\\\/\\\/psgfans.fr\\\/?author=2\"}]}<\/script>\n<!-- \/ Yoast SEO plugin. -->","yoast_head_json":{"title":"Pour le s\u00e9lectionneur belge, Hazard doit aller au PSG ! - PSG FANS","robots":{"index":"index","follow":"follow","max-snippet":"max-snippet:-1","max-image-preview":"max-image-preview:large","max-video-preview":"max-video-preview:-1"},"canonical":"https:\/\/psgfans.fr\/?p=775","og_locale":"fr_FR","og_type":"article","og_title":"Pour le s\u00e9lectionneur belge, Hazard doit aller au PSG ! - PSG FANS","og_description":"Marc Wilmots n&rsquo;a s\u00fbrement pas re\u00e7u de coup de fil de Nasser, mais le patron du PSG pourra remercier le s\u00e9lectionneur belge si jamais Hazard rejoint bien la capitale cet \u00e9t\u00e9. L&rsquo;ancien joueur ne s&rsquo;est pas content\u00e9 de donner son feu vert, il a carr\u00e9ment encourag\u00e9 son joueur \u00e0 faire le bon choix, dans des [&hellip;]","og_url":"https:\/\/psgfans.fr\/?p=775","og_site_name":"PSG FANS","article_published_time":"2014-04-08T12:39:00+00:00","og_image":[{"url":"https:\/\/blogger.googleusercontent.com\/img\/b\/R29vZ2xl\/AVvXsEhXgTyU9iRrOlenyeo33RuRGlsfZLa9_i4LlJ5J_u6MDGSeaH63BI74i26_d93q08rKSkFVflrgG3F8oPeJxU2tYntZR3-8CFhy8sNZEbCTzeE5vWMpzQDFgouzcgBVcrJjsQM5G4-sP0I\/s1600\/179648_139912469406696_100001638311797_247495_7719217_n.jpg","type":"","width":"","height":""}],"author":"psgfans","twitter_card":"summary_large_image","twitter_misc":{"\u00c9crit par":"psgfans","Dur\u00e9e de lecture estim\u00e9e":"1 minute"},"schema":{"@context":"https:\/\/schema.org","@graph":[{"@type":"Article","@id":"https:\/\/psgfans.fr\/?p=775#article","isPartOf":{"@id":"https:\/\/psgfans.fr\/?p=775"},"author":{"name":"psgfans","@id":"https:\/\/psgfans.fr\/#\/schema\/person\/be2237e7a0237af2f29cb344b3c55e6c"},"headline":"Pour le s\u00e9lectionneur belge, Hazard doit aller au PSG !","datePublished":"2014-04-08T12:39:00+00:00","mainEntityOfPage":{"@id":"https:\/\/psgfans.fr\/?p=775"},"wordCount":183,"commentCount":0,"image":{"@id":"https:\/\/psgfans.fr\/?p=775#primaryimage"},"thumbnailUrl":"https:\/\/blogger.googleusercontent.com\/img\/b\/R29vZ2xl\/AVvXsEhXgTyU9iRrOlenyeo33RuRGlsfZLa9_i4LlJ5J_u6MDGSeaH63BI74i26_d93q08rKSkFVflrgG3F8oPeJxU2tYntZR3-8CFhy8sNZEbCTzeE5vWMpzQDFgouzcgBVcrJjsQM5G4-sP0I\/s1600\/179648_139912469406696_100001638311797_247495_7719217_n.jpg","articleSection":["News"],"inLanguage":"fr-FR","potentialAction":[{"@type":"CommentAction","name":"Comment","target":["https:\/\/psgfans.fr\/?p=775#respond"]}]},{"@type":"WebPage","@id":"https:\/\/psgfans.fr\/?p=775","url":"https:\/\/psgfans.fr\/?p=775","name":"Pour le s\u00e9lectionneur belge, Hazard doit aller au PSG ! - PSG FANS","isPartOf":{"@id":"https:\/\/psgfans.fr\/#website"},"primaryImageOfPage":{"@id":"https:\/\/psgfans.fr\/?p=775#primaryimage"},"image":{"@id":"https:\/\/psgfans.fr\/?p=775#primaryimage"},"thumbnailUrl":"https:\/\/blogger.googleusercontent.com\/img\/b\/R29vZ2xl\/AVvXsEhXgTyU9iRrOlenyeo33RuRGlsfZLa9_i4LlJ5J_u6MDGSeaH63BI74i26_d93q08rKSkFVflrgG3F8oPeJxU2tYntZR3-8CFhy8sNZEbCTzeE5vWMpzQDFgouzcgBVcrJjsQM5G4-sP0I\/s1600\/179648_139912469406696_100001638311797_247495_7719217_n.jpg","datePublished":"2014-04-08T12:39:00+00:00","author":{"@id":"https:\/\/psgfans.fr\/#\/schema\/person\/be2237e7a0237af2f29cb344b3c55e6c"},"breadcrumb":{"@id":"https:\/\/psgfans.fr\/?p=775#breadcrumb"},"inLanguage":"fr-FR","potentialAction":[{"@type":"ReadAction","target":["https:\/\/psgfans.fr\/?p=775"]}]},{"@type":"ImageObject","inLanguage":"fr-FR","@id":"https:\/\/psgfans.fr\/?p=775#primaryimage","url":"https:\/\/blogger.googleusercontent.com\/img\/b\/R29vZ2xl\/AVvXsEhXgTyU9iRrOlenyeo33RuRGlsfZLa9_i4LlJ5J_u6MDGSeaH63BI74i26_d93q08rKSkFVflrgG3F8oPeJxU2tYntZR3-8CFhy8sNZEbCTzeE5vWMpzQDFgouzcgBVcrJjsQM5G4-sP0I\/s1600\/179648_139912469406696_100001638311797_247495_7719217_n.jpg","contentUrl":"https:\/\/blogger.googleusercontent.com\/img\/b\/R29vZ2xl\/AVvXsEhXgTyU9iRrOlenyeo33RuRGlsfZLa9_i4LlJ5J_u6MDGSeaH63BI74i26_d93q08rKSkFVflrgG3F8oPeJxU2tYntZR3-8CFhy8sNZEbCTzeE5vWMpzQDFgouzcgBVcrJjsQM5G4-sP0I\/s1600\/179648_139912469406696_100001638311797_247495_7719217_n.jpg"},{"@type":"BreadcrumbList","@id":"https:\/\/psgfans.fr\/?p=775#breadcrumb","itemListElement":[{"@type":"ListItem","position":1,"name":"Accueil","item":"https:\/\/psgfans.fr\/"},{"@type":"ListItem","position":2,"name":"Pour le s\u00e9lectionneur belge, Hazard doit aller au PSG !"}]},{"@type":"WebSite","@id":"https:\/\/psgfans.fr\/#website","url":"https:\/\/psgfans.fr\/","name":"PSG FANS","description":"Unit\u00e9, Passion, Victoire : Au C\u0153ur du Paris Saint-Germain!","potentialAction":[{"@type":"SearchAction","target":{"@type":"EntryPoint","urlTemplate":"https:\/\/psgfans.fr\/?s={search_term_string}"},"query-input":{"@type":"PropertyValueSpecification","valueRequired":true,"valueName":"search_term_string"}}],"inLanguage":"fr-FR"},{"@type":"Person","@id":"https:\/\/psgfans.fr\/#\/schema\/person\/be2237e7a0237af2f29cb344b3c55e6c","name":"psgfans","image":{"@type":"ImageObject","inLanguage":"fr-FR","@id":"https:\/\/secure.gravatar.com\/avatar\/?s=96&d=mm&r=g","url":"https:\/\/secure.gravatar.com\/avatar\/?s=96&d=mm&r=g","contentUrl":"https:\/\/secure.gravatar.com\/avatar\/?s=96&d=mm&r=g","caption":"psgfans"},"url":"https:\/\/psgfans.fr\/?author=2"}]}},"_links":{"self":[{"href":"https:\/\/psgfans.fr\/index.php?rest_route=\/wp\/v2\/posts\/775","targetHints":{"allow":["GET"]}}],"collection":[{"href":"https:\/\/psgfans.fr\/index.php?rest_route=\/wp\/v2\/posts"}],"about":[{"href":"https:\/\/psgfans.fr\/index.php?rest_route=\/wp\/v2\/types\/post"}],"author":[{"embeddable":true,"href":"https:\/\/psgfans.fr\/index.php?rest_route=\/wp\/v2\/users\/2"}],"replies":[{"embeddable":true,"href":"https:\/\/psgfans.fr\/index.php?rest_route=%2Fwp%2Fv2%2Fcomments&post=775"}],"version-history":[{"count":0,"href":"https:\/\/psgfans.fr\/index.php?rest_route=\/wp\/v2\/posts\/775\/revisions"}],"wp:attachment":[{"href":"https:\/\/psgfans.fr\/index.php?rest_route=%2Fwp%2Fv2%2Fmedia&parent=775"}],"wp:term":[{"taxonomy":"category","embeddable":true,"href":"https:\/\/psgfans.fr\/index.php?rest_route=%2Fwp%2Fv2%2Fcategories&post=775"},{"taxonomy":"post_tag","embeddable":true,"href":"https:\/\/psgfans.fr\/index.php?rest_route=%2Fwp%2Fv2%2Ftags&post=775"}],"curies":[{"name":"wp","href":"https:\/\/api.w.org\/{rel}","templated":true}]}}