{"id":774,"date":"2014-04-08T13:46:00","date_gmt":"2014-04-08T12:46:00","guid":{"rendered":"https:\/\/psgfans.fr\/?p=774"},"modified":"2014-04-08T13:46:00","modified_gmt":"2014-04-08T12:46:00","slug":"chelsea-psg-matuidi-ce-serait-exceptionnel","status":"publish","type":"post","link":"https:\/\/psgfans.fr\/?p=774","title":{"rendered":"Chelsea-PSG. Matuidi: \u00abCe serait exceptionnel\u00bb"},"content":{"rendered":"<div style=\"clear: both; text-align: center;\"><a href=\"https:\/\/blogger.googleusercontent.com\/img\/b\/R29vZ2xl\/AVvXsEiV13504y-Mu0ThNwbNA_1rc0tUiyKX9OHAb-QXCZcHfckoZy37v36Mt6Vv0sCaufXZE8VmVLu3hsS2EWas5048f00bSgSlFawWD_FSl97HnqBTCM3oZEXYHXjTVrTs3SOd89AVhyphenhyphen-gEC0\/s1600\/179648_139912469406696_100001638311797_247495_7719217_n.jpg\" style=\"margin-left: 1em; margin-right: 1em;\"><img loading=\"lazy\" decoding=\"async\" border=\"0\" src=\"https:\/\/blogger.googleusercontent.com\/img\/b\/R29vZ2xl\/AVvXsEiV13504y-Mu0ThNwbNA_1rc0tUiyKX9OHAb-QXCZcHfckoZy37v36Mt6Vv0sCaufXZE8VmVLu3hsS2EWas5048f00bSgSlFawWD_FSl97HnqBTCM3oZEXYHXjTVrTs3SOd89AVhyphenhyphen-gEC0\/s1600\/179648_139912469406696_100001638311797_247495_7719217_n.jpg\" height=\"265\" width=\"400\" \/><\/a><\/div>\n<p>Blaise Matuidi, le milieu parisien, sous la menace d&rsquo;une suspension en cas de carton jaune, s&rsquo;attend \u00e0 un \u00e9norme combat mais se dit pr\u00eat \u00e0 l&rsquo;affronter. Il \u00e9tait cet apr\u00e8s-midi en conf\u00e9rence de presse \u00e0 Londres \u00e0 le veille du quart de finale retour de Ligue des champions, Chelsea-PSG.<br \/>A quel genre de match vous attendez-vous ?<br \/>Blaise Matuidi. Chelsea est une grande \u00e9quipe.<\/p>\n<p>Elle poss\u00e8de d&rsquo;\u00e9normes qualit\u00e9s. Elle ne perd pas souvent. Elle va nous presser d&rsquo;entr\u00e9e. Il faut rester concentr\u00e9s sur notre jeu, notre philosophie. Elle va venir nous chercher. On a aussi la qualit\u00e9 pour bien ressortir le ballon et appliquer notre jeu. Il faut s&rsquo;inspirer de notre seconde p\u00e9riode au match aller o\u00f9 on avait retrouv\u00e9 nos qualit\u00e9s.<\/p>\n<p><b>Que repr\u00e9senterait une demi-finale ?<\/b><br \/>Ce serait exceptionnel ! Tout le peuple fran\u00e7ais attend \u00e7a. Cela fait longtemps que le PSG n&rsquo;a pas atteint les demi-finales de la Ligue des champions. Ce serait grand. Il faut jouer le coup \u00e0 fond en gardant notre philosophie de jeu. Nous, on est concentr\u00e9s et on a \u00e0 coeur de faire un grand match.<br \/>Que change la pr\u00e9sence de Samuel Eto&rsquo;o, annonc\u00e9 comme titulaire demain ?<br \/>C&rsquo;est un grand joueur mais on reste concentr\u00e9s sur nous et on veut \u00eatre contrari\u00e9s par le moins de choses possible.<\/p>\n<p><b>Comment vivre sans Ibrahimovic ?<\/b><br \/>C&rsquo;est le meilleur buteur et passeur du club. C&rsquo;est en plus un pion essentiel. On a des joueurs pour le remplacer, comme Edi (Cavani), un joueur de classe mondiale. Ibra a \u00e0 coeur de jouer une demi-finale. On veut lui rendre ce qu&rsquo;il nous a donn\u00e9s.<br \/>En cas de carton jaune, vous manqueriez une \u00e9ventuelle demi-finale. Comment jouer avec cette \u00e9p\u00e9e de Damocl\u00e8s?<br \/>Il faut faire abstraction de \u00e7a. C&rsquo;est un grand match \u00e0 jouer. On doit sortir un grand match pour se qualifier. Moi, je veux aider l&rsquo;\u00e9quipe \u00e0 le r\u00e9aliser.<\/p>\n<p>leparisien.fr<\/p>\n","protected":false},"excerpt":{"rendered":"<p>Blaise Matuidi, le milieu parisien, sous la menace d&rsquo;une suspension en cas de carton jaune, s&rsquo;attend \u00e0 un \u00e9norme combat mais se dit pr\u00eat \u00e0 l&rsquo;affronter. Il \u00e9tait cet apr\u00e8s-midi en conf\u00e9rence de presse \u00e0 Londres \u00e0 le veille du quart de finale retour de Ligue des champions, Chelsea-PSG.A quel genre de match vous attendez-vous [&hellip;]<\/p>\n","protected":false},"author":2,"featured_media":0,"comment_status":"open","ping_status":"open","sticky":false,"template":"","format":"standard","meta":{"footnotes":""},"categories":[3],"tags":[],"class_list":{"0":"post-774","1":"post","2":"type-post","3":"status-publish","4":"format-standard","6":"category-news"},"yoast_head":"<!-- This site is optimized with the Yoast SEO plugin v27.4 - https:\/\/yoast.com\/product\/yoast-seo-wordpress\/ -->\n<title>Chelsea-PSG. Matuidi: \u00abCe serait exceptionnel\u00bb - PSG FANS<\/title>\n<meta name=\"robots\" content=\"index, follow, max-snippet:-1, max-image-preview:large, max-video-preview:-1\" \/>\n<link rel=\"canonical\" href=\"https:\/\/psgfans.fr\/?p=774\" \/>\n<meta property=\"og:locale\" content=\"fr_FR\" \/>\n<meta property=\"og:type\" content=\"article\" \/>\n<meta property=\"og:title\" content=\"Chelsea-PSG. Matuidi: \u00abCe serait exceptionnel\u00bb - PSG FANS\" \/>\n<meta property=\"og:description\" content=\"Blaise Matuidi, le milieu parisien, sous la menace d&rsquo;une suspension en cas de carton jaune, s&rsquo;attend \u00e0 un \u00e9norme combat mais se dit pr\u00eat \u00e0 l&rsquo;affronter. Il \u00e9tait cet apr\u00e8s-midi en conf\u00e9rence de presse \u00e0 Londres \u00e0 le veille du quart de finale retour de Ligue des champions, Chelsea-PSG.A quel genre de match vous attendez-vous [&hellip;]\" \/>\n<meta property=\"og:url\" content=\"https:\/\/psgfans.fr\/?p=774\" \/>\n<meta property=\"og:site_name\" content=\"PSG FANS\" \/>\n<meta property=\"article:published_time\" content=\"2014-04-08T12:46:00+00:00\" \/>\n<meta property=\"og:image\" content=\"https:\/\/blogger.googleusercontent.com\/img\/b\/R29vZ2xl\/AVvXsEiV13504y-Mu0ThNwbNA_1rc0tUiyKX9OHAb-QXCZcHfckoZy37v36Mt6Vv0sCaufXZE8VmVLu3hsS2EWas5048f00bSgSlFawWD_FSl97HnqBTCM3oZEXYHXjTVrTs3SOd89AVhyphenhyphen-gEC0\/s1600\/179648_139912469406696_100001638311797_247495_7719217_n.jpg\" \/>\n<meta name=\"author\" content=\"psgfans\" \/>\n<meta name=\"twitter:card\" content=\"summary_large_image\" \/>\n<meta name=\"twitter:label1\" content=\"\u00c9crit par\" \/>\n\t<meta name=\"twitter:data1\" content=\"psgfans\" \/>\n\t<meta name=\"twitter:label2\" content=\"Dur\u00e9e de lecture estim\u00e9e\" \/>\n\t<meta name=\"twitter:data2\" content=\"2 minutes\" \/>\n<script type=\"application\/ld+json\" class=\"yoast-schema-graph\">{\"@context\":\"https:\\\/\\\/schema.org\",\"@graph\":[{\"@type\":\"Article\",\"@id\":\"https:\\\/\\\/psgfans.fr\\\/?p=774#article\",\"isPartOf\":{\"@id\":\"https:\\\/\\\/psgfans.fr\\\/?p=774\"},\"author\":{\"name\":\"psgfans\",\"@id\":\"https:\\\/\\\/psgfans.fr\\\/#\\\/schema\\\/person\\\/be2237e7a0237af2f29cb344b3c55e6c\"},\"headline\":\"Chelsea-PSG. Matuidi: \u00abCe serait exceptionnel\u00bb\",\"datePublished\":\"2014-04-08T12:46:00+00:00\",\"mainEntityOfPage\":{\"@id\":\"https:\\\/\\\/psgfans.fr\\\/?p=774\"},\"wordCount\":339,\"commentCount\":0,\"image\":{\"@id\":\"https:\\\/\\\/psgfans.fr\\\/?p=774#primaryimage\"},\"thumbnailUrl\":\"https:\\\/\\\/blogger.googleusercontent.com\\\/img\\\/b\\\/R29vZ2xl\\\/AVvXsEiV13504y-Mu0ThNwbNA_1rc0tUiyKX9OHAb-QXCZcHfckoZy37v36Mt6Vv0sCaufXZE8VmVLu3hsS2EWas5048f00bSgSlFawWD_FSl97HnqBTCM3oZEXYHXjTVrTs3SOd89AVhyphenhyphen-gEC0\\\/s1600\\\/179648_139912469406696_100001638311797_247495_7719217_n.jpg\",\"articleSection\":[\"News\"],\"inLanguage\":\"fr-FR\",\"potentialAction\":[{\"@type\":\"CommentAction\",\"name\":\"Comment\",\"target\":[\"https:\\\/\\\/psgfans.fr\\\/?p=774#respond\"]}]},{\"@type\":\"WebPage\",\"@id\":\"https:\\\/\\\/psgfans.fr\\\/?p=774\",\"url\":\"https:\\\/\\\/psgfans.fr\\\/?p=774\",\"name\":\"Chelsea-PSG. Matuidi: \u00abCe serait exceptionnel\u00bb - PSG FANS\",\"isPartOf\":{\"@id\":\"https:\\\/\\\/psgfans.fr\\\/#website\"},\"primaryImageOfPage\":{\"@id\":\"https:\\\/\\\/psgfans.fr\\\/?p=774#primaryimage\"},\"image\":{\"@id\":\"https:\\\/\\\/psgfans.fr\\\/?p=774#primaryimage\"},\"thumbnailUrl\":\"https:\\\/\\\/blogger.googleusercontent.com\\\/img\\\/b\\\/R29vZ2xl\\\/AVvXsEiV13504y-Mu0ThNwbNA_1rc0tUiyKX9OHAb-QXCZcHfckoZy37v36Mt6Vv0sCaufXZE8VmVLu3hsS2EWas5048f00bSgSlFawWD_FSl97HnqBTCM3oZEXYHXjTVrTs3SOd89AVhyphenhyphen-gEC0\\\/s1600\\\/179648_139912469406696_100001638311797_247495_7719217_n.jpg\",\"datePublished\":\"2014-04-08T12:46:00+00:00\",\"author\":{\"@id\":\"https:\\\/\\\/psgfans.fr\\\/#\\\/schema\\\/person\\\/be2237e7a0237af2f29cb344b3c55e6c\"},\"breadcrumb\":{\"@id\":\"https:\\\/\\\/psgfans.fr\\\/?p=774#breadcrumb\"},\"inLanguage\":\"fr-FR\",\"potentialAction\":[{\"@type\":\"ReadAction\",\"target\":[\"https:\\\/\\\/psgfans.fr\\\/?p=774\"]}]},{\"@type\":\"ImageObject\",\"inLanguage\":\"fr-FR\",\"@id\":\"https:\\\/\\\/psgfans.fr\\\/?p=774#primaryimage\",\"url\":\"https:\\\/\\\/blogger.googleusercontent.com\\\/img\\\/b\\\/R29vZ2xl\\\/AVvXsEiV13504y-Mu0ThNwbNA_1rc0tUiyKX9OHAb-QXCZcHfckoZy37v36Mt6Vv0sCaufXZE8VmVLu3hsS2EWas5048f00bSgSlFawWD_FSl97HnqBTCM3oZEXYHXjTVrTs3SOd89AVhyphenhyphen-gEC0\\\/s1600\\\/179648_139912469406696_100001638311797_247495_7719217_n.jpg\",\"contentUrl\":\"https:\\\/\\\/blogger.googleusercontent.com\\\/img\\\/b\\\/R29vZ2xl\\\/AVvXsEiV13504y-Mu0ThNwbNA_1rc0tUiyKX9OHAb-QXCZcHfckoZy37v36Mt6Vv0sCaufXZE8VmVLu3hsS2EWas5048f00bSgSlFawWD_FSl97HnqBTCM3oZEXYHXjTVrTs3SOd89AVhyphenhyphen-gEC0\\\/s1600\\\/179648_139912469406696_100001638311797_247495_7719217_n.jpg\"},{\"@type\":\"BreadcrumbList\",\"@id\":\"https:\\\/\\\/psgfans.fr\\\/?p=774#breadcrumb\",\"itemListElement\":[{\"@type\":\"ListItem\",\"position\":1,\"name\":\"Accueil\",\"item\":\"https:\\\/\\\/psgfans.fr\\\/\"},{\"@type\":\"ListItem\",\"position\":2,\"name\":\"Chelsea-PSG. Matuidi: \u00abCe serait exceptionnel\u00bb\"}]},{\"@type\":\"WebSite\",\"@id\":\"https:\\\/\\\/psgfans.fr\\\/#website\",\"url\":\"https:\\\/\\\/psgfans.fr\\\/\",\"name\":\"PSG FANS\",\"description\":\"Unit\u00e9, Passion, Victoire : Au C\u0153ur du Paris Saint-Germain!\",\"potentialAction\":[{\"@type\":\"SearchAction\",\"target\":{\"@type\":\"EntryPoint\",\"urlTemplate\":\"https:\\\/\\\/psgfans.fr\\\/?s={search_term_string}\"},\"query-input\":{\"@type\":\"PropertyValueSpecification\",\"valueRequired\":true,\"valueName\":\"search_term_string\"}}],\"inLanguage\":\"fr-FR\"},{\"@type\":\"Person\",\"@id\":\"https:\\\/\\\/psgfans.fr\\\/#\\\/schema\\\/person\\\/be2237e7a0237af2f29cb344b3c55e6c\",\"name\":\"psgfans\",\"image\":{\"@type\":\"ImageObject\",\"inLanguage\":\"fr-FR\",\"@id\":\"https:\\\/\\\/secure.gravatar.com\\\/avatar\\\/?s=96&d=mm&r=g\",\"url\":\"https:\\\/\\\/secure.gravatar.com\\\/avatar\\\/?s=96&d=mm&r=g\",\"contentUrl\":\"https:\\\/\\\/secure.gravatar.com\\\/avatar\\\/?s=96&d=mm&r=g\",\"caption\":\"psgfans\"},\"url\":\"https:\\\/\\\/psgfans.fr\\\/?author=2\"}]}<\/script>\n<!-- \/ Yoast SEO plugin. -->","yoast_head_json":{"title":"Chelsea-PSG. Matuidi: \u00abCe serait exceptionnel\u00bb - PSG FANS","robots":{"index":"index","follow":"follow","max-snippet":"max-snippet:-1","max-image-preview":"max-image-preview:large","max-video-preview":"max-video-preview:-1"},"canonical":"https:\/\/psgfans.fr\/?p=774","og_locale":"fr_FR","og_type":"article","og_title":"Chelsea-PSG. Matuidi: \u00abCe serait exceptionnel\u00bb - PSG FANS","og_description":"Blaise Matuidi, le milieu parisien, sous la menace d&rsquo;une suspension en cas de carton jaune, s&rsquo;attend \u00e0 un \u00e9norme combat mais se dit pr\u00eat \u00e0 l&rsquo;affronter. Il \u00e9tait cet apr\u00e8s-midi en conf\u00e9rence de presse \u00e0 Londres \u00e0 le veille du quart de finale retour de Ligue des champions, Chelsea-PSG.A quel genre de match vous attendez-vous [&hellip;]","og_url":"https:\/\/psgfans.fr\/?p=774","og_site_name":"PSG FANS","article_published_time":"2014-04-08T12:46:00+00:00","og_image":[{"url":"https:\/\/blogger.googleusercontent.com\/img\/b\/R29vZ2xl\/AVvXsEiV13504y-Mu0ThNwbNA_1rc0tUiyKX9OHAb-QXCZcHfckoZy37v36Mt6Vv0sCaufXZE8VmVLu3hsS2EWas5048f00bSgSlFawWD_FSl97HnqBTCM3oZEXYHXjTVrTs3SOd89AVhyphenhyphen-gEC0\/s1600\/179648_139912469406696_100001638311797_247495_7719217_n.jpg","type":"","width":"","height":""}],"author":"psgfans","twitter_card":"summary_large_image","twitter_misc":{"\u00c9crit par":"psgfans","Dur\u00e9e de lecture estim\u00e9e":"2 minutes"},"schema":{"@context":"https:\/\/schema.org","@graph":[{"@type":"Article","@id":"https:\/\/psgfans.fr\/?p=774#article","isPartOf":{"@id":"https:\/\/psgfans.fr\/?p=774"},"author":{"name":"psgfans","@id":"https:\/\/psgfans.fr\/#\/schema\/person\/be2237e7a0237af2f29cb344b3c55e6c"},"headline":"Chelsea-PSG. Matuidi: \u00abCe serait exceptionnel\u00bb","datePublished":"2014-04-08T12:46:00+00:00","mainEntityOfPage":{"@id":"https:\/\/psgfans.fr\/?p=774"},"wordCount":339,"commentCount":0,"image":{"@id":"https:\/\/psgfans.fr\/?p=774#primaryimage"},"thumbnailUrl":"https:\/\/blogger.googleusercontent.com\/img\/b\/R29vZ2xl\/AVvXsEiV13504y-Mu0ThNwbNA_1rc0tUiyKX9OHAb-QXCZcHfckoZy37v36Mt6Vv0sCaufXZE8VmVLu3hsS2EWas5048f00bSgSlFawWD_FSl97HnqBTCM3oZEXYHXjTVrTs3SOd89AVhyphenhyphen-gEC0\/s1600\/179648_139912469406696_100001638311797_247495_7719217_n.jpg","articleSection":["News"],"inLanguage":"fr-FR","potentialAction":[{"@type":"CommentAction","name":"Comment","target":["https:\/\/psgfans.fr\/?p=774#respond"]}]},{"@type":"WebPage","@id":"https:\/\/psgfans.fr\/?p=774","url":"https:\/\/psgfans.fr\/?p=774","name":"Chelsea-PSG. Matuidi: \u00abCe serait exceptionnel\u00bb - PSG FANS","isPartOf":{"@id":"https:\/\/psgfans.fr\/#website"},"primaryImageOfPage":{"@id":"https:\/\/psgfans.fr\/?p=774#primaryimage"},"image":{"@id":"https:\/\/psgfans.fr\/?p=774#primaryimage"},"thumbnailUrl":"https:\/\/blogger.googleusercontent.com\/img\/b\/R29vZ2xl\/AVvXsEiV13504y-Mu0ThNwbNA_1rc0tUiyKX9OHAb-QXCZcHfckoZy37v36Mt6Vv0sCaufXZE8VmVLu3hsS2EWas5048f00bSgSlFawWD_FSl97HnqBTCM3oZEXYHXjTVrTs3SOd89AVhyphenhyphen-gEC0\/s1600\/179648_139912469406696_100001638311797_247495_7719217_n.jpg","datePublished":"2014-04-08T12:46:00+00:00","author":{"@id":"https:\/\/psgfans.fr\/#\/schema\/person\/be2237e7a0237af2f29cb344b3c55e6c"},"breadcrumb":{"@id":"https:\/\/psgfans.fr\/?p=774#breadcrumb"},"inLanguage":"fr-FR","potentialAction":[{"@type":"ReadAction","target":["https:\/\/psgfans.fr\/?p=774"]}]},{"@type":"ImageObject","inLanguage":"fr-FR","@id":"https:\/\/psgfans.fr\/?p=774#primaryimage","url":"https:\/\/blogger.googleusercontent.com\/img\/b\/R29vZ2xl\/AVvXsEiV13504y-Mu0ThNwbNA_1rc0tUiyKX9OHAb-QXCZcHfckoZy37v36Mt6Vv0sCaufXZE8VmVLu3hsS2EWas5048f00bSgSlFawWD_FSl97HnqBTCM3oZEXYHXjTVrTs3SOd89AVhyphenhyphen-gEC0\/s1600\/179648_139912469406696_100001638311797_247495_7719217_n.jpg","contentUrl":"https:\/\/blogger.googleusercontent.com\/img\/b\/R29vZ2xl\/AVvXsEiV13504y-Mu0ThNwbNA_1rc0tUiyKX9OHAb-QXCZcHfckoZy37v36Mt6Vv0sCaufXZE8VmVLu3hsS2EWas5048f00bSgSlFawWD_FSl97HnqBTCM3oZEXYHXjTVrTs3SOd89AVhyphenhyphen-gEC0\/s1600\/179648_139912469406696_100001638311797_247495_7719217_n.jpg"},{"@type":"BreadcrumbList","@id":"https:\/\/psgfans.fr\/?p=774#breadcrumb","itemListElement":[{"@type":"ListItem","position":1,"name":"Accueil","item":"https:\/\/psgfans.fr\/"},{"@type":"ListItem","position":2,"name":"Chelsea-PSG. Matuidi: \u00abCe serait exceptionnel\u00bb"}]},{"@type":"WebSite","@id":"https:\/\/psgfans.fr\/#website","url":"https:\/\/psgfans.fr\/","name":"PSG FANS","description":"Unit\u00e9, Passion, Victoire : Au C\u0153ur du Paris Saint-Germain!","potentialAction":[{"@type":"SearchAction","target":{"@type":"EntryPoint","urlTemplate":"https:\/\/psgfans.fr\/?s={search_term_string}"},"query-input":{"@type":"PropertyValueSpecification","valueRequired":true,"valueName":"search_term_string"}}],"inLanguage":"fr-FR"},{"@type":"Person","@id":"https:\/\/psgfans.fr\/#\/schema\/person\/be2237e7a0237af2f29cb344b3c55e6c","name":"psgfans","image":{"@type":"ImageObject","inLanguage":"fr-FR","@id":"https:\/\/secure.gravatar.com\/avatar\/?s=96&d=mm&r=g","url":"https:\/\/secure.gravatar.com\/avatar\/?s=96&d=mm&r=g","contentUrl":"https:\/\/secure.gravatar.com\/avatar\/?s=96&d=mm&r=g","caption":"psgfans"},"url":"https:\/\/psgfans.fr\/?author=2"}]}},"_links":{"self":[{"href":"https:\/\/psgfans.fr\/index.php?rest_route=\/wp\/v2\/posts\/774","targetHints":{"allow":["GET"]}}],"collection":[{"href":"https:\/\/psgfans.fr\/index.php?rest_route=\/wp\/v2\/posts"}],"about":[{"href":"https:\/\/psgfans.fr\/index.php?rest_route=\/wp\/v2\/types\/post"}],"author":[{"embeddable":true,"href":"https:\/\/psgfans.fr\/index.php?rest_route=\/wp\/v2\/users\/2"}],"replies":[{"embeddable":true,"href":"https:\/\/psgfans.fr\/index.php?rest_route=%2Fwp%2Fv2%2Fcomments&post=774"}],"version-history":[{"count":0,"href":"https:\/\/psgfans.fr\/index.php?rest_route=\/wp\/v2\/posts\/774\/revisions"}],"wp:attachment":[{"href":"https:\/\/psgfans.fr\/index.php?rest_route=%2Fwp%2Fv2%2Fmedia&parent=774"}],"wp:term":[{"taxonomy":"category","embeddable":true,"href":"https:\/\/psgfans.fr\/index.php?rest_route=%2Fwp%2Fv2%2Fcategories&post=774"},{"taxonomy":"post_tag","embeddable":true,"href":"https:\/\/psgfans.fr\/index.php?rest_route=%2Fwp%2Fv2%2Ftags&post=774"}],"curies":[{"name":"wp","href":"https:\/\/api.w.org\/{rel}","templated":true}]}}