{"id":773,"date":"2014-04-08T13:54:00","date_gmt":"2014-04-08T12:54:00","guid":{"rendered":"https:\/\/psgfans.fr\/?p=773"},"modified":"2014-04-08T13:54:00","modified_gmt":"2014-04-08T12:54:00","slug":"chelsea-psg-mourinho-moi-jy-crois","status":"publish","type":"post","link":"https:\/\/psgfans.fr\/?p=773","title":{"rendered":"Chelsea-PSG. Mourinho: \u00abMoi, j&#39;y crois ! \u00bb"},"content":{"rendered":"<div style=\"clear: both; text-align: center;\"><a href=\"https:\/\/blogger.googleusercontent.com\/img\/b\/R29vZ2xl\/AVvXsEhuhhAzVwQeHhGllOB9yAS3z5JczvMSBIS3hXj6DVRnekFM9lpXeII-Ia3vCRJWySBd66t3znZfSZCjB1v2ovTmXFxKaMbo7eHmPf92SA8toUBFc4fLR2kZTMyuAStAFEPnO9w3xrXLGVU\/s1600\/1901220_10202746831744514_738931575_n.jpg\" style=\"margin-left: 1em; margin-right: 1em;\"><img loading=\"lazy\" decoding=\"async\" border=\"0\" src=\"https:\/\/blogger.googleusercontent.com\/img\/b\/R29vZ2xl\/AVvXsEhuhhAzVwQeHhGllOB9yAS3z5JczvMSBIS3hXj6DVRnekFM9lpXeII-Ia3vCRJWySBd66t3znZfSZCjB1v2ovTmXFxKaMbo7eHmPf92SA8toUBFc4fLR2kZTMyuAStAFEPnO9w3xrXLGVU\/s1600\/1901220_10202746831744514_738931575_n.jpg\" height=\"266\" width=\"400\" \/><\/a><\/div>\n<p><b>L&rsquo;entra\u00eeneur portugais affiche une confiance de tous les instants, \u00e0 la veille de d\u00e9fier le PSG et de tenter de remonter le score du match aller (3-1).<\/b><\/p>\n<p><b>Quelles sont les raisons de croire \u00e0 la qualification ?<\/b><br \/><b><br \/><\/b>JOSE MOURINHO. Les raisons ne sont pas importantes. Ce qui compte, c&rsquo;est d&rsquo;y croire. Moi, j&rsquo;y crois. Les joueurs aussi.<br \/><b>Eto&rsquo;o va-t-il jouer ?<\/b><br \/><b><br \/><\/b>Je ne sais pas s&rsquo;il est totalement apte.<br \/>Je ne pense pas qu&rsquo;il le soit. Mais l&rsquo;aligner demain, peut-\u00eatre.<\/p>\n<p><b>Vous sentez-vous dans la m\u00eame situation que face \u00e0 Dortmund avec le Real Madrid la saison derni\u00e8re quand vous aviez perdu le match aller 4-1 en Allemagne?<\/b><br \/>Ce 3-1 est un r\u00e9sultat n\u00e9gatif mais la situation est diff\u00e9rente quand m\u00eame. Au coup d&rsquo;envoi, j&rsquo;y crois. Au coup de sifflet final, on verra. Si le PSG est \u00e9limin\u00e9, il y aura beaucoup de d\u00e9ception chez lui. Nous, beaucoup s&rsquo;attendent \u00e0 nous voir sortis de la Ligue des champions. Il faut donc se r\u00e9jouir de cette situation. On a une chance d&rsquo;atteindre les demi-finales. On doit avoir le sourire.<\/p>\n<p><b>De quelles qualit\u00e9s avez-vous besoin pour gagner?<\/b><br \/>On doit gagner, point barre. La confiance, l&rsquo;ambition, c&rsquo;est tout ce qui fait qu&rsquo;on peut \u00e9voluer au plus haut niveau.<\/p>\n<p><b>Le manque d&rsquo;exp\u00e9rience du PSG est-il un handicap?<\/b><br \/>Ce n&rsquo;est pas le club qui joue, ce sont les joueurs. M\u00eame si c&rsquo;est un club jeune en Ligue des champions, Thiago Motta, Thiago Silva, Maxwell ont beaucoup d&rsquo;exp\u00e9rience. Ce n&rsquo;est pas un probl\u00e8me pour le PSG. Combien de gros matchs ont-ils disput\u00e9 dans leur carri\u00e8re ? Beaucoup.<br \/>L&rsquo;absence d&rsquo;Ibrahimovic change-t-elle la donne?<br \/>Je n&rsquo;avais pas Eto&rsquo;o au match aller, je ne sais pas si je l&rsquo;aurai au retour. Je n&rsquo;ai pas Ramires, suspendu. Je n&rsquo;ai pas Matic et Salah, qui ne peuvent pas jouer la Ligue des champions. Et on ne pleure pas! Je ne pense pas que cete absence soit un probl\u00e8me pour Paris.<\/p>\n<p><b>Que pensez-vous de la d\u00e9signation d&rsquo;un arbitre portugais ?&nbsp;<\/b><\/p>\n<p>Cela m&rsquo;a surpris mais c&rsquo;est le football europ\u00e9en. J&rsquo;ai jou\u00e9 un jour contre Liverpool manag\u00e9 par un espagnol (ndlr: Benitez) avec un arbitre espagnol et une autre fois contre City manag\u00e9 par un italien (Mancini) avec un arbitre italien.<\/p>\n<p>Leparisien.fr<\/p>\n","protected":false},"excerpt":{"rendered":"<p>L&rsquo;entra\u00eeneur portugais affiche une confiance de tous les instants, \u00e0 la veille de d\u00e9fier le PSG et de tenter de remonter le score du match aller (3-1). Quelles sont les raisons de croire \u00e0 la qualification ?JOSE MOURINHO. Les raisons ne sont pas importantes. Ce qui compte, c&rsquo;est d&rsquo;y croire. Moi, j&rsquo;y crois. Les joueurs [&hellip;]<\/p>\n","protected":false},"author":2,"featured_media":0,"comment_status":"open","ping_status":"open","sticky":false,"template":"","format":"standard","meta":{"footnotes":""},"categories":[3],"tags":[],"class_list":{"0":"post-773","1":"post","2":"type-post","3":"status-publish","4":"format-standard","6":"category-news"},"yoast_head":"<!-- This site is optimized with the Yoast SEO plugin v27.4 - https:\/\/yoast.com\/product\/yoast-seo-wordpress\/ -->\n<title>Chelsea-PSG. Mourinho: \u00abMoi, j&#039;y crois ! \u00bb - PSG FANS<\/title>\n<meta name=\"robots\" content=\"index, follow, max-snippet:-1, max-image-preview:large, max-video-preview:-1\" \/>\n<link rel=\"canonical\" href=\"https:\/\/psgfans.fr\/?p=773\" \/>\n<meta property=\"og:locale\" content=\"fr_FR\" \/>\n<meta property=\"og:type\" content=\"article\" \/>\n<meta property=\"og:title\" content=\"Chelsea-PSG. Mourinho: \u00abMoi, j&#039;y crois ! \u00bb - PSG FANS\" \/>\n<meta property=\"og:description\" content=\"L&rsquo;entra\u00eeneur portugais affiche une confiance de tous les instants, \u00e0 la veille de d\u00e9fier le PSG et de tenter de remonter le score du match aller (3-1). Quelles sont les raisons de croire \u00e0 la qualification ?JOSE MOURINHO. Les raisons ne sont pas importantes. Ce qui compte, c&rsquo;est d&rsquo;y croire. Moi, j&rsquo;y crois. Les joueurs [&hellip;]\" \/>\n<meta property=\"og:url\" content=\"https:\/\/psgfans.fr\/?p=773\" \/>\n<meta property=\"og:site_name\" content=\"PSG FANS\" \/>\n<meta property=\"article:published_time\" content=\"2014-04-08T12:54:00+00:00\" \/>\n<meta property=\"og:image\" content=\"https:\/\/blogger.googleusercontent.com\/img\/b\/R29vZ2xl\/AVvXsEhuhhAzVwQeHhGllOB9yAS3z5JczvMSBIS3hXj6DVRnekFM9lpXeII-Ia3vCRJWySBd66t3znZfSZCjB1v2ovTmXFxKaMbo7eHmPf92SA8toUBFc4fLR2kZTMyuAStAFEPnO9w3xrXLGVU\/s1600\/1901220_10202746831744514_738931575_n.jpg\" \/>\n<meta name=\"author\" content=\"psgfans\" \/>\n<meta name=\"twitter:card\" content=\"summary_large_image\" \/>\n<meta name=\"twitter:label1\" content=\"\u00c9crit par\" \/>\n\t<meta name=\"twitter:data1\" content=\"psgfans\" \/>\n\t<meta name=\"twitter:label2\" content=\"Dur\u00e9e de lecture estim\u00e9e\" \/>\n\t<meta name=\"twitter:data2\" content=\"2 minutes\" \/>\n<script type=\"application\/ld+json\" class=\"yoast-schema-graph\">{\"@context\":\"https:\\\/\\\/schema.org\",\"@graph\":[{\"@type\":\"Article\",\"@id\":\"https:\\\/\\\/psgfans.fr\\\/?p=773#article\",\"isPartOf\":{\"@id\":\"https:\\\/\\\/psgfans.fr\\\/?p=773\"},\"author\":{\"name\":\"psgfans\",\"@id\":\"https:\\\/\\\/psgfans.fr\\\/#\\\/schema\\\/person\\\/be2237e7a0237af2f29cb344b3c55e6c\"},\"headline\":\"Chelsea-PSG. Mourinho: \u00abMoi, j&#39;y crois ! \u00bb\",\"datePublished\":\"2014-04-08T12:54:00+00:00\",\"mainEntityOfPage\":{\"@id\":\"https:\\\/\\\/psgfans.fr\\\/?p=773\"},\"wordCount\":418,\"commentCount\":0,\"image\":{\"@id\":\"https:\\\/\\\/psgfans.fr\\\/?p=773#primaryimage\"},\"thumbnailUrl\":\"https:\\\/\\\/blogger.googleusercontent.com\\\/img\\\/b\\\/R29vZ2xl\\\/AVvXsEhuhhAzVwQeHhGllOB9yAS3z5JczvMSBIS3hXj6DVRnekFM9lpXeII-Ia3vCRJWySBd66t3znZfSZCjB1v2ovTmXFxKaMbo7eHmPf92SA8toUBFc4fLR2kZTMyuAStAFEPnO9w3xrXLGVU\\\/s1600\\\/1901220_10202746831744514_738931575_n.jpg\",\"articleSection\":[\"News\"],\"inLanguage\":\"fr-FR\",\"potentialAction\":[{\"@type\":\"CommentAction\",\"name\":\"Comment\",\"target\":[\"https:\\\/\\\/psgfans.fr\\\/?p=773#respond\"]}]},{\"@type\":\"WebPage\",\"@id\":\"https:\\\/\\\/psgfans.fr\\\/?p=773\",\"url\":\"https:\\\/\\\/psgfans.fr\\\/?p=773\",\"name\":\"Chelsea-PSG. Mourinho: \u00abMoi, j&#39;y crois ! \u00bb - PSG FANS\",\"isPartOf\":{\"@id\":\"https:\\\/\\\/psgfans.fr\\\/#website\"},\"primaryImageOfPage\":{\"@id\":\"https:\\\/\\\/psgfans.fr\\\/?p=773#primaryimage\"},\"image\":{\"@id\":\"https:\\\/\\\/psgfans.fr\\\/?p=773#primaryimage\"},\"thumbnailUrl\":\"https:\\\/\\\/blogger.googleusercontent.com\\\/img\\\/b\\\/R29vZ2xl\\\/AVvXsEhuhhAzVwQeHhGllOB9yAS3z5JczvMSBIS3hXj6DVRnekFM9lpXeII-Ia3vCRJWySBd66t3znZfSZCjB1v2ovTmXFxKaMbo7eHmPf92SA8toUBFc4fLR2kZTMyuAStAFEPnO9w3xrXLGVU\\\/s1600\\\/1901220_10202746831744514_738931575_n.jpg\",\"datePublished\":\"2014-04-08T12:54:00+00:00\",\"author\":{\"@id\":\"https:\\\/\\\/psgfans.fr\\\/#\\\/schema\\\/person\\\/be2237e7a0237af2f29cb344b3c55e6c\"},\"breadcrumb\":{\"@id\":\"https:\\\/\\\/psgfans.fr\\\/?p=773#breadcrumb\"},\"inLanguage\":\"fr-FR\",\"potentialAction\":[{\"@type\":\"ReadAction\",\"target\":[\"https:\\\/\\\/psgfans.fr\\\/?p=773\"]}]},{\"@type\":\"ImageObject\",\"inLanguage\":\"fr-FR\",\"@id\":\"https:\\\/\\\/psgfans.fr\\\/?p=773#primaryimage\",\"url\":\"https:\\\/\\\/blogger.googleusercontent.com\\\/img\\\/b\\\/R29vZ2xl\\\/AVvXsEhuhhAzVwQeHhGllOB9yAS3z5JczvMSBIS3hXj6DVRnekFM9lpXeII-Ia3vCRJWySBd66t3znZfSZCjB1v2ovTmXFxKaMbo7eHmPf92SA8toUBFc4fLR2kZTMyuAStAFEPnO9w3xrXLGVU\\\/s1600\\\/1901220_10202746831744514_738931575_n.jpg\",\"contentUrl\":\"https:\\\/\\\/blogger.googleusercontent.com\\\/img\\\/b\\\/R29vZ2xl\\\/AVvXsEhuhhAzVwQeHhGllOB9yAS3z5JczvMSBIS3hXj6DVRnekFM9lpXeII-Ia3vCRJWySBd66t3znZfSZCjB1v2ovTmXFxKaMbo7eHmPf92SA8toUBFc4fLR2kZTMyuAStAFEPnO9w3xrXLGVU\\\/s1600\\\/1901220_10202746831744514_738931575_n.jpg\"},{\"@type\":\"BreadcrumbList\",\"@id\":\"https:\\\/\\\/psgfans.fr\\\/?p=773#breadcrumb\",\"itemListElement\":[{\"@type\":\"ListItem\",\"position\":1,\"name\":\"Accueil\",\"item\":\"https:\\\/\\\/psgfans.fr\\\/\"},{\"@type\":\"ListItem\",\"position\":2,\"name\":\"Chelsea-PSG. Mourinho: \u00abMoi, j&#39;y crois ! \u00bb\"}]},{\"@type\":\"WebSite\",\"@id\":\"https:\\\/\\\/psgfans.fr\\\/#website\",\"url\":\"https:\\\/\\\/psgfans.fr\\\/\",\"name\":\"PSG FANS\",\"description\":\"Unit\u00e9, Passion, Victoire : Au C\u0153ur du Paris Saint-Germain!\",\"potentialAction\":[{\"@type\":\"SearchAction\",\"target\":{\"@type\":\"EntryPoint\",\"urlTemplate\":\"https:\\\/\\\/psgfans.fr\\\/?s={search_term_string}\"},\"query-input\":{\"@type\":\"PropertyValueSpecification\",\"valueRequired\":true,\"valueName\":\"search_term_string\"}}],\"inLanguage\":\"fr-FR\"},{\"@type\":\"Person\",\"@id\":\"https:\\\/\\\/psgfans.fr\\\/#\\\/schema\\\/person\\\/be2237e7a0237af2f29cb344b3c55e6c\",\"name\":\"psgfans\",\"image\":{\"@type\":\"ImageObject\",\"inLanguage\":\"fr-FR\",\"@id\":\"https:\\\/\\\/secure.gravatar.com\\\/avatar\\\/?s=96&d=mm&r=g\",\"url\":\"https:\\\/\\\/secure.gravatar.com\\\/avatar\\\/?s=96&d=mm&r=g\",\"contentUrl\":\"https:\\\/\\\/secure.gravatar.com\\\/avatar\\\/?s=96&d=mm&r=g\",\"caption\":\"psgfans\"},\"url\":\"https:\\\/\\\/psgfans.fr\\\/?author=2\"}]}<\/script>\n<!-- \/ Yoast SEO plugin. -->","yoast_head_json":{"title":"Chelsea-PSG. Mourinho: \u00abMoi, j&#39;y crois ! \u00bb - PSG FANS","robots":{"index":"index","follow":"follow","max-snippet":"max-snippet:-1","max-image-preview":"max-image-preview:large","max-video-preview":"max-video-preview:-1"},"canonical":"https:\/\/psgfans.fr\/?p=773","og_locale":"fr_FR","og_type":"article","og_title":"Chelsea-PSG. Mourinho: \u00abMoi, j&#39;y crois ! \u00bb - PSG FANS","og_description":"L&rsquo;entra\u00eeneur portugais affiche une confiance de tous les instants, \u00e0 la veille de d\u00e9fier le PSG et de tenter de remonter le score du match aller (3-1). Quelles sont les raisons de croire \u00e0 la qualification ?JOSE MOURINHO. Les raisons ne sont pas importantes. Ce qui compte, c&rsquo;est d&rsquo;y croire. Moi, j&rsquo;y crois. Les joueurs [&hellip;]","og_url":"https:\/\/psgfans.fr\/?p=773","og_site_name":"PSG FANS","article_published_time":"2014-04-08T12:54:00+00:00","og_image":[{"url":"https:\/\/blogger.googleusercontent.com\/img\/b\/R29vZ2xl\/AVvXsEhuhhAzVwQeHhGllOB9yAS3z5JczvMSBIS3hXj6DVRnekFM9lpXeII-Ia3vCRJWySBd66t3znZfSZCjB1v2ovTmXFxKaMbo7eHmPf92SA8toUBFc4fLR2kZTMyuAStAFEPnO9w3xrXLGVU\/s1600\/1901220_10202746831744514_738931575_n.jpg","type":"","width":"","height":""}],"author":"psgfans","twitter_card":"summary_large_image","twitter_misc":{"\u00c9crit par":"psgfans","Dur\u00e9e de lecture estim\u00e9e":"2 minutes"},"schema":{"@context":"https:\/\/schema.org","@graph":[{"@type":"Article","@id":"https:\/\/psgfans.fr\/?p=773#article","isPartOf":{"@id":"https:\/\/psgfans.fr\/?p=773"},"author":{"name":"psgfans","@id":"https:\/\/psgfans.fr\/#\/schema\/person\/be2237e7a0237af2f29cb344b3c55e6c"},"headline":"Chelsea-PSG. Mourinho: \u00abMoi, j&#39;y crois ! \u00bb","datePublished":"2014-04-08T12:54:00+00:00","mainEntityOfPage":{"@id":"https:\/\/psgfans.fr\/?p=773"},"wordCount":418,"commentCount":0,"image":{"@id":"https:\/\/psgfans.fr\/?p=773#primaryimage"},"thumbnailUrl":"https:\/\/blogger.googleusercontent.com\/img\/b\/R29vZ2xl\/AVvXsEhuhhAzVwQeHhGllOB9yAS3z5JczvMSBIS3hXj6DVRnekFM9lpXeII-Ia3vCRJWySBd66t3znZfSZCjB1v2ovTmXFxKaMbo7eHmPf92SA8toUBFc4fLR2kZTMyuAStAFEPnO9w3xrXLGVU\/s1600\/1901220_10202746831744514_738931575_n.jpg","articleSection":["News"],"inLanguage":"fr-FR","potentialAction":[{"@type":"CommentAction","name":"Comment","target":["https:\/\/psgfans.fr\/?p=773#respond"]}]},{"@type":"WebPage","@id":"https:\/\/psgfans.fr\/?p=773","url":"https:\/\/psgfans.fr\/?p=773","name":"Chelsea-PSG. Mourinho: \u00abMoi, j&#39;y crois ! \u00bb - PSG FANS","isPartOf":{"@id":"https:\/\/psgfans.fr\/#website"},"primaryImageOfPage":{"@id":"https:\/\/psgfans.fr\/?p=773#primaryimage"},"image":{"@id":"https:\/\/psgfans.fr\/?p=773#primaryimage"},"thumbnailUrl":"https:\/\/blogger.googleusercontent.com\/img\/b\/R29vZ2xl\/AVvXsEhuhhAzVwQeHhGllOB9yAS3z5JczvMSBIS3hXj6DVRnekFM9lpXeII-Ia3vCRJWySBd66t3znZfSZCjB1v2ovTmXFxKaMbo7eHmPf92SA8toUBFc4fLR2kZTMyuAStAFEPnO9w3xrXLGVU\/s1600\/1901220_10202746831744514_738931575_n.jpg","datePublished":"2014-04-08T12:54:00+00:00","author":{"@id":"https:\/\/psgfans.fr\/#\/schema\/person\/be2237e7a0237af2f29cb344b3c55e6c"},"breadcrumb":{"@id":"https:\/\/psgfans.fr\/?p=773#breadcrumb"},"inLanguage":"fr-FR","potentialAction":[{"@type":"ReadAction","target":["https:\/\/psgfans.fr\/?p=773"]}]},{"@type":"ImageObject","inLanguage":"fr-FR","@id":"https:\/\/psgfans.fr\/?p=773#primaryimage","url":"https:\/\/blogger.googleusercontent.com\/img\/b\/R29vZ2xl\/AVvXsEhuhhAzVwQeHhGllOB9yAS3z5JczvMSBIS3hXj6DVRnekFM9lpXeII-Ia3vCRJWySBd66t3znZfSZCjB1v2ovTmXFxKaMbo7eHmPf92SA8toUBFc4fLR2kZTMyuAStAFEPnO9w3xrXLGVU\/s1600\/1901220_10202746831744514_738931575_n.jpg","contentUrl":"https:\/\/blogger.googleusercontent.com\/img\/b\/R29vZ2xl\/AVvXsEhuhhAzVwQeHhGllOB9yAS3z5JczvMSBIS3hXj6DVRnekFM9lpXeII-Ia3vCRJWySBd66t3znZfSZCjB1v2ovTmXFxKaMbo7eHmPf92SA8toUBFc4fLR2kZTMyuAStAFEPnO9w3xrXLGVU\/s1600\/1901220_10202746831744514_738931575_n.jpg"},{"@type":"BreadcrumbList","@id":"https:\/\/psgfans.fr\/?p=773#breadcrumb","itemListElement":[{"@type":"ListItem","position":1,"name":"Accueil","item":"https:\/\/psgfans.fr\/"},{"@type":"ListItem","position":2,"name":"Chelsea-PSG. Mourinho: \u00abMoi, j&#39;y crois ! \u00bb"}]},{"@type":"WebSite","@id":"https:\/\/psgfans.fr\/#website","url":"https:\/\/psgfans.fr\/","name":"PSG FANS","description":"Unit\u00e9, Passion, Victoire : Au C\u0153ur du Paris Saint-Germain!","potentialAction":[{"@type":"SearchAction","target":{"@type":"EntryPoint","urlTemplate":"https:\/\/psgfans.fr\/?s={search_term_string}"},"query-input":{"@type":"PropertyValueSpecification","valueRequired":true,"valueName":"search_term_string"}}],"inLanguage":"fr-FR"},{"@type":"Person","@id":"https:\/\/psgfans.fr\/#\/schema\/person\/be2237e7a0237af2f29cb344b3c55e6c","name":"psgfans","image":{"@type":"ImageObject","inLanguage":"fr-FR","@id":"https:\/\/secure.gravatar.com\/avatar\/?s=96&d=mm&r=g","url":"https:\/\/secure.gravatar.com\/avatar\/?s=96&d=mm&r=g","contentUrl":"https:\/\/secure.gravatar.com\/avatar\/?s=96&d=mm&r=g","caption":"psgfans"},"url":"https:\/\/psgfans.fr\/?author=2"}]}},"_links":{"self":[{"href":"https:\/\/psgfans.fr\/index.php?rest_route=\/wp\/v2\/posts\/773","targetHints":{"allow":["GET"]}}],"collection":[{"href":"https:\/\/psgfans.fr\/index.php?rest_route=\/wp\/v2\/posts"}],"about":[{"href":"https:\/\/psgfans.fr\/index.php?rest_route=\/wp\/v2\/types\/post"}],"author":[{"embeddable":true,"href":"https:\/\/psgfans.fr\/index.php?rest_route=\/wp\/v2\/users\/2"}],"replies":[{"embeddable":true,"href":"https:\/\/psgfans.fr\/index.php?rest_route=%2Fwp%2Fv2%2Fcomments&post=773"}],"version-history":[{"count":0,"href":"https:\/\/psgfans.fr\/index.php?rest_route=\/wp\/v2\/posts\/773\/revisions"}],"wp:attachment":[{"href":"https:\/\/psgfans.fr\/index.php?rest_route=%2Fwp%2Fv2%2Fmedia&parent=773"}],"wp:term":[{"taxonomy":"category","embeddable":true,"href":"https:\/\/psgfans.fr\/index.php?rest_route=%2Fwp%2Fv2%2Fcategories&post=773"},{"taxonomy":"post_tag","embeddable":true,"href":"https:\/\/psgfans.fr\/index.php?rest_route=%2Fwp%2Fv2%2Ftags&post=773"}],"curies":[{"name":"wp","href":"https:\/\/api.w.org\/{rel}","templated":true}]}}