{"id":769,"date":"2014-04-09T12:33:00","date_gmt":"2014-04-09T11:33:00","guid":{"rendered":"https:\/\/psgfans.fr\/?p=769"},"modified":"2014-04-09T12:33:00","modified_gmt":"2014-04-09T11:33:00","slug":"chelsea-psg-on-etait-tres-proche-de-chelsea-estime-nasser-al-khelaifi","status":"publish","type":"post","link":"https:\/\/psgfans.fr\/?p=769","title":{"rendered":"Chelsea-PSG: \u00abOn \u00e9tait tr\u00e8s proche de Chelsea\u00bb, estime Nasser Al-Khela\u00effi"},"content":{"rendered":"<div style=\"clear: both; text-align: center;\"><a href=\"https:\/\/blogger.googleusercontent.com\/img\/b\/R29vZ2xl\/AVvXsEjEqpUPrUk1_vJLK5CB_A-eSdBqsGKzRTxbGEzFjPtvWrVc2-8Y6TskfE1RBZVVpcD1oCdw-VipY7ktdkcYHSftqqCCniO9nOJTVQt6rZjQavbrRArColH7szpyc5eSwMeZ2-TZyUvdzz8\/s1600\/4FtB-bacrzg.jpg\" style=\"margin-left: 1em; margin-right: 1em;\"><img loading=\"lazy\" decoding=\"async\" border=\"0\" src=\"https:\/\/blogger.googleusercontent.com\/img\/b\/R29vZ2xl\/AVvXsEjEqpUPrUk1_vJLK5CB_A-eSdBqsGKzRTxbGEzFjPtvWrVc2-8Y6TskfE1RBZVVpcD1oCdw-VipY7ktdkcYHSftqqCCniO9nOJTVQt6rZjQavbrRArColH7szpyc5eSwMeZ2-TZyUvdzz8\/s1600\/4FtB-bacrzg.jpg\" height=\"246\" width=\"400\" \/><\/a><\/div>\n<p><b>Le pr\u00e9sident parisien veut positiver\u2026<\/b><\/p>\n<p>Du Camp Nou \u00e0 Stamford Bridge, un an s\u2019est \u00e9coul\u00e9, la sanction est la m\u00eame pour le PSG mais Nasser al-Khela\u00effi positive toujours. L\u00e0 o\u00f9 l\u2019\u00e9limination par le FC Barcelone avait des allures de promesse pour Paris, le revers contre Chelsea (2-0) en quart de finale de la Ligue des champions constitue pourtant une d\u00e9sillusion importante pour le club. Quelques minutes apr\u00e8s la rencontre, le pr\u00e9sident parisien se f\u00e9licitait de l\u2019exp\u00e9rience engrang\u00e9e par ses hommes.<\/p>\n<p><b>Quel est le sentiment g\u00e9n\u00e9ral apr\u00e8s cette rencontre?<\/b><\/p>\n<p>Tout le monde est d\u00e9\u00e7u de ce match. On perd la rencontre, on perd ce quart de finale mais on gagne des choses pour le futur, pour l\u2019exp\u00e9rience des joueurs. On \u00e9tait tr\u00e8s proches de Chelsea, les joueurs ont essay\u00e9 au maximum mais on est oblig\u00e9s d\u2019accepter cela. On avance dans notre projet, on y croit encore plus ce soir et nous allons continuer \u00e0 travailler pour atteindre notre objectif.<\/p>\n<p>La d\u00e9ception doit quand m\u00eame \u00eatre tr\u00e8s grande\u2026<\/p>\n<p>Oui, c\u2019est normal car on a eu des occasions pour marquer. Maintenant, on va continuer la saison, il reste le championnat et la finale de la Coupe de la Ligue, on ne va pas s\u2019arr\u00eater \u00e0 ce match.<\/p>\n<p><b>Qu\u2019est ce qui a fait la diff\u00e9rence entre les deux \u00e9quipes?<\/b><\/p>\n<p>La chance. Parfois, le football se joue juste sur une action. C\u2019est comme \u00e7a, on l\u2019accepte.<\/p>\n<p><b>Le PSG pouvait-il gagner la Ligue des champions cette saison?<\/b><\/p>\n<p>On \u00e9tait \u00e0 quatre minutes de la qualification. Si on gagne ce match, on continue \u00e0 gagner de la confiance et de l\u2019exp\u00e9rience pour la suite de la comp\u00e9tition. Mais c\u2019est tout, on ne la gagnera pas cette saison.<\/p>\n<p><b>Laurent Blanc va-t-il continuer au PSG?<\/b><\/p>\n<p>Bien s\u00fbr. Nous avons une grande confiance dans tout le staff.<\/p>\n<p>20minutes.fr<\/p>\n","protected":false},"excerpt":{"rendered":"<p>Le pr\u00e9sident parisien veut positiver\u2026 Du Camp Nou \u00e0 Stamford Bridge, un an s\u2019est \u00e9coul\u00e9, la sanction est la m\u00eame pour le PSG mais Nasser al-Khela\u00effi positive toujours. L\u00e0 o\u00f9 l\u2019\u00e9limination par le FC Barcelone avait des allures de promesse pour Paris, le revers contre Chelsea (2-0) en quart de finale de la Ligue des [&hellip;]<\/p>\n","protected":false},"author":2,"featured_media":0,"comment_status":"open","ping_status":"open","sticky":false,"template":"","format":"standard","meta":{"footnotes":""},"categories":[3],"tags":[],"class_list":{"0":"post-769","1":"post","2":"type-post","3":"status-publish","4":"format-standard","6":"category-news"},"yoast_head":"<!-- This site is optimized with the Yoast SEO plugin v27.4 - https:\/\/yoast.com\/product\/yoast-seo-wordpress\/ -->\n<title>Chelsea-PSG: \u00abOn \u00e9tait tr\u00e8s proche de Chelsea\u00bb, estime Nasser Al-Khela\u00effi - PSG FANS<\/title>\n<meta name=\"robots\" content=\"index, follow, max-snippet:-1, max-image-preview:large, max-video-preview:-1\" \/>\n<link rel=\"canonical\" href=\"https:\/\/psgfans.fr\/?p=769\" \/>\n<meta property=\"og:locale\" content=\"fr_FR\" \/>\n<meta property=\"og:type\" content=\"article\" \/>\n<meta property=\"og:title\" content=\"Chelsea-PSG: \u00abOn \u00e9tait tr\u00e8s proche de Chelsea\u00bb, estime Nasser Al-Khela\u00effi - PSG FANS\" \/>\n<meta property=\"og:description\" content=\"Le pr\u00e9sident parisien veut positiver\u2026 Du Camp Nou \u00e0 Stamford Bridge, un an s\u2019est \u00e9coul\u00e9, la sanction est la m\u00eame pour le PSG mais Nasser al-Khela\u00effi positive toujours. L\u00e0 o\u00f9 l\u2019\u00e9limination par le FC Barcelone avait des allures de promesse pour Paris, le revers contre Chelsea (2-0) en quart de finale de la Ligue des [&hellip;]\" \/>\n<meta property=\"og:url\" content=\"https:\/\/psgfans.fr\/?p=769\" \/>\n<meta property=\"og:site_name\" content=\"PSG FANS\" \/>\n<meta property=\"article:published_time\" content=\"2014-04-09T11:33:00+00:00\" \/>\n<meta property=\"og:image\" content=\"https:\/\/blogger.googleusercontent.com\/img\/b\/R29vZ2xl\/AVvXsEjEqpUPrUk1_vJLK5CB_A-eSdBqsGKzRTxbGEzFjPtvWrVc2-8Y6TskfE1RBZVVpcD1oCdw-VipY7ktdkcYHSftqqCCniO9nOJTVQt6rZjQavbrRArColH7szpyc5eSwMeZ2-TZyUvdzz8\/s1600\/4FtB-bacrzg.jpg\" \/>\n<meta name=\"author\" content=\"psgfans\" \/>\n<meta name=\"twitter:card\" content=\"summary_large_image\" \/>\n<meta name=\"twitter:label1\" content=\"\u00c9crit par\" \/>\n\t<meta name=\"twitter:data1\" content=\"psgfans\" \/>\n\t<meta name=\"twitter:label2\" content=\"Dur\u00e9e de lecture estim\u00e9e\" \/>\n\t<meta name=\"twitter:data2\" content=\"2 minutes\" \/>\n<script type=\"application\/ld+json\" class=\"yoast-schema-graph\">{\"@context\":\"https:\\\/\\\/schema.org\",\"@graph\":[{\"@type\":\"Article\",\"@id\":\"https:\\\/\\\/psgfans.fr\\\/?p=769#article\",\"isPartOf\":{\"@id\":\"https:\\\/\\\/psgfans.fr\\\/?p=769\"},\"author\":{\"name\":\"psgfans\",\"@id\":\"https:\\\/\\\/psgfans.fr\\\/#\\\/schema\\\/person\\\/be2237e7a0237af2f29cb344b3c55e6c\"},\"headline\":\"Chelsea-PSG: \u00abOn \u00e9tait tr\u00e8s proche de Chelsea\u00bb, estime Nasser Al-Khela\u00effi\",\"datePublished\":\"2014-04-09T11:33:00+00:00\",\"mainEntityOfPage\":{\"@id\":\"https:\\\/\\\/psgfans.fr\\\/?p=769\"},\"wordCount\":342,\"commentCount\":0,\"image\":{\"@id\":\"https:\\\/\\\/psgfans.fr\\\/?p=769#primaryimage\"},\"thumbnailUrl\":\"https:\\\/\\\/blogger.googleusercontent.com\\\/img\\\/b\\\/R29vZ2xl\\\/AVvXsEjEqpUPrUk1_vJLK5CB_A-eSdBqsGKzRTxbGEzFjPtvWrVc2-8Y6TskfE1RBZVVpcD1oCdw-VipY7ktdkcYHSftqqCCniO9nOJTVQt6rZjQavbrRArColH7szpyc5eSwMeZ2-TZyUvdzz8\\\/s1600\\\/4FtB-bacrzg.jpg\",\"articleSection\":[\"News\"],\"inLanguage\":\"fr-FR\",\"potentialAction\":[{\"@type\":\"CommentAction\",\"name\":\"Comment\",\"target\":[\"https:\\\/\\\/psgfans.fr\\\/?p=769#respond\"]}]},{\"@type\":\"WebPage\",\"@id\":\"https:\\\/\\\/psgfans.fr\\\/?p=769\",\"url\":\"https:\\\/\\\/psgfans.fr\\\/?p=769\",\"name\":\"Chelsea-PSG: \u00abOn \u00e9tait tr\u00e8s proche de Chelsea\u00bb, estime Nasser Al-Khela\u00effi - PSG FANS\",\"isPartOf\":{\"@id\":\"https:\\\/\\\/psgfans.fr\\\/#website\"},\"primaryImageOfPage\":{\"@id\":\"https:\\\/\\\/psgfans.fr\\\/?p=769#primaryimage\"},\"image\":{\"@id\":\"https:\\\/\\\/psgfans.fr\\\/?p=769#primaryimage\"},\"thumbnailUrl\":\"https:\\\/\\\/blogger.googleusercontent.com\\\/img\\\/b\\\/R29vZ2xl\\\/AVvXsEjEqpUPrUk1_vJLK5CB_A-eSdBqsGKzRTxbGEzFjPtvWrVc2-8Y6TskfE1RBZVVpcD1oCdw-VipY7ktdkcYHSftqqCCniO9nOJTVQt6rZjQavbrRArColH7szpyc5eSwMeZ2-TZyUvdzz8\\\/s1600\\\/4FtB-bacrzg.jpg\",\"datePublished\":\"2014-04-09T11:33:00+00:00\",\"author\":{\"@id\":\"https:\\\/\\\/psgfans.fr\\\/#\\\/schema\\\/person\\\/be2237e7a0237af2f29cb344b3c55e6c\"},\"breadcrumb\":{\"@id\":\"https:\\\/\\\/psgfans.fr\\\/?p=769#breadcrumb\"},\"inLanguage\":\"fr-FR\",\"potentialAction\":[{\"@type\":\"ReadAction\",\"target\":[\"https:\\\/\\\/psgfans.fr\\\/?p=769\"]}]},{\"@type\":\"ImageObject\",\"inLanguage\":\"fr-FR\",\"@id\":\"https:\\\/\\\/psgfans.fr\\\/?p=769#primaryimage\",\"url\":\"https:\\\/\\\/blogger.googleusercontent.com\\\/img\\\/b\\\/R29vZ2xl\\\/AVvXsEjEqpUPrUk1_vJLK5CB_A-eSdBqsGKzRTxbGEzFjPtvWrVc2-8Y6TskfE1RBZVVpcD1oCdw-VipY7ktdkcYHSftqqCCniO9nOJTVQt6rZjQavbrRArColH7szpyc5eSwMeZ2-TZyUvdzz8\\\/s1600\\\/4FtB-bacrzg.jpg\",\"contentUrl\":\"https:\\\/\\\/blogger.googleusercontent.com\\\/img\\\/b\\\/R29vZ2xl\\\/AVvXsEjEqpUPrUk1_vJLK5CB_A-eSdBqsGKzRTxbGEzFjPtvWrVc2-8Y6TskfE1RBZVVpcD1oCdw-VipY7ktdkcYHSftqqCCniO9nOJTVQt6rZjQavbrRArColH7szpyc5eSwMeZ2-TZyUvdzz8\\\/s1600\\\/4FtB-bacrzg.jpg\"},{\"@type\":\"BreadcrumbList\",\"@id\":\"https:\\\/\\\/psgfans.fr\\\/?p=769#breadcrumb\",\"itemListElement\":[{\"@type\":\"ListItem\",\"position\":1,\"name\":\"Accueil\",\"item\":\"https:\\\/\\\/psgfans.fr\\\/\"},{\"@type\":\"ListItem\",\"position\":2,\"name\":\"Chelsea-PSG: \u00abOn \u00e9tait tr\u00e8s proche de Chelsea\u00bb, estime Nasser Al-Khela\u00effi\"}]},{\"@type\":\"WebSite\",\"@id\":\"https:\\\/\\\/psgfans.fr\\\/#website\",\"url\":\"https:\\\/\\\/psgfans.fr\\\/\",\"name\":\"PSG FANS\",\"description\":\"Unit\u00e9, Passion, Victoire : Au C\u0153ur du Paris Saint-Germain!\",\"potentialAction\":[{\"@type\":\"SearchAction\",\"target\":{\"@type\":\"EntryPoint\",\"urlTemplate\":\"https:\\\/\\\/psgfans.fr\\\/?s={search_term_string}\"},\"query-input\":{\"@type\":\"PropertyValueSpecification\",\"valueRequired\":true,\"valueName\":\"search_term_string\"}}],\"inLanguage\":\"fr-FR\"},{\"@type\":\"Person\",\"@id\":\"https:\\\/\\\/psgfans.fr\\\/#\\\/schema\\\/person\\\/be2237e7a0237af2f29cb344b3c55e6c\",\"name\":\"psgfans\",\"image\":{\"@type\":\"ImageObject\",\"inLanguage\":\"fr-FR\",\"@id\":\"https:\\\/\\\/secure.gravatar.com\\\/avatar\\\/?s=96&d=mm&r=g\",\"url\":\"https:\\\/\\\/secure.gravatar.com\\\/avatar\\\/?s=96&d=mm&r=g\",\"contentUrl\":\"https:\\\/\\\/secure.gravatar.com\\\/avatar\\\/?s=96&d=mm&r=g\",\"caption\":\"psgfans\"},\"url\":\"https:\\\/\\\/psgfans.fr\\\/?author=2\"}]}<\/script>\n<!-- \/ Yoast SEO plugin. -->","yoast_head_json":{"title":"Chelsea-PSG: \u00abOn \u00e9tait tr\u00e8s proche de Chelsea\u00bb, estime Nasser Al-Khela\u00effi - PSG FANS","robots":{"index":"index","follow":"follow","max-snippet":"max-snippet:-1","max-image-preview":"max-image-preview:large","max-video-preview":"max-video-preview:-1"},"canonical":"https:\/\/psgfans.fr\/?p=769","og_locale":"fr_FR","og_type":"article","og_title":"Chelsea-PSG: \u00abOn \u00e9tait tr\u00e8s proche de Chelsea\u00bb, estime Nasser Al-Khela\u00effi - PSG FANS","og_description":"Le pr\u00e9sident parisien veut positiver\u2026 Du Camp Nou \u00e0 Stamford Bridge, un an s\u2019est \u00e9coul\u00e9, la sanction est la m\u00eame pour le PSG mais Nasser al-Khela\u00effi positive toujours. L\u00e0 o\u00f9 l\u2019\u00e9limination par le FC Barcelone avait des allures de promesse pour Paris, le revers contre Chelsea (2-0) en quart de finale de la Ligue des [&hellip;]","og_url":"https:\/\/psgfans.fr\/?p=769","og_site_name":"PSG FANS","article_published_time":"2014-04-09T11:33:00+00:00","og_image":[{"url":"https:\/\/blogger.googleusercontent.com\/img\/b\/R29vZ2xl\/AVvXsEjEqpUPrUk1_vJLK5CB_A-eSdBqsGKzRTxbGEzFjPtvWrVc2-8Y6TskfE1RBZVVpcD1oCdw-VipY7ktdkcYHSftqqCCniO9nOJTVQt6rZjQavbrRArColH7szpyc5eSwMeZ2-TZyUvdzz8\/s1600\/4FtB-bacrzg.jpg","type":"","width":"","height":""}],"author":"psgfans","twitter_card":"summary_large_image","twitter_misc":{"\u00c9crit par":"psgfans","Dur\u00e9e de lecture estim\u00e9e":"2 minutes"},"schema":{"@context":"https:\/\/schema.org","@graph":[{"@type":"Article","@id":"https:\/\/psgfans.fr\/?p=769#article","isPartOf":{"@id":"https:\/\/psgfans.fr\/?p=769"},"author":{"name":"psgfans","@id":"https:\/\/psgfans.fr\/#\/schema\/person\/be2237e7a0237af2f29cb344b3c55e6c"},"headline":"Chelsea-PSG: \u00abOn \u00e9tait tr\u00e8s proche de Chelsea\u00bb, estime Nasser Al-Khela\u00effi","datePublished":"2014-04-09T11:33:00+00:00","mainEntityOfPage":{"@id":"https:\/\/psgfans.fr\/?p=769"},"wordCount":342,"commentCount":0,"image":{"@id":"https:\/\/psgfans.fr\/?p=769#primaryimage"},"thumbnailUrl":"https:\/\/blogger.googleusercontent.com\/img\/b\/R29vZ2xl\/AVvXsEjEqpUPrUk1_vJLK5CB_A-eSdBqsGKzRTxbGEzFjPtvWrVc2-8Y6TskfE1RBZVVpcD1oCdw-VipY7ktdkcYHSftqqCCniO9nOJTVQt6rZjQavbrRArColH7szpyc5eSwMeZ2-TZyUvdzz8\/s1600\/4FtB-bacrzg.jpg","articleSection":["News"],"inLanguage":"fr-FR","potentialAction":[{"@type":"CommentAction","name":"Comment","target":["https:\/\/psgfans.fr\/?p=769#respond"]}]},{"@type":"WebPage","@id":"https:\/\/psgfans.fr\/?p=769","url":"https:\/\/psgfans.fr\/?p=769","name":"Chelsea-PSG: \u00abOn \u00e9tait tr\u00e8s proche de Chelsea\u00bb, estime Nasser Al-Khela\u00effi - PSG FANS","isPartOf":{"@id":"https:\/\/psgfans.fr\/#website"},"primaryImageOfPage":{"@id":"https:\/\/psgfans.fr\/?p=769#primaryimage"},"image":{"@id":"https:\/\/psgfans.fr\/?p=769#primaryimage"},"thumbnailUrl":"https:\/\/blogger.googleusercontent.com\/img\/b\/R29vZ2xl\/AVvXsEjEqpUPrUk1_vJLK5CB_A-eSdBqsGKzRTxbGEzFjPtvWrVc2-8Y6TskfE1RBZVVpcD1oCdw-VipY7ktdkcYHSftqqCCniO9nOJTVQt6rZjQavbrRArColH7szpyc5eSwMeZ2-TZyUvdzz8\/s1600\/4FtB-bacrzg.jpg","datePublished":"2014-04-09T11:33:00+00:00","author":{"@id":"https:\/\/psgfans.fr\/#\/schema\/person\/be2237e7a0237af2f29cb344b3c55e6c"},"breadcrumb":{"@id":"https:\/\/psgfans.fr\/?p=769#breadcrumb"},"inLanguage":"fr-FR","potentialAction":[{"@type":"ReadAction","target":["https:\/\/psgfans.fr\/?p=769"]}]},{"@type":"ImageObject","inLanguage":"fr-FR","@id":"https:\/\/psgfans.fr\/?p=769#primaryimage","url":"https:\/\/blogger.googleusercontent.com\/img\/b\/R29vZ2xl\/AVvXsEjEqpUPrUk1_vJLK5CB_A-eSdBqsGKzRTxbGEzFjPtvWrVc2-8Y6TskfE1RBZVVpcD1oCdw-VipY7ktdkcYHSftqqCCniO9nOJTVQt6rZjQavbrRArColH7szpyc5eSwMeZ2-TZyUvdzz8\/s1600\/4FtB-bacrzg.jpg","contentUrl":"https:\/\/blogger.googleusercontent.com\/img\/b\/R29vZ2xl\/AVvXsEjEqpUPrUk1_vJLK5CB_A-eSdBqsGKzRTxbGEzFjPtvWrVc2-8Y6TskfE1RBZVVpcD1oCdw-VipY7ktdkcYHSftqqCCniO9nOJTVQt6rZjQavbrRArColH7szpyc5eSwMeZ2-TZyUvdzz8\/s1600\/4FtB-bacrzg.jpg"},{"@type":"BreadcrumbList","@id":"https:\/\/psgfans.fr\/?p=769#breadcrumb","itemListElement":[{"@type":"ListItem","position":1,"name":"Accueil","item":"https:\/\/psgfans.fr\/"},{"@type":"ListItem","position":2,"name":"Chelsea-PSG: \u00abOn \u00e9tait tr\u00e8s proche de Chelsea\u00bb, estime Nasser Al-Khela\u00effi"}]},{"@type":"WebSite","@id":"https:\/\/psgfans.fr\/#website","url":"https:\/\/psgfans.fr\/","name":"PSG FANS","description":"Unit\u00e9, Passion, Victoire : Au C\u0153ur du Paris Saint-Germain!","potentialAction":[{"@type":"SearchAction","target":{"@type":"EntryPoint","urlTemplate":"https:\/\/psgfans.fr\/?s={search_term_string}"},"query-input":{"@type":"PropertyValueSpecification","valueRequired":true,"valueName":"search_term_string"}}],"inLanguage":"fr-FR"},{"@type":"Person","@id":"https:\/\/psgfans.fr\/#\/schema\/person\/be2237e7a0237af2f29cb344b3c55e6c","name":"psgfans","image":{"@type":"ImageObject","inLanguage":"fr-FR","@id":"https:\/\/secure.gravatar.com\/avatar\/?s=96&d=mm&r=g","url":"https:\/\/secure.gravatar.com\/avatar\/?s=96&d=mm&r=g","contentUrl":"https:\/\/secure.gravatar.com\/avatar\/?s=96&d=mm&r=g","caption":"psgfans"},"url":"https:\/\/psgfans.fr\/?author=2"}]}},"_links":{"self":[{"href":"https:\/\/psgfans.fr\/index.php?rest_route=\/wp\/v2\/posts\/769","targetHints":{"allow":["GET"]}}],"collection":[{"href":"https:\/\/psgfans.fr\/index.php?rest_route=\/wp\/v2\/posts"}],"about":[{"href":"https:\/\/psgfans.fr\/index.php?rest_route=\/wp\/v2\/types\/post"}],"author":[{"embeddable":true,"href":"https:\/\/psgfans.fr\/index.php?rest_route=\/wp\/v2\/users\/2"}],"replies":[{"embeddable":true,"href":"https:\/\/psgfans.fr\/index.php?rest_route=%2Fwp%2Fv2%2Fcomments&post=769"}],"version-history":[{"count":0,"href":"https:\/\/psgfans.fr\/index.php?rest_route=\/wp\/v2\/posts\/769\/revisions"}],"wp:attachment":[{"href":"https:\/\/psgfans.fr\/index.php?rest_route=%2Fwp%2Fv2%2Fmedia&parent=769"}],"wp:term":[{"taxonomy":"category","embeddable":true,"href":"https:\/\/psgfans.fr\/index.php?rest_route=%2Fwp%2Fv2%2Fcategories&post=769"},{"taxonomy":"post_tag","embeddable":true,"href":"https:\/\/psgfans.fr\/index.php?rest_route=%2Fwp%2Fv2%2Ftags&post=769"}],"curies":[{"name":"wp","href":"https:\/\/api.w.org\/{rel}","templated":true}]}}