{"id":768,"date":"2014-04-09T12:39:00","date_gmt":"2014-04-09T11:39:00","guid":{"rendered":"https:\/\/psgfans.fr\/?p=768"},"modified":"2014-04-09T12:39:00","modified_gmt":"2014-04-09T11:39:00","slug":"nasser-je-suis-desole-pour-les-supporters","status":"publish","type":"post","link":"https:\/\/psgfans.fr\/?p=768","title":{"rendered":"NASSER : \u00ab JE SUIS D\u00c9SOL\u00c9 POUR LES SUPPORTERS \u00bb"},"content":{"rendered":"<div style=\"clear: both; text-align: center;\"><a href=\"https:\/\/blogger.googleusercontent.com\/img\/b\/R29vZ2xl\/AVvXsEjKxmVvnR90naI1toE7GiJEm5yn0XemAdLiN6GNfjbZrRf47lWq7z7VtIzQe0lSzZkDC8ETa2rdW9pUwlOVi2lJufviXFzZ0_BRKq1BPaPY4jgI2WocJwtYxzY1oRKgXVuPpje0vTMEHnM\/s1600\/4FtB-bacrzg.jpg\" style=\"margin-left: 1em; margin-right: 1em;\"><img loading=\"lazy\" decoding=\"async\" border=\"0\" src=\"https:\/\/blogger.googleusercontent.com\/img\/b\/R29vZ2xl\/AVvXsEjKxmVvnR90naI1toE7GiJEm5yn0XemAdLiN6GNfjbZrRf47lWq7z7VtIzQe0lSzZkDC8ETa2rdW9pUwlOVi2lJufviXFzZ0_BRKq1BPaPY4jgI2WocJwtYxzY1oRKgXVuPpje0vTMEHnM\/s1600\/4FtB-bacrzg.jpg\" height=\"266\" width=\"400\" \/><\/a><\/div>\n<p>A l\u2019issue de la d\u00e9faite et de l\u2019\u00e9limination des Parisiens lors du quart de finale retour de la Ligue des champions face \u00e0 Chelsea (2-0), le pr\u00e9sident Nasser al-Khela\u00effi a refus\u00e9 d\u2019accabler ses joueurs. Ne cherchant pas \u00e0 cacher sa d\u00e9ception, le patron du club de la capitale a eu un mot pour les supporters, qui ont \u00e9t\u00e9 nombreux \u00e0 faire le d\u00e9placement \u00e0 Stamford Bridge (ndlr : 3200 fans parisiens \u00e9taient pr\u00e9sents en Angleterre), avant de rappeler que cette d\u00e9faite servirait de le\u00e7on pour les saisons \u00e0 venir.<\/p>\n<p>\u00ab Nous sommes \u00e9videmment d\u00e9\u00e7us de ne pas aller en demi-finale, mais nous accumulons de l\u2019exp\u00e9rience. On \u00e9tait tr\u00e8s proche de se qualifier c\u2019est vrai. Nous tenons remercier les supporters qui ont \u00e9t\u00e9 magnifiques ce soir et je suis d\u00e9sol\u00e9 pour eux. On a fait le maximum mais c\u2019est le football et il faut l\u2019accepter. On avance et on poursuit notre objectif. \u00bb<\/p>\n<p>Malgr\u00e9 la d\u00e9ception, le groupe de Laurent Blanc doit rapidement se remobiliser afin d\u2019aller chercher le doubl\u00e9 Championnat \/ Coupe de la Ligue souhait\u00e9 par la direction parisienne.<\/p>\n<div style=\"background-color: white; border: 0px; color: #555555; font-family: 'Droid Sans', sans-serif; font-size: 14px; line-height: 23px; margin-bottom: 20px; padding: 0px; vertical-align: baseline;\"><\/div>\n","protected":false},"excerpt":{"rendered":"<p>A l\u2019issue de la d\u00e9faite et de l\u2019\u00e9limination des Parisiens lors du quart de finale retour de la Ligue des champions face \u00e0 Chelsea (2-0), le pr\u00e9sident Nasser al-Khela\u00effi a refus\u00e9 d\u2019accabler ses joueurs. Ne cherchant pas \u00e0 cacher sa d\u00e9ception, le patron du club de la capitale a eu un mot pour les supporters, [&hellip;]<\/p>\n","protected":false},"author":2,"featured_media":0,"comment_status":"open","ping_status":"open","sticky":false,"template":"","format":"standard","meta":{"footnotes":""},"categories":[3],"tags":[],"class_list":{"0":"post-768","1":"post","2":"type-post","3":"status-publish","4":"format-standard","6":"category-news"},"yoast_head":"<!-- This site is optimized with the Yoast SEO plugin v27.4 - https:\/\/yoast.com\/product\/yoast-seo-wordpress\/ -->\n<title>NASSER : \u00ab JE SUIS D\u00c9SOL\u00c9 POUR LES SUPPORTERS \u00bb - PSG FANS<\/title>\n<meta name=\"robots\" content=\"index, follow, max-snippet:-1, max-image-preview:large, max-video-preview:-1\" \/>\n<link rel=\"canonical\" href=\"https:\/\/psgfans.fr\/?p=768\" \/>\n<meta property=\"og:locale\" content=\"fr_FR\" \/>\n<meta property=\"og:type\" content=\"article\" \/>\n<meta property=\"og:title\" content=\"NASSER : \u00ab JE SUIS D\u00c9SOL\u00c9 POUR LES SUPPORTERS \u00bb - PSG FANS\" \/>\n<meta property=\"og:description\" content=\"A l\u2019issue de la d\u00e9faite et de l\u2019\u00e9limination des Parisiens lors du quart de finale retour de la Ligue des champions face \u00e0 Chelsea (2-0), le pr\u00e9sident Nasser al-Khela\u00effi a refus\u00e9 d\u2019accabler ses joueurs. Ne cherchant pas \u00e0 cacher sa d\u00e9ception, le patron du club de la capitale a eu un mot pour les supporters, [&hellip;]\" \/>\n<meta property=\"og:url\" content=\"https:\/\/psgfans.fr\/?p=768\" \/>\n<meta property=\"og:site_name\" content=\"PSG FANS\" \/>\n<meta property=\"article:published_time\" content=\"2014-04-09T11:39:00+00:00\" \/>\n<meta property=\"og:image\" content=\"https:\/\/blogger.googleusercontent.com\/img\/b\/R29vZ2xl\/AVvXsEjKxmVvnR90naI1toE7GiJEm5yn0XemAdLiN6GNfjbZrRf47lWq7z7VtIzQe0lSzZkDC8ETa2rdW9pUwlOVi2lJufviXFzZ0_BRKq1BPaPY4jgI2WocJwtYxzY1oRKgXVuPpje0vTMEHnM\/s1600\/4FtB-bacrzg.jpg\" \/>\n<meta name=\"author\" content=\"psgfans\" \/>\n<meta name=\"twitter:card\" content=\"summary_large_image\" \/>\n<meta name=\"twitter:label1\" content=\"\u00c9crit par\" \/>\n\t<meta name=\"twitter:data1\" content=\"psgfans\" \/>\n\t<meta name=\"twitter:label2\" content=\"Dur\u00e9e de lecture estim\u00e9e\" \/>\n\t<meta name=\"twitter:data2\" content=\"1 minute\" \/>\n<script type=\"application\/ld+json\" class=\"yoast-schema-graph\">{\"@context\":\"https:\\\/\\\/schema.org\",\"@graph\":[{\"@type\":\"Article\",\"@id\":\"https:\\\/\\\/psgfans.fr\\\/?p=768#article\",\"isPartOf\":{\"@id\":\"https:\\\/\\\/psgfans.fr\\\/?p=768\"},\"author\":{\"name\":\"psgfans\",\"@id\":\"https:\\\/\\\/psgfans.fr\\\/#\\\/schema\\\/person\\\/be2237e7a0237af2f29cb344b3c55e6c\"},\"headline\":\"NASSER : \u00ab JE SUIS D\u00c9SOL\u00c9 POUR LES SUPPORTERS \u00bb\",\"datePublished\":\"2014-04-09T11:39:00+00:00\",\"mainEntityOfPage\":{\"@id\":\"https:\\\/\\\/psgfans.fr\\\/?p=768\"},\"wordCount\":199,\"commentCount\":0,\"image\":{\"@id\":\"https:\\\/\\\/psgfans.fr\\\/?p=768#primaryimage\"},\"thumbnailUrl\":\"https:\\\/\\\/blogger.googleusercontent.com\\\/img\\\/b\\\/R29vZ2xl\\\/AVvXsEjKxmVvnR90naI1toE7GiJEm5yn0XemAdLiN6GNfjbZrRf47lWq7z7VtIzQe0lSzZkDC8ETa2rdW9pUwlOVi2lJufviXFzZ0_BRKq1BPaPY4jgI2WocJwtYxzY1oRKgXVuPpje0vTMEHnM\\\/s1600\\\/4FtB-bacrzg.jpg\",\"articleSection\":[\"News\"],\"inLanguage\":\"fr-FR\",\"potentialAction\":[{\"@type\":\"CommentAction\",\"name\":\"Comment\",\"target\":[\"https:\\\/\\\/psgfans.fr\\\/?p=768#respond\"]}]},{\"@type\":\"WebPage\",\"@id\":\"https:\\\/\\\/psgfans.fr\\\/?p=768\",\"url\":\"https:\\\/\\\/psgfans.fr\\\/?p=768\",\"name\":\"NASSER : \u00ab JE SUIS D\u00c9SOL\u00c9 POUR LES SUPPORTERS \u00bb - PSG FANS\",\"isPartOf\":{\"@id\":\"https:\\\/\\\/psgfans.fr\\\/#website\"},\"primaryImageOfPage\":{\"@id\":\"https:\\\/\\\/psgfans.fr\\\/?p=768#primaryimage\"},\"image\":{\"@id\":\"https:\\\/\\\/psgfans.fr\\\/?p=768#primaryimage\"},\"thumbnailUrl\":\"https:\\\/\\\/blogger.googleusercontent.com\\\/img\\\/b\\\/R29vZ2xl\\\/AVvXsEjKxmVvnR90naI1toE7GiJEm5yn0XemAdLiN6GNfjbZrRf47lWq7z7VtIzQe0lSzZkDC8ETa2rdW9pUwlOVi2lJufviXFzZ0_BRKq1BPaPY4jgI2WocJwtYxzY1oRKgXVuPpje0vTMEHnM\\\/s1600\\\/4FtB-bacrzg.jpg\",\"datePublished\":\"2014-04-09T11:39:00+00:00\",\"author\":{\"@id\":\"https:\\\/\\\/psgfans.fr\\\/#\\\/schema\\\/person\\\/be2237e7a0237af2f29cb344b3c55e6c\"},\"breadcrumb\":{\"@id\":\"https:\\\/\\\/psgfans.fr\\\/?p=768#breadcrumb\"},\"inLanguage\":\"fr-FR\",\"potentialAction\":[{\"@type\":\"ReadAction\",\"target\":[\"https:\\\/\\\/psgfans.fr\\\/?p=768\"]}]},{\"@type\":\"ImageObject\",\"inLanguage\":\"fr-FR\",\"@id\":\"https:\\\/\\\/psgfans.fr\\\/?p=768#primaryimage\",\"url\":\"https:\\\/\\\/blogger.googleusercontent.com\\\/img\\\/b\\\/R29vZ2xl\\\/AVvXsEjKxmVvnR90naI1toE7GiJEm5yn0XemAdLiN6GNfjbZrRf47lWq7z7VtIzQe0lSzZkDC8ETa2rdW9pUwlOVi2lJufviXFzZ0_BRKq1BPaPY4jgI2WocJwtYxzY1oRKgXVuPpje0vTMEHnM\\\/s1600\\\/4FtB-bacrzg.jpg\",\"contentUrl\":\"https:\\\/\\\/blogger.googleusercontent.com\\\/img\\\/b\\\/R29vZ2xl\\\/AVvXsEjKxmVvnR90naI1toE7GiJEm5yn0XemAdLiN6GNfjbZrRf47lWq7z7VtIzQe0lSzZkDC8ETa2rdW9pUwlOVi2lJufviXFzZ0_BRKq1BPaPY4jgI2WocJwtYxzY1oRKgXVuPpje0vTMEHnM\\\/s1600\\\/4FtB-bacrzg.jpg\"},{\"@type\":\"BreadcrumbList\",\"@id\":\"https:\\\/\\\/psgfans.fr\\\/?p=768#breadcrumb\",\"itemListElement\":[{\"@type\":\"ListItem\",\"position\":1,\"name\":\"Accueil\",\"item\":\"https:\\\/\\\/psgfans.fr\\\/\"},{\"@type\":\"ListItem\",\"position\":2,\"name\":\"NASSER : \u00ab JE SUIS D\u00c9SOL\u00c9 POUR LES SUPPORTERS \u00bb\"}]},{\"@type\":\"WebSite\",\"@id\":\"https:\\\/\\\/psgfans.fr\\\/#website\",\"url\":\"https:\\\/\\\/psgfans.fr\\\/\",\"name\":\"PSG FANS\",\"description\":\"Unit\u00e9, Passion, Victoire : Au C\u0153ur du Paris Saint-Germain!\",\"potentialAction\":[{\"@type\":\"SearchAction\",\"target\":{\"@type\":\"EntryPoint\",\"urlTemplate\":\"https:\\\/\\\/psgfans.fr\\\/?s={search_term_string}\"},\"query-input\":{\"@type\":\"PropertyValueSpecification\",\"valueRequired\":true,\"valueName\":\"search_term_string\"}}],\"inLanguage\":\"fr-FR\"},{\"@type\":\"Person\",\"@id\":\"https:\\\/\\\/psgfans.fr\\\/#\\\/schema\\\/person\\\/be2237e7a0237af2f29cb344b3c55e6c\",\"name\":\"psgfans\",\"image\":{\"@type\":\"ImageObject\",\"inLanguage\":\"fr-FR\",\"@id\":\"https:\\\/\\\/secure.gravatar.com\\\/avatar\\\/?s=96&d=mm&r=g\",\"url\":\"https:\\\/\\\/secure.gravatar.com\\\/avatar\\\/?s=96&d=mm&r=g\",\"contentUrl\":\"https:\\\/\\\/secure.gravatar.com\\\/avatar\\\/?s=96&d=mm&r=g\",\"caption\":\"psgfans\"},\"url\":\"https:\\\/\\\/psgfans.fr\\\/?author=2\"}]}<\/script>\n<!-- \/ Yoast SEO plugin. -->","yoast_head_json":{"title":"NASSER : \u00ab JE SUIS D\u00c9SOL\u00c9 POUR LES SUPPORTERS \u00bb - PSG FANS","robots":{"index":"index","follow":"follow","max-snippet":"max-snippet:-1","max-image-preview":"max-image-preview:large","max-video-preview":"max-video-preview:-1"},"canonical":"https:\/\/psgfans.fr\/?p=768","og_locale":"fr_FR","og_type":"article","og_title":"NASSER : \u00ab JE SUIS D\u00c9SOL\u00c9 POUR LES SUPPORTERS \u00bb - PSG FANS","og_description":"A l\u2019issue de la d\u00e9faite et de l\u2019\u00e9limination des Parisiens lors du quart de finale retour de la Ligue des champions face \u00e0 Chelsea (2-0), le pr\u00e9sident Nasser al-Khela\u00effi a refus\u00e9 d\u2019accabler ses joueurs. Ne cherchant pas \u00e0 cacher sa d\u00e9ception, le patron du club de la capitale a eu un mot pour les supporters, [&hellip;]","og_url":"https:\/\/psgfans.fr\/?p=768","og_site_name":"PSG FANS","article_published_time":"2014-04-09T11:39:00+00:00","og_image":[{"url":"https:\/\/blogger.googleusercontent.com\/img\/b\/R29vZ2xl\/AVvXsEjKxmVvnR90naI1toE7GiJEm5yn0XemAdLiN6GNfjbZrRf47lWq7z7VtIzQe0lSzZkDC8ETa2rdW9pUwlOVi2lJufviXFzZ0_BRKq1BPaPY4jgI2WocJwtYxzY1oRKgXVuPpje0vTMEHnM\/s1600\/4FtB-bacrzg.jpg","type":"","width":"","height":""}],"author":"psgfans","twitter_card":"summary_large_image","twitter_misc":{"\u00c9crit par":"psgfans","Dur\u00e9e de lecture estim\u00e9e":"1 minute"},"schema":{"@context":"https:\/\/schema.org","@graph":[{"@type":"Article","@id":"https:\/\/psgfans.fr\/?p=768#article","isPartOf":{"@id":"https:\/\/psgfans.fr\/?p=768"},"author":{"name":"psgfans","@id":"https:\/\/psgfans.fr\/#\/schema\/person\/be2237e7a0237af2f29cb344b3c55e6c"},"headline":"NASSER : \u00ab JE SUIS D\u00c9SOL\u00c9 POUR LES SUPPORTERS \u00bb","datePublished":"2014-04-09T11:39:00+00:00","mainEntityOfPage":{"@id":"https:\/\/psgfans.fr\/?p=768"},"wordCount":199,"commentCount":0,"image":{"@id":"https:\/\/psgfans.fr\/?p=768#primaryimage"},"thumbnailUrl":"https:\/\/blogger.googleusercontent.com\/img\/b\/R29vZ2xl\/AVvXsEjKxmVvnR90naI1toE7GiJEm5yn0XemAdLiN6GNfjbZrRf47lWq7z7VtIzQe0lSzZkDC8ETa2rdW9pUwlOVi2lJufviXFzZ0_BRKq1BPaPY4jgI2WocJwtYxzY1oRKgXVuPpje0vTMEHnM\/s1600\/4FtB-bacrzg.jpg","articleSection":["News"],"inLanguage":"fr-FR","potentialAction":[{"@type":"CommentAction","name":"Comment","target":["https:\/\/psgfans.fr\/?p=768#respond"]}]},{"@type":"WebPage","@id":"https:\/\/psgfans.fr\/?p=768","url":"https:\/\/psgfans.fr\/?p=768","name":"NASSER : \u00ab JE SUIS D\u00c9SOL\u00c9 POUR LES SUPPORTERS \u00bb - PSG FANS","isPartOf":{"@id":"https:\/\/psgfans.fr\/#website"},"primaryImageOfPage":{"@id":"https:\/\/psgfans.fr\/?p=768#primaryimage"},"image":{"@id":"https:\/\/psgfans.fr\/?p=768#primaryimage"},"thumbnailUrl":"https:\/\/blogger.googleusercontent.com\/img\/b\/R29vZ2xl\/AVvXsEjKxmVvnR90naI1toE7GiJEm5yn0XemAdLiN6GNfjbZrRf47lWq7z7VtIzQe0lSzZkDC8ETa2rdW9pUwlOVi2lJufviXFzZ0_BRKq1BPaPY4jgI2WocJwtYxzY1oRKgXVuPpje0vTMEHnM\/s1600\/4FtB-bacrzg.jpg","datePublished":"2014-04-09T11:39:00+00:00","author":{"@id":"https:\/\/psgfans.fr\/#\/schema\/person\/be2237e7a0237af2f29cb344b3c55e6c"},"breadcrumb":{"@id":"https:\/\/psgfans.fr\/?p=768#breadcrumb"},"inLanguage":"fr-FR","potentialAction":[{"@type":"ReadAction","target":["https:\/\/psgfans.fr\/?p=768"]}]},{"@type":"ImageObject","inLanguage":"fr-FR","@id":"https:\/\/psgfans.fr\/?p=768#primaryimage","url":"https:\/\/blogger.googleusercontent.com\/img\/b\/R29vZ2xl\/AVvXsEjKxmVvnR90naI1toE7GiJEm5yn0XemAdLiN6GNfjbZrRf47lWq7z7VtIzQe0lSzZkDC8ETa2rdW9pUwlOVi2lJufviXFzZ0_BRKq1BPaPY4jgI2WocJwtYxzY1oRKgXVuPpje0vTMEHnM\/s1600\/4FtB-bacrzg.jpg","contentUrl":"https:\/\/blogger.googleusercontent.com\/img\/b\/R29vZ2xl\/AVvXsEjKxmVvnR90naI1toE7GiJEm5yn0XemAdLiN6GNfjbZrRf47lWq7z7VtIzQe0lSzZkDC8ETa2rdW9pUwlOVi2lJufviXFzZ0_BRKq1BPaPY4jgI2WocJwtYxzY1oRKgXVuPpje0vTMEHnM\/s1600\/4FtB-bacrzg.jpg"},{"@type":"BreadcrumbList","@id":"https:\/\/psgfans.fr\/?p=768#breadcrumb","itemListElement":[{"@type":"ListItem","position":1,"name":"Accueil","item":"https:\/\/psgfans.fr\/"},{"@type":"ListItem","position":2,"name":"NASSER : \u00ab JE SUIS D\u00c9SOL\u00c9 POUR LES SUPPORTERS \u00bb"}]},{"@type":"WebSite","@id":"https:\/\/psgfans.fr\/#website","url":"https:\/\/psgfans.fr\/","name":"PSG FANS","description":"Unit\u00e9, Passion, Victoire : Au C\u0153ur du Paris Saint-Germain!","potentialAction":[{"@type":"SearchAction","target":{"@type":"EntryPoint","urlTemplate":"https:\/\/psgfans.fr\/?s={search_term_string}"},"query-input":{"@type":"PropertyValueSpecification","valueRequired":true,"valueName":"search_term_string"}}],"inLanguage":"fr-FR"},{"@type":"Person","@id":"https:\/\/psgfans.fr\/#\/schema\/person\/be2237e7a0237af2f29cb344b3c55e6c","name":"psgfans","image":{"@type":"ImageObject","inLanguage":"fr-FR","@id":"https:\/\/secure.gravatar.com\/avatar\/?s=96&d=mm&r=g","url":"https:\/\/secure.gravatar.com\/avatar\/?s=96&d=mm&r=g","contentUrl":"https:\/\/secure.gravatar.com\/avatar\/?s=96&d=mm&r=g","caption":"psgfans"},"url":"https:\/\/psgfans.fr\/?author=2"}]}},"_links":{"self":[{"href":"https:\/\/psgfans.fr\/index.php?rest_route=\/wp\/v2\/posts\/768","targetHints":{"allow":["GET"]}}],"collection":[{"href":"https:\/\/psgfans.fr\/index.php?rest_route=\/wp\/v2\/posts"}],"about":[{"href":"https:\/\/psgfans.fr\/index.php?rest_route=\/wp\/v2\/types\/post"}],"author":[{"embeddable":true,"href":"https:\/\/psgfans.fr\/index.php?rest_route=\/wp\/v2\/users\/2"}],"replies":[{"embeddable":true,"href":"https:\/\/psgfans.fr\/index.php?rest_route=%2Fwp%2Fv2%2Fcomments&post=768"}],"version-history":[{"count":0,"href":"https:\/\/psgfans.fr\/index.php?rest_route=\/wp\/v2\/posts\/768\/revisions"}],"wp:attachment":[{"href":"https:\/\/psgfans.fr\/index.php?rest_route=%2Fwp%2Fv2%2Fmedia&parent=768"}],"wp:term":[{"taxonomy":"category","embeddable":true,"href":"https:\/\/psgfans.fr\/index.php?rest_route=%2Fwp%2Fv2%2Fcategories&post=768"},{"taxonomy":"post_tag","embeddable":true,"href":"https:\/\/psgfans.fr\/index.php?rest_route=%2Fwp%2Fv2%2Ftags&post=768"}],"curies":[{"name":"wp","href":"https:\/\/api.w.org\/{rel}","templated":true}]}}