{"id":763,"date":"2014-04-11T15:10:00","date_gmt":"2014-04-11T14:10:00","guid":{"rendered":"https:\/\/psgfans.fr\/?p=763"},"modified":"2014-04-11T15:10:00","modified_gmt":"2014-04-11T14:10:00","slug":"un-psg-pas-taille-pour-leurope","status":"publish","type":"post","link":"https:\/\/psgfans.fr\/?p=763","title":{"rendered":"Un PSG pas taill\u00e9 pour l&#39;Europe"},"content":{"rendered":"<div style=\"clear: both; text-align: center;\"><a href=\"https:\/\/blogger.googleusercontent.com\/img\/b\/R29vZ2xl\/AVvXsEgObZaJgVoCpOs5dVhxCvI0FusZ9pfql-JOppbUt5hZoHKbCnwS5OmIhkC3dMJMQyHCSPX0Yp1BIKFQUKXEm90J60d_uwpCBxGtgHYzVqju9ou6aekRHVppVyCnTig1zMT1PW4_vtg_8Pg\/s1600\/1,k,.jpg\" style=\"margin-left: 1em; margin-right: 1em;\"><img loading=\"lazy\" decoding=\"async\" border=\"0\" src=\"https:\/\/blogger.googleusercontent.com\/img\/b\/R29vZ2xl\/AVvXsEgObZaJgVoCpOs5dVhxCvI0FusZ9pfql-JOppbUt5hZoHKbCnwS5OmIhkC3dMJMQyHCSPX0Yp1BIKFQUKXEm90J60d_uwpCBxGtgHYzVqju9ou6aekRHVppVyCnTig1zMT1PW4_vtg_8Pg\/s1600\/1,k,.jpg\" height=\"200\" width=\"400\" \/><\/a><\/div>\n<p>Le Paris-Saint-Germain, \u00e9limin\u00e9 mardi 8 avril au soir en quarts de finale de la Ligue des champions par Chelsea (2-0), a avanc\u00e9 comme explication \u00e0 sa d\u00e9faite le manque d&rsquo;exp\u00e9rience de ses joueurs dans la comp\u00e9tition, \u00e9cartant un peu vite un autre point : le niveau de comp\u00e9titivit\u00e9 de la Ligue 1.<br \/>Le foss\u00e9 semblait trop difficile \u00e0 combler hier soir entre le PSG et Chelsea. Pourtant, Paris a fait bonne figure lors du match aller, mais l&rsquo;exp\u00e9rience et la ma\u00eetrise tactique des hommes de Jos\u00e9 Mourinho ont s\u00fbrement scell\u00e9 la qualification.<\/p>\n<p>Cette deuxi\u00e8me d\u00e9faite d&rsquo;affil\u00e9e en quarts de finale de la Ligue des champions, apr\u00e8s l&rsquo;\u00e9chec face \u00e0 Barcelone l&rsquo;an pass\u00e9, fait ressortir les carences du club \u00e0 ce stade de la comp\u00e9tition mais aussi les lacunes d&rsquo;un championnat incapable de fournir une opposition suffisante aux hommes de la capitale.<\/p>\n<p>D\u00c9GRADATION DU NIVEAU DE LA L1<\/p>\n<p>A six journ\u00e9es de la fin du championnat, le PSG poss\u00e8de treize points d&rsquo;avance sur son dauphin, l&rsquo;AS Monaco. Il s&rsquo;est d\u00e9j\u00e0 assur\u00e9, lors de la pr\u00e9c\u00e9dente journ\u00e9e, une qualification directe pour la prochaine C1. \u00ab On va \u00eatre champion mais on ne l&rsquo;est pas encore, on ne peut pas le proclamer \u00bb, expliquait Laurent Blanc apr\u00e8s la victoire des siens 3-0 face \u00e0 Reims le week-end dernier. Par contre, son homologue londonien, deuxi\u00e8me de Premier League, lutte chaque journ\u00e9e pour le titre contre Liverpool, Manchester City ou Arsenal.<\/p>\n<p>\u00ab Il ne suffit pas d&rsquo;acheter des joueurs \u00bb, d\u00e9clarait Carlo Ancelotti en d\u00e9but de saison, lui qui venait de quitter le PSG pour rejoindre la Liga et le Real Madrid. L&rsquo;exp\u00e9rience mais aussi la r\u00e9p\u00e9tition des matchs \u00e0 forte intensit\u00e9 sont des donn\u00e9es importantes dans les grands championnats \u00e9trangers. En France, la deuxi\u00e8me place de l&rsquo;AS Monaco, tout juste promu et d\u00e9j\u00e0 principal adversaire du PSG, est un signe de la lente d\u00e9gradation du niveau de la Ligue 1 alors que l&rsquo;Olympique lyonnais et l&rsquo;Olympique de Marseille, en difficult\u00e9 financi\u00e8re, peinent de plus en plus \u00e0 tenir leur rang au sein de l&rsquo;\u00e9lite.<\/p>\n<p>Raffaele Poli, le responsable de l&rsquo;Observatoire du football du Centre international d&rsquo;\u00e9tude du sport (CIES), dresse un \u00e9tat des lieux plus nuanc\u00e9 : \u00ab Il y a beaucoup de d\u00e9s\u00e9quilibres dans le championnat de France, mais c&rsquo;est la m\u00eame chose dans les autres championnats. Les clubs qui occupent le bas du classement en Premier League ne sont pas meilleurs que les clubs fran\u00e7ais dans la m\u00eame situation. \u00bb<\/p>\n<p>MANQUE DE JOUEURS AGUERRIS<\/p>\n<p>Laurent Blanc s&rsquo;est voulu loin de ce d\u00e9bat hier soir en conf\u00e9rence de presse. \u00ab On sait que la Ligue 1 n&rsquo;est pas la Ligue des champions, mais on ne peut pas se cacher derri\u00e8re \u00e7a \u00bb, a d\u00e9clar\u00e9 l&rsquo;entra\u00eeneur. Pour lui, l&rsquo;unique raison de cet \u00e9chec aux portes des demi-finales est le manque d&rsquo;exp\u00e9rience de son \u00e9quipe dans les grands rendez-vous, alors qu&rsquo;en face Chelsea alignait des joueurs aguerris (Cech, Terry, Lampard).<\/p>\n<p>Un constat partag\u00e9, celui-l\u00e0, par Raffaele Poli. \u00ab Le niveau de la Ligue 1 ne semble pas \u00eatre en cause dans la d\u00e9faite du PSG contre Chelsea. Selon nos \u00e9tudes, les dix derniers vainqueurs de la Ligue des champions \u00e9taient compos\u00e9s de joueurs pr\u00e9sents au club depuis quatre ans en moyenne, ce qui est le cas du club londonien mais pas encore du PSG \u00bb, commente le chercheur du CIES.<\/p>\n<p>Le directeur d&rsquo;origine italienne pr\u00e9sente m\u00eame cette mainmise parisienne sur le championnat fran\u00e7ais comme une force potentielle. \u00ab Le fait que la Ligue 1 soit domin\u00e9e par le PSG peut lui permettre de faire tourner son effectif et ainsi d&rsquo;arriver frais pour les matche \u00e0 enjeu en Ligue des champions. \u00bb<\/p>\n<p>Priv\u00e9 du dernier carr\u00e9 de la Ligue des champions, le PSG a du temps devant lui pour pr\u00e9parer la prochaine saison europ\u00e9enne. Et de l&rsquo;argent. Le 4 avril, la vente des droits de retransmission \u00e0 la t\u00e9l\u00e9vision du championnat de France pour un montant record de 748,5 millions d&rsquo;euros par an pour la p\u00e9riode 2016-2020 constitue une manne financi\u00e8re pr\u00e9cieuse, qui s&rsquo;ajoute aux 200 millions d&rsquo;euros par an vers\u00e9s par l&rsquo;office du tourisme du Qatar (QTA). Ces apports devraient permettre au club de fa\u00e7onner son \u00e9quipe et de la rendre encore plus comp\u00e9titive. Lors de la saison 2014-2015, le PSG commencera la quatri\u00e8me ann\u00e9e de son nouveau cycle.<\/p>\n<p>lemonde.fr<\/p>\n","protected":false},"excerpt":{"rendered":"<p>Le Paris-Saint-Germain, \u00e9limin\u00e9 mardi 8 avril au soir en quarts de finale de la Ligue des champions par Chelsea (2-0), a avanc\u00e9 comme explication \u00e0 sa d\u00e9faite le manque d&rsquo;exp\u00e9rience de ses joueurs dans la comp\u00e9tition, \u00e9cartant un peu vite un autre point : le niveau de comp\u00e9titivit\u00e9 de la Ligue 1.Le foss\u00e9 semblait trop [&hellip;]<\/p>\n","protected":false},"author":2,"featured_media":0,"comment_status":"open","ping_status":"open","sticky":false,"template":"","format":"standard","meta":{"footnotes":""},"categories":[3],"tags":[],"class_list":{"0":"post-763","1":"post","2":"type-post","3":"status-publish","4":"format-standard","6":"category-news"},"yoast_head":"<!-- This site is optimized with the Yoast SEO plugin v27.4 - https:\/\/yoast.com\/product\/yoast-seo-wordpress\/ -->\n<title>Un PSG pas taill\u00e9 pour l&#039;Europe - PSG FANS<\/title>\n<meta name=\"robots\" content=\"index, follow, max-snippet:-1, max-image-preview:large, max-video-preview:-1\" \/>\n<link rel=\"canonical\" href=\"https:\/\/psgfans.fr\/?p=763\" \/>\n<meta property=\"og:locale\" content=\"fr_FR\" \/>\n<meta property=\"og:type\" content=\"article\" \/>\n<meta property=\"og:title\" content=\"Un PSG pas taill\u00e9 pour l&#039;Europe - PSG FANS\" \/>\n<meta property=\"og:description\" content=\"Le Paris-Saint-Germain, \u00e9limin\u00e9 mardi 8 avril au soir en quarts de finale de la Ligue des champions par Chelsea (2-0), a avanc\u00e9 comme explication \u00e0 sa d\u00e9faite le manque d&rsquo;exp\u00e9rience de ses joueurs dans la comp\u00e9tition, \u00e9cartant un peu vite un autre point : le niveau de comp\u00e9titivit\u00e9 de la Ligue 1.Le foss\u00e9 semblait trop [&hellip;]\" \/>\n<meta property=\"og:url\" content=\"https:\/\/psgfans.fr\/?p=763\" \/>\n<meta property=\"og:site_name\" content=\"PSG FANS\" \/>\n<meta property=\"article:published_time\" content=\"2014-04-11T14:10:00+00:00\" \/>\n<meta property=\"og:image\" content=\"https:\/\/blogger.googleusercontent.com\/img\/b\/R29vZ2xl\/AVvXsEgObZaJgVoCpOs5dVhxCvI0FusZ9pfql-JOppbUt5hZoHKbCnwS5OmIhkC3dMJMQyHCSPX0Yp1BIKFQUKXEm90J60d_uwpCBxGtgHYzVqju9ou6aekRHVppVyCnTig1zMT1PW4_vtg_8Pg\/s1600\/1,k,.jpg\" \/>\n<meta name=\"author\" content=\"psgfans\" \/>\n<meta name=\"twitter:card\" content=\"summary_large_image\" \/>\n<meta name=\"twitter:label1\" content=\"\u00c9crit par\" \/>\n\t<meta name=\"twitter:data1\" content=\"psgfans\" \/>\n\t<meta name=\"twitter:label2\" content=\"Dur\u00e9e de lecture estim\u00e9e\" \/>\n\t<meta name=\"twitter:data2\" content=\"4 minutes\" \/>\n<script type=\"application\/ld+json\" class=\"yoast-schema-graph\">{\"@context\":\"https:\\\/\\\/schema.org\",\"@graph\":[{\"@type\":\"Article\",\"@id\":\"https:\\\/\\\/psgfans.fr\\\/?p=763#article\",\"isPartOf\":{\"@id\":\"https:\\\/\\\/psgfans.fr\\\/?p=763\"},\"author\":{\"name\":\"psgfans\",\"@id\":\"https:\\\/\\\/psgfans.fr\\\/#\\\/schema\\\/person\\\/be2237e7a0237af2f29cb344b3c55e6c\"},\"headline\":\"Un PSG pas taill\u00e9 pour l&#39;Europe\",\"datePublished\":\"2014-04-11T14:10:00+00:00\",\"mainEntityOfPage\":{\"@id\":\"https:\\\/\\\/psgfans.fr\\\/?p=763\"},\"wordCount\":785,\"commentCount\":0,\"image\":{\"@id\":\"https:\\\/\\\/psgfans.fr\\\/?p=763#primaryimage\"},\"thumbnailUrl\":\"https:\\\/\\\/blogger.googleusercontent.com\\\/img\\\/b\\\/R29vZ2xl\\\/AVvXsEgObZaJgVoCpOs5dVhxCvI0FusZ9pfql-JOppbUt5hZoHKbCnwS5OmIhkC3dMJMQyHCSPX0Yp1BIKFQUKXEm90J60d_uwpCBxGtgHYzVqju9ou6aekRHVppVyCnTig1zMT1PW4_vtg_8Pg\\\/s1600\\\/1,k,.jpg\",\"articleSection\":[\"News\"],\"inLanguage\":\"fr-FR\",\"potentialAction\":[{\"@type\":\"CommentAction\",\"name\":\"Comment\",\"target\":[\"https:\\\/\\\/psgfans.fr\\\/?p=763#respond\"]}]},{\"@type\":\"WebPage\",\"@id\":\"https:\\\/\\\/psgfans.fr\\\/?p=763\",\"url\":\"https:\\\/\\\/psgfans.fr\\\/?p=763\",\"name\":\"Un PSG pas taill\u00e9 pour l&#39;Europe - PSG FANS\",\"isPartOf\":{\"@id\":\"https:\\\/\\\/psgfans.fr\\\/#website\"},\"primaryImageOfPage\":{\"@id\":\"https:\\\/\\\/psgfans.fr\\\/?p=763#primaryimage\"},\"image\":{\"@id\":\"https:\\\/\\\/psgfans.fr\\\/?p=763#primaryimage\"},\"thumbnailUrl\":\"https:\\\/\\\/blogger.googleusercontent.com\\\/img\\\/b\\\/R29vZ2xl\\\/AVvXsEgObZaJgVoCpOs5dVhxCvI0FusZ9pfql-JOppbUt5hZoHKbCnwS5OmIhkC3dMJMQyHCSPX0Yp1BIKFQUKXEm90J60d_uwpCBxGtgHYzVqju9ou6aekRHVppVyCnTig1zMT1PW4_vtg_8Pg\\\/s1600\\\/1,k,.jpg\",\"datePublished\":\"2014-04-11T14:10:00+00:00\",\"author\":{\"@id\":\"https:\\\/\\\/psgfans.fr\\\/#\\\/schema\\\/person\\\/be2237e7a0237af2f29cb344b3c55e6c\"},\"breadcrumb\":{\"@id\":\"https:\\\/\\\/psgfans.fr\\\/?p=763#breadcrumb\"},\"inLanguage\":\"fr-FR\",\"potentialAction\":[{\"@type\":\"ReadAction\",\"target\":[\"https:\\\/\\\/psgfans.fr\\\/?p=763\"]}]},{\"@type\":\"ImageObject\",\"inLanguage\":\"fr-FR\",\"@id\":\"https:\\\/\\\/psgfans.fr\\\/?p=763#primaryimage\",\"url\":\"https:\\\/\\\/blogger.googleusercontent.com\\\/img\\\/b\\\/R29vZ2xl\\\/AVvXsEgObZaJgVoCpOs5dVhxCvI0FusZ9pfql-JOppbUt5hZoHKbCnwS5OmIhkC3dMJMQyHCSPX0Yp1BIKFQUKXEm90J60d_uwpCBxGtgHYzVqju9ou6aekRHVppVyCnTig1zMT1PW4_vtg_8Pg\\\/s1600\\\/1,k,.jpg\",\"contentUrl\":\"https:\\\/\\\/blogger.googleusercontent.com\\\/img\\\/b\\\/R29vZ2xl\\\/AVvXsEgObZaJgVoCpOs5dVhxCvI0FusZ9pfql-JOppbUt5hZoHKbCnwS5OmIhkC3dMJMQyHCSPX0Yp1BIKFQUKXEm90J60d_uwpCBxGtgHYzVqju9ou6aekRHVppVyCnTig1zMT1PW4_vtg_8Pg\\\/s1600\\\/1,k,.jpg\"},{\"@type\":\"BreadcrumbList\",\"@id\":\"https:\\\/\\\/psgfans.fr\\\/?p=763#breadcrumb\",\"itemListElement\":[{\"@type\":\"ListItem\",\"position\":1,\"name\":\"Accueil\",\"item\":\"https:\\\/\\\/psgfans.fr\\\/\"},{\"@type\":\"ListItem\",\"position\":2,\"name\":\"Un PSG pas taill\u00e9 pour l&#39;Europe\"}]},{\"@type\":\"WebSite\",\"@id\":\"https:\\\/\\\/psgfans.fr\\\/#website\",\"url\":\"https:\\\/\\\/psgfans.fr\\\/\",\"name\":\"PSG FANS\",\"description\":\"Unit\u00e9, Passion, Victoire : Au C\u0153ur du Paris Saint-Germain!\",\"potentialAction\":[{\"@type\":\"SearchAction\",\"target\":{\"@type\":\"EntryPoint\",\"urlTemplate\":\"https:\\\/\\\/psgfans.fr\\\/?s={search_term_string}\"},\"query-input\":{\"@type\":\"PropertyValueSpecification\",\"valueRequired\":true,\"valueName\":\"search_term_string\"}}],\"inLanguage\":\"fr-FR\"},{\"@type\":\"Person\",\"@id\":\"https:\\\/\\\/psgfans.fr\\\/#\\\/schema\\\/person\\\/be2237e7a0237af2f29cb344b3c55e6c\",\"name\":\"psgfans\",\"image\":{\"@type\":\"ImageObject\",\"inLanguage\":\"fr-FR\",\"@id\":\"https:\\\/\\\/secure.gravatar.com\\\/avatar\\\/?s=96&d=mm&r=g\",\"url\":\"https:\\\/\\\/secure.gravatar.com\\\/avatar\\\/?s=96&d=mm&r=g\",\"contentUrl\":\"https:\\\/\\\/secure.gravatar.com\\\/avatar\\\/?s=96&d=mm&r=g\",\"caption\":\"psgfans\"},\"url\":\"https:\\\/\\\/psgfans.fr\\\/?author=2\"}]}<\/script>\n<!-- \/ Yoast SEO plugin. -->","yoast_head_json":{"title":"Un PSG pas taill\u00e9 pour l&#39;Europe - PSG FANS","robots":{"index":"index","follow":"follow","max-snippet":"max-snippet:-1","max-image-preview":"max-image-preview:large","max-video-preview":"max-video-preview:-1"},"canonical":"https:\/\/psgfans.fr\/?p=763","og_locale":"fr_FR","og_type":"article","og_title":"Un PSG pas taill\u00e9 pour l&#39;Europe - PSG FANS","og_description":"Le Paris-Saint-Germain, \u00e9limin\u00e9 mardi 8 avril au soir en quarts de finale de la Ligue des champions par Chelsea (2-0), a avanc\u00e9 comme explication \u00e0 sa d\u00e9faite le manque d&rsquo;exp\u00e9rience de ses joueurs dans la comp\u00e9tition, \u00e9cartant un peu vite un autre point : le niveau de comp\u00e9titivit\u00e9 de la Ligue 1.Le foss\u00e9 semblait trop [&hellip;]","og_url":"https:\/\/psgfans.fr\/?p=763","og_site_name":"PSG FANS","article_published_time":"2014-04-11T14:10:00+00:00","og_image":[{"url":"https:\/\/blogger.googleusercontent.com\/img\/b\/R29vZ2xl\/AVvXsEgObZaJgVoCpOs5dVhxCvI0FusZ9pfql-JOppbUt5hZoHKbCnwS5OmIhkC3dMJMQyHCSPX0Yp1BIKFQUKXEm90J60d_uwpCBxGtgHYzVqju9ou6aekRHVppVyCnTig1zMT1PW4_vtg_8Pg\/s1600\/1,k,.jpg","type":"","width":"","height":""}],"author":"psgfans","twitter_card":"summary_large_image","twitter_misc":{"\u00c9crit par":"psgfans","Dur\u00e9e de lecture estim\u00e9e":"4 minutes"},"schema":{"@context":"https:\/\/schema.org","@graph":[{"@type":"Article","@id":"https:\/\/psgfans.fr\/?p=763#article","isPartOf":{"@id":"https:\/\/psgfans.fr\/?p=763"},"author":{"name":"psgfans","@id":"https:\/\/psgfans.fr\/#\/schema\/person\/be2237e7a0237af2f29cb344b3c55e6c"},"headline":"Un PSG pas taill\u00e9 pour l&#39;Europe","datePublished":"2014-04-11T14:10:00+00:00","mainEntityOfPage":{"@id":"https:\/\/psgfans.fr\/?p=763"},"wordCount":785,"commentCount":0,"image":{"@id":"https:\/\/psgfans.fr\/?p=763#primaryimage"},"thumbnailUrl":"https:\/\/blogger.googleusercontent.com\/img\/b\/R29vZ2xl\/AVvXsEgObZaJgVoCpOs5dVhxCvI0FusZ9pfql-JOppbUt5hZoHKbCnwS5OmIhkC3dMJMQyHCSPX0Yp1BIKFQUKXEm90J60d_uwpCBxGtgHYzVqju9ou6aekRHVppVyCnTig1zMT1PW4_vtg_8Pg\/s1600\/1,k,.jpg","articleSection":["News"],"inLanguage":"fr-FR","potentialAction":[{"@type":"CommentAction","name":"Comment","target":["https:\/\/psgfans.fr\/?p=763#respond"]}]},{"@type":"WebPage","@id":"https:\/\/psgfans.fr\/?p=763","url":"https:\/\/psgfans.fr\/?p=763","name":"Un PSG pas taill\u00e9 pour l&#39;Europe - PSG FANS","isPartOf":{"@id":"https:\/\/psgfans.fr\/#website"},"primaryImageOfPage":{"@id":"https:\/\/psgfans.fr\/?p=763#primaryimage"},"image":{"@id":"https:\/\/psgfans.fr\/?p=763#primaryimage"},"thumbnailUrl":"https:\/\/blogger.googleusercontent.com\/img\/b\/R29vZ2xl\/AVvXsEgObZaJgVoCpOs5dVhxCvI0FusZ9pfql-JOppbUt5hZoHKbCnwS5OmIhkC3dMJMQyHCSPX0Yp1BIKFQUKXEm90J60d_uwpCBxGtgHYzVqju9ou6aekRHVppVyCnTig1zMT1PW4_vtg_8Pg\/s1600\/1,k,.jpg","datePublished":"2014-04-11T14:10:00+00:00","author":{"@id":"https:\/\/psgfans.fr\/#\/schema\/person\/be2237e7a0237af2f29cb344b3c55e6c"},"breadcrumb":{"@id":"https:\/\/psgfans.fr\/?p=763#breadcrumb"},"inLanguage":"fr-FR","potentialAction":[{"@type":"ReadAction","target":["https:\/\/psgfans.fr\/?p=763"]}]},{"@type":"ImageObject","inLanguage":"fr-FR","@id":"https:\/\/psgfans.fr\/?p=763#primaryimage","url":"https:\/\/blogger.googleusercontent.com\/img\/b\/R29vZ2xl\/AVvXsEgObZaJgVoCpOs5dVhxCvI0FusZ9pfql-JOppbUt5hZoHKbCnwS5OmIhkC3dMJMQyHCSPX0Yp1BIKFQUKXEm90J60d_uwpCBxGtgHYzVqju9ou6aekRHVppVyCnTig1zMT1PW4_vtg_8Pg\/s1600\/1,k,.jpg","contentUrl":"https:\/\/blogger.googleusercontent.com\/img\/b\/R29vZ2xl\/AVvXsEgObZaJgVoCpOs5dVhxCvI0FusZ9pfql-JOppbUt5hZoHKbCnwS5OmIhkC3dMJMQyHCSPX0Yp1BIKFQUKXEm90J60d_uwpCBxGtgHYzVqju9ou6aekRHVppVyCnTig1zMT1PW4_vtg_8Pg\/s1600\/1,k,.jpg"},{"@type":"BreadcrumbList","@id":"https:\/\/psgfans.fr\/?p=763#breadcrumb","itemListElement":[{"@type":"ListItem","position":1,"name":"Accueil","item":"https:\/\/psgfans.fr\/"},{"@type":"ListItem","position":2,"name":"Un PSG pas taill\u00e9 pour l&#39;Europe"}]},{"@type":"WebSite","@id":"https:\/\/psgfans.fr\/#website","url":"https:\/\/psgfans.fr\/","name":"PSG FANS","description":"Unit\u00e9, Passion, Victoire : Au C\u0153ur du Paris Saint-Germain!","potentialAction":[{"@type":"SearchAction","target":{"@type":"EntryPoint","urlTemplate":"https:\/\/psgfans.fr\/?s={search_term_string}"},"query-input":{"@type":"PropertyValueSpecification","valueRequired":true,"valueName":"search_term_string"}}],"inLanguage":"fr-FR"},{"@type":"Person","@id":"https:\/\/psgfans.fr\/#\/schema\/person\/be2237e7a0237af2f29cb344b3c55e6c","name":"psgfans","image":{"@type":"ImageObject","inLanguage":"fr-FR","@id":"https:\/\/secure.gravatar.com\/avatar\/?s=96&d=mm&r=g","url":"https:\/\/secure.gravatar.com\/avatar\/?s=96&d=mm&r=g","contentUrl":"https:\/\/secure.gravatar.com\/avatar\/?s=96&d=mm&r=g","caption":"psgfans"},"url":"https:\/\/psgfans.fr\/?author=2"}]}},"_links":{"self":[{"href":"https:\/\/psgfans.fr\/index.php?rest_route=\/wp\/v2\/posts\/763","targetHints":{"allow":["GET"]}}],"collection":[{"href":"https:\/\/psgfans.fr\/index.php?rest_route=\/wp\/v2\/posts"}],"about":[{"href":"https:\/\/psgfans.fr\/index.php?rest_route=\/wp\/v2\/types\/post"}],"author":[{"embeddable":true,"href":"https:\/\/psgfans.fr\/index.php?rest_route=\/wp\/v2\/users\/2"}],"replies":[{"embeddable":true,"href":"https:\/\/psgfans.fr\/index.php?rest_route=%2Fwp%2Fv2%2Fcomments&post=763"}],"version-history":[{"count":0,"href":"https:\/\/psgfans.fr\/index.php?rest_route=\/wp\/v2\/posts\/763\/revisions"}],"wp:attachment":[{"href":"https:\/\/psgfans.fr\/index.php?rest_route=%2Fwp%2Fv2%2Fmedia&parent=763"}],"wp:term":[{"taxonomy":"category","embeddable":true,"href":"https:\/\/psgfans.fr\/index.php?rest_route=%2Fwp%2Fv2%2Fcategories&post=763"},{"taxonomy":"post_tag","embeddable":true,"href":"https:\/\/psgfans.fr\/index.php?rest_route=%2Fwp%2Fv2%2Ftags&post=763"}],"curies":[{"name":"wp","href":"https:\/\/api.w.org\/{rel}","templated":true}]}}