{"id":762,"date":"2014-04-11T15:15:00","date_gmt":"2014-04-11T14:15:00","guid":{"rendered":"https:\/\/psgfans.fr\/?p=762"},"modified":"2014-04-11T15:15:00","modified_gmt":"2014-04-11T14:15:00","slug":"paris-ne-sen-est-toujours-pas-remis","status":"publish","type":"post","link":"https:\/\/psgfans.fr\/?p=762","title":{"rendered":"PARIS NE S\u2019EN EST TOUJOURS PAS REMIS"},"content":{"rendered":"<div style=\"clear: both; text-align: center;\"><a href=\"https:\/\/blogger.googleusercontent.com\/img\/b\/R29vZ2xl\/AVvXsEhV6k3Ef8OW5uvz9jV3js0lW-D126wefGLEATrBOuDlww9ygcexdf_zuui3mKvSeMAfz0mX3cMb3gHWWIlpwn5e5bw2NPR6rdkWp4shgiONjw30vH7jG-hl_rnHsdv-lRm-NLyXgQE0GOc\/s1600\/1,k,.jpg\" style=\"margin-left: 1em; margin-right: 1em;\"><img loading=\"lazy\" decoding=\"async\" border=\"0\" src=\"https:\/\/blogger.googleusercontent.com\/img\/b\/R29vZ2xl\/AVvXsEhV6k3Ef8OW5uvz9jV3js0lW-D126wefGLEATrBOuDlww9ygcexdf_zuui3mKvSeMAfz0mX3cMb3gHWWIlpwn5e5bw2NPR6rdkWp4shgiONjw30vH7jG-hl_rnHsdv-lRm-NLyXgQE0GOc\/s1600\/1,k,.jpg\" height=\"276\" width=\"400\" \/><\/a><\/div>\n<p>Ambiance lourde, pesante et surtout tr\u00e8s morose dans l\u2019avion du retour de Chelsea. Pas mieux ce jeudi pour le retour des Parisiens \u00e0 l\u2019entra\u00eenement, apr\u00e8s la fameuse journ\u00e9e de repos d\u00e9cr\u00e9t\u00e9e au pied lev\u00e9. Bref, le PSG ne va pas mieux. D\u2019ailleurs, aucun signe v\u00e9ritable d\u2019am\u00e9lioration n\u2019\u00e9tait visible sur la pelouse du Camp des Loges, autour duquel l\u2019ambiance \u00e9tait encore tendue. Ce sont des Parisiens toujours tr\u00e8s marqu\u00e9s par leur revers londonien qui se sont pr\u00e9sent\u00e9s \u00e0 l\u2019entra\u00eenement. \u00ab Les joueurs ont encore la t\u00eate dans le sac, c\u2019est impressionnant, ils sont vraiment touch\u00e9s, c\u2019est dur \u00bb, a notamment confi\u00e9 une source proche du club \u00e0 &nbsp;RMC Sport. Une attitude qui a l\u00e9g\u00e8rement surpris Laurent Blanc. Mais l\u2019entra\u00eeneur du PSG a, aussi, appr\u00e9ci\u00e9 de voir ses troupes aussi impliqu\u00e9es par cette rencontre.<\/p>\n<p>Le C\u00e9venol a revu ses plans pour l\u2019entra\u00eenement du jour, en laissant notamment beaucoup de libert\u00e9s \u00e0 ses joueurs. Toujours selon la m\u00eame source, \u00ab les joueurs ont touch\u00e9 un peu le ballon pour se changer les id\u00e9es, mais vraiment sans conviction. Histoire d\u2019oublier. Ils ont effectu\u00e9 des frappes sur les gardiens, ainsi que des petits toros. Pas de travail tactique, juste du plaisir, pour essayer de retrouver le sourire. \u00bb Un sourire que l\u2019on n\u2019a pas vu sur le visage de Zlatan Ibrahimovic. Et pour cause : la star su\u00e9doise, toujours bless\u00e9e (l\u00e9sion musculaire au niveau du biceps f\u00e9moral droit contract\u00e9e \u00e0 l\u2019aller contre Chelsea), est rentr\u00e9, en accord avec le PSG, en Su\u00e8de ce mercredi afin d\u2019y poursuivre son programme de soins.<\/p>\n<p><b>Thiago Silva encore tr\u00e8s marqu\u00e9<\/b><br \/>Un sourire que l\u2019on n\u2019a pas vu non plus chez Thiago Silva. 48 heures apr\u00e8s la d\u00e9sillusion de Stamford Bridge, le Br\u00e9silien reste encore tr\u00e8s marqu\u00e9. Le capitaine est celui qui a le moins bien accept\u00e9 la d\u00e9faite des Parisiens. Chez lui, la d\u00e9ception n\u2019est toujours pas pass\u00e9e et il l\u2019a fait savoir encore ce jeudi \u00e0 certains de ses co\u00e9quipiers. Et le staff ? Idem. Face \u00e0 cette ambiance, les adjoints de Laurent Blanc ont sembl\u00e9 aussi d\u00e9sorient\u00e9s que leurs joueurs. Pourtant, il va bien falloir que le PSG reprenne ses esprits et fasse disparaitre ce sentiment de tristesse. Avant dimanche notamment et le choc contre l\u2019OL. A l\u2019issue de ce d\u00e9placement dans le Rh\u00f4ne, Paris pourrait bien \u00eatre sacr\u00e9 champion pour la 2e fois cons\u00e9cutive. A condition que Monaco s\u2019incline \u00e0 Rennes\u2026 et qu\u2019il l\u2019emporte \u00e0 Lyon. Avec toute sa t\u00eate.<\/p>\n","protected":false},"excerpt":{"rendered":"<p>Ambiance lourde, pesante et surtout tr\u00e8s morose dans l\u2019avion du retour de Chelsea. Pas mieux ce jeudi pour le retour des Parisiens \u00e0 l\u2019entra\u00eenement, apr\u00e8s la fameuse journ\u00e9e de repos d\u00e9cr\u00e9t\u00e9e au pied lev\u00e9. Bref, le PSG ne va pas mieux. D\u2019ailleurs, aucun signe v\u00e9ritable d\u2019am\u00e9lioration n\u2019\u00e9tait visible sur la pelouse du Camp des Loges, [&hellip;]<\/p>\n","protected":false},"author":2,"featured_media":0,"comment_status":"open","ping_status":"open","sticky":false,"template":"","format":"standard","meta":{"footnotes":""},"categories":[3],"tags":[],"class_list":{"0":"post-762","1":"post","2":"type-post","3":"status-publish","4":"format-standard","6":"category-news"},"yoast_head":"<!-- This site is optimized with the Yoast SEO plugin v27.4 - https:\/\/yoast.com\/product\/yoast-seo-wordpress\/ -->\n<title>PARIS NE S\u2019EN EST TOUJOURS PAS REMIS - PSG FANS<\/title>\n<meta name=\"robots\" content=\"index, follow, max-snippet:-1, max-image-preview:large, max-video-preview:-1\" \/>\n<link rel=\"canonical\" href=\"https:\/\/psgfans.fr\/?p=762\" \/>\n<meta property=\"og:locale\" content=\"fr_FR\" \/>\n<meta property=\"og:type\" content=\"article\" \/>\n<meta property=\"og:title\" content=\"PARIS NE S\u2019EN EST TOUJOURS PAS REMIS - PSG FANS\" \/>\n<meta property=\"og:description\" content=\"Ambiance lourde, pesante et surtout tr\u00e8s morose dans l\u2019avion du retour de Chelsea. Pas mieux ce jeudi pour le retour des Parisiens \u00e0 l\u2019entra\u00eenement, apr\u00e8s la fameuse journ\u00e9e de repos d\u00e9cr\u00e9t\u00e9e au pied lev\u00e9. Bref, le PSG ne va pas mieux. D\u2019ailleurs, aucun signe v\u00e9ritable d\u2019am\u00e9lioration n\u2019\u00e9tait visible sur la pelouse du Camp des Loges, [&hellip;]\" \/>\n<meta property=\"og:url\" content=\"https:\/\/psgfans.fr\/?p=762\" \/>\n<meta property=\"og:site_name\" content=\"PSG FANS\" \/>\n<meta property=\"article:published_time\" content=\"2014-04-11T14:15:00+00:00\" \/>\n<meta property=\"og:image\" content=\"https:\/\/blogger.googleusercontent.com\/img\/b\/R29vZ2xl\/AVvXsEhV6k3Ef8OW5uvz9jV3js0lW-D126wefGLEATrBOuDlww9ygcexdf_zuui3mKvSeMAfz0mX3cMb3gHWWIlpwn5e5bw2NPR6rdkWp4shgiONjw30vH7jG-hl_rnHsdv-lRm-NLyXgQE0GOc\/s1600\/1,k,.jpg\" \/>\n<meta name=\"author\" content=\"psgfans\" \/>\n<meta name=\"twitter:card\" content=\"summary_large_image\" \/>\n<meta name=\"twitter:label1\" content=\"\u00c9crit par\" \/>\n\t<meta name=\"twitter:data1\" content=\"psgfans\" \/>\n\t<meta name=\"twitter:label2\" content=\"Dur\u00e9e de lecture estim\u00e9e\" \/>\n\t<meta name=\"twitter:data2\" content=\"2 minutes\" \/>\n<script type=\"application\/ld+json\" class=\"yoast-schema-graph\">{\"@context\":\"https:\\\/\\\/schema.org\",\"@graph\":[{\"@type\":\"Article\",\"@id\":\"https:\\\/\\\/psgfans.fr\\\/?p=762#article\",\"isPartOf\":{\"@id\":\"https:\\\/\\\/psgfans.fr\\\/?p=762\"},\"author\":{\"name\":\"psgfans\",\"@id\":\"https:\\\/\\\/psgfans.fr\\\/#\\\/schema\\\/person\\\/be2237e7a0237af2f29cb344b3c55e6c\"},\"headline\":\"PARIS NE S\u2019EN EST TOUJOURS PAS REMIS\",\"datePublished\":\"2014-04-11T14:15:00+00:00\",\"mainEntityOfPage\":{\"@id\":\"https:\\\/\\\/psgfans.fr\\\/?p=762\"},\"wordCount\":469,\"commentCount\":0,\"image\":{\"@id\":\"https:\\\/\\\/psgfans.fr\\\/?p=762#primaryimage\"},\"thumbnailUrl\":\"https:\\\/\\\/blogger.googleusercontent.com\\\/img\\\/b\\\/R29vZ2xl\\\/AVvXsEhV6k3Ef8OW5uvz9jV3js0lW-D126wefGLEATrBOuDlww9ygcexdf_zuui3mKvSeMAfz0mX3cMb3gHWWIlpwn5e5bw2NPR6rdkWp4shgiONjw30vH7jG-hl_rnHsdv-lRm-NLyXgQE0GOc\\\/s1600\\\/1,k,.jpg\",\"articleSection\":[\"News\"],\"inLanguage\":\"fr-FR\",\"potentialAction\":[{\"@type\":\"CommentAction\",\"name\":\"Comment\",\"target\":[\"https:\\\/\\\/psgfans.fr\\\/?p=762#respond\"]}]},{\"@type\":\"WebPage\",\"@id\":\"https:\\\/\\\/psgfans.fr\\\/?p=762\",\"url\":\"https:\\\/\\\/psgfans.fr\\\/?p=762\",\"name\":\"PARIS NE S\u2019EN EST TOUJOURS PAS REMIS - PSG FANS\",\"isPartOf\":{\"@id\":\"https:\\\/\\\/psgfans.fr\\\/#website\"},\"primaryImageOfPage\":{\"@id\":\"https:\\\/\\\/psgfans.fr\\\/?p=762#primaryimage\"},\"image\":{\"@id\":\"https:\\\/\\\/psgfans.fr\\\/?p=762#primaryimage\"},\"thumbnailUrl\":\"https:\\\/\\\/blogger.googleusercontent.com\\\/img\\\/b\\\/R29vZ2xl\\\/AVvXsEhV6k3Ef8OW5uvz9jV3js0lW-D126wefGLEATrBOuDlww9ygcexdf_zuui3mKvSeMAfz0mX3cMb3gHWWIlpwn5e5bw2NPR6rdkWp4shgiONjw30vH7jG-hl_rnHsdv-lRm-NLyXgQE0GOc\\\/s1600\\\/1,k,.jpg\",\"datePublished\":\"2014-04-11T14:15:00+00:00\",\"author\":{\"@id\":\"https:\\\/\\\/psgfans.fr\\\/#\\\/schema\\\/person\\\/be2237e7a0237af2f29cb344b3c55e6c\"},\"breadcrumb\":{\"@id\":\"https:\\\/\\\/psgfans.fr\\\/?p=762#breadcrumb\"},\"inLanguage\":\"fr-FR\",\"potentialAction\":[{\"@type\":\"ReadAction\",\"target\":[\"https:\\\/\\\/psgfans.fr\\\/?p=762\"]}]},{\"@type\":\"ImageObject\",\"inLanguage\":\"fr-FR\",\"@id\":\"https:\\\/\\\/psgfans.fr\\\/?p=762#primaryimage\",\"url\":\"https:\\\/\\\/blogger.googleusercontent.com\\\/img\\\/b\\\/R29vZ2xl\\\/AVvXsEhV6k3Ef8OW5uvz9jV3js0lW-D126wefGLEATrBOuDlww9ygcexdf_zuui3mKvSeMAfz0mX3cMb3gHWWIlpwn5e5bw2NPR6rdkWp4shgiONjw30vH7jG-hl_rnHsdv-lRm-NLyXgQE0GOc\\\/s1600\\\/1,k,.jpg\",\"contentUrl\":\"https:\\\/\\\/blogger.googleusercontent.com\\\/img\\\/b\\\/R29vZ2xl\\\/AVvXsEhV6k3Ef8OW5uvz9jV3js0lW-D126wefGLEATrBOuDlww9ygcexdf_zuui3mKvSeMAfz0mX3cMb3gHWWIlpwn5e5bw2NPR6rdkWp4shgiONjw30vH7jG-hl_rnHsdv-lRm-NLyXgQE0GOc\\\/s1600\\\/1,k,.jpg\"},{\"@type\":\"BreadcrumbList\",\"@id\":\"https:\\\/\\\/psgfans.fr\\\/?p=762#breadcrumb\",\"itemListElement\":[{\"@type\":\"ListItem\",\"position\":1,\"name\":\"Accueil\",\"item\":\"https:\\\/\\\/psgfans.fr\\\/\"},{\"@type\":\"ListItem\",\"position\":2,\"name\":\"PARIS NE S\u2019EN EST TOUJOURS PAS REMIS\"}]},{\"@type\":\"WebSite\",\"@id\":\"https:\\\/\\\/psgfans.fr\\\/#website\",\"url\":\"https:\\\/\\\/psgfans.fr\\\/\",\"name\":\"PSG FANS\",\"description\":\"Unit\u00e9, Passion, Victoire : Au C\u0153ur du Paris Saint-Germain!\",\"potentialAction\":[{\"@type\":\"SearchAction\",\"target\":{\"@type\":\"EntryPoint\",\"urlTemplate\":\"https:\\\/\\\/psgfans.fr\\\/?s={search_term_string}\"},\"query-input\":{\"@type\":\"PropertyValueSpecification\",\"valueRequired\":true,\"valueName\":\"search_term_string\"}}],\"inLanguage\":\"fr-FR\"},{\"@type\":\"Person\",\"@id\":\"https:\\\/\\\/psgfans.fr\\\/#\\\/schema\\\/person\\\/be2237e7a0237af2f29cb344b3c55e6c\",\"name\":\"psgfans\",\"image\":{\"@type\":\"ImageObject\",\"inLanguage\":\"fr-FR\",\"@id\":\"https:\\\/\\\/secure.gravatar.com\\\/avatar\\\/?s=96&d=mm&r=g\",\"url\":\"https:\\\/\\\/secure.gravatar.com\\\/avatar\\\/?s=96&d=mm&r=g\",\"contentUrl\":\"https:\\\/\\\/secure.gravatar.com\\\/avatar\\\/?s=96&d=mm&r=g\",\"caption\":\"psgfans\"},\"url\":\"https:\\\/\\\/psgfans.fr\\\/?author=2\"}]}<\/script>\n<!-- \/ Yoast SEO plugin. -->","yoast_head_json":{"title":"PARIS NE S\u2019EN EST TOUJOURS PAS REMIS - PSG FANS","robots":{"index":"index","follow":"follow","max-snippet":"max-snippet:-1","max-image-preview":"max-image-preview:large","max-video-preview":"max-video-preview:-1"},"canonical":"https:\/\/psgfans.fr\/?p=762","og_locale":"fr_FR","og_type":"article","og_title":"PARIS NE S\u2019EN EST TOUJOURS PAS REMIS - PSG FANS","og_description":"Ambiance lourde, pesante et surtout tr\u00e8s morose dans l\u2019avion du retour de Chelsea. Pas mieux ce jeudi pour le retour des Parisiens \u00e0 l\u2019entra\u00eenement, apr\u00e8s la fameuse journ\u00e9e de repos d\u00e9cr\u00e9t\u00e9e au pied lev\u00e9. Bref, le PSG ne va pas mieux. D\u2019ailleurs, aucun signe v\u00e9ritable d\u2019am\u00e9lioration n\u2019\u00e9tait visible sur la pelouse du Camp des Loges, [&hellip;]","og_url":"https:\/\/psgfans.fr\/?p=762","og_site_name":"PSG FANS","article_published_time":"2014-04-11T14:15:00+00:00","og_image":[{"url":"https:\/\/blogger.googleusercontent.com\/img\/b\/R29vZ2xl\/AVvXsEhV6k3Ef8OW5uvz9jV3js0lW-D126wefGLEATrBOuDlww9ygcexdf_zuui3mKvSeMAfz0mX3cMb3gHWWIlpwn5e5bw2NPR6rdkWp4shgiONjw30vH7jG-hl_rnHsdv-lRm-NLyXgQE0GOc\/s1600\/1,k,.jpg","type":"","width":"","height":""}],"author":"psgfans","twitter_card":"summary_large_image","twitter_misc":{"\u00c9crit par":"psgfans","Dur\u00e9e de lecture estim\u00e9e":"2 minutes"},"schema":{"@context":"https:\/\/schema.org","@graph":[{"@type":"Article","@id":"https:\/\/psgfans.fr\/?p=762#article","isPartOf":{"@id":"https:\/\/psgfans.fr\/?p=762"},"author":{"name":"psgfans","@id":"https:\/\/psgfans.fr\/#\/schema\/person\/be2237e7a0237af2f29cb344b3c55e6c"},"headline":"PARIS NE S\u2019EN EST TOUJOURS PAS REMIS","datePublished":"2014-04-11T14:15:00+00:00","mainEntityOfPage":{"@id":"https:\/\/psgfans.fr\/?p=762"},"wordCount":469,"commentCount":0,"image":{"@id":"https:\/\/psgfans.fr\/?p=762#primaryimage"},"thumbnailUrl":"https:\/\/blogger.googleusercontent.com\/img\/b\/R29vZ2xl\/AVvXsEhV6k3Ef8OW5uvz9jV3js0lW-D126wefGLEATrBOuDlww9ygcexdf_zuui3mKvSeMAfz0mX3cMb3gHWWIlpwn5e5bw2NPR6rdkWp4shgiONjw30vH7jG-hl_rnHsdv-lRm-NLyXgQE0GOc\/s1600\/1,k,.jpg","articleSection":["News"],"inLanguage":"fr-FR","potentialAction":[{"@type":"CommentAction","name":"Comment","target":["https:\/\/psgfans.fr\/?p=762#respond"]}]},{"@type":"WebPage","@id":"https:\/\/psgfans.fr\/?p=762","url":"https:\/\/psgfans.fr\/?p=762","name":"PARIS NE S\u2019EN EST TOUJOURS PAS REMIS - PSG FANS","isPartOf":{"@id":"https:\/\/psgfans.fr\/#website"},"primaryImageOfPage":{"@id":"https:\/\/psgfans.fr\/?p=762#primaryimage"},"image":{"@id":"https:\/\/psgfans.fr\/?p=762#primaryimage"},"thumbnailUrl":"https:\/\/blogger.googleusercontent.com\/img\/b\/R29vZ2xl\/AVvXsEhV6k3Ef8OW5uvz9jV3js0lW-D126wefGLEATrBOuDlww9ygcexdf_zuui3mKvSeMAfz0mX3cMb3gHWWIlpwn5e5bw2NPR6rdkWp4shgiONjw30vH7jG-hl_rnHsdv-lRm-NLyXgQE0GOc\/s1600\/1,k,.jpg","datePublished":"2014-04-11T14:15:00+00:00","author":{"@id":"https:\/\/psgfans.fr\/#\/schema\/person\/be2237e7a0237af2f29cb344b3c55e6c"},"breadcrumb":{"@id":"https:\/\/psgfans.fr\/?p=762#breadcrumb"},"inLanguage":"fr-FR","potentialAction":[{"@type":"ReadAction","target":["https:\/\/psgfans.fr\/?p=762"]}]},{"@type":"ImageObject","inLanguage":"fr-FR","@id":"https:\/\/psgfans.fr\/?p=762#primaryimage","url":"https:\/\/blogger.googleusercontent.com\/img\/b\/R29vZ2xl\/AVvXsEhV6k3Ef8OW5uvz9jV3js0lW-D126wefGLEATrBOuDlww9ygcexdf_zuui3mKvSeMAfz0mX3cMb3gHWWIlpwn5e5bw2NPR6rdkWp4shgiONjw30vH7jG-hl_rnHsdv-lRm-NLyXgQE0GOc\/s1600\/1,k,.jpg","contentUrl":"https:\/\/blogger.googleusercontent.com\/img\/b\/R29vZ2xl\/AVvXsEhV6k3Ef8OW5uvz9jV3js0lW-D126wefGLEATrBOuDlww9ygcexdf_zuui3mKvSeMAfz0mX3cMb3gHWWIlpwn5e5bw2NPR6rdkWp4shgiONjw30vH7jG-hl_rnHsdv-lRm-NLyXgQE0GOc\/s1600\/1,k,.jpg"},{"@type":"BreadcrumbList","@id":"https:\/\/psgfans.fr\/?p=762#breadcrumb","itemListElement":[{"@type":"ListItem","position":1,"name":"Accueil","item":"https:\/\/psgfans.fr\/"},{"@type":"ListItem","position":2,"name":"PARIS NE S\u2019EN EST TOUJOURS PAS REMIS"}]},{"@type":"WebSite","@id":"https:\/\/psgfans.fr\/#website","url":"https:\/\/psgfans.fr\/","name":"PSG FANS","description":"Unit\u00e9, Passion, Victoire : Au C\u0153ur du Paris Saint-Germain!","potentialAction":[{"@type":"SearchAction","target":{"@type":"EntryPoint","urlTemplate":"https:\/\/psgfans.fr\/?s={search_term_string}"},"query-input":{"@type":"PropertyValueSpecification","valueRequired":true,"valueName":"search_term_string"}}],"inLanguage":"fr-FR"},{"@type":"Person","@id":"https:\/\/psgfans.fr\/#\/schema\/person\/be2237e7a0237af2f29cb344b3c55e6c","name":"psgfans","image":{"@type":"ImageObject","inLanguage":"fr-FR","@id":"https:\/\/secure.gravatar.com\/avatar\/?s=96&d=mm&r=g","url":"https:\/\/secure.gravatar.com\/avatar\/?s=96&d=mm&r=g","contentUrl":"https:\/\/secure.gravatar.com\/avatar\/?s=96&d=mm&r=g","caption":"psgfans"},"url":"https:\/\/psgfans.fr\/?author=2"}]}},"_links":{"self":[{"href":"https:\/\/psgfans.fr\/index.php?rest_route=\/wp\/v2\/posts\/762","targetHints":{"allow":["GET"]}}],"collection":[{"href":"https:\/\/psgfans.fr\/index.php?rest_route=\/wp\/v2\/posts"}],"about":[{"href":"https:\/\/psgfans.fr\/index.php?rest_route=\/wp\/v2\/types\/post"}],"author":[{"embeddable":true,"href":"https:\/\/psgfans.fr\/index.php?rest_route=\/wp\/v2\/users\/2"}],"replies":[{"embeddable":true,"href":"https:\/\/psgfans.fr\/index.php?rest_route=%2Fwp%2Fv2%2Fcomments&post=762"}],"version-history":[{"count":0,"href":"https:\/\/psgfans.fr\/index.php?rest_route=\/wp\/v2\/posts\/762\/revisions"}],"wp:attachment":[{"href":"https:\/\/psgfans.fr\/index.php?rest_route=%2Fwp%2Fv2%2Fmedia&parent=762"}],"wp:term":[{"taxonomy":"category","embeddable":true,"href":"https:\/\/psgfans.fr\/index.php?rest_route=%2Fwp%2Fv2%2Fcategories&post=762"},{"taxonomy":"post_tag","embeddable":true,"href":"https:\/\/psgfans.fr\/index.php?rest_route=%2Fwp%2Fv2%2Ftags&post=762"}],"curies":[{"name":"wp","href":"https:\/\/api.w.org\/{rel}","templated":true}]}}