{"id":761,"date":"2014-04-11T15:20:00","date_gmt":"2014-04-11T14:20:00","guid":{"rendered":"https:\/\/psgfans.fr\/?p=761"},"modified":"2014-04-11T15:20:00","modified_gmt":"2014-04-11T14:20:00","slug":"desormais-la-priorite-du-psg-cest-pogba","status":"publish","type":"post","link":"https:\/\/psgfans.fr\/?p=761","title":{"rendered":"D\u00e9sormais la priorit\u00e9 du PSG, c\u2019est Pogba"},"content":{"rendered":"<div style=\"clear: both; text-align: center;\"><a href=\"https:\/\/blogger.googleusercontent.com\/img\/b\/R29vZ2xl\/AVvXsEh1J-k-ECpugFNERclIhki7rZzme6MXKJ64TSEJqen_A_00NEsWoyx_xKWmpyKXnjaPIhHf9M3_R7TNoZEfHUw1Msvn2RKnWWktC2FK60H7VI-wt6sglFJpqT-mSdyOR74FHt5BH9-ZwCE\/s1600\/1,k,.jpg\" style=\"margin-left: 1em; margin-right: 1em;\"><img loading=\"lazy\" decoding=\"async\" border=\"0\" src=\"https:\/\/blogger.googleusercontent.com\/img\/b\/R29vZ2xl\/AVvXsEh1J-k-ECpugFNERclIhki7rZzme6MXKJ64TSEJqen_A_00NEsWoyx_xKWmpyKXnjaPIhHf9M3_R7TNoZEfHUw1Msvn2RKnWWktC2FK60H7VI-wt6sglFJpqT-mSdyOR74FHt5BH9-ZwCE\/s1600\/1,k,.jpg\" height=\"225\" width=\"400\" \/><\/a><\/div>\n<p><b>La Gazzetta dello Sport annonce que Paul Pogba est devenu l\u2019objectif num\u00e9ro un du PSG apr\u00e8s l\u2019\u00e9limination du club en quarts de finale de la Ligue des champions. Mais le prix demand\u00e9 par la Juventus est exorbitant.<\/b><\/p>\n<p><b>Qui pour renforcer le PSG la saison prochaine ? <\/b>Quel joueur pour aider le club de la capitale \u00e0 franchir un palier, \u00e0 changer de dimension ? Les r\u00eaves de grandeur \u00e9vanouis suite \u00e0 l\u2019\u00e9limination \u00e0 Chelsea mardi soir en quarts de finale de la Ligue des champions, Paris se tourne d\u00e9j\u00e0 vers l\u2019avenir. Et selon la Gazzetta dello sport, cette sortie de piste pr\u00e9matur\u00e9e aurait fini de convaincre les dirigeants parisiens de la n\u00e9cessit\u00e9 de se renforcer dans l\u2019entrejeu, un secteur qui a coul\u00e9 \u00e0 Stamford Bridge face \u00e0 l\u2019impact physique et l\u2019intensit\u00e9 des Blues.<\/p>\n<p><b>Pogba, pour quoi faire ?<\/b><br \/>L\u2019objectif num\u00e9ro 1 du club de la capitale ? Paul Pogba \u00e0 en croire nos confr\u00e8res italiens. Son arriv\u00e9e permettrait de renforcer un peu plus la politique de \u00abfrancisation\u00bb du PSG, d\u00e9j\u00e0 accentu\u00e9e l\u2019hiver dernier avec l\u2019arriv\u00e9e de Yohan Cabaye, de marquer les esprits en s\u2019attachant l\u2019une des valeurs montantes du football europ\u00e9en, courtis\u00e9e notamment par le Real Madrid, et d\u2019apporter ce volume athl\u00e9tique qui a tant fait d\u00e9faut \u00e0 Londres.<br \/>Seul hic et non des moindres, l\u2019embouteillage menace au milieu de terrain. Cabaye, consid\u00e9r\u00e9 par Jos\u00e9 Mourinho comme \u00abl\u2019un des meilleurs milieux de terrain de Premier League\u00bb avant son d\u00e9part pour Paris, titulaire quasi-indiscutable en \u00e9quipe de France avec Didier Deschamps, doit se contenter des quelques miettes laiss\u00e9es par le trident ind\u00e9boulonnable Matuidi-Verratti-Thiago Motta. Sans oublier Adrien Rabiot, promis \u00e0 un grand avenir, et utilis\u00e9 avec parcimonie. Abondance de biens ne nuit pas. En revanche, elle risquerait de froisser certains \u00e9gos.<br \/>La Juve pr\u00eate \u00e0 discuter \u00e0 partir de 50 millions d\u2019euros<br \/>Interrog\u00e9 au sujet de l\u2019international fran\u00e7ais imm\u00e9diatement apr\u00e8s la rencontre mardi, le pr\u00e9sident du PSG, Nasser Al-Khela\u00effi a pr\u00e9f\u00e9r\u00e9 botter en touche : \u00abNous ne pouvons pas parler de joueurs qui ne sont pas dans notre \u00e9quipe. Nous n\u2019avons pas parl\u00e9 avec lui. Nous nous concentrons sur la fin de la saison\u00bb. Le directeur sportif de la Vieille Dame, Beppe Marotta, s\u2019est lui montr\u00e9 tr\u00e8s clair : \u00abNous ne sommes pas vendeurs, mais acheteurs. Et, en g\u00e9n\u00e9ral, nous ne vendons pas un joueur s\u2019il n\u2019a pas demand\u00e9 explicitement \u00e0 partir\u00bb. Accessoirement, la Juventus ne bougera pas sa position d\u2019un iota \u00e0 moins d\u2019une offre avoisinant les 50 millions d\u2019euros. Les ench\u00e8res pourraient m\u00eame atteindre les 70 millions d\u2019euros ! Une somme d\u00e9mentielle. Qui pourrait refroidir les ardeurs parisiennes, le club \u00e9tant d\u00e9j\u00e0 dans le viseur de l\u2019UEFA au niveau du fair-play financier ?<\/p>\n<p>lefigaro.fr<\/p>\n","protected":false},"excerpt":{"rendered":"<p>La Gazzetta dello Sport annonce que Paul Pogba est devenu l\u2019objectif num\u00e9ro un du PSG apr\u00e8s l\u2019\u00e9limination du club en quarts de finale de la Ligue des champions. Mais le prix demand\u00e9 par la Juventus est exorbitant. Qui pour renforcer le PSG la saison prochaine ? Quel joueur pour aider le club de la capitale [&hellip;]<\/p>\n","protected":false},"author":2,"featured_media":0,"comment_status":"open","ping_status":"open","sticky":false,"template":"","format":"standard","meta":{"footnotes":""},"categories":[3],"tags":[],"class_list":{"0":"post-761","1":"post","2":"type-post","3":"status-publish","4":"format-standard","6":"category-news"},"yoast_head":"<!-- This site is optimized with the Yoast SEO plugin v27.4 - https:\/\/yoast.com\/product\/yoast-seo-wordpress\/ -->\n<title>D\u00e9sormais la priorit\u00e9 du PSG, c\u2019est Pogba - PSG FANS<\/title>\n<meta name=\"robots\" content=\"index, follow, max-snippet:-1, max-image-preview:large, max-video-preview:-1\" \/>\n<link rel=\"canonical\" href=\"https:\/\/psgfans.fr\/?p=761\" \/>\n<meta property=\"og:locale\" content=\"fr_FR\" \/>\n<meta property=\"og:type\" content=\"article\" \/>\n<meta property=\"og:title\" content=\"D\u00e9sormais la priorit\u00e9 du PSG, c\u2019est Pogba - PSG FANS\" \/>\n<meta property=\"og:description\" content=\"La Gazzetta dello Sport annonce que Paul Pogba est devenu l\u2019objectif num\u00e9ro un du PSG apr\u00e8s l\u2019\u00e9limination du club en quarts de finale de la Ligue des champions. Mais le prix demand\u00e9 par la Juventus est exorbitant. Qui pour renforcer le PSG la saison prochaine ? Quel joueur pour aider le club de la capitale [&hellip;]\" \/>\n<meta property=\"og:url\" content=\"https:\/\/psgfans.fr\/?p=761\" \/>\n<meta property=\"og:site_name\" content=\"PSG FANS\" \/>\n<meta property=\"article:published_time\" content=\"2014-04-11T14:20:00+00:00\" \/>\n<meta property=\"og:image\" content=\"https:\/\/blogger.googleusercontent.com\/img\/b\/R29vZ2xl\/AVvXsEh1J-k-ECpugFNERclIhki7rZzme6MXKJ64TSEJqen_A_00NEsWoyx_xKWmpyKXnjaPIhHf9M3_R7TNoZEfHUw1Msvn2RKnWWktC2FK60H7VI-wt6sglFJpqT-mSdyOR74FHt5BH9-ZwCE\/s1600\/1,k,.jpg\" \/>\n<meta name=\"author\" content=\"psgfans\" \/>\n<meta name=\"twitter:card\" content=\"summary_large_image\" \/>\n<meta name=\"twitter:label1\" content=\"\u00c9crit par\" \/>\n\t<meta name=\"twitter:data1\" content=\"psgfans\" \/>\n\t<meta name=\"twitter:label2\" content=\"Dur\u00e9e de lecture estim\u00e9e\" \/>\n\t<meta name=\"twitter:data2\" content=\"2 minutes\" \/>\n<script type=\"application\/ld+json\" class=\"yoast-schema-graph\">{\"@context\":\"https:\\\/\\\/schema.org\",\"@graph\":[{\"@type\":\"Article\",\"@id\":\"https:\\\/\\\/psgfans.fr\\\/?p=761#article\",\"isPartOf\":{\"@id\":\"https:\\\/\\\/psgfans.fr\\\/?p=761\"},\"author\":{\"name\":\"psgfans\",\"@id\":\"https:\\\/\\\/psgfans.fr\\\/#\\\/schema\\\/person\\\/be2237e7a0237af2f29cb344b3c55e6c\"},\"headline\":\"D\u00e9sormais la priorit\u00e9 du PSG, c\u2019est Pogba\",\"datePublished\":\"2014-04-11T14:20:00+00:00\",\"mainEntityOfPage\":{\"@id\":\"https:\\\/\\\/psgfans.fr\\\/?p=761\"},\"wordCount\":491,\"commentCount\":0,\"image\":{\"@id\":\"https:\\\/\\\/psgfans.fr\\\/?p=761#primaryimage\"},\"thumbnailUrl\":\"https:\\\/\\\/blogger.googleusercontent.com\\\/img\\\/b\\\/R29vZ2xl\\\/AVvXsEh1J-k-ECpugFNERclIhki7rZzme6MXKJ64TSEJqen_A_00NEsWoyx_xKWmpyKXnjaPIhHf9M3_R7TNoZEfHUw1Msvn2RKnWWktC2FK60H7VI-wt6sglFJpqT-mSdyOR74FHt5BH9-ZwCE\\\/s1600\\\/1,k,.jpg\",\"articleSection\":[\"News\"],\"inLanguage\":\"fr-FR\",\"potentialAction\":[{\"@type\":\"CommentAction\",\"name\":\"Comment\",\"target\":[\"https:\\\/\\\/psgfans.fr\\\/?p=761#respond\"]}]},{\"@type\":\"WebPage\",\"@id\":\"https:\\\/\\\/psgfans.fr\\\/?p=761\",\"url\":\"https:\\\/\\\/psgfans.fr\\\/?p=761\",\"name\":\"D\u00e9sormais la priorit\u00e9 du PSG, c\u2019est Pogba - PSG FANS\",\"isPartOf\":{\"@id\":\"https:\\\/\\\/psgfans.fr\\\/#website\"},\"primaryImageOfPage\":{\"@id\":\"https:\\\/\\\/psgfans.fr\\\/?p=761#primaryimage\"},\"image\":{\"@id\":\"https:\\\/\\\/psgfans.fr\\\/?p=761#primaryimage\"},\"thumbnailUrl\":\"https:\\\/\\\/blogger.googleusercontent.com\\\/img\\\/b\\\/R29vZ2xl\\\/AVvXsEh1J-k-ECpugFNERclIhki7rZzme6MXKJ64TSEJqen_A_00NEsWoyx_xKWmpyKXnjaPIhHf9M3_R7TNoZEfHUw1Msvn2RKnWWktC2FK60H7VI-wt6sglFJpqT-mSdyOR74FHt5BH9-ZwCE\\\/s1600\\\/1,k,.jpg\",\"datePublished\":\"2014-04-11T14:20:00+00:00\",\"author\":{\"@id\":\"https:\\\/\\\/psgfans.fr\\\/#\\\/schema\\\/person\\\/be2237e7a0237af2f29cb344b3c55e6c\"},\"breadcrumb\":{\"@id\":\"https:\\\/\\\/psgfans.fr\\\/?p=761#breadcrumb\"},\"inLanguage\":\"fr-FR\",\"potentialAction\":[{\"@type\":\"ReadAction\",\"target\":[\"https:\\\/\\\/psgfans.fr\\\/?p=761\"]}]},{\"@type\":\"ImageObject\",\"inLanguage\":\"fr-FR\",\"@id\":\"https:\\\/\\\/psgfans.fr\\\/?p=761#primaryimage\",\"url\":\"https:\\\/\\\/blogger.googleusercontent.com\\\/img\\\/b\\\/R29vZ2xl\\\/AVvXsEh1J-k-ECpugFNERclIhki7rZzme6MXKJ64TSEJqen_A_00NEsWoyx_xKWmpyKXnjaPIhHf9M3_R7TNoZEfHUw1Msvn2RKnWWktC2FK60H7VI-wt6sglFJpqT-mSdyOR74FHt5BH9-ZwCE\\\/s1600\\\/1,k,.jpg\",\"contentUrl\":\"https:\\\/\\\/blogger.googleusercontent.com\\\/img\\\/b\\\/R29vZ2xl\\\/AVvXsEh1J-k-ECpugFNERclIhki7rZzme6MXKJ64TSEJqen_A_00NEsWoyx_xKWmpyKXnjaPIhHf9M3_R7TNoZEfHUw1Msvn2RKnWWktC2FK60H7VI-wt6sglFJpqT-mSdyOR74FHt5BH9-ZwCE\\\/s1600\\\/1,k,.jpg\"},{\"@type\":\"BreadcrumbList\",\"@id\":\"https:\\\/\\\/psgfans.fr\\\/?p=761#breadcrumb\",\"itemListElement\":[{\"@type\":\"ListItem\",\"position\":1,\"name\":\"Accueil\",\"item\":\"https:\\\/\\\/psgfans.fr\\\/\"},{\"@type\":\"ListItem\",\"position\":2,\"name\":\"D\u00e9sormais la priorit\u00e9 du PSG, c\u2019est Pogba\"}]},{\"@type\":\"WebSite\",\"@id\":\"https:\\\/\\\/psgfans.fr\\\/#website\",\"url\":\"https:\\\/\\\/psgfans.fr\\\/\",\"name\":\"PSG FANS\",\"description\":\"Unit\u00e9, Passion, Victoire : Au C\u0153ur du Paris Saint-Germain!\",\"potentialAction\":[{\"@type\":\"SearchAction\",\"target\":{\"@type\":\"EntryPoint\",\"urlTemplate\":\"https:\\\/\\\/psgfans.fr\\\/?s={search_term_string}\"},\"query-input\":{\"@type\":\"PropertyValueSpecification\",\"valueRequired\":true,\"valueName\":\"search_term_string\"}}],\"inLanguage\":\"fr-FR\"},{\"@type\":\"Person\",\"@id\":\"https:\\\/\\\/psgfans.fr\\\/#\\\/schema\\\/person\\\/be2237e7a0237af2f29cb344b3c55e6c\",\"name\":\"psgfans\",\"image\":{\"@type\":\"ImageObject\",\"inLanguage\":\"fr-FR\",\"@id\":\"https:\\\/\\\/secure.gravatar.com\\\/avatar\\\/?s=96&d=mm&r=g\",\"url\":\"https:\\\/\\\/secure.gravatar.com\\\/avatar\\\/?s=96&d=mm&r=g\",\"contentUrl\":\"https:\\\/\\\/secure.gravatar.com\\\/avatar\\\/?s=96&d=mm&r=g\",\"caption\":\"psgfans\"},\"url\":\"https:\\\/\\\/psgfans.fr\\\/?author=2\"}]}<\/script>\n<!-- \/ Yoast SEO plugin. -->","yoast_head_json":{"title":"D\u00e9sormais la priorit\u00e9 du PSG, c\u2019est Pogba - PSG FANS","robots":{"index":"index","follow":"follow","max-snippet":"max-snippet:-1","max-image-preview":"max-image-preview:large","max-video-preview":"max-video-preview:-1"},"canonical":"https:\/\/psgfans.fr\/?p=761","og_locale":"fr_FR","og_type":"article","og_title":"D\u00e9sormais la priorit\u00e9 du PSG, c\u2019est Pogba - PSG FANS","og_description":"La Gazzetta dello Sport annonce que Paul Pogba est devenu l\u2019objectif num\u00e9ro un du PSG apr\u00e8s l\u2019\u00e9limination du club en quarts de finale de la Ligue des champions. Mais le prix demand\u00e9 par la Juventus est exorbitant. Qui pour renforcer le PSG la saison prochaine ? Quel joueur pour aider le club de la capitale [&hellip;]","og_url":"https:\/\/psgfans.fr\/?p=761","og_site_name":"PSG FANS","article_published_time":"2014-04-11T14:20:00+00:00","og_image":[{"url":"https:\/\/blogger.googleusercontent.com\/img\/b\/R29vZ2xl\/AVvXsEh1J-k-ECpugFNERclIhki7rZzme6MXKJ64TSEJqen_A_00NEsWoyx_xKWmpyKXnjaPIhHf9M3_R7TNoZEfHUw1Msvn2RKnWWktC2FK60H7VI-wt6sglFJpqT-mSdyOR74FHt5BH9-ZwCE\/s1600\/1,k,.jpg","type":"","width":"","height":""}],"author":"psgfans","twitter_card":"summary_large_image","twitter_misc":{"\u00c9crit par":"psgfans","Dur\u00e9e de lecture estim\u00e9e":"2 minutes"},"schema":{"@context":"https:\/\/schema.org","@graph":[{"@type":"Article","@id":"https:\/\/psgfans.fr\/?p=761#article","isPartOf":{"@id":"https:\/\/psgfans.fr\/?p=761"},"author":{"name":"psgfans","@id":"https:\/\/psgfans.fr\/#\/schema\/person\/be2237e7a0237af2f29cb344b3c55e6c"},"headline":"D\u00e9sormais la priorit\u00e9 du PSG, c\u2019est Pogba","datePublished":"2014-04-11T14:20:00+00:00","mainEntityOfPage":{"@id":"https:\/\/psgfans.fr\/?p=761"},"wordCount":491,"commentCount":0,"image":{"@id":"https:\/\/psgfans.fr\/?p=761#primaryimage"},"thumbnailUrl":"https:\/\/blogger.googleusercontent.com\/img\/b\/R29vZ2xl\/AVvXsEh1J-k-ECpugFNERclIhki7rZzme6MXKJ64TSEJqen_A_00NEsWoyx_xKWmpyKXnjaPIhHf9M3_R7TNoZEfHUw1Msvn2RKnWWktC2FK60H7VI-wt6sglFJpqT-mSdyOR74FHt5BH9-ZwCE\/s1600\/1,k,.jpg","articleSection":["News"],"inLanguage":"fr-FR","potentialAction":[{"@type":"CommentAction","name":"Comment","target":["https:\/\/psgfans.fr\/?p=761#respond"]}]},{"@type":"WebPage","@id":"https:\/\/psgfans.fr\/?p=761","url":"https:\/\/psgfans.fr\/?p=761","name":"D\u00e9sormais la priorit\u00e9 du PSG, c\u2019est Pogba - PSG FANS","isPartOf":{"@id":"https:\/\/psgfans.fr\/#website"},"primaryImageOfPage":{"@id":"https:\/\/psgfans.fr\/?p=761#primaryimage"},"image":{"@id":"https:\/\/psgfans.fr\/?p=761#primaryimage"},"thumbnailUrl":"https:\/\/blogger.googleusercontent.com\/img\/b\/R29vZ2xl\/AVvXsEh1J-k-ECpugFNERclIhki7rZzme6MXKJ64TSEJqen_A_00NEsWoyx_xKWmpyKXnjaPIhHf9M3_R7TNoZEfHUw1Msvn2RKnWWktC2FK60H7VI-wt6sglFJpqT-mSdyOR74FHt5BH9-ZwCE\/s1600\/1,k,.jpg","datePublished":"2014-04-11T14:20:00+00:00","author":{"@id":"https:\/\/psgfans.fr\/#\/schema\/person\/be2237e7a0237af2f29cb344b3c55e6c"},"breadcrumb":{"@id":"https:\/\/psgfans.fr\/?p=761#breadcrumb"},"inLanguage":"fr-FR","potentialAction":[{"@type":"ReadAction","target":["https:\/\/psgfans.fr\/?p=761"]}]},{"@type":"ImageObject","inLanguage":"fr-FR","@id":"https:\/\/psgfans.fr\/?p=761#primaryimage","url":"https:\/\/blogger.googleusercontent.com\/img\/b\/R29vZ2xl\/AVvXsEh1J-k-ECpugFNERclIhki7rZzme6MXKJ64TSEJqen_A_00NEsWoyx_xKWmpyKXnjaPIhHf9M3_R7TNoZEfHUw1Msvn2RKnWWktC2FK60H7VI-wt6sglFJpqT-mSdyOR74FHt5BH9-ZwCE\/s1600\/1,k,.jpg","contentUrl":"https:\/\/blogger.googleusercontent.com\/img\/b\/R29vZ2xl\/AVvXsEh1J-k-ECpugFNERclIhki7rZzme6MXKJ64TSEJqen_A_00NEsWoyx_xKWmpyKXnjaPIhHf9M3_R7TNoZEfHUw1Msvn2RKnWWktC2FK60H7VI-wt6sglFJpqT-mSdyOR74FHt5BH9-ZwCE\/s1600\/1,k,.jpg"},{"@type":"BreadcrumbList","@id":"https:\/\/psgfans.fr\/?p=761#breadcrumb","itemListElement":[{"@type":"ListItem","position":1,"name":"Accueil","item":"https:\/\/psgfans.fr\/"},{"@type":"ListItem","position":2,"name":"D\u00e9sormais la priorit\u00e9 du PSG, c\u2019est Pogba"}]},{"@type":"WebSite","@id":"https:\/\/psgfans.fr\/#website","url":"https:\/\/psgfans.fr\/","name":"PSG FANS","description":"Unit\u00e9, Passion, Victoire : Au C\u0153ur du Paris Saint-Germain!","potentialAction":[{"@type":"SearchAction","target":{"@type":"EntryPoint","urlTemplate":"https:\/\/psgfans.fr\/?s={search_term_string}"},"query-input":{"@type":"PropertyValueSpecification","valueRequired":true,"valueName":"search_term_string"}}],"inLanguage":"fr-FR"},{"@type":"Person","@id":"https:\/\/psgfans.fr\/#\/schema\/person\/be2237e7a0237af2f29cb344b3c55e6c","name":"psgfans","image":{"@type":"ImageObject","inLanguage":"fr-FR","@id":"https:\/\/secure.gravatar.com\/avatar\/?s=96&d=mm&r=g","url":"https:\/\/secure.gravatar.com\/avatar\/?s=96&d=mm&r=g","contentUrl":"https:\/\/secure.gravatar.com\/avatar\/?s=96&d=mm&r=g","caption":"psgfans"},"url":"https:\/\/psgfans.fr\/?author=2"}]}},"_links":{"self":[{"href":"https:\/\/psgfans.fr\/index.php?rest_route=\/wp\/v2\/posts\/761","targetHints":{"allow":["GET"]}}],"collection":[{"href":"https:\/\/psgfans.fr\/index.php?rest_route=\/wp\/v2\/posts"}],"about":[{"href":"https:\/\/psgfans.fr\/index.php?rest_route=\/wp\/v2\/types\/post"}],"author":[{"embeddable":true,"href":"https:\/\/psgfans.fr\/index.php?rest_route=\/wp\/v2\/users\/2"}],"replies":[{"embeddable":true,"href":"https:\/\/psgfans.fr\/index.php?rest_route=%2Fwp%2Fv2%2Fcomments&post=761"}],"version-history":[{"count":0,"href":"https:\/\/psgfans.fr\/index.php?rest_route=\/wp\/v2\/posts\/761\/revisions"}],"wp:attachment":[{"href":"https:\/\/psgfans.fr\/index.php?rest_route=%2Fwp%2Fv2%2Fmedia&parent=761"}],"wp:term":[{"taxonomy":"category","embeddable":true,"href":"https:\/\/psgfans.fr\/index.php?rest_route=%2Fwp%2Fv2%2Fcategories&post=761"},{"taxonomy":"post_tag","embeddable":true,"href":"https:\/\/psgfans.fr\/index.php?rest_route=%2Fwp%2Fv2%2Ftags&post=761"}],"curies":[{"name":"wp","href":"https:\/\/api.w.org\/{rel}","templated":true}]}}