{"id":760,"date":"2014-04-11T15:26:00","date_gmt":"2014-04-11T14:26:00","guid":{"rendered":"https:\/\/psgfans.fr\/?p=760"},"modified":"2014-04-11T15:26:00","modified_gmt":"2014-04-11T14:26:00","slug":"psg-pourquoi-le-proces-de-laurent-blanc-est-injuste","status":"publish","type":"post","link":"https:\/\/psgfans.fr\/?p=760","title":{"rendered":"PSG : pourquoi le proc\u00e8s de Laurent Blanc est injuste"},"content":{"rendered":"<div style=\"clear: both; text-align: center;\"><a href=\"https:\/\/blogger.googleusercontent.com\/img\/b\/R29vZ2xl\/AVvXsEh1v0UfWUgQsVekp2MKlCGpNXDKkEokP19sxvAM7WD_2_y27hOl1FigW14XmkuNdYd-QVFkJJqW-yurjAMDqNzW_wZePdZxMa3hfpYDK5vc7SPHrL-p3FOiFCXI6jHlnikh5QxGLqIdgkw\/s1600\/1,k,.jpg\" style=\"margin-left: 1em; margin-right: 1em;\"><img loading=\"lazy\" decoding=\"async\" border=\"0\" src=\"https:\/\/blogger.googleusercontent.com\/img\/b\/R29vZ2xl\/AVvXsEh1v0UfWUgQsVekp2MKlCGpNXDKkEokP19sxvAM7WD_2_y27hOl1FigW14XmkuNdYd-QVFkJJqW-yurjAMDqNzW_wZePdZxMa3hfpYDK5vc7SPHrL-p3FOiFCXI6jHlnikh5QxGLqIdgkw\/s1600\/1,k,.jpg\" height=\"266\" width=\"400\" \/><\/a><\/div>\n<p><b>Malgr\u00e9 les interrogations qui fleurissent de nouveau sur Laurent Blanc apr\u00e8s l&rsquo;\u00e9limination face \u00e0 Chelsea en Ligue des champions, le Paris Saint-Germain nourrit avec son coach un projet de plus en plus cr\u00e9dible.<\/b><\/p>\n<p>Parmi les objectifs de d\u00e9but de saison, le PSG attendait de Laurent Blanc qu&rsquo;il fasse aussi bien que son pr\u00e9d\u00e9cesseur et, si possible, mieux que la saison pass\u00e9e en Ligue des champions.<\/p>\n<p>Malgr\u00e9 tout, l&rsquo;\u00e9limination en quart de finale face \u00e0 Chelsea ne remet pas en cause la volont\u00e9 parisienne de prolonger le C\u00e9venol, qui, avec son \u00e9quipe, a subi le premier accroc d&rsquo;une saison jusqu&rsquo;ici enchanteresse.<\/p>\n<p>Des critiques avant la prolongation<\/p>\n<p>Nasser Al-Khelaifi, qui appr\u00e9cie en coulisses la mani\u00e8re de jouer insuffl\u00e9e par Blanc, a donc toujours dans l&rsquo;id\u00e9e de le prolonger. Les discussions, qui avaient \u00e9t\u00e9 suspendues en janvier dernier apr\u00e8s l&rsquo;\u00e9limination en Coupe de France (1-2 face \u00e0 Montpellier), ont donc repris au mois de mars et devraient, selon toute vraisemblance, aboutir tr\u00e8s prochainement.<\/p>\n<p>Mais si elle n&rsquo;est pas un frein \u00e0 la prolongation, cette \u00e9limination fait t\u00e2che, en interne comme chez les observateurs. Celui qui \u00e9tait jusqu&rsquo;ici pl\u00e9biscit\u00e9 pour la r\u00e9ussite sportive alli\u00e9e \u00e0 la mani\u00e8re de jouer plus que plaisante du club, a essuy\u00e9 quelques critiques depuis mardi dernier.<\/p>\n<p>rtl.fr<\/p>\n","protected":false},"excerpt":{"rendered":"<p>Malgr\u00e9 les interrogations qui fleurissent de nouveau sur Laurent Blanc apr\u00e8s l&rsquo;\u00e9limination face \u00e0 Chelsea en Ligue des champions, le Paris Saint-Germain nourrit avec son coach un projet de plus en plus cr\u00e9dible. Parmi les objectifs de d\u00e9but de saison, le PSG attendait de Laurent Blanc qu&rsquo;il fasse aussi bien que son pr\u00e9d\u00e9cesseur et, si [&hellip;]<\/p>\n","protected":false},"author":2,"featured_media":0,"comment_status":"open","ping_status":"open","sticky":false,"template":"","format":"standard","meta":{"footnotes":""},"categories":[3],"tags":[],"class_list":{"0":"post-760","1":"post","2":"type-post","3":"status-publish","4":"format-standard","6":"category-news"},"yoast_head":"<!-- This site is optimized with the Yoast SEO plugin v27.4 - https:\/\/yoast.com\/product\/yoast-seo-wordpress\/ -->\n<title>PSG : pourquoi le proc\u00e8s de Laurent Blanc est injuste - PSG FANS<\/title>\n<meta name=\"robots\" content=\"index, follow, max-snippet:-1, max-image-preview:large, max-video-preview:-1\" \/>\n<link rel=\"canonical\" href=\"https:\/\/psgfans.fr\/?p=760\" \/>\n<meta property=\"og:locale\" content=\"fr_FR\" \/>\n<meta property=\"og:type\" content=\"article\" \/>\n<meta property=\"og:title\" content=\"PSG : pourquoi le proc\u00e8s de Laurent Blanc est injuste - PSG FANS\" \/>\n<meta property=\"og:description\" content=\"Malgr\u00e9 les interrogations qui fleurissent de nouveau sur Laurent Blanc apr\u00e8s l&rsquo;\u00e9limination face \u00e0 Chelsea en Ligue des champions, le Paris Saint-Germain nourrit avec son coach un projet de plus en plus cr\u00e9dible. Parmi les objectifs de d\u00e9but de saison, le PSG attendait de Laurent Blanc qu&rsquo;il fasse aussi bien que son pr\u00e9d\u00e9cesseur et, si [&hellip;]\" \/>\n<meta property=\"og:url\" content=\"https:\/\/psgfans.fr\/?p=760\" \/>\n<meta property=\"og:site_name\" content=\"PSG FANS\" \/>\n<meta property=\"article:published_time\" content=\"2014-04-11T14:26:00+00:00\" \/>\n<meta property=\"og:image\" content=\"https:\/\/blogger.googleusercontent.com\/img\/b\/R29vZ2xl\/AVvXsEh1v0UfWUgQsVekp2MKlCGpNXDKkEokP19sxvAM7WD_2_y27hOl1FigW14XmkuNdYd-QVFkJJqW-yurjAMDqNzW_wZePdZxMa3hfpYDK5vc7SPHrL-p3FOiFCXI6jHlnikh5QxGLqIdgkw\/s1600\/1,k,.jpg\" \/>\n<meta name=\"author\" content=\"psgfans\" \/>\n<meta name=\"twitter:card\" content=\"summary_large_image\" \/>\n<meta name=\"twitter:label1\" content=\"\u00c9crit par\" \/>\n\t<meta name=\"twitter:data1\" content=\"psgfans\" \/>\n\t<meta name=\"twitter:label2\" content=\"Dur\u00e9e de lecture estim\u00e9e\" \/>\n\t<meta name=\"twitter:data2\" content=\"1 minute\" \/>\n<script type=\"application\/ld+json\" class=\"yoast-schema-graph\">{\"@context\":\"https:\\\/\\\/schema.org\",\"@graph\":[{\"@type\":\"Article\",\"@id\":\"https:\\\/\\\/psgfans.fr\\\/?p=760#article\",\"isPartOf\":{\"@id\":\"https:\\\/\\\/psgfans.fr\\\/?p=760\"},\"author\":{\"name\":\"psgfans\",\"@id\":\"https:\\\/\\\/psgfans.fr\\\/#\\\/schema\\\/person\\\/be2237e7a0237af2f29cb344b3c55e6c\"},\"headline\":\"PSG : pourquoi le proc\u00e8s de Laurent Blanc est injuste\",\"datePublished\":\"2014-04-11T14:26:00+00:00\",\"mainEntityOfPage\":{\"@id\":\"https:\\\/\\\/psgfans.fr\\\/?p=760\"},\"wordCount\":241,\"commentCount\":0,\"image\":{\"@id\":\"https:\\\/\\\/psgfans.fr\\\/?p=760#primaryimage\"},\"thumbnailUrl\":\"https:\\\/\\\/blogger.googleusercontent.com\\\/img\\\/b\\\/R29vZ2xl\\\/AVvXsEh1v0UfWUgQsVekp2MKlCGpNXDKkEokP19sxvAM7WD_2_y27hOl1FigW14XmkuNdYd-QVFkJJqW-yurjAMDqNzW_wZePdZxMa3hfpYDK5vc7SPHrL-p3FOiFCXI6jHlnikh5QxGLqIdgkw\\\/s1600\\\/1,k,.jpg\",\"articleSection\":[\"News\"],\"inLanguage\":\"fr-FR\",\"potentialAction\":[{\"@type\":\"CommentAction\",\"name\":\"Comment\",\"target\":[\"https:\\\/\\\/psgfans.fr\\\/?p=760#respond\"]}]},{\"@type\":\"WebPage\",\"@id\":\"https:\\\/\\\/psgfans.fr\\\/?p=760\",\"url\":\"https:\\\/\\\/psgfans.fr\\\/?p=760\",\"name\":\"PSG : pourquoi le proc\u00e8s de Laurent Blanc est injuste - PSG FANS\",\"isPartOf\":{\"@id\":\"https:\\\/\\\/psgfans.fr\\\/#website\"},\"primaryImageOfPage\":{\"@id\":\"https:\\\/\\\/psgfans.fr\\\/?p=760#primaryimage\"},\"image\":{\"@id\":\"https:\\\/\\\/psgfans.fr\\\/?p=760#primaryimage\"},\"thumbnailUrl\":\"https:\\\/\\\/blogger.googleusercontent.com\\\/img\\\/b\\\/R29vZ2xl\\\/AVvXsEh1v0UfWUgQsVekp2MKlCGpNXDKkEokP19sxvAM7WD_2_y27hOl1FigW14XmkuNdYd-QVFkJJqW-yurjAMDqNzW_wZePdZxMa3hfpYDK5vc7SPHrL-p3FOiFCXI6jHlnikh5QxGLqIdgkw\\\/s1600\\\/1,k,.jpg\",\"datePublished\":\"2014-04-11T14:26:00+00:00\",\"author\":{\"@id\":\"https:\\\/\\\/psgfans.fr\\\/#\\\/schema\\\/person\\\/be2237e7a0237af2f29cb344b3c55e6c\"},\"breadcrumb\":{\"@id\":\"https:\\\/\\\/psgfans.fr\\\/?p=760#breadcrumb\"},\"inLanguage\":\"fr-FR\",\"potentialAction\":[{\"@type\":\"ReadAction\",\"target\":[\"https:\\\/\\\/psgfans.fr\\\/?p=760\"]}]},{\"@type\":\"ImageObject\",\"inLanguage\":\"fr-FR\",\"@id\":\"https:\\\/\\\/psgfans.fr\\\/?p=760#primaryimage\",\"url\":\"https:\\\/\\\/blogger.googleusercontent.com\\\/img\\\/b\\\/R29vZ2xl\\\/AVvXsEh1v0UfWUgQsVekp2MKlCGpNXDKkEokP19sxvAM7WD_2_y27hOl1FigW14XmkuNdYd-QVFkJJqW-yurjAMDqNzW_wZePdZxMa3hfpYDK5vc7SPHrL-p3FOiFCXI6jHlnikh5QxGLqIdgkw\\\/s1600\\\/1,k,.jpg\",\"contentUrl\":\"https:\\\/\\\/blogger.googleusercontent.com\\\/img\\\/b\\\/R29vZ2xl\\\/AVvXsEh1v0UfWUgQsVekp2MKlCGpNXDKkEokP19sxvAM7WD_2_y27hOl1FigW14XmkuNdYd-QVFkJJqW-yurjAMDqNzW_wZePdZxMa3hfpYDK5vc7SPHrL-p3FOiFCXI6jHlnikh5QxGLqIdgkw\\\/s1600\\\/1,k,.jpg\"},{\"@type\":\"BreadcrumbList\",\"@id\":\"https:\\\/\\\/psgfans.fr\\\/?p=760#breadcrumb\",\"itemListElement\":[{\"@type\":\"ListItem\",\"position\":1,\"name\":\"Accueil\",\"item\":\"https:\\\/\\\/psgfans.fr\\\/\"},{\"@type\":\"ListItem\",\"position\":2,\"name\":\"PSG : pourquoi le proc\u00e8s de Laurent Blanc est injuste\"}]},{\"@type\":\"WebSite\",\"@id\":\"https:\\\/\\\/psgfans.fr\\\/#website\",\"url\":\"https:\\\/\\\/psgfans.fr\\\/\",\"name\":\"PSG FANS\",\"description\":\"Unit\u00e9, Passion, Victoire : Au C\u0153ur du Paris Saint-Germain!\",\"potentialAction\":[{\"@type\":\"SearchAction\",\"target\":{\"@type\":\"EntryPoint\",\"urlTemplate\":\"https:\\\/\\\/psgfans.fr\\\/?s={search_term_string}\"},\"query-input\":{\"@type\":\"PropertyValueSpecification\",\"valueRequired\":true,\"valueName\":\"search_term_string\"}}],\"inLanguage\":\"fr-FR\"},{\"@type\":\"Person\",\"@id\":\"https:\\\/\\\/psgfans.fr\\\/#\\\/schema\\\/person\\\/be2237e7a0237af2f29cb344b3c55e6c\",\"name\":\"psgfans\",\"image\":{\"@type\":\"ImageObject\",\"inLanguage\":\"fr-FR\",\"@id\":\"https:\\\/\\\/secure.gravatar.com\\\/avatar\\\/?s=96&d=mm&r=g\",\"url\":\"https:\\\/\\\/secure.gravatar.com\\\/avatar\\\/?s=96&d=mm&r=g\",\"contentUrl\":\"https:\\\/\\\/secure.gravatar.com\\\/avatar\\\/?s=96&d=mm&r=g\",\"caption\":\"psgfans\"},\"url\":\"https:\\\/\\\/psgfans.fr\\\/?author=2\"}]}<\/script>\n<!-- \/ Yoast SEO plugin. -->","yoast_head_json":{"title":"PSG : pourquoi le proc\u00e8s de Laurent Blanc est injuste - PSG FANS","robots":{"index":"index","follow":"follow","max-snippet":"max-snippet:-1","max-image-preview":"max-image-preview:large","max-video-preview":"max-video-preview:-1"},"canonical":"https:\/\/psgfans.fr\/?p=760","og_locale":"fr_FR","og_type":"article","og_title":"PSG : pourquoi le proc\u00e8s de Laurent Blanc est injuste - PSG FANS","og_description":"Malgr\u00e9 les interrogations qui fleurissent de nouveau sur Laurent Blanc apr\u00e8s l&rsquo;\u00e9limination face \u00e0 Chelsea en Ligue des champions, le Paris Saint-Germain nourrit avec son coach un projet de plus en plus cr\u00e9dible. Parmi les objectifs de d\u00e9but de saison, le PSG attendait de Laurent Blanc qu&rsquo;il fasse aussi bien que son pr\u00e9d\u00e9cesseur et, si [&hellip;]","og_url":"https:\/\/psgfans.fr\/?p=760","og_site_name":"PSG FANS","article_published_time":"2014-04-11T14:26:00+00:00","og_image":[{"url":"https:\/\/blogger.googleusercontent.com\/img\/b\/R29vZ2xl\/AVvXsEh1v0UfWUgQsVekp2MKlCGpNXDKkEokP19sxvAM7WD_2_y27hOl1FigW14XmkuNdYd-QVFkJJqW-yurjAMDqNzW_wZePdZxMa3hfpYDK5vc7SPHrL-p3FOiFCXI6jHlnikh5QxGLqIdgkw\/s1600\/1,k,.jpg","type":"","width":"","height":""}],"author":"psgfans","twitter_card":"summary_large_image","twitter_misc":{"\u00c9crit par":"psgfans","Dur\u00e9e de lecture estim\u00e9e":"1 minute"},"schema":{"@context":"https:\/\/schema.org","@graph":[{"@type":"Article","@id":"https:\/\/psgfans.fr\/?p=760#article","isPartOf":{"@id":"https:\/\/psgfans.fr\/?p=760"},"author":{"name":"psgfans","@id":"https:\/\/psgfans.fr\/#\/schema\/person\/be2237e7a0237af2f29cb344b3c55e6c"},"headline":"PSG : pourquoi le proc\u00e8s de Laurent Blanc est injuste","datePublished":"2014-04-11T14:26:00+00:00","mainEntityOfPage":{"@id":"https:\/\/psgfans.fr\/?p=760"},"wordCount":241,"commentCount":0,"image":{"@id":"https:\/\/psgfans.fr\/?p=760#primaryimage"},"thumbnailUrl":"https:\/\/blogger.googleusercontent.com\/img\/b\/R29vZ2xl\/AVvXsEh1v0UfWUgQsVekp2MKlCGpNXDKkEokP19sxvAM7WD_2_y27hOl1FigW14XmkuNdYd-QVFkJJqW-yurjAMDqNzW_wZePdZxMa3hfpYDK5vc7SPHrL-p3FOiFCXI6jHlnikh5QxGLqIdgkw\/s1600\/1,k,.jpg","articleSection":["News"],"inLanguage":"fr-FR","potentialAction":[{"@type":"CommentAction","name":"Comment","target":["https:\/\/psgfans.fr\/?p=760#respond"]}]},{"@type":"WebPage","@id":"https:\/\/psgfans.fr\/?p=760","url":"https:\/\/psgfans.fr\/?p=760","name":"PSG : pourquoi le proc\u00e8s de Laurent Blanc est injuste - PSG FANS","isPartOf":{"@id":"https:\/\/psgfans.fr\/#website"},"primaryImageOfPage":{"@id":"https:\/\/psgfans.fr\/?p=760#primaryimage"},"image":{"@id":"https:\/\/psgfans.fr\/?p=760#primaryimage"},"thumbnailUrl":"https:\/\/blogger.googleusercontent.com\/img\/b\/R29vZ2xl\/AVvXsEh1v0UfWUgQsVekp2MKlCGpNXDKkEokP19sxvAM7WD_2_y27hOl1FigW14XmkuNdYd-QVFkJJqW-yurjAMDqNzW_wZePdZxMa3hfpYDK5vc7SPHrL-p3FOiFCXI6jHlnikh5QxGLqIdgkw\/s1600\/1,k,.jpg","datePublished":"2014-04-11T14:26:00+00:00","author":{"@id":"https:\/\/psgfans.fr\/#\/schema\/person\/be2237e7a0237af2f29cb344b3c55e6c"},"breadcrumb":{"@id":"https:\/\/psgfans.fr\/?p=760#breadcrumb"},"inLanguage":"fr-FR","potentialAction":[{"@type":"ReadAction","target":["https:\/\/psgfans.fr\/?p=760"]}]},{"@type":"ImageObject","inLanguage":"fr-FR","@id":"https:\/\/psgfans.fr\/?p=760#primaryimage","url":"https:\/\/blogger.googleusercontent.com\/img\/b\/R29vZ2xl\/AVvXsEh1v0UfWUgQsVekp2MKlCGpNXDKkEokP19sxvAM7WD_2_y27hOl1FigW14XmkuNdYd-QVFkJJqW-yurjAMDqNzW_wZePdZxMa3hfpYDK5vc7SPHrL-p3FOiFCXI6jHlnikh5QxGLqIdgkw\/s1600\/1,k,.jpg","contentUrl":"https:\/\/blogger.googleusercontent.com\/img\/b\/R29vZ2xl\/AVvXsEh1v0UfWUgQsVekp2MKlCGpNXDKkEokP19sxvAM7WD_2_y27hOl1FigW14XmkuNdYd-QVFkJJqW-yurjAMDqNzW_wZePdZxMa3hfpYDK5vc7SPHrL-p3FOiFCXI6jHlnikh5QxGLqIdgkw\/s1600\/1,k,.jpg"},{"@type":"BreadcrumbList","@id":"https:\/\/psgfans.fr\/?p=760#breadcrumb","itemListElement":[{"@type":"ListItem","position":1,"name":"Accueil","item":"https:\/\/psgfans.fr\/"},{"@type":"ListItem","position":2,"name":"PSG : pourquoi le proc\u00e8s de Laurent Blanc est injuste"}]},{"@type":"WebSite","@id":"https:\/\/psgfans.fr\/#website","url":"https:\/\/psgfans.fr\/","name":"PSG FANS","description":"Unit\u00e9, Passion, Victoire : Au C\u0153ur du Paris Saint-Germain!","potentialAction":[{"@type":"SearchAction","target":{"@type":"EntryPoint","urlTemplate":"https:\/\/psgfans.fr\/?s={search_term_string}"},"query-input":{"@type":"PropertyValueSpecification","valueRequired":true,"valueName":"search_term_string"}}],"inLanguage":"fr-FR"},{"@type":"Person","@id":"https:\/\/psgfans.fr\/#\/schema\/person\/be2237e7a0237af2f29cb344b3c55e6c","name":"psgfans","image":{"@type":"ImageObject","inLanguage":"fr-FR","@id":"https:\/\/secure.gravatar.com\/avatar\/?s=96&d=mm&r=g","url":"https:\/\/secure.gravatar.com\/avatar\/?s=96&d=mm&r=g","contentUrl":"https:\/\/secure.gravatar.com\/avatar\/?s=96&d=mm&r=g","caption":"psgfans"},"url":"https:\/\/psgfans.fr\/?author=2"}]}},"_links":{"self":[{"href":"https:\/\/psgfans.fr\/index.php?rest_route=\/wp\/v2\/posts\/760","targetHints":{"allow":["GET"]}}],"collection":[{"href":"https:\/\/psgfans.fr\/index.php?rest_route=\/wp\/v2\/posts"}],"about":[{"href":"https:\/\/psgfans.fr\/index.php?rest_route=\/wp\/v2\/types\/post"}],"author":[{"embeddable":true,"href":"https:\/\/psgfans.fr\/index.php?rest_route=\/wp\/v2\/users\/2"}],"replies":[{"embeddable":true,"href":"https:\/\/psgfans.fr\/index.php?rest_route=%2Fwp%2Fv2%2Fcomments&post=760"}],"version-history":[{"count":0,"href":"https:\/\/psgfans.fr\/index.php?rest_route=\/wp\/v2\/posts\/760\/revisions"}],"wp:attachment":[{"href":"https:\/\/psgfans.fr\/index.php?rest_route=%2Fwp%2Fv2%2Fmedia&parent=760"}],"wp:term":[{"taxonomy":"category","embeddable":true,"href":"https:\/\/psgfans.fr\/index.php?rest_route=%2Fwp%2Fv2%2Fcategories&post=760"},{"taxonomy":"post_tag","embeddable":true,"href":"https:\/\/psgfans.fr\/index.php?rest_route=%2Fwp%2Fv2%2Ftags&post=760"}],"curies":[{"name":"wp","href":"https:\/\/api.w.org\/{rel}","templated":true}]}}