{"id":759,"date":"2014-04-11T15:30:00","date_gmt":"2014-04-11T14:30:00","guid":{"rendered":"https:\/\/psgfans.fr\/?p=759"},"modified":"2014-04-11T15:30:00","modified_gmt":"2014-04-11T14:30:00","slug":"mercato-al-khelaifi-avance-ses-pions-pour-pogba","status":"publish","type":"post","link":"https:\/\/psgfans.fr\/?p=759","title":{"rendered":"Mercato : Al-Khela\u00effi avance ses pions pour Pogba !"},"content":{"rendered":"<div style=\"clear: both; text-align: center;\"><a href=\"https:\/\/blogger.googleusercontent.com\/img\/b\/R29vZ2xl\/AVvXsEhjcsxeYLrAjbd26jh64UyG019VNJJWoKDXDb7D8AXRtALGb0cK15lyBfqDM2b2sy_0OX3QM5ma4Sw2stqwycqQxm_028lD1ZtX7w9b1R1nYNlqpaTyEOQjEtYienq-3Ysw2u0QWB18uhs\/s1600\/1,k,.jpg\" style=\"margin-left: 1em; margin-right: 1em;\"><img loading=\"lazy\" decoding=\"async\" border=\"0\" src=\"https:\/\/blogger.googleusercontent.com\/img\/b\/R29vZ2xl\/AVvXsEhjcsxeYLrAjbd26jh64UyG019VNJJWoKDXDb7D8AXRtALGb0cK15lyBfqDM2b2sy_0OX3QM5ma4Sw2stqwycqQxm_028lD1ZtX7w9b1R1nYNlqpaTyEOQjEtYienq-3Ysw2u0QWB18uhs\/s1600\/1,k,.jpg\" height=\"266\" width=\"400\" \/><\/a><\/div>\n<p><b>Alors que Paul Pogba est annonc\u00e9 dans le collimateur de plusieurs \u00e9curies europ\u00e9ennes, dont le PSG et le Real Madrid, la presse italienne annonce que le pr\u00e9sident parisien, Nasser Al-Khela\u00effi, aurait rencontr\u00e9 Mino Raiola, l\u2019agent de l\u2019international tricolore.<\/b><\/p>\n<p>Depuis plusieurs mois, Paul Pogba est annonc\u00e9 comme l\u2019une des principales cibles du PSG pour le prochain mercato estival. Alors que le dossier ne semble pas r\u00e9ellement avancer, les m\u00e9dias transalpins annoncent que l\u2019\u00e9limination des hommes de Laurent Blanc en quart de finale de la Ligue des Champions aurait fini de convaincre la direction parisienne de la n\u00e9cessit\u00e9 de s\u2019attacher les services du jeune international tricolore.<\/p>\n<p>UNE RENCONTRE AL-KHELA\u00cfFI\/RAIOLA ?<br \/>Invit\u00e9 \u00e0 s\u2019exprimer sur l\u2019avancement du dossier Paul Pogba \u00e0 l\u2019issue de la cuisante d\u00e9sillusion du PSG en Ligue des Champions contre Chelsea, Nasser Al-Khela\u00effi a tenu \u00e0 d\u00e9mentir tout contact direct avec le Turinois.\u00ab Pogba ? Nous n\u2019avons pas parl\u00e9 avec lui. &nbsp;Nous \u00e9valuerons toutes les possibilit\u00e9s seulement en fin de saison. \u00bb. Seulement, \u00e0 en croire les informations du quotidien italien la Gazzetta dello Sport, le pr\u00e9sident du PSG se serait d\u2019ores et d\u00e9j\u00e0 entretenu avec l\u2019agent de Paul Pogba, Mino Raiola, pour prendre la temp\u00e9rature concernant un \u00e9ventuel transfert cet \u00e9t\u00e9.<\/p>\n<p>JUSQU\u2019\u00c0 70M\u20ac POUR POGBA ?<br \/>Reste \u00e0 savoir si les dirigeants de la Juventus Turin laisseront filer leur p\u00e9pite, d\u2019autant que Giuseppe Marotta, le directeur sportif des Bianconeri, a r\u00e9cemment annonc\u00e9 que le club ne sera pas vendeur, mais acheteur lors du prochain mercato estival. \u00ab Nous devrons respecter les param\u00e8tres qui nous garantissent \u00e9quilibre et p\u00e9rennit\u00e9, a-t-il d\u00e9clar\u00e9 dans des propos rapport\u00e9s par Sport Mediaset. La Juventus sera acheteuse et non vendeuse. En g\u00e9n\u00e9ral, nous ne vendons pas un joueur s\u2019il n\u2019a pas demand\u00e9 explicitement \u00e0 partir. \u00bb Pour rappel, la presse transalpine annon\u00e7ait derni\u00e8rement que les ench\u00e8res pourraient monter jusqu\u2019\u00e0 70M\u20ac\u2026 Cons\u00e9quent pour un jeune homme de 21 ans.<\/p>\n<p>le10sport<\/p>\n","protected":false},"excerpt":{"rendered":"<p>Alors que Paul Pogba est annonc\u00e9 dans le collimateur de plusieurs \u00e9curies europ\u00e9ennes, dont le PSG et le Real Madrid, la presse italienne annonce que le pr\u00e9sident parisien, Nasser Al-Khela\u00effi, aurait rencontr\u00e9 Mino Raiola, l\u2019agent de l\u2019international tricolore. Depuis plusieurs mois, Paul Pogba est annonc\u00e9 comme l\u2019une des principales cibles du PSG pour le prochain [&hellip;]<\/p>\n","protected":false},"author":2,"featured_media":0,"comment_status":"open","ping_status":"open","sticky":false,"template":"","format":"standard","meta":{"footnotes":""},"categories":[3],"tags":[],"class_list":{"0":"post-759","1":"post","2":"type-post","3":"status-publish","4":"format-standard","6":"category-news"},"yoast_head":"<!-- This site is optimized with the Yoast SEO plugin v27.4 - https:\/\/yoast.com\/product\/yoast-seo-wordpress\/ -->\n<title>Mercato : Al-Khela\u00effi avance ses pions pour Pogba ! - PSG FANS<\/title>\n<meta name=\"robots\" content=\"index, follow, max-snippet:-1, max-image-preview:large, max-video-preview:-1\" \/>\n<link rel=\"canonical\" href=\"https:\/\/psgfans.fr\/?p=759\" \/>\n<meta property=\"og:locale\" content=\"fr_FR\" \/>\n<meta property=\"og:type\" content=\"article\" \/>\n<meta property=\"og:title\" content=\"Mercato : Al-Khela\u00effi avance ses pions pour Pogba ! - PSG FANS\" \/>\n<meta property=\"og:description\" content=\"Alors que Paul Pogba est annonc\u00e9 dans le collimateur de plusieurs \u00e9curies europ\u00e9ennes, dont le PSG et le Real Madrid, la presse italienne annonce que le pr\u00e9sident parisien, Nasser Al-Khela\u00effi, aurait rencontr\u00e9 Mino Raiola, l\u2019agent de l\u2019international tricolore. Depuis plusieurs mois, Paul Pogba est annonc\u00e9 comme l\u2019une des principales cibles du PSG pour le prochain [&hellip;]\" \/>\n<meta property=\"og:url\" content=\"https:\/\/psgfans.fr\/?p=759\" \/>\n<meta property=\"og:site_name\" content=\"PSG FANS\" \/>\n<meta property=\"article:published_time\" content=\"2014-04-11T14:30:00+00:00\" \/>\n<meta property=\"og:image\" content=\"https:\/\/blogger.googleusercontent.com\/img\/b\/R29vZ2xl\/AVvXsEhjcsxeYLrAjbd26jh64UyG019VNJJWoKDXDb7D8AXRtALGb0cK15lyBfqDM2b2sy_0OX3QM5ma4Sw2stqwycqQxm_028lD1ZtX7w9b1R1nYNlqpaTyEOQjEtYienq-3Ysw2u0QWB18uhs\/s1600\/1,k,.jpg\" \/>\n<meta name=\"author\" content=\"psgfans\" \/>\n<meta name=\"twitter:card\" content=\"summary_large_image\" \/>\n<meta name=\"twitter:label1\" content=\"\u00c9crit par\" \/>\n\t<meta name=\"twitter:data1\" content=\"psgfans\" \/>\n\t<meta name=\"twitter:label2\" content=\"Dur\u00e9e de lecture estim\u00e9e\" \/>\n\t<meta name=\"twitter:data2\" content=\"2 minutes\" \/>\n<script type=\"application\/ld+json\" class=\"yoast-schema-graph\">{\"@context\":\"https:\\\/\\\/schema.org\",\"@graph\":[{\"@type\":\"Article\",\"@id\":\"https:\\\/\\\/psgfans.fr\\\/?p=759#article\",\"isPartOf\":{\"@id\":\"https:\\\/\\\/psgfans.fr\\\/?p=759\"},\"author\":{\"name\":\"psgfans\",\"@id\":\"https:\\\/\\\/psgfans.fr\\\/#\\\/schema\\\/person\\\/be2237e7a0237af2f29cb344b3c55e6c\"},\"headline\":\"Mercato : Al-Khela\u00effi avance ses pions pour Pogba !\",\"datePublished\":\"2014-04-11T14:30:00+00:00\",\"mainEntityOfPage\":{\"@id\":\"https:\\\/\\\/psgfans.fr\\\/?p=759\"},\"wordCount\":352,\"commentCount\":0,\"image\":{\"@id\":\"https:\\\/\\\/psgfans.fr\\\/?p=759#primaryimage\"},\"thumbnailUrl\":\"https:\\\/\\\/blogger.googleusercontent.com\\\/img\\\/b\\\/R29vZ2xl\\\/AVvXsEhjcsxeYLrAjbd26jh64UyG019VNJJWoKDXDb7D8AXRtALGb0cK15lyBfqDM2b2sy_0OX3QM5ma4Sw2stqwycqQxm_028lD1ZtX7w9b1R1nYNlqpaTyEOQjEtYienq-3Ysw2u0QWB18uhs\\\/s1600\\\/1,k,.jpg\",\"articleSection\":[\"News\"],\"inLanguage\":\"fr-FR\",\"potentialAction\":[{\"@type\":\"CommentAction\",\"name\":\"Comment\",\"target\":[\"https:\\\/\\\/psgfans.fr\\\/?p=759#respond\"]}]},{\"@type\":\"WebPage\",\"@id\":\"https:\\\/\\\/psgfans.fr\\\/?p=759\",\"url\":\"https:\\\/\\\/psgfans.fr\\\/?p=759\",\"name\":\"Mercato : Al-Khela\u00effi avance ses pions pour Pogba ! - PSG FANS\",\"isPartOf\":{\"@id\":\"https:\\\/\\\/psgfans.fr\\\/#website\"},\"primaryImageOfPage\":{\"@id\":\"https:\\\/\\\/psgfans.fr\\\/?p=759#primaryimage\"},\"image\":{\"@id\":\"https:\\\/\\\/psgfans.fr\\\/?p=759#primaryimage\"},\"thumbnailUrl\":\"https:\\\/\\\/blogger.googleusercontent.com\\\/img\\\/b\\\/R29vZ2xl\\\/AVvXsEhjcsxeYLrAjbd26jh64UyG019VNJJWoKDXDb7D8AXRtALGb0cK15lyBfqDM2b2sy_0OX3QM5ma4Sw2stqwycqQxm_028lD1ZtX7w9b1R1nYNlqpaTyEOQjEtYienq-3Ysw2u0QWB18uhs\\\/s1600\\\/1,k,.jpg\",\"datePublished\":\"2014-04-11T14:30:00+00:00\",\"author\":{\"@id\":\"https:\\\/\\\/psgfans.fr\\\/#\\\/schema\\\/person\\\/be2237e7a0237af2f29cb344b3c55e6c\"},\"breadcrumb\":{\"@id\":\"https:\\\/\\\/psgfans.fr\\\/?p=759#breadcrumb\"},\"inLanguage\":\"fr-FR\",\"potentialAction\":[{\"@type\":\"ReadAction\",\"target\":[\"https:\\\/\\\/psgfans.fr\\\/?p=759\"]}]},{\"@type\":\"ImageObject\",\"inLanguage\":\"fr-FR\",\"@id\":\"https:\\\/\\\/psgfans.fr\\\/?p=759#primaryimage\",\"url\":\"https:\\\/\\\/blogger.googleusercontent.com\\\/img\\\/b\\\/R29vZ2xl\\\/AVvXsEhjcsxeYLrAjbd26jh64UyG019VNJJWoKDXDb7D8AXRtALGb0cK15lyBfqDM2b2sy_0OX3QM5ma4Sw2stqwycqQxm_028lD1ZtX7w9b1R1nYNlqpaTyEOQjEtYienq-3Ysw2u0QWB18uhs\\\/s1600\\\/1,k,.jpg\",\"contentUrl\":\"https:\\\/\\\/blogger.googleusercontent.com\\\/img\\\/b\\\/R29vZ2xl\\\/AVvXsEhjcsxeYLrAjbd26jh64UyG019VNJJWoKDXDb7D8AXRtALGb0cK15lyBfqDM2b2sy_0OX3QM5ma4Sw2stqwycqQxm_028lD1ZtX7w9b1R1nYNlqpaTyEOQjEtYienq-3Ysw2u0QWB18uhs\\\/s1600\\\/1,k,.jpg\"},{\"@type\":\"BreadcrumbList\",\"@id\":\"https:\\\/\\\/psgfans.fr\\\/?p=759#breadcrumb\",\"itemListElement\":[{\"@type\":\"ListItem\",\"position\":1,\"name\":\"Accueil\",\"item\":\"https:\\\/\\\/psgfans.fr\\\/\"},{\"@type\":\"ListItem\",\"position\":2,\"name\":\"Mercato : Al-Khela\u00effi avance ses pions pour Pogba !\"}]},{\"@type\":\"WebSite\",\"@id\":\"https:\\\/\\\/psgfans.fr\\\/#website\",\"url\":\"https:\\\/\\\/psgfans.fr\\\/\",\"name\":\"PSG FANS\",\"description\":\"Unit\u00e9, Passion, Victoire : Au C\u0153ur du Paris Saint-Germain!\",\"potentialAction\":[{\"@type\":\"SearchAction\",\"target\":{\"@type\":\"EntryPoint\",\"urlTemplate\":\"https:\\\/\\\/psgfans.fr\\\/?s={search_term_string}\"},\"query-input\":{\"@type\":\"PropertyValueSpecification\",\"valueRequired\":true,\"valueName\":\"search_term_string\"}}],\"inLanguage\":\"fr-FR\"},{\"@type\":\"Person\",\"@id\":\"https:\\\/\\\/psgfans.fr\\\/#\\\/schema\\\/person\\\/be2237e7a0237af2f29cb344b3c55e6c\",\"name\":\"psgfans\",\"image\":{\"@type\":\"ImageObject\",\"inLanguage\":\"fr-FR\",\"@id\":\"https:\\\/\\\/secure.gravatar.com\\\/avatar\\\/?s=96&d=mm&r=g\",\"url\":\"https:\\\/\\\/secure.gravatar.com\\\/avatar\\\/?s=96&d=mm&r=g\",\"contentUrl\":\"https:\\\/\\\/secure.gravatar.com\\\/avatar\\\/?s=96&d=mm&r=g\",\"caption\":\"psgfans\"},\"url\":\"https:\\\/\\\/psgfans.fr\\\/?author=2\"}]}<\/script>\n<!-- \/ Yoast SEO plugin. -->","yoast_head_json":{"title":"Mercato : Al-Khela\u00effi avance ses pions pour Pogba ! - PSG FANS","robots":{"index":"index","follow":"follow","max-snippet":"max-snippet:-1","max-image-preview":"max-image-preview:large","max-video-preview":"max-video-preview:-1"},"canonical":"https:\/\/psgfans.fr\/?p=759","og_locale":"fr_FR","og_type":"article","og_title":"Mercato : Al-Khela\u00effi avance ses pions pour Pogba ! - PSG FANS","og_description":"Alors que Paul Pogba est annonc\u00e9 dans le collimateur de plusieurs \u00e9curies europ\u00e9ennes, dont le PSG et le Real Madrid, la presse italienne annonce que le pr\u00e9sident parisien, Nasser Al-Khela\u00effi, aurait rencontr\u00e9 Mino Raiola, l\u2019agent de l\u2019international tricolore. Depuis plusieurs mois, Paul Pogba est annonc\u00e9 comme l\u2019une des principales cibles du PSG pour le prochain [&hellip;]","og_url":"https:\/\/psgfans.fr\/?p=759","og_site_name":"PSG FANS","article_published_time":"2014-04-11T14:30:00+00:00","og_image":[{"url":"https:\/\/blogger.googleusercontent.com\/img\/b\/R29vZ2xl\/AVvXsEhjcsxeYLrAjbd26jh64UyG019VNJJWoKDXDb7D8AXRtALGb0cK15lyBfqDM2b2sy_0OX3QM5ma4Sw2stqwycqQxm_028lD1ZtX7w9b1R1nYNlqpaTyEOQjEtYienq-3Ysw2u0QWB18uhs\/s1600\/1,k,.jpg","type":"","width":"","height":""}],"author":"psgfans","twitter_card":"summary_large_image","twitter_misc":{"\u00c9crit par":"psgfans","Dur\u00e9e de lecture estim\u00e9e":"2 minutes"},"schema":{"@context":"https:\/\/schema.org","@graph":[{"@type":"Article","@id":"https:\/\/psgfans.fr\/?p=759#article","isPartOf":{"@id":"https:\/\/psgfans.fr\/?p=759"},"author":{"name":"psgfans","@id":"https:\/\/psgfans.fr\/#\/schema\/person\/be2237e7a0237af2f29cb344b3c55e6c"},"headline":"Mercato : Al-Khela\u00effi avance ses pions pour Pogba !","datePublished":"2014-04-11T14:30:00+00:00","mainEntityOfPage":{"@id":"https:\/\/psgfans.fr\/?p=759"},"wordCount":352,"commentCount":0,"image":{"@id":"https:\/\/psgfans.fr\/?p=759#primaryimage"},"thumbnailUrl":"https:\/\/blogger.googleusercontent.com\/img\/b\/R29vZ2xl\/AVvXsEhjcsxeYLrAjbd26jh64UyG019VNJJWoKDXDb7D8AXRtALGb0cK15lyBfqDM2b2sy_0OX3QM5ma4Sw2stqwycqQxm_028lD1ZtX7w9b1R1nYNlqpaTyEOQjEtYienq-3Ysw2u0QWB18uhs\/s1600\/1,k,.jpg","articleSection":["News"],"inLanguage":"fr-FR","potentialAction":[{"@type":"CommentAction","name":"Comment","target":["https:\/\/psgfans.fr\/?p=759#respond"]}]},{"@type":"WebPage","@id":"https:\/\/psgfans.fr\/?p=759","url":"https:\/\/psgfans.fr\/?p=759","name":"Mercato : Al-Khela\u00effi avance ses pions pour Pogba ! - PSG FANS","isPartOf":{"@id":"https:\/\/psgfans.fr\/#website"},"primaryImageOfPage":{"@id":"https:\/\/psgfans.fr\/?p=759#primaryimage"},"image":{"@id":"https:\/\/psgfans.fr\/?p=759#primaryimage"},"thumbnailUrl":"https:\/\/blogger.googleusercontent.com\/img\/b\/R29vZ2xl\/AVvXsEhjcsxeYLrAjbd26jh64UyG019VNJJWoKDXDb7D8AXRtALGb0cK15lyBfqDM2b2sy_0OX3QM5ma4Sw2stqwycqQxm_028lD1ZtX7w9b1R1nYNlqpaTyEOQjEtYienq-3Ysw2u0QWB18uhs\/s1600\/1,k,.jpg","datePublished":"2014-04-11T14:30:00+00:00","author":{"@id":"https:\/\/psgfans.fr\/#\/schema\/person\/be2237e7a0237af2f29cb344b3c55e6c"},"breadcrumb":{"@id":"https:\/\/psgfans.fr\/?p=759#breadcrumb"},"inLanguage":"fr-FR","potentialAction":[{"@type":"ReadAction","target":["https:\/\/psgfans.fr\/?p=759"]}]},{"@type":"ImageObject","inLanguage":"fr-FR","@id":"https:\/\/psgfans.fr\/?p=759#primaryimage","url":"https:\/\/blogger.googleusercontent.com\/img\/b\/R29vZ2xl\/AVvXsEhjcsxeYLrAjbd26jh64UyG019VNJJWoKDXDb7D8AXRtALGb0cK15lyBfqDM2b2sy_0OX3QM5ma4Sw2stqwycqQxm_028lD1ZtX7w9b1R1nYNlqpaTyEOQjEtYienq-3Ysw2u0QWB18uhs\/s1600\/1,k,.jpg","contentUrl":"https:\/\/blogger.googleusercontent.com\/img\/b\/R29vZ2xl\/AVvXsEhjcsxeYLrAjbd26jh64UyG019VNJJWoKDXDb7D8AXRtALGb0cK15lyBfqDM2b2sy_0OX3QM5ma4Sw2stqwycqQxm_028lD1ZtX7w9b1R1nYNlqpaTyEOQjEtYienq-3Ysw2u0QWB18uhs\/s1600\/1,k,.jpg"},{"@type":"BreadcrumbList","@id":"https:\/\/psgfans.fr\/?p=759#breadcrumb","itemListElement":[{"@type":"ListItem","position":1,"name":"Accueil","item":"https:\/\/psgfans.fr\/"},{"@type":"ListItem","position":2,"name":"Mercato : Al-Khela\u00effi avance ses pions pour Pogba !"}]},{"@type":"WebSite","@id":"https:\/\/psgfans.fr\/#website","url":"https:\/\/psgfans.fr\/","name":"PSG FANS","description":"Unit\u00e9, Passion, Victoire : Au C\u0153ur du Paris Saint-Germain!","potentialAction":[{"@type":"SearchAction","target":{"@type":"EntryPoint","urlTemplate":"https:\/\/psgfans.fr\/?s={search_term_string}"},"query-input":{"@type":"PropertyValueSpecification","valueRequired":true,"valueName":"search_term_string"}}],"inLanguage":"fr-FR"},{"@type":"Person","@id":"https:\/\/psgfans.fr\/#\/schema\/person\/be2237e7a0237af2f29cb344b3c55e6c","name":"psgfans","image":{"@type":"ImageObject","inLanguage":"fr-FR","@id":"https:\/\/secure.gravatar.com\/avatar\/?s=96&d=mm&r=g","url":"https:\/\/secure.gravatar.com\/avatar\/?s=96&d=mm&r=g","contentUrl":"https:\/\/secure.gravatar.com\/avatar\/?s=96&d=mm&r=g","caption":"psgfans"},"url":"https:\/\/psgfans.fr\/?author=2"}]}},"_links":{"self":[{"href":"https:\/\/psgfans.fr\/index.php?rest_route=\/wp\/v2\/posts\/759","targetHints":{"allow":["GET"]}}],"collection":[{"href":"https:\/\/psgfans.fr\/index.php?rest_route=\/wp\/v2\/posts"}],"about":[{"href":"https:\/\/psgfans.fr\/index.php?rest_route=\/wp\/v2\/types\/post"}],"author":[{"embeddable":true,"href":"https:\/\/psgfans.fr\/index.php?rest_route=\/wp\/v2\/users\/2"}],"replies":[{"embeddable":true,"href":"https:\/\/psgfans.fr\/index.php?rest_route=%2Fwp%2Fv2%2Fcomments&post=759"}],"version-history":[{"count":0,"href":"https:\/\/psgfans.fr\/index.php?rest_route=\/wp\/v2\/posts\/759\/revisions"}],"wp:attachment":[{"href":"https:\/\/psgfans.fr\/index.php?rest_route=%2Fwp%2Fv2%2Fmedia&parent=759"}],"wp:term":[{"taxonomy":"category","embeddable":true,"href":"https:\/\/psgfans.fr\/index.php?rest_route=%2Fwp%2Fv2%2Fcategories&post=759"},{"taxonomy":"post_tag","embeddable":true,"href":"https:\/\/psgfans.fr\/index.php?rest_route=%2Fwp%2Fv2%2Ftags&post=759"}],"curies":[{"name":"wp","href":"https:\/\/api.w.org\/{rel}","templated":true}]}}