{"id":758,"date":"2014-04-12T12:50:00","date_gmt":"2014-04-12T11:50:00","guid":{"rendered":"https:\/\/psgfans.fr\/?p=758"},"modified":"2014-04-12T12:50:00","modified_gmt":"2014-04-12T11:50:00","slug":"l1-33e-journee-le-psg-champion-si","status":"publish","type":"post","link":"https:\/\/psgfans.fr\/?p=758","title":{"rendered":"L1, 33e journ\u00e9e : Le PSG champion si\u2026"},"content":{"rendered":"<div style=\"clear: both; text-align: center;\"><a href=\"https:\/\/blogger.googleusercontent.com\/img\/b\/R29vZ2xl\/AVvXsEgUHKYAyH5fai3G3vFTvtXIhaNss4il04_qQ-Jzi36FMcO9tspCXto_daJdEWFErHmAOTmvdHnBJ5jiHv_0lBo4nlM2ZztPD0YN2Ylrculm9YQhJFacMl9cZfXam03KEXtlTdjRQfuGVv0\/s1600\/1,k,.jpg\" style=\"margin-left: 1em; margin-right: 1em;\"><img loading=\"lazy\" decoding=\"async\" border=\"0\" src=\"https:\/\/blogger.googleusercontent.com\/img\/b\/R29vZ2xl\/AVvXsEgUHKYAyH5fai3G3vFTvtXIhaNss4il04_qQ-Jzi36FMcO9tspCXto_daJdEWFErHmAOTmvdHnBJ5jiHv_0lBo4nlM2ZztPD0YN2Ylrculm9YQhJFacMl9cZfXam03KEXtlTdjRQfuGVv0\/s1600\/1,k,.jpg\" height=\"225\" width=\"400\" \/><\/a><\/div>\n<p><b>Le PSG peut \u00eatre sacr\u00e9 champion de France pour la deuxi\u00e8me ann\u00e9e d\u2019affil\u00e9e d\u00e8s ce weekend. Si Paris devra l&#8217;emporter \u00e0 Lyon, tout d\u00e9pend d&rsquo;abord du r\u00e9sultat de Monaco \u00e0 Rennes.&nbsp;<\/b><\/p>\n<div><\/div>\n<div>\n<div><b>Sc\u00e9nario 1 : Monaco gagne \u00e0 Rennes<\/b><\/div>\n<div><\/div>\n<div>Les cons\u00e9quences : Paris ne pourra pas encore \u00eatre champion ce week-end<\/div>\n<div>Quel que soit le r\u00e9sultat du PSG face \u00e0 Lyon, les Parisiens vont devoir encore attendre avant de c\u00e9l\u00e9brer leur titre si l\u2019ASM revient victorieux de Bretagne. M\u00eame en cas de victoire du PSG, treize points s\u00e9pareraient encore les deux formations \u00e0 l&rsquo;issue du weekend. Or, il restera 15 points \u00e0 distribuer apr\u00e8s cette 33e journ\u00e9e\u2026&nbsp;<\/div>\n<div><\/div>\n<div><b>Sc\u00e9nario 2 : Monaco doit partager les points avec Rennes<\/b><\/div>\n<div><\/div>\n<div>Les cons\u00e9quences : Paris ne pourra pas encore \u00eatre champion mais\u2026<\/div>\n<div>Un petit point en plus pour Monaco lors de cette 33e journ\u00e9e, de quoi repousser le sacre parisien. En cas de victoire face \u00e0 l&rsquo;OL, le PSG compterait alors 15 longueurs d&rsquo;avance sur l&rsquo;ASM dimanche soir. Un matelas pas encore suffisant pour permettre aux Parisiens d&rsquo;\u00eatre champions. Enfin math\u00e9matiquement. Car avec la nette avance des prot\u00e9g\u00e9s de Laurent Blanc \u00e0 la diff\u00e9rence de buts (+56 pour le PSG contre +26 pour Monaco), ce sc\u00e9nario ne laisserait plus de pl<\/div>\n<\/div>\n<div><\/div>\n<div>\n<div><b>Sc\u00e9nario 3 : Monaco chute \u00e0 Rennes<\/b><\/div>\n<div><\/div>\n<div>Les cons\u00e9quences : Le PSG se voit offrir une balle de match pour le titre<\/div>\n<div>Battu par Rennes, Monaco ouvrirait la porte au sacre parisien. Le PSG pourrait f\u00eater son deuxi\u00e8me sacre cons\u00e9cutif sur la pelouse de l&rsquo;OL, comme la saison pass\u00e9e au soir de la 36e journ\u00e9e. Pour cela, le PSG n&rsquo;aura cependant pas le choix : il devra l\u2019emporter \u00e0 Lyon pour prendre trois points, condition sine qua non.<\/div>\n<\/div>\n<div><\/div>\n<div>eurosport.<\/div>\n<div><\/div>\n","protected":false},"excerpt":{"rendered":"<p>Le PSG peut \u00eatre sacr\u00e9 champion de France pour la deuxi\u00e8me ann\u00e9e d\u2019affil\u00e9e d\u00e8s ce weekend. Si Paris devra l&#8217;emporter \u00e0 Lyon, tout d\u00e9pend d&rsquo;abord du r\u00e9sultat de Monaco \u00e0 Rennes.&nbsp; Sc\u00e9nario 1 : Monaco gagne \u00e0 Rennes Les cons\u00e9quences : Paris ne pourra pas encore \u00eatre champion ce week-end Quel que soit le r\u00e9sultat [&hellip;]<\/p>\n","protected":false},"author":2,"featured_media":0,"comment_status":"open","ping_status":"open","sticky":false,"template":"","format":"standard","meta":{"footnotes":""},"categories":[3],"tags":[],"class_list":{"0":"post-758","1":"post","2":"type-post","3":"status-publish","4":"format-standard","6":"category-news"},"yoast_head":"<!-- This site is optimized with the Yoast SEO plugin v27.4 - https:\/\/yoast.com\/product\/yoast-seo-wordpress\/ -->\n<title>L1, 33e journ\u00e9e : Le PSG champion si\u2026 - PSG FANS<\/title>\n<meta name=\"robots\" content=\"index, follow, max-snippet:-1, max-image-preview:large, max-video-preview:-1\" \/>\n<link rel=\"canonical\" href=\"https:\/\/psgfans.fr\/?p=758\" \/>\n<meta property=\"og:locale\" content=\"fr_FR\" \/>\n<meta property=\"og:type\" content=\"article\" \/>\n<meta property=\"og:title\" content=\"L1, 33e journ\u00e9e : Le PSG champion si\u2026 - PSG FANS\" \/>\n<meta property=\"og:description\" content=\"Le PSG peut \u00eatre sacr\u00e9 champion de France pour la deuxi\u00e8me ann\u00e9e d\u2019affil\u00e9e d\u00e8s ce weekend. Si Paris devra l&#8217;emporter \u00e0 Lyon, tout d\u00e9pend d&rsquo;abord du r\u00e9sultat de Monaco \u00e0 Rennes.&nbsp; Sc\u00e9nario 1 : Monaco gagne \u00e0 Rennes Les cons\u00e9quences : Paris ne pourra pas encore \u00eatre champion ce week-end Quel que soit le r\u00e9sultat [&hellip;]\" \/>\n<meta property=\"og:url\" content=\"https:\/\/psgfans.fr\/?p=758\" \/>\n<meta property=\"og:site_name\" content=\"PSG FANS\" \/>\n<meta property=\"article:published_time\" content=\"2014-04-12T11:50:00+00:00\" \/>\n<meta property=\"og:image\" content=\"https:\/\/blogger.googleusercontent.com\/img\/b\/R29vZ2xl\/AVvXsEgUHKYAyH5fai3G3vFTvtXIhaNss4il04_qQ-Jzi36FMcO9tspCXto_daJdEWFErHmAOTmvdHnBJ5jiHv_0lBo4nlM2ZztPD0YN2Ylrculm9YQhJFacMl9cZfXam03KEXtlTdjRQfuGVv0\/s1600\/1,k,.jpg\" \/>\n<meta name=\"author\" content=\"psgfans\" \/>\n<meta name=\"twitter:card\" content=\"summary_large_image\" \/>\n<meta name=\"twitter:label1\" content=\"\u00c9crit par\" \/>\n\t<meta name=\"twitter:data1\" content=\"psgfans\" \/>\n\t<meta name=\"twitter:label2\" content=\"Dur\u00e9e de lecture estim\u00e9e\" \/>\n\t<meta name=\"twitter:data2\" content=\"1 minute\" \/>\n<script type=\"application\/ld+json\" class=\"yoast-schema-graph\">{\"@context\":\"https:\\\/\\\/schema.org\",\"@graph\":[{\"@type\":\"Article\",\"@id\":\"https:\\\/\\\/psgfans.fr\\\/?p=758#article\",\"isPartOf\":{\"@id\":\"https:\\\/\\\/psgfans.fr\\\/?p=758\"},\"author\":{\"name\":\"psgfans\",\"@id\":\"https:\\\/\\\/psgfans.fr\\\/#\\\/schema\\\/person\\\/be2237e7a0237af2f29cb344b3c55e6c\"},\"headline\":\"L1, 33e journ\u00e9e : Le PSG champion si\u2026\",\"datePublished\":\"2014-04-12T11:50:00+00:00\",\"mainEntityOfPage\":{\"@id\":\"https:\\\/\\\/psgfans.fr\\\/?p=758\"},\"wordCount\":313,\"commentCount\":0,\"image\":{\"@id\":\"https:\\\/\\\/psgfans.fr\\\/?p=758#primaryimage\"},\"thumbnailUrl\":\"https:\\\/\\\/blogger.googleusercontent.com\\\/img\\\/b\\\/R29vZ2xl\\\/AVvXsEgUHKYAyH5fai3G3vFTvtXIhaNss4il04_qQ-Jzi36FMcO9tspCXto_daJdEWFErHmAOTmvdHnBJ5jiHv_0lBo4nlM2ZztPD0YN2Ylrculm9YQhJFacMl9cZfXam03KEXtlTdjRQfuGVv0\\\/s1600\\\/1,k,.jpg\",\"articleSection\":[\"News\"],\"inLanguage\":\"fr-FR\",\"potentialAction\":[{\"@type\":\"CommentAction\",\"name\":\"Comment\",\"target\":[\"https:\\\/\\\/psgfans.fr\\\/?p=758#respond\"]}]},{\"@type\":\"WebPage\",\"@id\":\"https:\\\/\\\/psgfans.fr\\\/?p=758\",\"url\":\"https:\\\/\\\/psgfans.fr\\\/?p=758\",\"name\":\"L1, 33e journ\u00e9e : Le PSG champion si\u2026 - PSG FANS\",\"isPartOf\":{\"@id\":\"https:\\\/\\\/psgfans.fr\\\/#website\"},\"primaryImageOfPage\":{\"@id\":\"https:\\\/\\\/psgfans.fr\\\/?p=758#primaryimage\"},\"image\":{\"@id\":\"https:\\\/\\\/psgfans.fr\\\/?p=758#primaryimage\"},\"thumbnailUrl\":\"https:\\\/\\\/blogger.googleusercontent.com\\\/img\\\/b\\\/R29vZ2xl\\\/AVvXsEgUHKYAyH5fai3G3vFTvtXIhaNss4il04_qQ-Jzi36FMcO9tspCXto_daJdEWFErHmAOTmvdHnBJ5jiHv_0lBo4nlM2ZztPD0YN2Ylrculm9YQhJFacMl9cZfXam03KEXtlTdjRQfuGVv0\\\/s1600\\\/1,k,.jpg\",\"datePublished\":\"2014-04-12T11:50:00+00:00\",\"author\":{\"@id\":\"https:\\\/\\\/psgfans.fr\\\/#\\\/schema\\\/person\\\/be2237e7a0237af2f29cb344b3c55e6c\"},\"breadcrumb\":{\"@id\":\"https:\\\/\\\/psgfans.fr\\\/?p=758#breadcrumb\"},\"inLanguage\":\"fr-FR\",\"potentialAction\":[{\"@type\":\"ReadAction\",\"target\":[\"https:\\\/\\\/psgfans.fr\\\/?p=758\"]}]},{\"@type\":\"ImageObject\",\"inLanguage\":\"fr-FR\",\"@id\":\"https:\\\/\\\/psgfans.fr\\\/?p=758#primaryimage\",\"url\":\"https:\\\/\\\/blogger.googleusercontent.com\\\/img\\\/b\\\/R29vZ2xl\\\/AVvXsEgUHKYAyH5fai3G3vFTvtXIhaNss4il04_qQ-Jzi36FMcO9tspCXto_daJdEWFErHmAOTmvdHnBJ5jiHv_0lBo4nlM2ZztPD0YN2Ylrculm9YQhJFacMl9cZfXam03KEXtlTdjRQfuGVv0\\\/s1600\\\/1,k,.jpg\",\"contentUrl\":\"https:\\\/\\\/blogger.googleusercontent.com\\\/img\\\/b\\\/R29vZ2xl\\\/AVvXsEgUHKYAyH5fai3G3vFTvtXIhaNss4il04_qQ-Jzi36FMcO9tspCXto_daJdEWFErHmAOTmvdHnBJ5jiHv_0lBo4nlM2ZztPD0YN2Ylrculm9YQhJFacMl9cZfXam03KEXtlTdjRQfuGVv0\\\/s1600\\\/1,k,.jpg\"},{\"@type\":\"BreadcrumbList\",\"@id\":\"https:\\\/\\\/psgfans.fr\\\/?p=758#breadcrumb\",\"itemListElement\":[{\"@type\":\"ListItem\",\"position\":1,\"name\":\"Accueil\",\"item\":\"https:\\\/\\\/psgfans.fr\\\/\"},{\"@type\":\"ListItem\",\"position\":2,\"name\":\"L1, 33e journ\u00e9e : Le PSG champion si\u2026\"}]},{\"@type\":\"WebSite\",\"@id\":\"https:\\\/\\\/psgfans.fr\\\/#website\",\"url\":\"https:\\\/\\\/psgfans.fr\\\/\",\"name\":\"PSG FANS\",\"description\":\"Unit\u00e9, Passion, Victoire : Au C\u0153ur du Paris Saint-Germain!\",\"potentialAction\":[{\"@type\":\"SearchAction\",\"target\":{\"@type\":\"EntryPoint\",\"urlTemplate\":\"https:\\\/\\\/psgfans.fr\\\/?s={search_term_string}\"},\"query-input\":{\"@type\":\"PropertyValueSpecification\",\"valueRequired\":true,\"valueName\":\"search_term_string\"}}],\"inLanguage\":\"fr-FR\"},{\"@type\":\"Person\",\"@id\":\"https:\\\/\\\/psgfans.fr\\\/#\\\/schema\\\/person\\\/be2237e7a0237af2f29cb344b3c55e6c\",\"name\":\"psgfans\",\"image\":{\"@type\":\"ImageObject\",\"inLanguage\":\"fr-FR\",\"@id\":\"https:\\\/\\\/secure.gravatar.com\\\/avatar\\\/?s=96&d=mm&r=g\",\"url\":\"https:\\\/\\\/secure.gravatar.com\\\/avatar\\\/?s=96&d=mm&r=g\",\"contentUrl\":\"https:\\\/\\\/secure.gravatar.com\\\/avatar\\\/?s=96&d=mm&r=g\",\"caption\":\"psgfans\"},\"url\":\"https:\\\/\\\/psgfans.fr\\\/?author=2\"}]}<\/script>\n<!-- \/ Yoast SEO plugin. -->","yoast_head_json":{"title":"L1, 33e journ\u00e9e : Le PSG champion si\u2026 - PSG FANS","robots":{"index":"index","follow":"follow","max-snippet":"max-snippet:-1","max-image-preview":"max-image-preview:large","max-video-preview":"max-video-preview:-1"},"canonical":"https:\/\/psgfans.fr\/?p=758","og_locale":"fr_FR","og_type":"article","og_title":"L1, 33e journ\u00e9e : Le PSG champion si\u2026 - PSG FANS","og_description":"Le PSG peut \u00eatre sacr\u00e9 champion de France pour la deuxi\u00e8me ann\u00e9e d\u2019affil\u00e9e d\u00e8s ce weekend. Si Paris devra l&#8217;emporter \u00e0 Lyon, tout d\u00e9pend d&rsquo;abord du r\u00e9sultat de Monaco \u00e0 Rennes.&nbsp; Sc\u00e9nario 1 : Monaco gagne \u00e0 Rennes Les cons\u00e9quences : Paris ne pourra pas encore \u00eatre champion ce week-end Quel que soit le r\u00e9sultat [&hellip;]","og_url":"https:\/\/psgfans.fr\/?p=758","og_site_name":"PSG FANS","article_published_time":"2014-04-12T11:50:00+00:00","og_image":[{"url":"https:\/\/blogger.googleusercontent.com\/img\/b\/R29vZ2xl\/AVvXsEgUHKYAyH5fai3G3vFTvtXIhaNss4il04_qQ-Jzi36FMcO9tspCXto_daJdEWFErHmAOTmvdHnBJ5jiHv_0lBo4nlM2ZztPD0YN2Ylrculm9YQhJFacMl9cZfXam03KEXtlTdjRQfuGVv0\/s1600\/1,k,.jpg","type":"","width":"","height":""}],"author":"psgfans","twitter_card":"summary_large_image","twitter_misc":{"\u00c9crit par":"psgfans","Dur\u00e9e de lecture estim\u00e9e":"1 minute"},"schema":{"@context":"https:\/\/schema.org","@graph":[{"@type":"Article","@id":"https:\/\/psgfans.fr\/?p=758#article","isPartOf":{"@id":"https:\/\/psgfans.fr\/?p=758"},"author":{"name":"psgfans","@id":"https:\/\/psgfans.fr\/#\/schema\/person\/be2237e7a0237af2f29cb344b3c55e6c"},"headline":"L1, 33e journ\u00e9e : Le PSG champion si\u2026","datePublished":"2014-04-12T11:50:00+00:00","mainEntityOfPage":{"@id":"https:\/\/psgfans.fr\/?p=758"},"wordCount":313,"commentCount":0,"image":{"@id":"https:\/\/psgfans.fr\/?p=758#primaryimage"},"thumbnailUrl":"https:\/\/blogger.googleusercontent.com\/img\/b\/R29vZ2xl\/AVvXsEgUHKYAyH5fai3G3vFTvtXIhaNss4il04_qQ-Jzi36FMcO9tspCXto_daJdEWFErHmAOTmvdHnBJ5jiHv_0lBo4nlM2ZztPD0YN2Ylrculm9YQhJFacMl9cZfXam03KEXtlTdjRQfuGVv0\/s1600\/1,k,.jpg","articleSection":["News"],"inLanguage":"fr-FR","potentialAction":[{"@type":"CommentAction","name":"Comment","target":["https:\/\/psgfans.fr\/?p=758#respond"]}]},{"@type":"WebPage","@id":"https:\/\/psgfans.fr\/?p=758","url":"https:\/\/psgfans.fr\/?p=758","name":"L1, 33e journ\u00e9e : Le PSG champion si\u2026 - PSG FANS","isPartOf":{"@id":"https:\/\/psgfans.fr\/#website"},"primaryImageOfPage":{"@id":"https:\/\/psgfans.fr\/?p=758#primaryimage"},"image":{"@id":"https:\/\/psgfans.fr\/?p=758#primaryimage"},"thumbnailUrl":"https:\/\/blogger.googleusercontent.com\/img\/b\/R29vZ2xl\/AVvXsEgUHKYAyH5fai3G3vFTvtXIhaNss4il04_qQ-Jzi36FMcO9tspCXto_daJdEWFErHmAOTmvdHnBJ5jiHv_0lBo4nlM2ZztPD0YN2Ylrculm9YQhJFacMl9cZfXam03KEXtlTdjRQfuGVv0\/s1600\/1,k,.jpg","datePublished":"2014-04-12T11:50:00+00:00","author":{"@id":"https:\/\/psgfans.fr\/#\/schema\/person\/be2237e7a0237af2f29cb344b3c55e6c"},"breadcrumb":{"@id":"https:\/\/psgfans.fr\/?p=758#breadcrumb"},"inLanguage":"fr-FR","potentialAction":[{"@type":"ReadAction","target":["https:\/\/psgfans.fr\/?p=758"]}]},{"@type":"ImageObject","inLanguage":"fr-FR","@id":"https:\/\/psgfans.fr\/?p=758#primaryimage","url":"https:\/\/blogger.googleusercontent.com\/img\/b\/R29vZ2xl\/AVvXsEgUHKYAyH5fai3G3vFTvtXIhaNss4il04_qQ-Jzi36FMcO9tspCXto_daJdEWFErHmAOTmvdHnBJ5jiHv_0lBo4nlM2ZztPD0YN2Ylrculm9YQhJFacMl9cZfXam03KEXtlTdjRQfuGVv0\/s1600\/1,k,.jpg","contentUrl":"https:\/\/blogger.googleusercontent.com\/img\/b\/R29vZ2xl\/AVvXsEgUHKYAyH5fai3G3vFTvtXIhaNss4il04_qQ-Jzi36FMcO9tspCXto_daJdEWFErHmAOTmvdHnBJ5jiHv_0lBo4nlM2ZztPD0YN2Ylrculm9YQhJFacMl9cZfXam03KEXtlTdjRQfuGVv0\/s1600\/1,k,.jpg"},{"@type":"BreadcrumbList","@id":"https:\/\/psgfans.fr\/?p=758#breadcrumb","itemListElement":[{"@type":"ListItem","position":1,"name":"Accueil","item":"https:\/\/psgfans.fr\/"},{"@type":"ListItem","position":2,"name":"L1, 33e journ\u00e9e : Le PSG champion si\u2026"}]},{"@type":"WebSite","@id":"https:\/\/psgfans.fr\/#website","url":"https:\/\/psgfans.fr\/","name":"PSG FANS","description":"Unit\u00e9, Passion, Victoire : Au C\u0153ur du Paris Saint-Germain!","potentialAction":[{"@type":"SearchAction","target":{"@type":"EntryPoint","urlTemplate":"https:\/\/psgfans.fr\/?s={search_term_string}"},"query-input":{"@type":"PropertyValueSpecification","valueRequired":true,"valueName":"search_term_string"}}],"inLanguage":"fr-FR"},{"@type":"Person","@id":"https:\/\/psgfans.fr\/#\/schema\/person\/be2237e7a0237af2f29cb344b3c55e6c","name":"psgfans","image":{"@type":"ImageObject","inLanguage":"fr-FR","@id":"https:\/\/secure.gravatar.com\/avatar\/?s=96&d=mm&r=g","url":"https:\/\/secure.gravatar.com\/avatar\/?s=96&d=mm&r=g","contentUrl":"https:\/\/secure.gravatar.com\/avatar\/?s=96&d=mm&r=g","caption":"psgfans"},"url":"https:\/\/psgfans.fr\/?author=2"}]}},"_links":{"self":[{"href":"https:\/\/psgfans.fr\/index.php?rest_route=\/wp\/v2\/posts\/758","targetHints":{"allow":["GET"]}}],"collection":[{"href":"https:\/\/psgfans.fr\/index.php?rest_route=\/wp\/v2\/posts"}],"about":[{"href":"https:\/\/psgfans.fr\/index.php?rest_route=\/wp\/v2\/types\/post"}],"author":[{"embeddable":true,"href":"https:\/\/psgfans.fr\/index.php?rest_route=\/wp\/v2\/users\/2"}],"replies":[{"embeddable":true,"href":"https:\/\/psgfans.fr\/index.php?rest_route=%2Fwp%2Fv2%2Fcomments&post=758"}],"version-history":[{"count":0,"href":"https:\/\/psgfans.fr\/index.php?rest_route=\/wp\/v2\/posts\/758\/revisions"}],"wp:attachment":[{"href":"https:\/\/psgfans.fr\/index.php?rest_route=%2Fwp%2Fv2%2Fmedia&parent=758"}],"wp:term":[{"taxonomy":"category","embeddable":true,"href":"https:\/\/psgfans.fr\/index.php?rest_route=%2Fwp%2Fv2%2Fcategories&post=758"},{"taxonomy":"post_tag","embeddable":true,"href":"https:\/\/psgfans.fr\/index.php?rest_route=%2Fwp%2Fv2%2Ftags&post=758"}],"curies":[{"name":"wp","href":"https:\/\/api.w.org\/{rel}","templated":true}]}}