{"id":695,"date":"2014-04-25T14:17:00","date_gmt":"2014-04-25T13:17:00","guid":{"rendered":"https:\/\/psgfans.fr\/?p=695"},"modified":"2014-04-25T14:17:00","modified_gmt":"2014-04-25T13:17:00","slug":"paris-avait-la-gueule-de-bois","status":"publish","type":"post","link":"https:\/\/psgfans.fr\/?p=695","title":{"rendered":"Paris avait la gueule de bois"},"content":{"rendered":"<div style=\"clear: both; text-align: center;\"><a href=\"https:\/\/blogger.googleusercontent.com\/img\/b\/R29vZ2xl\/AVvXsEiH03GmPkUXWbehBTeLH3FMI9JWN8B3Z-v4r1i69C8yK_2b0FFNMSTQKaV6zQO_0wfXsaGFZBNhQ1mLKbOki3XNuxkutazzGAqgZaWWKcVzexIQ3Fc_KPeEPf1hf578pnuyh-tgKjrtkbw\/s1600\/y6meu2juN_4.jpg\" style=\"margin-left: 1em; margin-right: 1em;\"><img loading=\"lazy\" decoding=\"async\" border=\"0\" src=\"https:\/\/blogger.googleusercontent.com\/img\/b\/R29vZ2xl\/AVvXsEiH03GmPkUXWbehBTeLH3FMI9JWN8B3Z-v4r1i69C8yK_2b0FFNMSTQKaV6zQO_0wfXsaGFZBNhQ1mLKbOki3XNuxkutazzGAqgZaWWKcVzexIQ3Fc_KPeEPf1hf578pnuyh-tgKjrtkbw\/s1600\/y6meu2juN_4.jpg\" height=\"266\" width=\"400\" \/><\/a><\/div>\n<p><b>Quatre jours apr\u00e8s leur victoire en Coupe de la Ligue, les Parisiens sont sortis vainqueurs d&rsquo;un match d\u00e9cevant qui les rapproche pourtant du titre.<\/b><\/p>\n<div><\/div>\n<p>Rendez-vous dimanche \u00e0 14 heures \u00e0 Sochaux. Six ans apr\u00e8s avoir jou\u00e9 sa survie en Ligue 1 dans le Doubs, le PSG va tenter cette fois d&rsquo;aller y conqu\u00e9rir son quatri\u00e8me titre de champion de France, le second cons\u00e9cutif. Signe que les temps ont bien chang\u00e9, ce sont les Sochaliens qui, cette fois, joueront leur peau dans l&rsquo;\u00e9lite.<\/p>\n<p>Et s&rsquo;ils la vendent aussi ch\u00e8rement que les Haut-Savoyards hier au Parc des Princes, les Parisiens ne sont pas vraiment assur\u00e9s d&rsquo;aller f\u00eater leur titre dimanche soir dans un \u00e9tablissement proche des Champs-Elys\u00e9es.<\/p>\n<p>Le public clairsem\u00e9 du Parc a eu droit \u00e0 un pensum, m\u00eame pas digne d&rsquo;une mise en bouche de Real Madrid &#8211; Bayern Munich. Certainement l&rsquo;un des matchs les plus indigestes que Paris a livr\u00e9s cette saison. Les festivit\u00e9s apr\u00e8s la victoire en finale de la Coupe de la Ligue samedi face \u00e0 Lyon (2-1) n&rsquo;expliquent pas tout. Cavani et la plupart de ses partenaires n&rsquo;y \u00e9taient pas du tout.<\/p>\n<p>Press\u00e9 d&rsquo;aller se caler dans son fauteuil pour regarder la demi-finale de la Ligue des champions, Laurent Blanc ne s&rsquo;est pas attard\u00e9, mais il a quand m\u00eame d\u00e9livr\u00e9 quelques messages \u00e0 l&rsquo;adresse de ses joueurs. \u00ab Je les avais avertis qu&rsquo;il fallait encore faire un petit effort mais, en premi\u00e8re mi-temps, le seul effort qu&rsquo;on a fait, c&rsquo;est de rentrer sur le terrain. Et \u00e7a m&rsquo;a d\u00e9plu \u00e9norm\u00e9ment \u00bb, peste l&rsquo;entra\u00eeneur parisien. Avec son jeu en jach\u00e8re depuis la blessure de Zlatan Ibrahimovic, Paris a multipli\u00e9 les erreurs techniques et les transmissions hasardeuses.<\/p>\n<p>Les Haut-Savoyards se sont m\u00eame cr\u00e9\u00e9 les deux meilleures occasions de but, dont un coup franc sur la barre de Sirigu, d\u00e8s l&rsquo;entame du match. Ils auraient m\u00eame pu \u00ab mener au score \u00bb, comme le rel\u00e8ve Blanc.<\/p>\n<p>Il a fallu attendre la conjugaison de l&rsquo;expulsion d&rsquo;Abdallah (61) pour un second avertissement et l&rsquo;entr\u00e9e en jeu de Matuidi apr\u00e8s la pause pour r\u00e9veiller le PSG. Bien plus conqu\u00e9rant en sup\u00e9riorit\u00e9 num\u00e9rique, le club de la capitale a offert un spectacle un peu plus conforme \u00e0 son statut lors des trente derni\u00e8res minutes de jeu.<\/p>\n<p>\u00ab On fait le job et ce n&rsquo;est pas un hasard si c&rsquo;est Blaise (NDLR : Matuidi) qui marque car lui y croit toujours jusqu&rsquo;au bout, se f\u00e9licite Laurent Blanc. Mais il faudra un autre \u00e9tat d&rsquo;esprit \u00e0 Sochaux. On peut se dire qu&rsquo;on a un matelas sur Monaco (NDLR : 10 points d&rsquo;avance \u00e0 quatre journ\u00e9es de la fin), mais on a d\u00e9montr\u00e9 certaines vertus depuis le d\u00e9but de la saison et il ne faudrait pas les oublier maintenant. \u00bb<\/p>\n<p>Ce serait en effet malvenu quand Paris est sur le point de conclure une saison d&rsquo;une haute tenue.<\/p>\n<p>leparisien<\/p>\n","protected":false},"excerpt":{"rendered":"<p>Quatre jours apr\u00e8s leur victoire en Coupe de la Ligue, les Parisiens sont sortis vainqueurs d&rsquo;un match d\u00e9cevant qui les rapproche pourtant du titre. Rendez-vous dimanche \u00e0 14 heures \u00e0 Sochaux. Six ans apr\u00e8s avoir jou\u00e9 sa survie en Ligue 1 dans le Doubs, le PSG va tenter cette fois d&rsquo;aller y conqu\u00e9rir son quatri\u00e8me [&hellip;]<\/p>\n","protected":false},"author":2,"featured_media":0,"comment_status":"open","ping_status":"open","sticky":false,"template":"","format":"standard","meta":{"footnotes":""},"categories":[3],"tags":[],"class_list":{"0":"post-695","1":"post","2":"type-post","3":"status-publish","4":"format-standard","6":"category-news"},"yoast_head":"<!-- This site is optimized with the Yoast SEO plugin v27.4 - https:\/\/yoast.com\/product\/yoast-seo-wordpress\/ -->\n<title>Paris avait la gueule de bois - PSG FANS<\/title>\n<meta name=\"robots\" content=\"index, follow, max-snippet:-1, max-image-preview:large, max-video-preview:-1\" \/>\n<link rel=\"canonical\" href=\"https:\/\/psgfans.fr\/?p=695\" \/>\n<meta property=\"og:locale\" content=\"fr_FR\" \/>\n<meta property=\"og:type\" content=\"article\" \/>\n<meta property=\"og:title\" content=\"Paris avait la gueule de bois - PSG FANS\" \/>\n<meta property=\"og:description\" content=\"Quatre jours apr\u00e8s leur victoire en Coupe de la Ligue, les Parisiens sont sortis vainqueurs d&rsquo;un match d\u00e9cevant qui les rapproche pourtant du titre. Rendez-vous dimanche \u00e0 14 heures \u00e0 Sochaux. Six ans apr\u00e8s avoir jou\u00e9 sa survie en Ligue 1 dans le Doubs, le PSG va tenter cette fois d&rsquo;aller y conqu\u00e9rir son quatri\u00e8me [&hellip;]\" \/>\n<meta property=\"og:url\" content=\"https:\/\/psgfans.fr\/?p=695\" \/>\n<meta property=\"og:site_name\" content=\"PSG FANS\" \/>\n<meta property=\"article:published_time\" content=\"2014-04-25T13:17:00+00:00\" \/>\n<meta property=\"og:image\" content=\"https:\/\/blogger.googleusercontent.com\/img\/b\/R29vZ2xl\/AVvXsEiH03GmPkUXWbehBTeLH3FMI9JWN8B3Z-v4r1i69C8yK_2b0FFNMSTQKaV6zQO_0wfXsaGFZBNhQ1mLKbOki3XNuxkutazzGAqgZaWWKcVzexIQ3Fc_KPeEPf1hf578pnuyh-tgKjrtkbw\/s1600\/y6meu2juN_4.jpg\" \/>\n<meta name=\"author\" content=\"psgfans\" \/>\n<meta name=\"twitter:card\" content=\"summary_large_image\" \/>\n<meta name=\"twitter:label1\" content=\"\u00c9crit par\" \/>\n\t<meta name=\"twitter:data1\" content=\"psgfans\" \/>\n\t<meta name=\"twitter:label2\" content=\"Dur\u00e9e de lecture estim\u00e9e\" \/>\n\t<meta name=\"twitter:data2\" content=\"2 minutes\" \/>\n<script type=\"application\/ld+json\" class=\"yoast-schema-graph\">{\"@context\":\"https:\\\/\\\/schema.org\",\"@graph\":[{\"@type\":\"Article\",\"@id\":\"https:\\\/\\\/psgfans.fr\\\/?p=695#article\",\"isPartOf\":{\"@id\":\"https:\\\/\\\/psgfans.fr\\\/?p=695\"},\"author\":{\"name\":\"psgfans\",\"@id\":\"https:\\\/\\\/psgfans.fr\\\/#\\\/schema\\\/person\\\/be2237e7a0237af2f29cb344b3c55e6c\"},\"headline\":\"Paris avait la gueule de bois\",\"datePublished\":\"2014-04-25T13:17:00+00:00\",\"mainEntityOfPage\":{\"@id\":\"https:\\\/\\\/psgfans.fr\\\/?p=695\"},\"wordCount\":522,\"commentCount\":0,\"image\":{\"@id\":\"https:\\\/\\\/psgfans.fr\\\/?p=695#primaryimage\"},\"thumbnailUrl\":\"https:\\\/\\\/blogger.googleusercontent.com\\\/img\\\/b\\\/R29vZ2xl\\\/AVvXsEiH03GmPkUXWbehBTeLH3FMI9JWN8B3Z-v4r1i69C8yK_2b0FFNMSTQKaV6zQO_0wfXsaGFZBNhQ1mLKbOki3XNuxkutazzGAqgZaWWKcVzexIQ3Fc_KPeEPf1hf578pnuyh-tgKjrtkbw\\\/s1600\\\/y6meu2juN_4.jpg\",\"articleSection\":[\"News\"],\"inLanguage\":\"fr-FR\",\"potentialAction\":[{\"@type\":\"CommentAction\",\"name\":\"Comment\",\"target\":[\"https:\\\/\\\/psgfans.fr\\\/?p=695#respond\"]}]},{\"@type\":\"WebPage\",\"@id\":\"https:\\\/\\\/psgfans.fr\\\/?p=695\",\"url\":\"https:\\\/\\\/psgfans.fr\\\/?p=695\",\"name\":\"Paris avait la gueule de bois - PSG FANS\",\"isPartOf\":{\"@id\":\"https:\\\/\\\/psgfans.fr\\\/#website\"},\"primaryImageOfPage\":{\"@id\":\"https:\\\/\\\/psgfans.fr\\\/?p=695#primaryimage\"},\"image\":{\"@id\":\"https:\\\/\\\/psgfans.fr\\\/?p=695#primaryimage\"},\"thumbnailUrl\":\"https:\\\/\\\/blogger.googleusercontent.com\\\/img\\\/b\\\/R29vZ2xl\\\/AVvXsEiH03GmPkUXWbehBTeLH3FMI9JWN8B3Z-v4r1i69C8yK_2b0FFNMSTQKaV6zQO_0wfXsaGFZBNhQ1mLKbOki3XNuxkutazzGAqgZaWWKcVzexIQ3Fc_KPeEPf1hf578pnuyh-tgKjrtkbw\\\/s1600\\\/y6meu2juN_4.jpg\",\"datePublished\":\"2014-04-25T13:17:00+00:00\",\"author\":{\"@id\":\"https:\\\/\\\/psgfans.fr\\\/#\\\/schema\\\/person\\\/be2237e7a0237af2f29cb344b3c55e6c\"},\"breadcrumb\":{\"@id\":\"https:\\\/\\\/psgfans.fr\\\/?p=695#breadcrumb\"},\"inLanguage\":\"fr-FR\",\"potentialAction\":[{\"@type\":\"ReadAction\",\"target\":[\"https:\\\/\\\/psgfans.fr\\\/?p=695\"]}]},{\"@type\":\"ImageObject\",\"inLanguage\":\"fr-FR\",\"@id\":\"https:\\\/\\\/psgfans.fr\\\/?p=695#primaryimage\",\"url\":\"https:\\\/\\\/blogger.googleusercontent.com\\\/img\\\/b\\\/R29vZ2xl\\\/AVvXsEiH03GmPkUXWbehBTeLH3FMI9JWN8B3Z-v4r1i69C8yK_2b0FFNMSTQKaV6zQO_0wfXsaGFZBNhQ1mLKbOki3XNuxkutazzGAqgZaWWKcVzexIQ3Fc_KPeEPf1hf578pnuyh-tgKjrtkbw\\\/s1600\\\/y6meu2juN_4.jpg\",\"contentUrl\":\"https:\\\/\\\/blogger.googleusercontent.com\\\/img\\\/b\\\/R29vZ2xl\\\/AVvXsEiH03GmPkUXWbehBTeLH3FMI9JWN8B3Z-v4r1i69C8yK_2b0FFNMSTQKaV6zQO_0wfXsaGFZBNhQ1mLKbOki3XNuxkutazzGAqgZaWWKcVzexIQ3Fc_KPeEPf1hf578pnuyh-tgKjrtkbw\\\/s1600\\\/y6meu2juN_4.jpg\"},{\"@type\":\"BreadcrumbList\",\"@id\":\"https:\\\/\\\/psgfans.fr\\\/?p=695#breadcrumb\",\"itemListElement\":[{\"@type\":\"ListItem\",\"position\":1,\"name\":\"Accueil\",\"item\":\"https:\\\/\\\/psgfans.fr\\\/\"},{\"@type\":\"ListItem\",\"position\":2,\"name\":\"Paris avait la gueule de bois\"}]},{\"@type\":\"WebSite\",\"@id\":\"https:\\\/\\\/psgfans.fr\\\/#website\",\"url\":\"https:\\\/\\\/psgfans.fr\\\/\",\"name\":\"PSG FANS\",\"description\":\"Unit\u00e9, Passion, Victoire : Au C\u0153ur du Paris Saint-Germain!\",\"potentialAction\":[{\"@type\":\"SearchAction\",\"target\":{\"@type\":\"EntryPoint\",\"urlTemplate\":\"https:\\\/\\\/psgfans.fr\\\/?s={search_term_string}\"},\"query-input\":{\"@type\":\"PropertyValueSpecification\",\"valueRequired\":true,\"valueName\":\"search_term_string\"}}],\"inLanguage\":\"fr-FR\"},{\"@type\":\"Person\",\"@id\":\"https:\\\/\\\/psgfans.fr\\\/#\\\/schema\\\/person\\\/be2237e7a0237af2f29cb344b3c55e6c\",\"name\":\"psgfans\",\"image\":{\"@type\":\"ImageObject\",\"inLanguage\":\"fr-FR\",\"@id\":\"https:\\\/\\\/secure.gravatar.com\\\/avatar\\\/?s=96&d=mm&r=g\",\"url\":\"https:\\\/\\\/secure.gravatar.com\\\/avatar\\\/?s=96&d=mm&r=g\",\"contentUrl\":\"https:\\\/\\\/secure.gravatar.com\\\/avatar\\\/?s=96&d=mm&r=g\",\"caption\":\"psgfans\"},\"url\":\"https:\\\/\\\/psgfans.fr\\\/?author=2\"}]}<\/script>\n<!-- \/ Yoast SEO plugin. -->","yoast_head_json":{"title":"Paris avait la gueule de bois - PSG FANS","robots":{"index":"index","follow":"follow","max-snippet":"max-snippet:-1","max-image-preview":"max-image-preview:large","max-video-preview":"max-video-preview:-1"},"canonical":"https:\/\/psgfans.fr\/?p=695","og_locale":"fr_FR","og_type":"article","og_title":"Paris avait la gueule de bois - PSG FANS","og_description":"Quatre jours apr\u00e8s leur victoire en Coupe de la Ligue, les Parisiens sont sortis vainqueurs d&rsquo;un match d\u00e9cevant qui les rapproche pourtant du titre. Rendez-vous dimanche \u00e0 14 heures \u00e0 Sochaux. Six ans apr\u00e8s avoir jou\u00e9 sa survie en Ligue 1 dans le Doubs, le PSG va tenter cette fois d&rsquo;aller y conqu\u00e9rir son quatri\u00e8me [&hellip;]","og_url":"https:\/\/psgfans.fr\/?p=695","og_site_name":"PSG FANS","article_published_time":"2014-04-25T13:17:00+00:00","og_image":[{"url":"https:\/\/blogger.googleusercontent.com\/img\/b\/R29vZ2xl\/AVvXsEiH03GmPkUXWbehBTeLH3FMI9JWN8B3Z-v4r1i69C8yK_2b0FFNMSTQKaV6zQO_0wfXsaGFZBNhQ1mLKbOki3XNuxkutazzGAqgZaWWKcVzexIQ3Fc_KPeEPf1hf578pnuyh-tgKjrtkbw\/s1600\/y6meu2juN_4.jpg","type":"","width":"","height":""}],"author":"psgfans","twitter_card":"summary_large_image","twitter_misc":{"\u00c9crit par":"psgfans","Dur\u00e9e de lecture estim\u00e9e":"2 minutes"},"schema":{"@context":"https:\/\/schema.org","@graph":[{"@type":"Article","@id":"https:\/\/psgfans.fr\/?p=695#article","isPartOf":{"@id":"https:\/\/psgfans.fr\/?p=695"},"author":{"name":"psgfans","@id":"https:\/\/psgfans.fr\/#\/schema\/person\/be2237e7a0237af2f29cb344b3c55e6c"},"headline":"Paris avait la gueule de bois","datePublished":"2014-04-25T13:17:00+00:00","mainEntityOfPage":{"@id":"https:\/\/psgfans.fr\/?p=695"},"wordCount":522,"commentCount":0,"image":{"@id":"https:\/\/psgfans.fr\/?p=695#primaryimage"},"thumbnailUrl":"https:\/\/blogger.googleusercontent.com\/img\/b\/R29vZ2xl\/AVvXsEiH03GmPkUXWbehBTeLH3FMI9JWN8B3Z-v4r1i69C8yK_2b0FFNMSTQKaV6zQO_0wfXsaGFZBNhQ1mLKbOki3XNuxkutazzGAqgZaWWKcVzexIQ3Fc_KPeEPf1hf578pnuyh-tgKjrtkbw\/s1600\/y6meu2juN_4.jpg","articleSection":["News"],"inLanguage":"fr-FR","potentialAction":[{"@type":"CommentAction","name":"Comment","target":["https:\/\/psgfans.fr\/?p=695#respond"]}]},{"@type":"WebPage","@id":"https:\/\/psgfans.fr\/?p=695","url":"https:\/\/psgfans.fr\/?p=695","name":"Paris avait la gueule de bois - PSG FANS","isPartOf":{"@id":"https:\/\/psgfans.fr\/#website"},"primaryImageOfPage":{"@id":"https:\/\/psgfans.fr\/?p=695#primaryimage"},"image":{"@id":"https:\/\/psgfans.fr\/?p=695#primaryimage"},"thumbnailUrl":"https:\/\/blogger.googleusercontent.com\/img\/b\/R29vZ2xl\/AVvXsEiH03GmPkUXWbehBTeLH3FMI9JWN8B3Z-v4r1i69C8yK_2b0FFNMSTQKaV6zQO_0wfXsaGFZBNhQ1mLKbOki3XNuxkutazzGAqgZaWWKcVzexIQ3Fc_KPeEPf1hf578pnuyh-tgKjrtkbw\/s1600\/y6meu2juN_4.jpg","datePublished":"2014-04-25T13:17:00+00:00","author":{"@id":"https:\/\/psgfans.fr\/#\/schema\/person\/be2237e7a0237af2f29cb344b3c55e6c"},"breadcrumb":{"@id":"https:\/\/psgfans.fr\/?p=695#breadcrumb"},"inLanguage":"fr-FR","potentialAction":[{"@type":"ReadAction","target":["https:\/\/psgfans.fr\/?p=695"]}]},{"@type":"ImageObject","inLanguage":"fr-FR","@id":"https:\/\/psgfans.fr\/?p=695#primaryimage","url":"https:\/\/blogger.googleusercontent.com\/img\/b\/R29vZ2xl\/AVvXsEiH03GmPkUXWbehBTeLH3FMI9JWN8B3Z-v4r1i69C8yK_2b0FFNMSTQKaV6zQO_0wfXsaGFZBNhQ1mLKbOki3XNuxkutazzGAqgZaWWKcVzexIQ3Fc_KPeEPf1hf578pnuyh-tgKjrtkbw\/s1600\/y6meu2juN_4.jpg","contentUrl":"https:\/\/blogger.googleusercontent.com\/img\/b\/R29vZ2xl\/AVvXsEiH03GmPkUXWbehBTeLH3FMI9JWN8B3Z-v4r1i69C8yK_2b0FFNMSTQKaV6zQO_0wfXsaGFZBNhQ1mLKbOki3XNuxkutazzGAqgZaWWKcVzexIQ3Fc_KPeEPf1hf578pnuyh-tgKjrtkbw\/s1600\/y6meu2juN_4.jpg"},{"@type":"BreadcrumbList","@id":"https:\/\/psgfans.fr\/?p=695#breadcrumb","itemListElement":[{"@type":"ListItem","position":1,"name":"Accueil","item":"https:\/\/psgfans.fr\/"},{"@type":"ListItem","position":2,"name":"Paris avait la gueule de bois"}]},{"@type":"WebSite","@id":"https:\/\/psgfans.fr\/#website","url":"https:\/\/psgfans.fr\/","name":"PSG FANS","description":"Unit\u00e9, Passion, Victoire : Au C\u0153ur du Paris Saint-Germain!","potentialAction":[{"@type":"SearchAction","target":{"@type":"EntryPoint","urlTemplate":"https:\/\/psgfans.fr\/?s={search_term_string}"},"query-input":{"@type":"PropertyValueSpecification","valueRequired":true,"valueName":"search_term_string"}}],"inLanguage":"fr-FR"},{"@type":"Person","@id":"https:\/\/psgfans.fr\/#\/schema\/person\/be2237e7a0237af2f29cb344b3c55e6c","name":"psgfans","image":{"@type":"ImageObject","inLanguage":"fr-FR","@id":"https:\/\/secure.gravatar.com\/avatar\/?s=96&d=mm&r=g","url":"https:\/\/secure.gravatar.com\/avatar\/?s=96&d=mm&r=g","contentUrl":"https:\/\/secure.gravatar.com\/avatar\/?s=96&d=mm&r=g","caption":"psgfans"},"url":"https:\/\/psgfans.fr\/?author=2"}]}},"_links":{"self":[{"href":"https:\/\/psgfans.fr\/index.php?rest_route=\/wp\/v2\/posts\/695","targetHints":{"allow":["GET"]}}],"collection":[{"href":"https:\/\/psgfans.fr\/index.php?rest_route=\/wp\/v2\/posts"}],"about":[{"href":"https:\/\/psgfans.fr\/index.php?rest_route=\/wp\/v2\/types\/post"}],"author":[{"embeddable":true,"href":"https:\/\/psgfans.fr\/index.php?rest_route=\/wp\/v2\/users\/2"}],"replies":[{"embeddable":true,"href":"https:\/\/psgfans.fr\/index.php?rest_route=%2Fwp%2Fv2%2Fcomments&post=695"}],"version-history":[{"count":0,"href":"https:\/\/psgfans.fr\/index.php?rest_route=\/wp\/v2\/posts\/695\/revisions"}],"wp:attachment":[{"href":"https:\/\/psgfans.fr\/index.php?rest_route=%2Fwp%2Fv2%2Fmedia&parent=695"}],"wp:term":[{"taxonomy":"category","embeddable":true,"href":"https:\/\/psgfans.fr\/index.php?rest_route=%2Fwp%2Fv2%2Fcategories&post=695"},{"taxonomy":"post_tag","embeddable":true,"href":"https:\/\/psgfans.fr\/index.php?rest_route=%2Fwp%2Fv2%2Ftags&post=695"}],"curies":[{"name":"wp","href":"https:\/\/api.w.org\/{rel}","templated":true}]}}